{"id":305290,"date":"2023-09-18T12:03:13","date_gmt":"2023-09-18T10:03:13","guid":{"rendered":"https:\/\/www.intoscana.it\/it\/?p=305290"},"modified":"2023-09-18T14:14:52","modified_gmt":"2023-09-18T12:14:52","slug":"pistoia-migliaia-di-visitatori-per-il-grande-prato-che-ha-ricoperto-le-strade-del-centro-e-piazza-duomo","status":"publish","type":"post","link":"https:\/\/www.intoscana.it\/it\/pistoia-migliaia-di-visitatori-per-il-grande-prato-che-ha-ricoperto-le-strade-del-centro-e-piazza-duomo\/","title":{"rendered":"Pistoia, migliaia di visitatori per il grande prato che ha ricoperto le strade del centro e piazza Duomo"},"content":{"rendered":"<p>Sono stati migliaia i visitatori che nel fine settimana del 16 e 17 settembre hanno calpestato il <strong>prato<\/strong> che ha ricoperto gran parte del centro storico di <strong>Pistoia<\/strong>, compresa piazza Duomo. Si chiede cos\u00ec, con un bilancio pi\u00f9 che positivo, <mark>la decima edizione di\u00a0 &#8220;Un altro parco in citt\u00e0&#8221;. Tra manti erbosi e piante di alto fusto si sono svolti workshop, animazioni sportive, dibattiti sul tema del verde,<\/mark> oltre ai picnic messi a disposizione dai locali del centro storico. Poi giochi e laboratori per bambini, organizzati in collaborazione con i servizi educativi del Comune.<\/p>\n<h3><em>Il prato verr\u00e0 riciclato per curare il verde della citt\u00e0<\/em><\/h3>\n<p>Ogni <mark>metro quadro di terra utilizzata &#8211; \u00e8 stato spiegato &#8211; sar\u00e0 riciclato per &#8220;curare&#8221; parti di verde trascurate e che hanno bisogno di manutenzione.<\/mark> Tutti i partecipanti, inoltre, sono stati invitati a raggiungere l&#8217;evento in bicicletta o con il treno per rendere la manifestazione il pi\u00f9 <strong>sostenibile<\/strong> possibile.<\/p>\n<figure id=\"post-305396 media-305396\" class=\"align-none\"><img decoding=\"async\" src=\"https:\/\/www.intoscana.it\/wp-content\/uploads\/Pistoia-11-scaled-e1695039253765.jpg\" alt=\"\" \/><\/figure>\n<div class=\"titleimg\">Pistoia<\/div>\n<p>Ad organizzare l&#8217;evento \u00e8 stato il Consorzio turistico Citt\u00e0 di Pistoia in collaborazione con il Comune di Pistoia, la Giorgio Tesi Group,\u00a0 Confcommercio Pistoia e Prato, Coldiretti Pistoia e numerose aziende e cooperative locali. &#8220;L&#8217;iniziativa &#8211; ha commentato <strong>Benedetta Menichelli<\/strong>, assessore ai servizi educativi del Comune di Pistoia &#8211; quest&#8217;anno \u00e8 cresciuta, interessando anche piazza Duomo, dove tra l&#8217;altro si sono svolti i laboratori per i bambini. <mark>In questi due giorni abbiamo messo a disposizione di tutti i cittadini un altro giardino: un&#8217;iniziativa che a giudicare dalle tantissime presenze \u00e8 stata molto gradita&#8221;.<\/mark><\/p>\n","protected":false},"excerpt":{"rendered":"<p>La decima edizione di &#8220;Un altro parco in citt\u00e0&#8221; si chiude con un bilancio pi\u00f9 che positivo: sport, dibattiti sulla sostenibilit\u00e0 ambientale, e poi\u00a0 picnic e giochi per bambini<\/p>\n","protected":false},"author":525,"featured_media":305397,"comment_status":"open","ping_status":"open","sticky":false,"template":"","format":"standard","meta":{"_acf_changed":false,"footnotes":""},"categories":[19],"tags":[215,371],"class_list":["post-305290","post","type-post","status-publish","format-standard","has-post-thumbnail","hentry","category-ambiente","tag-pistoia","tag-sostenibilita"],"acf":[],"yoast_head":"<!-- This site is optimized with the Yoast SEO Premium plugin v24.2 (Yoast SEO v25.6) - https:\/\/yoast.com\/wordpress\/plugins\/seo\/ -->\n<title>Pistoia, migliaia di visitatori per il grande prato che ha ricoperto le strade del centro e piazza Duomo - intoscana<\/title>\n<meta name=\"description\" content=\"La decima edizione di &quot;Un altro parco in citt\u00e0&quot; si chiude con un bilancio pi\u00f9 che positivo: sport, dibattiti sulla sostenibilit\u00e0 ambientale, e poi\u00a0 picnic e giochi per bambini\" \/>\n<meta name=\"robots\" content=\"index, follow, max-snippet:-1, max-image-preview:large, max-video-preview:-1\" \/>\n<link rel=\"canonical\" href=\"https:\/\/www.intoscana.it\/it\/pistoia-migliaia-di-visitatori-per-il-grande-prato-che-ha-ricoperto-le-strade-del-centro-e-piazza-duomo\/\" \/>\n<meta property=\"og:locale\" content=\"it_IT\" \/>\n<meta property=\"og:type\" content=\"article\" \/>\n<meta property=\"og:title\" content=\"Pistoia, migliaia di visitatori per il grande prato che ha ricoperto le strade del centro e piazza Duomo\" \/>\n<meta property=\"og:description\" content=\"La decima edizione di &quot;Un altro parco in citt\u00e0&quot; si chiude con un bilancio pi\u00f9 che positivo: sport, dibattiti sulla sostenibilit\u00e0 ambientale, e poi\u00a0 picnic e giochi per bambini\" \/>\n<meta property=\"og:url\" content=\"https:\/\/www.intoscana.it\/it\/pistoia-migliaia-di-visitatori-per-il-grande-prato-che-ha-ricoperto-le-strade-del-centro-e-piazza-duomo\/\" \/>\n<meta property=\"og:site_name\" content=\"intoscana\" \/>\n<meta property=\"article:publisher\" content=\"https:\/\/www.facebook.com\/intoscana.it\" \/>\n<meta property=\"article:published_time\" content=\"2023-09-18T10:03:13+00:00\" \/>\n<meta property=\"article:modified_time\" content=\"2023-09-18T12:14:52+00:00\" \/>\n<meta property=\"og:image\" content=\"https:\/\/www.intoscana.it\/wp-content\/uploads\/Pistoia-un-altro-parco-in-citta\u0300-500x333.jpg\" \/>\n\t<meta property=\"og:image:width\" content=\"500\" \/>\n\t<meta property=\"og:image:height\" content=\"333\" \/>\n\t<meta property=\"og:image:type\" content=\"image\/jpeg\" \/>\n<meta name=\"author\" content=\"Redazione\" \/>\n<meta name=\"twitter:card\" content=\"summary_large_image\" \/>\n<meta name=\"twitter:creator\" content=\"@intoscana\" \/>\n<meta name=\"twitter:site\" content=\"@intoscana\" \/>\n<meta name=\"twitter:label1\" content=\"Written by\" \/>\n\t<meta name=\"twitter:data1\" content=\"Redazione\" \/>\n\t<meta name=\"twitter:label2\" content=\"Est. reading time\" \/>\n\t<meta name=\"twitter:data2\" content=\"1 minuto\" \/>\n<script type=\"application\/ld+json\" class=\"yoast-schema-graph\">{\"@context\":\"https:\/\/schema.org\",\"@graph\":[{\"@type\":\"WebPage\",\"@id\":\"https:\/\/www.intoscana.it\/it\/pistoia-migliaia-di-visitatori-per-il-grande-prato-che-ha-ricoperto-le-strade-del-centro-e-piazza-duomo\/\",\"url\":\"https:\/\/www.intoscana.it\/it\/pistoia-migliaia-di-visitatori-per-il-grande-prato-che-ha-ricoperto-le-strade-del-centro-e-piazza-duomo\/\",\"name\":\"Pistoia, migliaia di visitatori per il grande prato che ha ricoperto le strade del centro e piazza Duomo - intoscana\",\"isPartOf\":{\"@id\":\"https:\/\/www.intoscana.it\/it\/#website\"},\"primaryImageOfPage\":{\"@id\":\"https:\/\/www.intoscana.it\/it\/pistoia-migliaia-di-visitatori-per-il-grande-prato-che-ha-ricoperto-le-strade-del-centro-e-piazza-duomo\/#primaryimage\"},\"image\":{\"@id\":\"https:\/\/www.intoscana.it\/it\/pistoia-migliaia-di-visitatori-per-il-grande-prato-che-ha-ricoperto-le-strade-del-centro-e-piazza-duomo\/#primaryimage\"},\"thumbnailUrl\":\"https:\/\/www.intoscana.it\/wp-content\/uploads\/Pistoia-un-altro-parco-in-citta\u0300.jpg\",\"datePublished\":\"2023-09-18T10:03:13+00:00\",\"dateModified\":\"2023-09-18T12:14:52+00:00\",\"author\":{\"@id\":\"https:\/\/www.intoscana.it\/it\/#\/schema\/person\/9223810753230f20bd670fdd322661f8\"},\"description\":\"La decima edizione di \\\"Un altro parco in citt\u00e0\\\" si chiude con un bilancio pi\u00f9 che positivo: sport, dibattiti sulla sostenibilit\u00e0 ambientale, e poi\u00a0 picnic e giochi per bambini\",\"breadcrumb\":{\"@id\":\"https:\/\/www.intoscana.it\/it\/pistoia-migliaia-di-visitatori-per-il-grande-prato-che-ha-ricoperto-le-strade-del-centro-e-piazza-duomo\/#breadcrumb\"},\"inLanguage\":\"it-IT\",\"potentialAction\":[{\"@type\":\"ReadAction\",\"target\":[\"https:\/\/www.intoscana.it\/it\/pistoia-migliaia-di-visitatori-per-il-grande-prato-che-ha-ricoperto-le-strade-del-centro-e-piazza-duomo\/\"]}]},{\"@type\":\"ImageObject\",\"inLanguage\":\"it-IT\",\"@id\":\"https:\/\/www.intoscana.it\/it\/pistoia-migliaia-di-visitatori-per-il-grande-prato-che-ha-ricoperto-le-strade-del-centro-e-piazza-duomo\/#primaryimage\",\"url\":\"https:\/\/www.intoscana.it\/wp-content\/uploads\/Pistoia-un-altro-parco-in-citta\u0300.jpg\",\"contentUrl\":\"https:\/\/www.intoscana.it\/wp-content\/uploads\/Pistoia-un-altro-parco-in-citta\u0300.jpg\",\"width\":1920,\"height\":1279},{\"@type\":\"BreadcrumbList\",\"@id\":\"https:\/\/www.intoscana.it\/it\/pistoia-migliaia-di-visitatori-per-il-grande-prato-che-ha-ricoperto-le-strade-del-centro-e-piazza-duomo\/#breadcrumb\",\"itemListElement\":[{\"@type\":\"ListItem\",\"position\":1,\"name\":\"Home\",\"item\":\"https:\/\/www.intoscana.it\/it\/\"},{\"@type\":\"ListItem\",\"position\":2,\"name\":\"Pistoia, migliaia di visitatori per il grande prato che ha ricoperto le strade del centro e piazza Duomo\"}]},{\"@type\":\"WebSite\",\"@id\":\"https:\/\/www.intoscana.it\/it\/#website\",\"url\":\"https:\/\/www.intoscana.it\/it\/\",\"name\":\"intoscana\",\"description\":\"\",\"potentialAction\":[{\"@type\":\"SearchAction\",\"target\":{\"@type\":\"EntryPoint\",\"urlTemplate\":\"https:\/\/www.intoscana.it\/it\/?s={search_term_string}\"},\"query-input\":{\"@type\":\"PropertyValueSpecification\",\"valueRequired\":true,\"valueName\":\"search_term_string\"}}],\"inLanguage\":\"it-IT\"},{\"@type\":\"Person\",\"@id\":\"https:\/\/www.intoscana.it\/it\/#\/schema\/person\/9223810753230f20bd670fdd322661f8\",\"name\":\"Redazione\",\"url\":\"https:\/\/www.intoscana.it\/it\/author\/redazione\/\"}]}<\/script>\n<!-- \/ Yoast SEO Premium plugin. -->","yoast_head_json":{"title":"Pistoia, migliaia di visitatori per il grande prato che ha ricoperto le strade del centro e piazza Duomo - intoscana","description":"La decima edizione di \"Un altro parco in citt\u00e0\" si chiude con un bilancio pi\u00f9 che positivo: sport, dibattiti sulla sostenibilit\u00e0 ambientale, e poi\u00a0 picnic e giochi per bambini","robots":{"index":"index","follow":"follow","max-snippet":"max-snippet:-1","max-image-preview":"max-image-preview:large","max-video-preview":"max-video-preview:-1"},"canonical":"https:\/\/www.intoscana.it\/it\/pistoia-migliaia-di-visitatori-per-il-grande-prato-che-ha-ricoperto-le-strade-del-centro-e-piazza-duomo\/","og_locale":"it_IT","og_type":"article","og_title":"Pistoia, migliaia di visitatori per il grande prato che ha ricoperto le strade del centro e piazza Duomo","og_description":"La decima edizione di \"Un altro parco in citt\u00e0\" si chiude con un bilancio pi\u00f9 che positivo: sport, dibattiti sulla sostenibilit\u00e0 ambientale, e poi\u00a0 picnic e giochi per bambini","og_url":"https:\/\/www.intoscana.it\/it\/pistoia-migliaia-di-visitatori-per-il-grande-prato-che-ha-ricoperto-le-strade-del-centro-e-piazza-duomo\/","og_site_name":"intoscana","article_publisher":"https:\/\/www.facebook.com\/intoscana.it","article_published_time":"2023-09-18T10:03:13+00:00","article_modified_time":"2023-09-18T12:14:52+00:00","og_image":[{"width":500,"height":333,"url":"https:\/\/www.intoscana.it\/wp-content\/uploads\/Pistoia-un-altro-parco-in-citta\u0300-500x333.jpg","type":"image\/jpeg"}],"author":"Redazione","twitter_card":"summary_large_image","twitter_creator":"@intoscana","twitter_site":"@intoscana","twitter_misc":{"Written by":"Redazione","Est. reading time":"1 minuto"},"schema":{"@context":"https:\/\/schema.org","@graph":[{"@type":"WebPage","@id":"https:\/\/www.intoscana.it\/it\/pistoia-migliaia-di-visitatori-per-il-grande-prato-che-ha-ricoperto-le-strade-del-centro-e-piazza-duomo\/","url":"https:\/\/www.intoscana.it\/it\/pistoia-migliaia-di-visitatori-per-il-grande-prato-che-ha-ricoperto-le-strade-del-centro-e-piazza-duomo\/","name":"Pistoia, migliaia di visitatori per il grande prato che ha ricoperto le strade del centro e piazza Duomo - intoscana","isPartOf":{"@id":"https:\/\/www.intoscana.it\/it\/#website"},"primaryImageOfPage":{"@id":"https:\/\/www.intoscana.it\/it\/pistoia-migliaia-di-visitatori-per-il-grande-prato-che-ha-ricoperto-le-strade-del-centro-e-piazza-duomo\/#primaryimage"},"image":{"@id":"https:\/\/www.intoscana.it\/it\/pistoia-migliaia-di-visitatori-per-il-grande-prato-che-ha-ricoperto-le-strade-del-centro-e-piazza-duomo\/#primaryimage"},"thumbnailUrl":"https:\/\/www.intoscana.it\/wp-content\/uploads\/Pistoia-un-altro-parco-in-citta\u0300.jpg","datePublished":"2023-09-18T10:03:13+00:00","dateModified":"2023-09-18T12:14:52+00:00","author":{"@id":"https:\/\/www.intoscana.it\/it\/#\/schema\/person\/9223810753230f20bd670fdd322661f8"},"description":"La decima edizione di \"Un altro parco in citt\u00e0\" si chiude con un bilancio pi\u00f9 che positivo: sport, dibattiti sulla sostenibilit\u00e0 ambientale, e poi\u00a0 picnic e giochi per bambini","breadcrumb":{"@id":"https:\/\/www.intoscana.it\/it\/pistoia-migliaia-di-visitatori-per-il-grande-prato-che-ha-ricoperto-le-strade-del-centro-e-piazza-duomo\/#breadcrumb"},"inLanguage":"it-IT","potentialAction":[{"@type":"ReadAction","target":["https:\/\/www.intoscana.it\/it\/pistoia-migliaia-di-visitatori-per-il-grande-prato-che-ha-ricoperto-le-strade-del-centro-e-piazza-duomo\/"]}]},{"@type":"ImageObject","inLanguage":"it-IT","@id":"https:\/\/www.intoscana.it\/it\/pistoia-migliaia-di-visitatori-per-il-grande-prato-che-ha-ricoperto-le-strade-del-centro-e-piazza-duomo\/#primaryimage","url":"https:\/\/www.intoscana.it\/wp-content\/uploads\/Pistoia-un-altro-parco-in-citta\u0300.jpg","contentUrl":"https:\/\/www.intoscana.it\/wp-content\/uploads\/Pistoia-un-altro-parco-in-citta\u0300.jpg","width":1920,"height":1279},{"@type":"BreadcrumbList","@id":"https:\/\/www.intoscana.it\/it\/pistoia-migliaia-di-visitatori-per-il-grande-prato-che-ha-ricoperto-le-strade-del-centro-e-piazza-duomo\/#breadcrumb","itemListElement":[{"@type":"ListItem","position":1,"name":"Home","item":"https:\/\/www.intoscana.it\/it\/"},{"@type":"ListItem","position":2,"name":"Pistoia, migliaia di visitatori per il grande prato che ha ricoperto le strade del centro e piazza Duomo"}]},{"@type":"WebSite","@id":"https:\/\/www.intoscana.it\/it\/#website","url":"https:\/\/www.intoscana.it\/it\/","name":"intoscana","description":"","potentialAction":[{"@type":"SearchAction","target":{"@type":"EntryPoint","urlTemplate":"https:\/\/www.intoscana.it\/it\/?s={search_term_string}"},"query-input":{"@type":"PropertyValueSpecification","valueRequired":true,"valueName":"search_term_string"}}],"inLanguage":"it-IT"},{"@type":"Person","@id":"https:\/\/www.intoscana.it\/it\/#\/schema\/person\/9223810753230f20bd670fdd322661f8","name":"Redazione","url":"https:\/\/www.intoscana.it\/it\/author\/redazione\/"}]}},"_links":{"self":[{"href":"https:\/\/www.intoscana.it\/it\/wp-json\/wp\/v2\/posts\/305290","targetHints":{"allow":["GET"]}}],"collection":[{"href":"https:\/\/www.intoscana.it\/it\/wp-json\/wp\/v2\/posts"}],"about":[{"href":"https:\/\/www.intoscana.it\/it\/wp-json\/wp\/v2\/types\/post"}],"author":[{"embeddable":true,"href":"https:\/\/www.intoscana.it\/it\/wp-json\/wp\/v2\/users\/525"}],"replies":[{"embeddable":true,"href":"https:\/\/www.intoscana.it\/it\/wp-json\/wp\/v2\/comments?post=305290"}],"version-history":[{"count":0,"href":"https:\/\/www.intoscana.it\/it\/wp-json\/wp\/v2\/posts\/305290\/revisions"}],"wp:featuredmedia":[{"embeddable":true,"href":"https:\/\/www.intoscana.it\/it\/wp-json\/wp\/v2\/media\/305397"}],"wp:attachment":[{"href":"https:\/\/www.intoscana.it\/it\/wp-json\/wp\/v2\/media?parent=305290"}],"wp:term":[{"taxonomy":"category","embeddable":true,"href":"https:\/\/www.intoscana.it\/it\/wp-json\/wp\/v2\/categories?post=305290"},{"taxonomy":"post_tag","embeddable":true,"href":"https:\/\/www.intoscana.it\/it\/wp-json\/wp\/v2\/tags?post=305290"}],"curies":[{"name":"wp","href":"https:\/\/api.w.org\/{rel}","templated":true}]}}