{"id":305291,"date":"2023-09-18T12:54:53","date_gmt":"2023-09-18T10:54:53","guid":{"rendered":"https:\/\/www.intoscana.it\/it\/?p=305291"},"modified":"2023-09-18T14:30:19","modified_gmt":"2023-09-18T12:30:19","slug":"daniela-pes-concerto-firenze-fabbrica-europa-2023","status":"publish","type":"post","link":"https:\/\/www.intoscana.it\/it\/daniela-pes-concerto-firenze-fabbrica-europa-2023\/","title":{"rendered":"Daniela Pes a Firenze: l&#8217;incantatrice elettronica in concerto alla Palazzina Reale"},"content":{"rendered":"<p><strong>Venerd\u00ec 22 settembre<\/strong> alla <strong>Palazzina Reale<\/strong> di Firenze, nell&#8217;ambito di<a href=\"https:\/\/www.intoscana.it\/it\/articolo\/fabbrica-europa-2023-concerti-teatro-danza-spettacoli\/\" target=\"_blank\" rel=\"noopener\"><strong> Fabbrica Europa<\/strong><\/a>, arriva in concerto <strong>Daniela Pes,<\/strong> al suo debutto con il disco <em><strong>&#8220;Spira&#8221;.<\/strong><\/em><\/p>\n<p><strong>Daniela Pes<\/strong> \u00e8 una <strong>musicista e cantautrice sarda<\/strong>, classe 1992, che fin dall&#8217;inizio del suo percorso<strong> traccia la sua strada con forte autodeterminazione.<\/strong><\/p>\n<p><strong>\u00c8\u00a0una creatrice<\/strong> nel senso pi\u00f9 profondo del termine, canta in <strong>una lingua che \u00e8 stata lei ad inventare,<\/strong> padroneggia la musica e gli strumenti<strong> fin da piccolissima.<\/strong><\/p>\n<p>La sua voce e la sua musica <strong>sfuggono alle classificazioni e ai contenitori predeterminati<\/strong>, il suo \u00e8 <strong>un talento naturale e multiforme.<\/strong><\/p>\n<p>Ad aprile \u00e8 uscito il suo primo album <em><strong>\u201cSpira\u201d,<\/strong><\/em> prodotto da <strong>Iosonouncane<\/strong>, che ha subito racconto<strong> consensi di pubblico e critica<\/strong> e che si \u00e8 recentemente aggiudicato la<strong> Targa Tenco 2023<\/strong> come<strong> Miglior opera prima.<\/strong><\/p>\n<h3>Ecco la nostra intervista a Daniela Pes<\/h3>\n<div dir=\"ltr\">\n<p><strong>Ciao Daniela! Il tuo debutto si intitola <em>&#8220;Spira&#8221;<\/em>, come mai hai scelto proprio questa parola?<\/strong><\/p>\n<p>Dovevo necessariamente trovare una parola che in qualche modo inglobasse tutto il lavoro che avevo fatto negli ultimi tre anni sul suono. Le motivazioni che mi hanno portata a questa scelta sono le stesse che mi hanno portata alla<strong> scelta di ogni singolo fonema, di ogni singola sillaba, parola, radice di tutti i testi<\/strong> dell&#8217;album, infatti \u00e8 stato molto difficile.<\/p>\n<p><strong>Il tuo disco \u00e8 stato subito un grandissimo successo, concerto dopo concerto, ti aspettavi tutto questo?<\/strong><\/p>\n<p>Ho impiegato tre anni tra <strong>scrittura, arrangiamento e produzione<\/strong> per realizzare il disco e <strong>non mi aspettavo assolutamente una risposta cos\u00ec forte\u00a0n\u00e9 cos\u00ec immediata,<\/strong> potevo solo sperarlo. Fin dalle prime date <strong>i concerti sono stati sempre molto popolati e sentiti,<\/strong> l&#8217;energia delle persone che veniva ad ascoltarmi era presente, forte ed \u00e8 sempre stato <strong>un pubblico molto consapevole, una cosa che mi ha molto gratificata<\/strong>.\u00a0<p><span class=\"citazione\">La musica per me \u00e8 quotidianit\u00e0,\u00a0\u00e8 parte dei giorni normali. Non vado a cercare la musica, costantemente nella mia testa canto linee melodiche, mi immagino dei suoni, vivo sempre con lei, ora dopo ora<\/span><\/p><\/p>\n<p><strong>Ho letto che per questo disco hai creato una lingua immaginaria, un po&#8217; come ha fatto Tolkien nel Signore degli anelli&#8230;<\/strong><\/p>\n<p>Ho inseguito un suono per poter dar voce nella maniera <strong>pi\u00f9 ampia e libera possibile<\/strong> alle mie idee musicali. Perch\u00e8 <strong>ho sentito che mi serviva un materiale testuale che non andasse a mortificare la musica<\/strong>. Quindi ho trattato il testo in modo tale che <strong>conferisse la potenza che avevo in testa alle linee melodiche<\/strong>, senza chiedermi se fosse giusto o sbagliato, se avesse senso oppure no, sia per me che per gli altri. Mi sono concentrata prestando attenzione alla forza emotiva musicale. <strong> \u00c8 stato un grandissimo lavoro prima di istinto e poi sul timbro<\/strong>, sul come pronunciare le parole in modo che avessero quanta pi\u00f9 potenza espressiva possibile.<\/p>\n<p><strong>Nelle interviste citi spesso i grandi cantautori italiani come Dalla, Fossati, De Andr\u00e8. La tua musica per\u00f2 mi sembra vicina a esperienze internazionali come Bjork, Cocorosie. Quai sono gli o le artiste che sono tra i tuoi preferiti?<\/strong><\/p>\n<p>Sicuramente <strong>Bjork, Sigur Ros,<\/strong> una cantautrice che in questo momento mi sta molto affascinando \u00e8 <strong>Marina Herlop. <\/strong>Il mio percorso \u00e8 legato anche al jazz che ho sempre ascoltato molto, come\u00a0<strong>Coltrane, Charlie Parker. <\/strong>Ma penso anche a <strong>Ella Fitzgerald,\u00a0Sarah Vaughan, Billie Holiday <\/strong>cantanti che lavoravano tanto sulla timbrica e sulla performance vocale. Ascolto anche tantissima <strong>musica strumentale armena<\/strong>, israeliana come <strong>Tigran Hamasyan<\/strong>, <strong>Avishai Cohen<\/strong>, tutti musicisti super contaminati, provenienti sia da formazione classica che jazz che danno voce alle proprie radici culturali.\u00a0\u00a0<div class=\"focuson\"><a href=\"https:\/\/www.intoscana.it\/it\/articolo\/fabbrica-europa-2023-concerti-teatro-danza-spettacoli\/\"><img decoding=\"async\" class=\"lazy\" src=\"https:\/\/www.intoscana.it\/wp-content\/uploads\/Anna-Paceo.jpg\" style=\"\">\n                <div class=\"cat\">Fabbrica Europa 2023<\/div>\n                <h4>Tutti gli eventi da settembre ad ottobre<\/h4><\/a>\n              <\/div><\/p>\n<p><strong>Per &#8220;Spira&#8221; \u00e8 stata importantissima la collaborazione con Iosonouncane, come vi siete conosciuti?<br \/>\n<\/strong><br \/>\nNon \u00e8 stato un caso, ho cercato proprio lui perch\u00e8 <strong>nel panorama italiano contemporaneo \u00e8 l&#8217;unico artista che mi abbia veramente stupita<\/strong>. Sapevo di potermi fidare della sua visione e sapevo di poter parlare con <strong>un musicista che ha una cura maniacale per la musica<\/strong>. Mi serviva una figura con cui potermi interfacciare nel momento in cui avevo tantissime idee tra le mani ma difficolt\u00e0 a mettere ordine.<br \/>\n<strong>Cos&#8217;\u00e8 per te la musica?<\/strong><\/p>\n<p>La musica \u00e8 una via che mi permette di <strong>potermi esprimere appieno nel mondo<\/strong>, \u00e8 una cosa naturalissima che ho sempre vissuto dai primi giorni della mia vita. Mio padre \u00e8 un polistrumentista, i miei fratelli suonano, mio fratello pi\u00f9 grande \u00e8 un compositore che vive a Dublino.<strong> Abbiamo sempre suonato a casa,<\/strong>\u00a0<strong>la musica per me \u00e8 quotidianit\u00e0,<\/strong>\u00a0\u00e8 parte dei giorni normali. Non vado a cercare la musica, <strong>costantemente nella mia testa canto linee melodiche, mi immagino dei suoni o dei giri armonici, <\/strong>vivo sempre con lei, ora dopo ora.<\/p>\n<p><strong>Come definiresti la tua musica?<\/strong><\/p>\n<p>Non potrei mai definirla, io<strong> scrivo, faccio, immagino, traduco.<\/strong> Quanto \u00e8 riduttivo definire le cose. Ti posso dire che <strong>per me il lavoro su questo disco non \u00e8 stata solo una ricerca musicale ma anche personale<\/strong>. <strong>Ho dovuto scavare dentro me stessa per poter condurre un lavoro cos\u00ec profondo<\/strong>, \u00e8 stato molto intenso emotivamente. Ho scoperto lati della mia persona su cui devo lavorare tanto, come<strong> la pazienza, la diligenza, la calma.<\/strong> Sono troppo impulsiva e tendo a stancarmi presto. La grandezza a cui ambire \u00e8 proprio quella del<strong> compositore strutturato<\/strong> che meticolosamente, con grande pazienza si siede e lavora, punto per punto, <strong>senza lasciare nulla al caso.\u00a0<\/strong><\/p>\n<p><iframe loading=\"lazy\" title=\"YouTube video player\" src=\"https:\/\/www.youtube.com\/embed\/YpzcVXu2L1o?si=RC8nK5LsOXx2CqSh\" width=\"800\" height=\"500\" frameborder=\"0\" allowfullscreen=\"allowfullscreen\"><span data-mce-type=\"bookmark\" style=\"display: inline-block; width: 0px; overflow: hidden; line-height: 0;\" class=\"mce_SELRES_start\">\ufeff<\/span><\/iframe><\/p>\n<\/div>\n","protected":false},"excerpt":{"rendered":"<p>Venerd\u00ec 22 settembre alla Palazzina Reale di Firenze in concerto l&#8217;artista sarda che ha incantato pubblico e critica, nell&#8217;ambito della rassegna Fabbrica Europa<\/p>\n","protected":false},"author":518,"featured_media":305296,"comment_status":"open","ping_status":"open","sticky":false,"template":"","format":"standard","meta":{"_acf_changed":false,"footnotes":""},"categories":[14],"tags":[216,4474,4497,202],"class_list":["post-305291","post","type-post","status-publish","format-standard","has-post-thumbnail","hentry","category-musica","tag-concerti","tag-eventi","tag-fabbrica-europa","tag-firenze"],"acf":[],"yoast_head":"<!-- This site is optimized with the Yoast SEO Premium plugin v24.2 (Yoast SEO v25.6) - https:\/\/yoast.com\/wordpress\/plugins\/seo\/ -->\n<title>Daniela Pes a Firenze: l&#039;incantatrice elettronica in concerto alla Palazzina Reale - intoscana<\/title>\n<meta name=\"description\" content=\"Venerd\u00ec 22 settembre alla Palazzina Reale di Firenze in concerto Daniela Pes l&#039;artista sarda che ha incantato pubblico e critica\" \/>\n<meta name=\"robots\" content=\"index, follow, max-snippet:-1, max-image-preview:large, max-video-preview:-1\" \/>\n<link rel=\"canonical\" href=\"https:\/\/www.intoscana.it\/it\/daniela-pes-concerto-firenze-fabbrica-europa-2023\/\" \/>\n<meta property=\"og:locale\" content=\"it_IT\" \/>\n<meta property=\"og:type\" content=\"article\" \/>\n<meta property=\"og:title\" content=\"Daniela Pes a Firenze: l&#039;incantatrice elettronica in concerto alla Palazzina Reale\" \/>\n<meta property=\"og:description\" content=\"Venerd\u00ec 22 settembre alla Palazzina Reale di Firenze in concerto Daniela Pes l&#039;artista sarda che ha incantato pubblico e critica\" \/>\n<meta property=\"og:url\" content=\"https:\/\/www.intoscana.it\/it\/daniela-pes-concerto-firenze-fabbrica-europa-2023\/\" \/>\n<meta property=\"og:site_name\" content=\"intoscana\" \/>\n<meta property=\"article:publisher\" content=\"https:\/\/www.facebook.com\/intoscana.it\" \/>\n<meta property=\"article:published_time\" content=\"2023-09-18T10:54:53+00:00\" \/>\n<meta property=\"article:modified_time\" content=\"2023-09-18T12:30:19+00:00\" \/>\n<meta property=\"og:image\" content=\"https:\/\/www.intoscana.it\/wp-content\/uploads\/Schermata-2023-09-18-alle-10.59.12.jpg\" \/>\n\t<meta property=\"og:image:width\" content=\"769\" \/>\n\t<meta property=\"og:image:height\" content=\"443\" \/>\n\t<meta property=\"og:image:type\" content=\"image\/jpeg\" \/>\n<meta name=\"author\" content=\"Costanza Baldini\" \/>\n<meta name=\"twitter:card\" content=\"summary_large_image\" \/>\n<meta name=\"twitter:creator\" content=\"@intoscana\" \/>\n<meta name=\"twitter:site\" content=\"@intoscana\" \/>\n<meta name=\"twitter:label1\" content=\"Written by\" \/>\n\t<meta name=\"twitter:data1\" content=\"Costanza Baldini\" \/>\n\t<meta name=\"twitter:label2\" content=\"Est. reading time\" \/>\n\t<meta name=\"twitter:data2\" content=\"4 minuti\" \/>\n<script type=\"application\/ld+json\" class=\"yoast-schema-graph\">{\"@context\":\"https:\/\/schema.org\",\"@graph\":[{\"@type\":\"WebPage\",\"@id\":\"https:\/\/www.intoscana.it\/it\/daniela-pes-concerto-firenze-fabbrica-europa-2023\/\",\"url\":\"https:\/\/www.intoscana.it\/it\/daniela-pes-concerto-firenze-fabbrica-europa-2023\/\",\"name\":\"Daniela Pes a Firenze: l'incantatrice elettronica in concerto alla Palazzina Reale - intoscana\",\"isPartOf\":{\"@id\":\"https:\/\/www.intoscana.it\/it\/#website\"},\"primaryImageOfPage\":{\"@id\":\"https:\/\/www.intoscana.it\/it\/daniela-pes-concerto-firenze-fabbrica-europa-2023\/#primaryimage\"},\"image\":{\"@id\":\"https:\/\/www.intoscana.it\/it\/daniela-pes-concerto-firenze-fabbrica-europa-2023\/#primaryimage\"},\"thumbnailUrl\":\"https:\/\/www.intoscana.it\/wp-content\/uploads\/Schermata-2023-09-18-alle-10.59.12.jpg\",\"datePublished\":\"2023-09-18T10:54:53+00:00\",\"dateModified\":\"2023-09-18T12:30:19+00:00\",\"author\":{\"@id\":\"https:\/\/www.intoscana.it\/it\/#\/schema\/person\/d469f35f09739bdf00bf5dd3f0647a82\"},\"description\":\"Venerd\u00ec 22 settembre alla Palazzina Reale di Firenze in concerto Daniela Pes l'artista sarda che ha incantato pubblico e critica\",\"breadcrumb\":{\"@id\":\"https:\/\/www.intoscana.it\/it\/daniela-pes-concerto-firenze-fabbrica-europa-2023\/#breadcrumb\"},\"inLanguage\":\"it-IT\",\"potentialAction\":[{\"@type\":\"ReadAction\",\"target\":[\"https:\/\/www.intoscana.it\/it\/daniela-pes-concerto-firenze-fabbrica-europa-2023\/\"]}]},{\"@type\":\"ImageObject\",\"inLanguage\":\"it-IT\",\"@id\":\"https:\/\/www.intoscana.it\/it\/daniela-pes-concerto-firenze-fabbrica-europa-2023\/#primaryimage\",\"url\":\"https:\/\/www.intoscana.it\/wp-content\/uploads\/Schermata-2023-09-18-alle-10.59.12.jpg\",\"contentUrl\":\"https:\/\/www.intoscana.it\/wp-content\/uploads\/Schermata-2023-09-18-alle-10.59.12.jpg\",\"width\":769,\"height\":443,\"caption\":\"Daniela Pes\"},{\"@type\":\"BreadcrumbList\",\"@id\":\"https:\/\/www.intoscana.it\/it\/daniela-pes-concerto-firenze-fabbrica-europa-2023\/#breadcrumb\",\"itemListElement\":[{\"@type\":\"ListItem\",\"position\":1,\"name\":\"Home\",\"item\":\"https:\/\/www.intoscana.it\/it\/\"},{\"@type\":\"ListItem\",\"position\":2,\"name\":\"Daniela Pes a Firenze: l&#8217;incantatrice elettronica in concerto alla Palazzina Reale\"}]},{\"@type\":\"WebSite\",\"@id\":\"https:\/\/www.intoscana.it\/it\/#website\",\"url\":\"https:\/\/www.intoscana.it\/it\/\",\"name\":\"intoscana\",\"description\":\"\",\"potentialAction\":[{\"@type\":\"SearchAction\",\"target\":{\"@type\":\"EntryPoint\",\"urlTemplate\":\"https:\/\/www.intoscana.it\/it\/?s={search_term_string}\"},\"query-input\":{\"@type\":\"PropertyValueSpecification\",\"valueRequired\":true,\"valueName\":\"search_term_string\"}}],\"inLanguage\":\"it-IT\"},{\"@type\":\"Person\",\"@id\":\"https:\/\/www.intoscana.it\/it\/#\/schema\/person\/d469f35f09739bdf00bf5dd3f0647a82\",\"name\":\"Costanza Baldini\",\"url\":\"https:\/\/www.intoscana.it\/it\/author\/costanza-baldini\/\"}]}<\/script>\n<!-- \/ Yoast SEO Premium plugin. -->","yoast_head_json":{"title":"Daniela Pes a Firenze: l'incantatrice elettronica in concerto alla Palazzina Reale - intoscana","description":"Venerd\u00ec 22 settembre alla Palazzina Reale di Firenze in concerto Daniela Pes l'artista sarda che ha incantato pubblico e critica","robots":{"index":"index","follow":"follow","max-snippet":"max-snippet:-1","max-image-preview":"max-image-preview:large","max-video-preview":"max-video-preview:-1"},"canonical":"https:\/\/www.intoscana.it\/it\/daniela-pes-concerto-firenze-fabbrica-europa-2023\/","og_locale":"it_IT","og_type":"article","og_title":"Daniela Pes a Firenze: l'incantatrice elettronica in concerto alla Palazzina Reale","og_description":"Venerd\u00ec 22 settembre alla Palazzina Reale di Firenze in concerto Daniela Pes l'artista sarda che ha incantato pubblico e critica","og_url":"https:\/\/www.intoscana.it\/it\/daniela-pes-concerto-firenze-fabbrica-europa-2023\/","og_site_name":"intoscana","article_publisher":"https:\/\/www.facebook.com\/intoscana.it","article_published_time":"2023-09-18T10:54:53+00:00","article_modified_time":"2023-09-18T12:30:19+00:00","og_image":[{"width":769,"height":443,"url":"https:\/\/www.intoscana.it\/wp-content\/uploads\/Schermata-2023-09-18-alle-10.59.12.jpg","type":"image\/jpeg"}],"author":"Costanza Baldini","twitter_card":"summary_large_image","twitter_creator":"@intoscana","twitter_site":"@intoscana","twitter_misc":{"Written by":"Costanza Baldini","Est. reading time":"4 minuti"},"schema":{"@context":"https:\/\/schema.org","@graph":[{"@type":"WebPage","@id":"https:\/\/www.intoscana.it\/it\/daniela-pes-concerto-firenze-fabbrica-europa-2023\/","url":"https:\/\/www.intoscana.it\/it\/daniela-pes-concerto-firenze-fabbrica-europa-2023\/","name":"Daniela Pes a Firenze: l'incantatrice elettronica in concerto alla Palazzina Reale - intoscana","isPartOf":{"@id":"https:\/\/www.intoscana.it\/it\/#website"},"primaryImageOfPage":{"@id":"https:\/\/www.intoscana.it\/it\/daniela-pes-concerto-firenze-fabbrica-europa-2023\/#primaryimage"},"image":{"@id":"https:\/\/www.intoscana.it\/it\/daniela-pes-concerto-firenze-fabbrica-europa-2023\/#primaryimage"},"thumbnailUrl":"https:\/\/www.intoscana.it\/wp-content\/uploads\/Schermata-2023-09-18-alle-10.59.12.jpg","datePublished":"2023-09-18T10:54:53+00:00","dateModified":"2023-09-18T12:30:19+00:00","author":{"@id":"https:\/\/www.intoscana.it\/it\/#\/schema\/person\/d469f35f09739bdf00bf5dd3f0647a82"},"description":"Venerd\u00ec 22 settembre alla Palazzina Reale di Firenze in concerto Daniela Pes l'artista sarda che ha incantato pubblico e critica","breadcrumb":{"@id":"https:\/\/www.intoscana.it\/it\/daniela-pes-concerto-firenze-fabbrica-europa-2023\/#breadcrumb"},"inLanguage":"it-IT","potentialAction":[{"@type":"ReadAction","target":["https:\/\/www.intoscana.it\/it\/daniela-pes-concerto-firenze-fabbrica-europa-2023\/"]}]},{"@type":"ImageObject","inLanguage":"it-IT","@id":"https:\/\/www.intoscana.it\/it\/daniela-pes-concerto-firenze-fabbrica-europa-2023\/#primaryimage","url":"https:\/\/www.intoscana.it\/wp-content\/uploads\/Schermata-2023-09-18-alle-10.59.12.jpg","contentUrl":"https:\/\/www.intoscana.it\/wp-content\/uploads\/Schermata-2023-09-18-alle-10.59.12.jpg","width":769,"height":443,"caption":"Daniela Pes"},{"@type":"BreadcrumbList","@id":"https:\/\/www.intoscana.it\/it\/daniela-pes-concerto-firenze-fabbrica-europa-2023\/#breadcrumb","itemListElement":[{"@type":"ListItem","position":1,"name":"Home","item":"https:\/\/www.intoscana.it\/it\/"},{"@type":"ListItem","position":2,"name":"Daniela Pes a Firenze: l&#8217;incantatrice elettronica in concerto alla Palazzina Reale"}]},{"@type":"WebSite","@id":"https:\/\/www.intoscana.it\/it\/#website","url":"https:\/\/www.intoscana.it\/it\/","name":"intoscana","description":"","potentialAction":[{"@type":"SearchAction","target":{"@type":"EntryPoint","urlTemplate":"https:\/\/www.intoscana.it\/it\/?s={search_term_string}"},"query-input":{"@type":"PropertyValueSpecification","valueRequired":true,"valueName":"search_term_string"}}],"inLanguage":"it-IT"},{"@type":"Person","@id":"https:\/\/www.intoscana.it\/it\/#\/schema\/person\/d469f35f09739bdf00bf5dd3f0647a82","name":"Costanza Baldini","url":"https:\/\/www.intoscana.it\/it\/author\/costanza-baldini\/"}]}},"_links":{"self":[{"href":"https:\/\/www.intoscana.it\/it\/wp-json\/wp\/v2\/posts\/305291","targetHints":{"allow":["GET"]}}],"collection":[{"href":"https:\/\/www.intoscana.it\/it\/wp-json\/wp\/v2\/posts"}],"about":[{"href":"https:\/\/www.intoscana.it\/it\/wp-json\/wp\/v2\/types\/post"}],"author":[{"embeddable":true,"href":"https:\/\/www.intoscana.it\/it\/wp-json\/wp\/v2\/users\/518"}],"replies":[{"embeddable":true,"href":"https:\/\/www.intoscana.it\/it\/wp-json\/wp\/v2\/comments?post=305291"}],"version-history":[{"count":0,"href":"https:\/\/www.intoscana.it\/it\/wp-json\/wp\/v2\/posts\/305291\/revisions"}],"wp:featuredmedia":[{"embeddable":true,"href":"https:\/\/www.intoscana.it\/it\/wp-json\/wp\/v2\/media\/305296"}],"wp:attachment":[{"href":"https:\/\/www.intoscana.it\/it\/wp-json\/wp\/v2\/media?parent=305291"}],"wp:term":[{"taxonomy":"category","embeddable":true,"href":"https:\/\/www.intoscana.it\/it\/wp-json\/wp\/v2\/categories?post=305291"},{"taxonomy":"post_tag","embeddable":true,"href":"https:\/\/www.intoscana.it\/it\/wp-json\/wp\/v2\/tags?post=305291"}],"curies":[{"name":"wp","href":"https:\/\/api.w.org\/{rel}","templated":true}]}}