{"id":305348,"date":"2023-09-18T14:54:10","date_gmt":"2023-09-18T12:54:10","guid":{"rendered":"https:\/\/www.intoscana.it\/it\/?p=305348"},"modified":"2023-09-18T14:54:10","modified_gmt":"2023-09-18T12:54:10","slug":"gucci-de-sarno-firma-la-nuova-collezione-di-gioielli-cresce-lattesa-per-la-sua-sfilata","status":"publish","type":"post","link":"https:\/\/www.intoscana.it\/it\/gucci-de-sarno-firma-la-nuova-collezione-di-gioielli-cresce-lattesa-per-la-sua-sfilata\/","title":{"rendered":"Gucci, De Sarno firma la nuova collezione di gioielli: cresce l&#8217;attesa per la sua sfilata"},"content":{"rendered":"<p>Il nuovo direttore creativo di <strong>Gucci<\/strong>, <strong>Sabato De Sarno<\/strong>, riempie l&#8217;attesa per la sfilata che sveler\u00e0 al mondo la sua prima collezione: <mark>ecco il lancio della linea di gioielli Marina Chain che porta per la prima volta la sua firma.<\/mark> Gli scatti ritraggono la modella polacca <strong>Daria Werbowy<\/strong> ripresa dall&#8217;obiettivo del fotografo David Sims. La campagna\u00a0\u00e8 stata scattata allo Chateau Marmont di Los Angeles.<\/p>\n<h3><em>La collezione iconica degli anni &#8217;60<\/em><\/h3>\n<p>Il design della collezione di gioielleria si ispira alla <strong>catena<\/strong> di un&#8217;ancora. Un motivo, diventato iconico, introdotto alla fine degli anni &#8217;60 sotto forma di bracciale. I creativi che si sono succeduti nella maison lo hanno reinterpretato nei decenni, per arrivare a questa nuova versione firmata De Sarno.<\/p>\n<figure id=\"post-305362 media-305362\" class=\"align-none\"><img decoding=\"async\" src=\"https:\/\/www.intoscana.it\/wp-content\/uploads\/Screenshot-2023-09-18-12.48.44.png\" alt=\"\" \/><\/figure>\n<div class=\"titleimg\"><\/div>\n<div>\n<h3><em>L&#8217;attesa per la settimana della moda milanese<\/em><\/h3>\n<p>Sabato De Sarno, creativo di origini napoletane e precedentemente nel team Valentino,\u00a0 assume la direzione creativa di Gucci dopo <strong>Alessandro Michele,<\/strong> compito arduo e carico di aspettative. <em>&#8220;Gucci \u00e8 l&#8217;occasione per innamorarmi della moda, ancora&#8221;<\/em>, scrive sul suo profilo Instagram per dare il via alla sua direzione.<\/p>\n<figure id=\"post-305449 media-305449\" class=\"align-none\"><img decoding=\"async\" src=\"https:\/\/www.intoscana.it\/wp-content\/uploads\/Screenshot-2023-09-18-14.37.52.png\" alt=\"\" \/><\/figure>\n<div class=\"titleimg\">Sabato De Sarno<\/div>\n<p>Per dare il senso plastico del giro di boa, <mark>Gucci azzera letteralmente il suo profilo Instagram da oltre 52 milioni di follower cancellando tutti i vecchi post. Una decisione drastica, di sicuro una strategia di marketing accurata.<\/mark><\/p>\n<p>Occhi puntati dunque sulla <strong>settimana della moda<\/strong> milanese che prender\u00e0 il via il 19 settembre. Ma soprattutto sulla sfilata Gucci che lancer\u00e0 in passerella la collezione, indicativa della nuova era del brand. La data \u00e8 il <strong>22 settembre<\/strong> e <mark>il luogo \u00e8 stato reso noto dallo stesso De Sarno, sempre dal suo profilo social: una posizione indicata su una mappa di Google.<\/mark> La curiosit\u00e0 aumenta.<\/p>\n<figure id=\"post-305362 media-305362\" class=\"align-none\"><\/figure>\n<\/div>\n<p>&nbsp;<\/p>\n<figure id=\"post-305355 media-305355\" class=\"align-none\"><img decoding=\"async\" src=\"https:\/\/www.intoscana.it\/wp-content\/uploads\/Screenshot-2023-09-18-12.34.22.png\" alt=\"\" \/><\/figure>\n<div class=\"titleimg\">Luogo della sfilata Gucci del 22 settembre 2023<\/div>\n","protected":false},"excerpt":{"rendered":"<p>Il direttore creativo della maison fiorentina lancia la linea Marina Chain. Attesa per la settimana della moda milanese dove sfileranno, il 22 settembre, le sue prime creazioni<\/p>\n","protected":false},"author":545,"featured_media":305354,"comment_status":"open","ping_status":"open","sticky":false,"template":"","format":"standard","meta":{"_acf_changed":false,"footnotes":""},"categories":[9],"tags":[415,189],"class_list":["post-305348","post","type-post","status-publish","format-standard","has-post-thumbnail","hentry","category-made-in-toscana","tag-gucci","tag-moda"],"acf":[],"yoast_head":"<!-- This site is optimized with the Yoast SEO Premium plugin v24.2 (Yoast SEO v25.6) - https:\/\/yoast.com\/wordpress\/plugins\/seo\/ -->\n<title>Gucci, De Sarno firma la nuova collezione di gioielli: cresce l&#039;attesa per la sua sfilata - intoscana<\/title>\n<meta name=\"description\" content=\"Il direttore creativo della maison fiorentina lancia la linea Marina Chain. Attesa per la settimana della moda milanese dove sfileranno, il 22 settembre, le sue prime creazioni\" \/>\n<meta name=\"robots\" content=\"index, follow, max-snippet:-1, max-image-preview:large, max-video-preview:-1\" \/>\n<link rel=\"canonical\" href=\"https:\/\/www.intoscana.it\/it\/gucci-de-sarno-firma-la-nuova-collezione-di-gioielli-cresce-lattesa-per-la-sua-sfilata\/\" \/>\n<meta property=\"og:locale\" content=\"it_IT\" \/>\n<meta property=\"og:type\" content=\"article\" \/>\n<meta property=\"og:title\" content=\"Gucci, De Sarno firma la nuova collezione di gioielli: cresce l&#039;attesa per la sua sfilata\" \/>\n<meta property=\"og:description\" content=\"Il direttore creativo della maison fiorentina lancia la linea Marina Chain. Attesa per la settimana della moda milanese dove sfileranno, il 22 settembre, le sue prime creazioni\" \/>\n<meta property=\"og:url\" content=\"https:\/\/www.intoscana.it\/it\/gucci-de-sarno-firma-la-nuova-collezione-di-gioielli-cresce-lattesa-per-la-sua-sfilata\/\" \/>\n<meta property=\"og:site_name\" content=\"intoscana\" \/>\n<meta property=\"article:publisher\" content=\"https:\/\/www.facebook.com\/intoscana.it\" \/>\n<meta property=\"article:published_time\" content=\"2023-09-18T12:54:10+00:00\" \/>\n<meta property=\"og:image\" content=\"https:\/\/www.intoscana.it\/wp-content\/uploads\/Screenshot-2023-09-18-12.32.01-500x407.png\" \/>\n\t<meta property=\"og:image:width\" content=\"500\" \/>\n\t<meta property=\"og:image:height\" content=\"407\" \/>\n\t<meta property=\"og:image:type\" content=\"image\/png\" \/>\n<meta name=\"author\" content=\"Clara D&#039;Acunto\" \/>\n<meta name=\"twitter:card\" content=\"summary_large_image\" \/>\n<meta name=\"twitter:creator\" content=\"@intoscana\" \/>\n<meta name=\"twitter:site\" content=\"@intoscana\" \/>\n<meta name=\"twitter:label1\" content=\"Written by\" \/>\n\t<meta name=\"twitter:data1\" content=\"Clara D&#039;Acunto\" \/>\n\t<meta name=\"twitter:label2\" content=\"Est. reading time\" \/>\n\t<meta name=\"twitter:data2\" content=\"1 minuto\" \/>\n<script type=\"application\/ld+json\" class=\"yoast-schema-graph\">{\"@context\":\"https:\/\/schema.org\",\"@graph\":[{\"@type\":\"WebPage\",\"@id\":\"https:\/\/www.intoscana.it\/it\/gucci-de-sarno-firma-la-nuova-collezione-di-gioielli-cresce-lattesa-per-la-sua-sfilata\/\",\"url\":\"https:\/\/www.intoscana.it\/it\/gucci-de-sarno-firma-la-nuova-collezione-di-gioielli-cresce-lattesa-per-la-sua-sfilata\/\",\"name\":\"Gucci, De Sarno firma la nuova collezione di gioielli: cresce l'attesa per la sua sfilata - intoscana\",\"isPartOf\":{\"@id\":\"https:\/\/www.intoscana.it\/it\/#website\"},\"primaryImageOfPage\":{\"@id\":\"https:\/\/www.intoscana.it\/it\/gucci-de-sarno-firma-la-nuova-collezione-di-gioielli-cresce-lattesa-per-la-sua-sfilata\/#primaryimage\"},\"image\":{\"@id\":\"https:\/\/www.intoscana.it\/it\/gucci-de-sarno-firma-la-nuova-collezione-di-gioielli-cresce-lattesa-per-la-sua-sfilata\/#primaryimage\"},\"thumbnailUrl\":\"https:\/\/www.intoscana.it\/wp-content\/uploads\/Screenshot-2023-09-18-12.32.01.png\",\"datePublished\":\"2023-09-18T12:54:10+00:00\",\"author\":{\"@id\":\"https:\/\/www.intoscana.it\/it\/#\/schema\/person\/137419af9ef5d385bde52864a841e6ce\"},\"description\":\"Il direttore creativo della maison fiorentina lancia la linea Marina Chain. Attesa per la settimana della moda milanese dove sfileranno, il 22 settembre, le sue prime creazioni\",\"breadcrumb\":{\"@id\":\"https:\/\/www.intoscana.it\/it\/gucci-de-sarno-firma-la-nuova-collezione-di-gioielli-cresce-lattesa-per-la-sua-sfilata\/#breadcrumb\"},\"inLanguage\":\"it-IT\",\"potentialAction\":[{\"@type\":\"ReadAction\",\"target\":[\"https:\/\/www.intoscana.it\/it\/gucci-de-sarno-firma-la-nuova-collezione-di-gioielli-cresce-lattesa-per-la-sua-sfilata\/\"]}]},{\"@type\":\"ImageObject\",\"inLanguage\":\"it-IT\",\"@id\":\"https:\/\/www.intoscana.it\/it\/gucci-de-sarno-firma-la-nuova-collezione-di-gioielli-cresce-lattesa-per-la-sua-sfilata\/#primaryimage\",\"url\":\"https:\/\/www.intoscana.it\/wp-content\/uploads\/Screenshot-2023-09-18-12.32.01.png\",\"contentUrl\":\"https:\/\/www.intoscana.it\/wp-content\/uploads\/Screenshot-2023-09-18-12.32.01.png\",\"width\":1170,\"height\":952},{\"@type\":\"BreadcrumbList\",\"@id\":\"https:\/\/www.intoscana.it\/it\/gucci-de-sarno-firma-la-nuova-collezione-di-gioielli-cresce-lattesa-per-la-sua-sfilata\/#breadcrumb\",\"itemListElement\":[{\"@type\":\"ListItem\",\"position\":1,\"name\":\"Home\",\"item\":\"https:\/\/www.intoscana.it\/it\/\"},{\"@type\":\"ListItem\",\"position\":2,\"name\":\"Gucci, De Sarno firma la nuova collezione di gioielli: cresce l&#8217;attesa per la sua sfilata\"}]},{\"@type\":\"WebSite\",\"@id\":\"https:\/\/www.intoscana.it\/it\/#website\",\"url\":\"https:\/\/www.intoscana.it\/it\/\",\"name\":\"intoscana\",\"description\":\"\",\"potentialAction\":[{\"@type\":\"SearchAction\",\"target\":{\"@type\":\"EntryPoint\",\"urlTemplate\":\"https:\/\/www.intoscana.it\/it\/?s={search_term_string}\"},\"query-input\":{\"@type\":\"PropertyValueSpecification\",\"valueRequired\":true,\"valueName\":\"search_term_string\"}}],\"inLanguage\":\"it-IT\"},{\"@type\":\"Person\",\"@id\":\"https:\/\/www.intoscana.it\/it\/#\/schema\/person\/137419af9ef5d385bde52864a841e6ce\",\"name\":\"Clara D'Acunto\",\"url\":\"https:\/\/www.intoscana.it\/it\/author\/clara-d_acunto\/\"}]}<\/script>\n<!-- \/ Yoast SEO Premium plugin. -->","yoast_head_json":{"title":"Gucci, De Sarno firma la nuova collezione di gioielli: cresce l'attesa per la sua sfilata - intoscana","description":"Il direttore creativo della maison fiorentina lancia la linea Marina Chain. Attesa per la settimana della moda milanese dove sfileranno, il 22 settembre, le sue prime creazioni","robots":{"index":"index","follow":"follow","max-snippet":"max-snippet:-1","max-image-preview":"max-image-preview:large","max-video-preview":"max-video-preview:-1"},"canonical":"https:\/\/www.intoscana.it\/it\/gucci-de-sarno-firma-la-nuova-collezione-di-gioielli-cresce-lattesa-per-la-sua-sfilata\/","og_locale":"it_IT","og_type":"article","og_title":"Gucci, De Sarno firma la nuova collezione di gioielli: cresce l'attesa per la sua sfilata","og_description":"Il direttore creativo della maison fiorentina lancia la linea Marina Chain. Attesa per la settimana della moda milanese dove sfileranno, il 22 settembre, le sue prime creazioni","og_url":"https:\/\/www.intoscana.it\/it\/gucci-de-sarno-firma-la-nuova-collezione-di-gioielli-cresce-lattesa-per-la-sua-sfilata\/","og_site_name":"intoscana","article_publisher":"https:\/\/www.facebook.com\/intoscana.it","article_published_time":"2023-09-18T12:54:10+00:00","og_image":[{"width":500,"height":407,"url":"https:\/\/www.intoscana.it\/wp-content\/uploads\/Screenshot-2023-09-18-12.32.01-500x407.png","type":"image\/png"}],"author":"Clara D'Acunto","twitter_card":"summary_large_image","twitter_creator":"@intoscana","twitter_site":"@intoscana","twitter_misc":{"Written by":"Clara D'Acunto","Est. reading time":"1 minuto"},"schema":{"@context":"https:\/\/schema.org","@graph":[{"@type":"WebPage","@id":"https:\/\/www.intoscana.it\/it\/gucci-de-sarno-firma-la-nuova-collezione-di-gioielli-cresce-lattesa-per-la-sua-sfilata\/","url":"https:\/\/www.intoscana.it\/it\/gucci-de-sarno-firma-la-nuova-collezione-di-gioielli-cresce-lattesa-per-la-sua-sfilata\/","name":"Gucci, De Sarno firma la nuova collezione di gioielli: cresce l'attesa per la sua sfilata - intoscana","isPartOf":{"@id":"https:\/\/www.intoscana.it\/it\/#website"},"primaryImageOfPage":{"@id":"https:\/\/www.intoscana.it\/it\/gucci-de-sarno-firma-la-nuova-collezione-di-gioielli-cresce-lattesa-per-la-sua-sfilata\/#primaryimage"},"image":{"@id":"https:\/\/www.intoscana.it\/it\/gucci-de-sarno-firma-la-nuova-collezione-di-gioielli-cresce-lattesa-per-la-sua-sfilata\/#primaryimage"},"thumbnailUrl":"https:\/\/www.intoscana.it\/wp-content\/uploads\/Screenshot-2023-09-18-12.32.01.png","datePublished":"2023-09-18T12:54:10+00:00","author":{"@id":"https:\/\/www.intoscana.it\/it\/#\/schema\/person\/137419af9ef5d385bde52864a841e6ce"},"description":"Il direttore creativo della maison fiorentina lancia la linea Marina Chain. Attesa per la settimana della moda milanese dove sfileranno, il 22 settembre, le sue prime creazioni","breadcrumb":{"@id":"https:\/\/www.intoscana.it\/it\/gucci-de-sarno-firma-la-nuova-collezione-di-gioielli-cresce-lattesa-per-la-sua-sfilata\/#breadcrumb"},"inLanguage":"it-IT","potentialAction":[{"@type":"ReadAction","target":["https:\/\/www.intoscana.it\/it\/gucci-de-sarno-firma-la-nuova-collezione-di-gioielli-cresce-lattesa-per-la-sua-sfilata\/"]}]},{"@type":"ImageObject","inLanguage":"it-IT","@id":"https:\/\/www.intoscana.it\/it\/gucci-de-sarno-firma-la-nuova-collezione-di-gioielli-cresce-lattesa-per-la-sua-sfilata\/#primaryimage","url":"https:\/\/www.intoscana.it\/wp-content\/uploads\/Screenshot-2023-09-18-12.32.01.png","contentUrl":"https:\/\/www.intoscana.it\/wp-content\/uploads\/Screenshot-2023-09-18-12.32.01.png","width":1170,"height":952},{"@type":"BreadcrumbList","@id":"https:\/\/www.intoscana.it\/it\/gucci-de-sarno-firma-la-nuova-collezione-di-gioielli-cresce-lattesa-per-la-sua-sfilata\/#breadcrumb","itemListElement":[{"@type":"ListItem","position":1,"name":"Home","item":"https:\/\/www.intoscana.it\/it\/"},{"@type":"ListItem","position":2,"name":"Gucci, De Sarno firma la nuova collezione di gioielli: cresce l&#8217;attesa per la sua sfilata"}]},{"@type":"WebSite","@id":"https:\/\/www.intoscana.it\/it\/#website","url":"https:\/\/www.intoscana.it\/it\/","name":"intoscana","description":"","potentialAction":[{"@type":"SearchAction","target":{"@type":"EntryPoint","urlTemplate":"https:\/\/www.intoscana.it\/it\/?s={search_term_string}"},"query-input":{"@type":"PropertyValueSpecification","valueRequired":true,"valueName":"search_term_string"}}],"inLanguage":"it-IT"},{"@type":"Person","@id":"https:\/\/www.intoscana.it\/it\/#\/schema\/person\/137419af9ef5d385bde52864a841e6ce","name":"Clara D'Acunto","url":"https:\/\/www.intoscana.it\/it\/author\/clara-d_acunto\/"}]}},"_links":{"self":[{"href":"https:\/\/www.intoscana.it\/it\/wp-json\/wp\/v2\/posts\/305348","targetHints":{"allow":["GET"]}}],"collection":[{"href":"https:\/\/www.intoscana.it\/it\/wp-json\/wp\/v2\/posts"}],"about":[{"href":"https:\/\/www.intoscana.it\/it\/wp-json\/wp\/v2\/types\/post"}],"author":[{"embeddable":true,"href":"https:\/\/www.intoscana.it\/it\/wp-json\/wp\/v2\/users\/545"}],"replies":[{"embeddable":true,"href":"https:\/\/www.intoscana.it\/it\/wp-json\/wp\/v2\/comments?post=305348"}],"version-history":[{"count":0,"href":"https:\/\/www.intoscana.it\/it\/wp-json\/wp\/v2\/posts\/305348\/revisions"}],"wp:featuredmedia":[{"embeddable":true,"href":"https:\/\/www.intoscana.it\/it\/wp-json\/wp\/v2\/media\/305354"}],"wp:attachment":[{"href":"https:\/\/www.intoscana.it\/it\/wp-json\/wp\/v2\/media?parent=305348"}],"wp:term":[{"taxonomy":"category","embeddable":true,"href":"https:\/\/www.intoscana.it\/it\/wp-json\/wp\/v2\/categories?post=305348"},{"taxonomy":"post_tag","embeddable":true,"href":"https:\/\/www.intoscana.it\/it\/wp-json\/wp\/v2\/tags?post=305348"}],"curies":[{"name":"wp","href":"https:\/\/api.w.org\/{rel}","templated":true}]}}