{"id":305428,"date":"2023-09-18T15:14:14","date_gmt":"2023-09-18T13:14:14","guid":{"rendered":"https:\/\/www.intoscana.it\/it\/?p=305428"},"modified":"2023-09-18T15:14:28","modified_gmt":"2023-09-18T13:14:28","slug":"gli-uffizi-celebrano-con-una-grande-mostra-aby-warburg-lo-storico-innamorato-di-firenze","status":"publish","type":"post","link":"https:\/\/www.intoscana.it\/it\/gli-uffizi-celebrano-con-una-grande-mostra-aby-warburg-lo-storico-innamorato-di-firenze\/","title":{"rendered":"Gli Uffizi celebrano con una grande mostra Aby Warburg lo storico innamorato di Firenze"},"content":{"rendered":"<p><strong><em>\u201cFirenze \u00e8 il mio destino\u201d<\/em> <\/strong>scriveva cos\u00ec lo storico dell&#8217;arte <strong>Aby Warburg<\/strong> poco prima di morire <strong>nel 1929. <\/strong><\/p>\n<p>Una frase che riassume <strong>un legame di oltre quarant\u2019anni con la citt\u00e0,<\/strong> iniziato con il suo primo soggiorno <strong>nel 1888.<\/strong><\/p>\n<p>Warburg \u00e8 il padre di<strong> teorie fondamentali sulla cultura dell\u2019immagine<\/strong> e figura centrale negli anni iniziali del <strong>Kunsthistorisches Institut in Florenz<\/strong>, l\u2019istituto tedesco di storia dell\u2019arte fondato a Firenze nel 1897.<\/p>\n<p><strong>Il rapporto del grande studioso con Firenze,<\/strong> le sue <strong>straordinarie opere d&#8217;arte<\/strong> ma anche le <strong>grandi trasformazioni storico-politiche e urbanistiche<\/strong> del tempo sono il filo conduttore di &#8220;<strong><em>Camere con vista. Aby Warburg, Firenze e il laboratorio delle immagini&#8221;.<\/em><\/strong><\/p>\n<p>La grande mostra nata per celebrare lo studioso \u00e8 curata dalle <strong>Gallerie degli Uffizi<\/strong> e dal <strong>Kunsthistorisches Institut in Florenz \u2013 Max-Planck-Institut<\/strong> in collaborazione con il <strong>Warburg Institute di Londra.<\/strong><\/p>\n<p><strong>Il direttore delle Gallerie degli Uffizi Eike Schmidt<\/strong> ha dichiarato: <em>\u201cPer Aby Warburg \u00e8 pi\u00f9 che evidente il ruolo di Firenze, e specialmente degli Uffizi se si considera che dopo il suo primo soggiorno in citt\u00e0 nel 1888-89 scrisse la tesi di dottorato sui due quadri mitologici oggi pi\u00f9 celebri, di Sandro Botticelli: la Primavera e la Nascita di Venere (all\u2019epoca ben lontani dalla popolarit\u00e0 di oggi). Ma il suo metodo comparativo, come si vede nell\u2019Atlante delle immagini che egli chiamava Mnemosyne, \u00e8 stato anche il fondamento delle grandi trasformazioni e degli allestimenti del nostro museo dopo la seconda Guerra Mondiale, a testimonianza della modernit\u00e0 &#8211; ancora viva &#8211; del suo pensiero\u201d.<\/em><\/p>\n<figure id=\"post-305429 media-305429\" class=\"align-none\"><img decoding=\"async\" src=\"https:\/\/www.intoscana.it\/wp-content\/uploads\/IMG_2750.jpg\" alt=\"\" \/><\/figure>\n<h3>La mostra e un&#8217;app<\/h3>\n<p>L\u2019esposizione presenta molti pannelli dell\u2019<strong><em>Atlante Mnemosyne<\/em><\/strong>, l\u2019ultimo grande progetto dello studioso, recentemente ricostruito: <strong>un vero e proprio \u2018atlante figurativo<\/strong>\u2019 formato da una serie di tavole costituite da montaggi fotografici di opere diverse.<\/p>\n<p>I pannelli vengono eccezionalmente esposti nelle sale delle <strong>Gallerie degli Uffizi<\/strong>, permettendo per la prima volta <strong>un confronto diretto con le opere<\/strong> e riportando gli esperimenti di Warburg nel luogo stesso da cui hanno tratto ispirazione.<\/p>\n<p>Le collezioni del museo dialogano cos\u00ec vis \u00e0 vis con <strong>il laboratorio di immagini di Warburg<\/strong>. <strong>Oltre 100 tra fotografie, disegni, documenti,<\/strong> nonch\u00e9 lavori di artisti contemporanei quali <strong>William Kentridge, Lebohang Kganye, Alexander Kluge, Goshka Macuga, Ma\u0142gorzata Mirga-Tas, Sissi Daniela Olivieri e Akram Zaatari<\/strong> si affacciano tra i dipinti e le sculture della <strong>collezione permanente del museo.<\/strong><\/p>\n<p>La mostra invita poi a <strong>visitare metaforicamente Firenze insieme allo studioso,<\/strong> presentando anche<strong> aspetti della vita culturale internazionale del capoluogo toscano<\/strong> intorno al 1900 ed illustrando tracce della presenza di Warburg e dei suoi studi in musei e archivi fiorentini oggi.<\/p>\n<p>Accompagna la mostra l\u2019app <strong><em>Aby Warburg\u2019s Florence,<\/em> <\/strong>disponibile su <strong>Apple App Store e Google Play Store,<\/strong> che invita a seguire tre itinerari lungo le strade di Firenze, segnalando opere che rimandano alle tavole dell\u2019<strong><em>Atlante Mnemosyne.\u00a0<\/em><\/strong><\/p>\n<p>Il <strong>direttore del Warburg Institute Bill Sherman<\/strong> ha detto: \u201c<em>Quasi 100 anni dopo l\u2019esilio a Londra dell\u2019Istituto da lui fondato, Aby Warburg sta finalmente vivendo un ritorno a casa. Nel 2020-22 abbiamo contribuito con piacere alla realizzazione delle mostre sui suoi progetti in Germania, il suo paese natale. Ma il cuore di Warburg era in Italia \u2013 e la sua anima, come diceva lui, a Firenze. \u00c8 quindi un\u2019emozione particolare riportare Warburg nel museo in cui trov\u00f2 la sua vocazione. L&#8217;incontro tra Warburg e gli Uffizi ha cambiato il corso non solo della carriera di Warburg, ma della stessa storia dell\u2019arte, e spero che i nuovi incontri proposti in questa mostra diano nuova vita alle domande che Warburg pose nell\u2019ultimo decennio dell\u2019Ottocento\u201d.<\/em><\/p>\n<figure id=\"post-305433 media-305433\" class=\"align-none\"><img decoding=\"async\" src=\"https:\/\/www.intoscana.it\/wp-content\/uploads\/IMG_2763.jpg\" alt=\"\" \/><\/figure>\n<h3><strong>Aby Warburg: una vita dedicata all&#8217;arte<\/strong><\/h3>\n<p><strong>Aby Warburg<\/strong> (1866\u20131929) \u00e8 oggi <strong>tra gli autori pi\u00f9 importanti per la storia dell\u2019arte<\/strong> e per l\u2019antropologia delle immagini.<\/p>\n<p><strong>Nato ad Amburgo<\/strong> da una famiglia di banchieri di origine ebraica, ha dato vita a <strong>una biblioteca per studi culturali che nel 1933<\/strong>, in conseguenza dell\u2019ascesa del nazismo, sar\u00e0 trasferita<strong> a Londra,<\/strong> dove tuttora ha sede con il nome di<a href=\"https:\/\/warburg.sas.ac.uk\" target=\"_blank\" rel=\"noopener\" class=\"broken_link\"><strong> Warburg Institute.<\/strong><\/a><\/p>\n<p>Nei suoi lavori sulle opere antiche nel Rinascimento e oltre, <strong>Firenze ha un ruolo chiave.<\/strong> \u00c8 qui che Warburg trascorre un semestre da studente di storia dell\u2019arte tra il 1888 e il 1889,<strong> conosce la sua futura moglie, l\u2019artista Mary Hertz,<\/strong> ed \u00e8 tra i promotori del<strong> Kunsthistorisches Institut in Florenz<\/strong>, centro di ricerca attivo ancora oggi come Istituto Max Planck dedicato alla storia dell\u2019arte e alle sue sfide contemporanee.<\/p>\n<p><strong>Dopo un viaggio in Arizona e New Mexico<\/strong> che lo porta ad accostare l\u2019arte e la cultura degli Hopi e dei Pueblo,<strong> nel 1897 si sposa e si stabilisce a Firenze per studiare il Rinascimento<\/strong>. Dal 1904 \u00e8 ad Amburgo, e amplia le sue ricerche alla storia dell\u2019immaginario astrologico.<\/p>\n<p><strong>La prima Guerra Mondiale,<\/strong> minacciando il dialogo italo-tedesco, fa precipitare il suo equilibrio psichico e nervoso: di conseguenza, trascorre anni nella <strong>clinica di Binswanger sul lago di Costanza (1921-1924).<\/strong><\/p>\n<p>Tornato al lavoro, si dedica a realizzare<strong> un Atlante di immagini con fotografie e riproduzioni<\/strong> disposte secondo costellazioni tematiche, come una mappa della memoria culturale, intitolato <strong><em>Mnemosyne.<\/em><\/strong><\/p>\n<p>Alla sua morte nel 1929<strong>, questa sintesi dei suoi studi rester\u00e0 incompiuta.<\/strong><\/p>\n<figure id=\"post-305432 media-305432\" class=\"align-none\"><img decoding=\"async\" src=\"https:\/\/www.intoscana.it\/wp-content\/uploads\/IMG_2762.jpg\" alt=\"\" \/><\/figure>\n<div class=\"titleimg\"><\/div>\n","protected":false},"excerpt":{"rendered":"<p>Fino al 10 dicembre oltre cento tra disegni, fotografie, dipinti, documenti e i pannelli del celebre Atlante Mnemosyne raccontano nelle sale del museo la vita e l\u2019importanza del geniale storico dell\u2019arte ebreo nato ad Amburgo, le cui idee rivoluzionarie hanno cambiato radicalmente lo studio delle immagini e la cultura visiva<\/p>\n","protected":false},"author":525,"featured_media":305414,"comment_status":"open","ping_status":"open","sticky":false,"template":"","format":"standard","meta":{"_acf_changed":false,"footnotes":""},"categories":[493],"tags":[242,222,207],"class_list":["post-305428","post","type-post","status-publish","format-standard","has-post-thumbnail","hentry","category-cultura","tag-fotografia","tag-mostre","tag-uffizi"],"acf":[],"yoast_head":"<!-- This site is optimized with the Yoast SEO Premium plugin v24.2 (Yoast SEO v25.6) - https:\/\/yoast.com\/wordpress\/plugins\/seo\/ -->\n<title>Gli Uffizi celebrano con una grande mostra Aby Warburg lo storico innamorato di Firenze - intoscana<\/title>\n<meta name=\"robots\" content=\"index, follow, max-snippet:-1, max-image-preview:large, max-video-preview:-1\" \/>\n<link rel=\"canonical\" href=\"https:\/\/www.intoscana.it\/it\/gli-uffizi-celebrano-con-una-grande-mostra-aby-warburg-lo-storico-innamorato-di-firenze\/\" \/>\n<meta property=\"og:locale\" content=\"it_IT\" \/>\n<meta property=\"og:type\" content=\"article\" \/>\n<meta property=\"og:title\" content=\"Gli Uffizi celebrano con una grande mostra Aby Warburg lo storico innamorato di Firenze\" \/>\n<meta property=\"og:description\" content=\"Fino al 10 dicembre oltre cento tra disegni, fotografie, dipinti, documenti e i pannelli del celebre Atlante Mnemosyne raccontano nelle sale del museo la vita e l\u2019importanza del geniale storico dell\u2019arte ebreo nato ad Amburgo, le cui idee rivoluzionarie hanno cambiato radicalmente lo studio delle immagini e la cultura visiva\" \/>\n<meta property=\"og:url\" content=\"https:\/\/www.intoscana.it\/it\/gli-uffizi-celebrano-con-una-grande-mostra-aby-warburg-lo-storico-innamorato-di-firenze\/\" \/>\n<meta property=\"og:site_name\" content=\"intoscana\" \/>\n<meta property=\"article:publisher\" content=\"https:\/\/www.facebook.com\/intoscana.it\" \/>\n<meta property=\"article:published_time\" content=\"2023-09-18T13:14:14+00:00\" \/>\n<meta property=\"article:modified_time\" content=\"2023-09-18T13:14:28+00:00\" \/>\n<meta property=\"og:image\" content=\"https:\/\/www.intoscana.it\/wp-content\/uploads\/01-8.jpg\" \/>\n\t<meta property=\"og:image:width\" content=\"945\" \/>\n\t<meta property=\"og:image:height\" content=\"783\" \/>\n\t<meta property=\"og:image:type\" content=\"image\/jpeg\" \/>\n<meta name=\"author\" content=\"Redazione\" \/>\n<meta name=\"twitter:card\" content=\"summary_large_image\" \/>\n<meta name=\"twitter:creator\" content=\"@intoscana\" \/>\n<meta name=\"twitter:site\" content=\"@intoscana\" \/>\n<meta name=\"twitter:label1\" content=\"Written by\" \/>\n\t<meta name=\"twitter:data1\" content=\"Redazione\" \/>\n\t<meta name=\"twitter:label2\" content=\"Est. reading time\" \/>\n\t<meta name=\"twitter:data2\" content=\"4 minuti\" \/>\n<script type=\"application\/ld+json\" class=\"yoast-schema-graph\">{\"@context\":\"https:\/\/schema.org\",\"@graph\":[{\"@type\":\"WebPage\",\"@id\":\"https:\/\/www.intoscana.it\/it\/gli-uffizi-celebrano-con-una-grande-mostra-aby-warburg-lo-storico-innamorato-di-firenze\/\",\"url\":\"https:\/\/www.intoscana.it\/it\/gli-uffizi-celebrano-con-una-grande-mostra-aby-warburg-lo-storico-innamorato-di-firenze\/\",\"name\":\"Gli Uffizi celebrano con una grande mostra Aby Warburg lo storico innamorato di Firenze - intoscana\",\"isPartOf\":{\"@id\":\"https:\/\/www.intoscana.it\/it\/#website\"},\"primaryImageOfPage\":{\"@id\":\"https:\/\/www.intoscana.it\/it\/gli-uffizi-celebrano-con-una-grande-mostra-aby-warburg-lo-storico-innamorato-di-firenze\/#primaryimage\"},\"image\":{\"@id\":\"https:\/\/www.intoscana.it\/it\/gli-uffizi-celebrano-con-una-grande-mostra-aby-warburg-lo-storico-innamorato-di-firenze\/#primaryimage\"},\"thumbnailUrl\":\"https:\/\/www.intoscana.it\/wp-content\/uploads\/01-8.jpg\",\"datePublished\":\"2023-09-18T13:14:14+00:00\",\"dateModified\":\"2023-09-18T13:14:28+00:00\",\"author\":{\"@id\":\"https:\/\/www.intoscana.it\/it\/#\/schema\/person\/9223810753230f20bd670fdd322661f8\"},\"breadcrumb\":{\"@id\":\"https:\/\/www.intoscana.it\/it\/gli-uffizi-celebrano-con-una-grande-mostra-aby-warburg-lo-storico-innamorato-di-firenze\/#breadcrumb\"},\"inLanguage\":\"it-IT\",\"potentialAction\":[{\"@type\":\"ReadAction\",\"target\":[\"https:\/\/www.intoscana.it\/it\/gli-uffizi-celebrano-con-una-grande-mostra-aby-warburg-lo-storico-innamorato-di-firenze\/\"]}]},{\"@type\":\"ImageObject\",\"inLanguage\":\"it-IT\",\"@id\":\"https:\/\/www.intoscana.it\/it\/gli-uffizi-celebrano-con-una-grande-mostra-aby-warburg-lo-storico-innamorato-di-firenze\/#primaryimage\",\"url\":\"https:\/\/www.intoscana.it\/wp-content\/uploads\/01-8.jpg\",\"contentUrl\":\"https:\/\/www.intoscana.it\/wp-content\/uploads\/01-8.jpg\",\"width\":945,\"height\":783},{\"@type\":\"BreadcrumbList\",\"@id\":\"https:\/\/www.intoscana.it\/it\/gli-uffizi-celebrano-con-una-grande-mostra-aby-warburg-lo-storico-innamorato-di-firenze\/#breadcrumb\",\"itemListElement\":[{\"@type\":\"ListItem\",\"position\":1,\"name\":\"Home\",\"item\":\"https:\/\/www.intoscana.it\/it\/\"},{\"@type\":\"ListItem\",\"position\":2,\"name\":\"Gli Uffizi celebrano con una grande mostra Aby Warburg lo storico innamorato di Firenze\"}]},{\"@type\":\"WebSite\",\"@id\":\"https:\/\/www.intoscana.it\/it\/#website\",\"url\":\"https:\/\/www.intoscana.it\/it\/\",\"name\":\"intoscana\",\"description\":\"\",\"potentialAction\":[{\"@type\":\"SearchAction\",\"target\":{\"@type\":\"EntryPoint\",\"urlTemplate\":\"https:\/\/www.intoscana.it\/it\/?s={search_term_string}\"},\"query-input\":{\"@type\":\"PropertyValueSpecification\",\"valueRequired\":true,\"valueName\":\"search_term_string\"}}],\"inLanguage\":\"it-IT\"},{\"@type\":\"Person\",\"@id\":\"https:\/\/www.intoscana.it\/it\/#\/schema\/person\/9223810753230f20bd670fdd322661f8\",\"name\":\"Redazione\",\"url\":\"https:\/\/www.intoscana.it\/it\/author\/redazione\/\"}]}<\/script>\n<!-- \/ Yoast SEO Premium plugin. -->","yoast_head_json":{"title":"Gli Uffizi celebrano con una grande mostra Aby Warburg lo storico innamorato di Firenze - intoscana","robots":{"index":"index","follow":"follow","max-snippet":"max-snippet:-1","max-image-preview":"max-image-preview:large","max-video-preview":"max-video-preview:-1"},"canonical":"https:\/\/www.intoscana.it\/it\/gli-uffizi-celebrano-con-una-grande-mostra-aby-warburg-lo-storico-innamorato-di-firenze\/","og_locale":"it_IT","og_type":"article","og_title":"Gli Uffizi celebrano con una grande mostra Aby Warburg lo storico innamorato di Firenze","og_description":"Fino al 10 dicembre oltre cento tra disegni, fotografie, dipinti, documenti e i pannelli del celebre Atlante Mnemosyne raccontano nelle sale del museo la vita e l\u2019importanza del geniale storico dell\u2019arte ebreo nato ad Amburgo, le cui idee rivoluzionarie hanno cambiato radicalmente lo studio delle immagini e la cultura visiva","og_url":"https:\/\/www.intoscana.it\/it\/gli-uffizi-celebrano-con-una-grande-mostra-aby-warburg-lo-storico-innamorato-di-firenze\/","og_site_name":"intoscana","article_publisher":"https:\/\/www.facebook.com\/intoscana.it","article_published_time":"2023-09-18T13:14:14+00:00","article_modified_time":"2023-09-18T13:14:28+00:00","og_image":[{"width":945,"height":783,"url":"https:\/\/www.intoscana.it\/wp-content\/uploads\/01-8.jpg","type":"image\/jpeg"}],"author":"Redazione","twitter_card":"summary_large_image","twitter_creator":"@intoscana","twitter_site":"@intoscana","twitter_misc":{"Written by":"Redazione","Est. reading time":"4 minuti"},"schema":{"@context":"https:\/\/schema.org","@graph":[{"@type":"WebPage","@id":"https:\/\/www.intoscana.it\/it\/gli-uffizi-celebrano-con-una-grande-mostra-aby-warburg-lo-storico-innamorato-di-firenze\/","url":"https:\/\/www.intoscana.it\/it\/gli-uffizi-celebrano-con-una-grande-mostra-aby-warburg-lo-storico-innamorato-di-firenze\/","name":"Gli Uffizi celebrano con una grande mostra Aby Warburg lo storico innamorato di Firenze - intoscana","isPartOf":{"@id":"https:\/\/www.intoscana.it\/it\/#website"},"primaryImageOfPage":{"@id":"https:\/\/www.intoscana.it\/it\/gli-uffizi-celebrano-con-una-grande-mostra-aby-warburg-lo-storico-innamorato-di-firenze\/#primaryimage"},"image":{"@id":"https:\/\/www.intoscana.it\/it\/gli-uffizi-celebrano-con-una-grande-mostra-aby-warburg-lo-storico-innamorato-di-firenze\/#primaryimage"},"thumbnailUrl":"https:\/\/www.intoscana.it\/wp-content\/uploads\/01-8.jpg","datePublished":"2023-09-18T13:14:14+00:00","dateModified":"2023-09-18T13:14:28+00:00","author":{"@id":"https:\/\/www.intoscana.it\/it\/#\/schema\/person\/9223810753230f20bd670fdd322661f8"},"breadcrumb":{"@id":"https:\/\/www.intoscana.it\/it\/gli-uffizi-celebrano-con-una-grande-mostra-aby-warburg-lo-storico-innamorato-di-firenze\/#breadcrumb"},"inLanguage":"it-IT","potentialAction":[{"@type":"ReadAction","target":["https:\/\/www.intoscana.it\/it\/gli-uffizi-celebrano-con-una-grande-mostra-aby-warburg-lo-storico-innamorato-di-firenze\/"]}]},{"@type":"ImageObject","inLanguage":"it-IT","@id":"https:\/\/www.intoscana.it\/it\/gli-uffizi-celebrano-con-una-grande-mostra-aby-warburg-lo-storico-innamorato-di-firenze\/#primaryimage","url":"https:\/\/www.intoscana.it\/wp-content\/uploads\/01-8.jpg","contentUrl":"https:\/\/www.intoscana.it\/wp-content\/uploads\/01-8.jpg","width":945,"height":783},{"@type":"BreadcrumbList","@id":"https:\/\/www.intoscana.it\/it\/gli-uffizi-celebrano-con-una-grande-mostra-aby-warburg-lo-storico-innamorato-di-firenze\/#breadcrumb","itemListElement":[{"@type":"ListItem","position":1,"name":"Home","item":"https:\/\/www.intoscana.it\/it\/"},{"@type":"ListItem","position":2,"name":"Gli Uffizi celebrano con una grande mostra Aby Warburg lo storico innamorato di Firenze"}]},{"@type":"WebSite","@id":"https:\/\/www.intoscana.it\/it\/#website","url":"https:\/\/www.intoscana.it\/it\/","name":"intoscana","description":"","potentialAction":[{"@type":"SearchAction","target":{"@type":"EntryPoint","urlTemplate":"https:\/\/www.intoscana.it\/it\/?s={search_term_string}"},"query-input":{"@type":"PropertyValueSpecification","valueRequired":true,"valueName":"search_term_string"}}],"inLanguage":"it-IT"},{"@type":"Person","@id":"https:\/\/www.intoscana.it\/it\/#\/schema\/person\/9223810753230f20bd670fdd322661f8","name":"Redazione","url":"https:\/\/www.intoscana.it\/it\/author\/redazione\/"}]}},"_links":{"self":[{"href":"https:\/\/www.intoscana.it\/it\/wp-json\/wp\/v2\/posts\/305428","targetHints":{"allow":["GET"]}}],"collection":[{"href":"https:\/\/www.intoscana.it\/it\/wp-json\/wp\/v2\/posts"}],"about":[{"href":"https:\/\/www.intoscana.it\/it\/wp-json\/wp\/v2\/types\/post"}],"author":[{"embeddable":true,"href":"https:\/\/www.intoscana.it\/it\/wp-json\/wp\/v2\/users\/525"}],"replies":[{"embeddable":true,"href":"https:\/\/www.intoscana.it\/it\/wp-json\/wp\/v2\/comments?post=305428"}],"version-history":[{"count":0,"href":"https:\/\/www.intoscana.it\/it\/wp-json\/wp\/v2\/posts\/305428\/revisions"}],"wp:featuredmedia":[{"embeddable":true,"href":"https:\/\/www.intoscana.it\/it\/wp-json\/wp\/v2\/media\/305414"}],"wp:attachment":[{"href":"https:\/\/www.intoscana.it\/it\/wp-json\/wp\/v2\/media?parent=305428"}],"wp:term":[{"taxonomy":"category","embeddable":true,"href":"https:\/\/www.intoscana.it\/it\/wp-json\/wp\/v2\/categories?post=305428"},{"taxonomy":"post_tag","embeddable":true,"href":"https:\/\/www.intoscana.it\/it\/wp-json\/wp\/v2\/tags?post=305428"}],"curies":[{"name":"wp","href":"https:\/\/api.w.org\/{rel}","templated":true}]}}