{"id":305500,"date":"2023-09-18T16:14:22","date_gmt":"2023-09-18T14:14:22","guid":{"rendered":"https:\/\/www.intoscana.it\/it\/?p=305500"},"modified":"2023-09-18T16:14:22","modified_gmt":"2023-09-18T14:14:22","slug":"distribuiti-10mila-etilometri-in-toscana-il-bilancio-della-campagna-fratres","status":"publish","type":"post","link":"https:\/\/www.intoscana.it\/it\/distribuiti-10mila-etilometri-in-toscana-il-bilancio-della-campagna-fratres\/","title":{"rendered":"Distribuiti 10mila etilometri in Toscana: il bilancio della campagna Fratres"},"content":{"rendered":"<p>Oltre 10 mila <strong>etilometri<\/strong> distribuiti in meno di tre mesi in tutte le province toscane, fuori da bar, locali e discoteche: questo il bilancio della campagna di sensibilizzazione promossa questa estate da <strong>Fratres Toscana<\/strong>. \u201cSoffia per esser certo di guidare. Salva la tua vita e quella degli altri donando sangue\u201d \u00e8 lo slogan scelto per sostenere l\u2019iniziativa.<\/p>\n<p>La distribuzione degli etilometri, ha detto la vicepresidente <strong>Stefania Saccardi<\/strong> &#8220;spinge sulla prevenzione prima di tutto, ma d\u00e0 anche il messaggio forte che quando si \u00e8 bevuto non ci si deve mettere alla guida, in quanto potrebbe rappresentare un pericolo per s\u00e9 e per gli altri. <mark>C\u2019\u00e8 un\u2019altra responsabilit\u00e0 che viene promossa: la consapevolezza che senza le donazioni di sangue si fermerebbero tutta l\u2019attivit\u00e0 chirurgica e gran parte dell\u2019attivit\u00e0 sanitaria. Far riflettere i giovani sulle conseguenze dei propri atteggiamenti \u00e8 dunque un grande valore&#8221;.<\/mark><\/p>\n<p>Ringrazia Frates anche l\u2019assessore alla sanit\u00e0 <strong>Simone Bezzini<\/strong>: \u201cAvere la collaborazione di associazioni radicate come questa, che aggregano migliaia di persone nella nostra regione, produce un valore aggiunto&#8221;. &#8220;Questa estate &#8211; ha poi aggiunto &#8211;\u00a0 <mark>abbiamo potuto garantire l\u2019autosufficienza del sistema, risultato non scontato, ma ottenuto grazie alla collaborazione dei professionisti, del centro sangue, delle direzioni aziendali, delle associazioni, dei donatori che ci permette di proiettarci nel futuro\u201d.<\/mark><\/p>\n<p><strong>Fratres Toscana<\/strong> \u00e8 articolata in 12 consigli territoriali, 285 gruppi, conta oltre 1000 volontari impegnati ogni giorno per raccogliere sangue e dunque salvare vite umane: <mark>nel 2022 sono state oltre 62 mila le donazioni garantite da 40 mila donatori.<\/mark><\/p>\n<p>\u201cSiamo felici di aver portato il nostro contributo &#8211; spiega il presidente di Fratres Toscana, <strong>Claudio Zecchi<\/strong>. &#8211; Adesso non dobbiamo abbassare la guardia. Grazie alla campagna degli etilometri abbiamo lavorato di far passare soprattutto tra i nostri ragazzi la cultura della donazione. C\u2019\u00e8 bisogno del loro impegno per fare fronte all\u2019esigenza sempre maggiore di sangue e plasma, necessari per salvare vite umane\u201d.<\/p>\n<p>&nbsp;<\/p>\n","protected":false},"excerpt":{"rendered":"<p>Il progetto rivolto ai giovani per sensibilizzarli contro la guida in stato di ebbrezza e per la donazione di sangue. I risultati presentati in Regione con la vicepresidente Saccardi e l&#8217;assessore Bezzini<\/p>\n","protected":false},"author":525,"featured_media":305506,"comment_status":"open","ping_status":"open","sticky":false,"template":"","format":"standard","meta":{"_acf_changed":false,"footnotes":""},"categories":[494],"tags":[4385,4883,4769],"class_list":["post-305500","post","type-post","status-publish","format-standard","has-post-thumbnail","hentry","category-attualita","tag-prevenzione","tag-simone-bezzini","tag-stefania-saccardi"],"acf":[],"yoast_head":"<!-- This site is optimized with the Yoast SEO Premium plugin v24.2 (Yoast SEO v25.6) - https:\/\/yoast.com\/wordpress\/plugins\/seo\/ -->\n<title>Distribuiti 10mila etilometri in Toscana: il bilancio della campagna Fratres - intoscana<\/title>\n<meta name=\"description\" content=\"Il progetto rivolto ai giovani per sensibilizzarli contro la guida in stato di ebbrezza e per la donazione di sangue. I risultati presentati in Regione con la vicepresidente Saccardi e l&#039;assessore Bezzini\" \/>\n<meta name=\"robots\" content=\"index, follow, max-snippet:-1, max-image-preview:large, max-video-preview:-1\" \/>\n<link rel=\"canonical\" href=\"https:\/\/www.intoscana.it\/it\/distribuiti-10mila-etilometri-in-toscana-il-bilancio-della-campagna-fratres\/\" \/>\n<meta property=\"og:locale\" content=\"it_IT\" \/>\n<meta property=\"og:type\" content=\"article\" \/>\n<meta property=\"og:title\" content=\"Distribuiti 10mila etilometri in Toscana: il bilancio della campagna Fratres\" \/>\n<meta property=\"og:description\" content=\"Il progetto rivolto ai giovani per sensibilizzarli contro la guida in stato di ebbrezza e per la donazione di sangue. I risultati presentati in Regione con la vicepresidente Saccardi e l&#039;assessore Bezzini\" \/>\n<meta property=\"og:url\" content=\"https:\/\/www.intoscana.it\/it\/distribuiti-10mila-etilometri-in-toscana-il-bilancio-della-campagna-fratres\/\" \/>\n<meta property=\"og:site_name\" content=\"intoscana\" \/>\n<meta property=\"article:publisher\" content=\"https:\/\/www.facebook.com\/intoscana.it\" \/>\n<meta property=\"article:published_time\" content=\"2023-09-18T14:14:22+00:00\" \/>\n<meta property=\"og:image\" content=\"https:\/\/www.intoscana.it\/wp-content\/uploads\/fratres1-2-e1695046078190.jpg\" \/>\n\t<meta property=\"og:image:width\" content=\"1083\" \/>\n\t<meta property=\"og:image:height\" content=\"717\" \/>\n\t<meta property=\"og:image:type\" content=\"image\/jpeg\" \/>\n<meta name=\"author\" content=\"Redazione\" \/>\n<meta name=\"twitter:card\" content=\"summary_large_image\" \/>\n<meta name=\"twitter:creator\" content=\"@intoscana\" \/>\n<meta name=\"twitter:site\" content=\"@intoscana\" \/>\n<meta name=\"twitter:label1\" content=\"Written by\" \/>\n\t<meta name=\"twitter:data1\" content=\"Redazione\" \/>\n\t<meta name=\"twitter:label2\" content=\"Est. reading time\" \/>\n\t<meta name=\"twitter:data2\" content=\"2 minuti\" \/>\n<script type=\"application\/ld+json\" class=\"yoast-schema-graph\">{\"@context\":\"https:\/\/schema.org\",\"@graph\":[{\"@type\":\"WebPage\",\"@id\":\"https:\/\/www.intoscana.it\/it\/distribuiti-10mila-etilometri-in-toscana-il-bilancio-della-campagna-fratres\/\",\"url\":\"https:\/\/www.intoscana.it\/it\/distribuiti-10mila-etilometri-in-toscana-il-bilancio-della-campagna-fratres\/\",\"name\":\"Distribuiti 10mila etilometri in Toscana: il bilancio della campagna Fratres - intoscana\",\"isPartOf\":{\"@id\":\"https:\/\/www.intoscana.it\/it\/#website\"},\"primaryImageOfPage\":{\"@id\":\"https:\/\/www.intoscana.it\/it\/distribuiti-10mila-etilometri-in-toscana-il-bilancio-della-campagna-fratres\/#primaryimage\"},\"image\":{\"@id\":\"https:\/\/www.intoscana.it\/it\/distribuiti-10mila-etilometri-in-toscana-il-bilancio-della-campagna-fratres\/#primaryimage\"},\"thumbnailUrl\":\"https:\/\/www.intoscana.it\/wp-content\/uploads\/fratres1-2-e1695046078190.jpg\",\"datePublished\":\"2023-09-18T14:14:22+00:00\",\"author\":{\"@id\":\"https:\/\/www.intoscana.it\/it\/#\/schema\/person\/9223810753230f20bd670fdd322661f8\"},\"description\":\"Il progetto rivolto ai giovani per sensibilizzarli contro la guida in stato di ebbrezza e per la donazione di sangue. I risultati presentati in Regione con la vicepresidente Saccardi e l'assessore Bezzini\",\"breadcrumb\":{\"@id\":\"https:\/\/www.intoscana.it\/it\/distribuiti-10mila-etilometri-in-toscana-il-bilancio-della-campagna-fratres\/#breadcrumb\"},\"inLanguage\":\"it-IT\",\"potentialAction\":[{\"@type\":\"ReadAction\",\"target\":[\"https:\/\/www.intoscana.it\/it\/distribuiti-10mila-etilometri-in-toscana-il-bilancio-della-campagna-fratres\/\"]}]},{\"@type\":\"ImageObject\",\"inLanguage\":\"it-IT\",\"@id\":\"https:\/\/www.intoscana.it\/it\/distribuiti-10mila-etilometri-in-toscana-il-bilancio-della-campagna-fratres\/#primaryimage\",\"url\":\"https:\/\/www.intoscana.it\/wp-content\/uploads\/fratres1-2-e1695046078190.jpg\",\"contentUrl\":\"https:\/\/www.intoscana.it\/wp-content\/uploads\/fratres1-2-e1695046078190.jpg\",\"width\":1083,\"height\":717},{\"@type\":\"BreadcrumbList\",\"@id\":\"https:\/\/www.intoscana.it\/it\/distribuiti-10mila-etilometri-in-toscana-il-bilancio-della-campagna-fratres\/#breadcrumb\",\"itemListElement\":[{\"@type\":\"ListItem\",\"position\":1,\"name\":\"Home\",\"item\":\"https:\/\/www.intoscana.it\/it\/\"},{\"@type\":\"ListItem\",\"position\":2,\"name\":\"Distribuiti 10mila etilometri in Toscana: il bilancio della campagna Fratres\"}]},{\"@type\":\"WebSite\",\"@id\":\"https:\/\/www.intoscana.it\/it\/#website\",\"url\":\"https:\/\/www.intoscana.it\/it\/\",\"name\":\"intoscana\",\"description\":\"\",\"potentialAction\":[{\"@type\":\"SearchAction\",\"target\":{\"@type\":\"EntryPoint\",\"urlTemplate\":\"https:\/\/www.intoscana.it\/it\/?s={search_term_string}\"},\"query-input\":{\"@type\":\"PropertyValueSpecification\",\"valueRequired\":true,\"valueName\":\"search_term_string\"}}],\"inLanguage\":\"it-IT\"},{\"@type\":\"Person\",\"@id\":\"https:\/\/www.intoscana.it\/it\/#\/schema\/person\/9223810753230f20bd670fdd322661f8\",\"name\":\"Redazione\",\"url\":\"https:\/\/www.intoscana.it\/it\/author\/redazione\/\"}]}<\/script>\n<!-- \/ Yoast SEO Premium plugin. -->","yoast_head_json":{"title":"Distribuiti 10mila etilometri in Toscana: il bilancio della campagna Fratres - intoscana","description":"Il progetto rivolto ai giovani per sensibilizzarli contro la guida in stato di ebbrezza e per la donazione di sangue. I risultati presentati in Regione con la vicepresidente Saccardi e l'assessore Bezzini","robots":{"index":"index","follow":"follow","max-snippet":"max-snippet:-1","max-image-preview":"max-image-preview:large","max-video-preview":"max-video-preview:-1"},"canonical":"https:\/\/www.intoscana.it\/it\/distribuiti-10mila-etilometri-in-toscana-il-bilancio-della-campagna-fratres\/","og_locale":"it_IT","og_type":"article","og_title":"Distribuiti 10mila etilometri in Toscana: il bilancio della campagna Fratres","og_description":"Il progetto rivolto ai giovani per sensibilizzarli contro la guida in stato di ebbrezza e per la donazione di sangue. I risultati presentati in Regione con la vicepresidente Saccardi e l'assessore Bezzini","og_url":"https:\/\/www.intoscana.it\/it\/distribuiti-10mila-etilometri-in-toscana-il-bilancio-della-campagna-fratres\/","og_site_name":"intoscana","article_publisher":"https:\/\/www.facebook.com\/intoscana.it","article_published_time":"2023-09-18T14:14:22+00:00","og_image":[{"width":1083,"height":717,"url":"https:\/\/www.intoscana.it\/wp-content\/uploads\/fratres1-2-e1695046078190.jpg","type":"image\/jpeg"}],"author":"Redazione","twitter_card":"summary_large_image","twitter_creator":"@intoscana","twitter_site":"@intoscana","twitter_misc":{"Written by":"Redazione","Est. reading time":"2 minuti"},"schema":{"@context":"https:\/\/schema.org","@graph":[{"@type":"WebPage","@id":"https:\/\/www.intoscana.it\/it\/distribuiti-10mila-etilometri-in-toscana-il-bilancio-della-campagna-fratres\/","url":"https:\/\/www.intoscana.it\/it\/distribuiti-10mila-etilometri-in-toscana-il-bilancio-della-campagna-fratres\/","name":"Distribuiti 10mila etilometri in Toscana: il bilancio della campagna Fratres - intoscana","isPartOf":{"@id":"https:\/\/www.intoscana.it\/it\/#website"},"primaryImageOfPage":{"@id":"https:\/\/www.intoscana.it\/it\/distribuiti-10mila-etilometri-in-toscana-il-bilancio-della-campagna-fratres\/#primaryimage"},"image":{"@id":"https:\/\/www.intoscana.it\/it\/distribuiti-10mila-etilometri-in-toscana-il-bilancio-della-campagna-fratres\/#primaryimage"},"thumbnailUrl":"https:\/\/www.intoscana.it\/wp-content\/uploads\/fratres1-2-e1695046078190.jpg","datePublished":"2023-09-18T14:14:22+00:00","author":{"@id":"https:\/\/www.intoscana.it\/it\/#\/schema\/person\/9223810753230f20bd670fdd322661f8"},"description":"Il progetto rivolto ai giovani per sensibilizzarli contro la guida in stato di ebbrezza e per la donazione di sangue. I risultati presentati in Regione con la vicepresidente Saccardi e l'assessore Bezzini","breadcrumb":{"@id":"https:\/\/www.intoscana.it\/it\/distribuiti-10mila-etilometri-in-toscana-il-bilancio-della-campagna-fratres\/#breadcrumb"},"inLanguage":"it-IT","potentialAction":[{"@type":"ReadAction","target":["https:\/\/www.intoscana.it\/it\/distribuiti-10mila-etilometri-in-toscana-il-bilancio-della-campagna-fratres\/"]}]},{"@type":"ImageObject","inLanguage":"it-IT","@id":"https:\/\/www.intoscana.it\/it\/distribuiti-10mila-etilometri-in-toscana-il-bilancio-della-campagna-fratres\/#primaryimage","url":"https:\/\/www.intoscana.it\/wp-content\/uploads\/fratres1-2-e1695046078190.jpg","contentUrl":"https:\/\/www.intoscana.it\/wp-content\/uploads\/fratres1-2-e1695046078190.jpg","width":1083,"height":717},{"@type":"BreadcrumbList","@id":"https:\/\/www.intoscana.it\/it\/distribuiti-10mila-etilometri-in-toscana-il-bilancio-della-campagna-fratres\/#breadcrumb","itemListElement":[{"@type":"ListItem","position":1,"name":"Home","item":"https:\/\/www.intoscana.it\/it\/"},{"@type":"ListItem","position":2,"name":"Distribuiti 10mila etilometri in Toscana: il bilancio della campagna Fratres"}]},{"@type":"WebSite","@id":"https:\/\/www.intoscana.it\/it\/#website","url":"https:\/\/www.intoscana.it\/it\/","name":"intoscana","description":"","potentialAction":[{"@type":"SearchAction","target":{"@type":"EntryPoint","urlTemplate":"https:\/\/www.intoscana.it\/it\/?s={search_term_string}"},"query-input":{"@type":"PropertyValueSpecification","valueRequired":true,"valueName":"search_term_string"}}],"inLanguage":"it-IT"},{"@type":"Person","@id":"https:\/\/www.intoscana.it\/it\/#\/schema\/person\/9223810753230f20bd670fdd322661f8","name":"Redazione","url":"https:\/\/www.intoscana.it\/it\/author\/redazione\/"}]}},"_links":{"self":[{"href":"https:\/\/www.intoscana.it\/it\/wp-json\/wp\/v2\/posts\/305500","targetHints":{"allow":["GET"]}}],"collection":[{"href":"https:\/\/www.intoscana.it\/it\/wp-json\/wp\/v2\/posts"}],"about":[{"href":"https:\/\/www.intoscana.it\/it\/wp-json\/wp\/v2\/types\/post"}],"author":[{"embeddable":true,"href":"https:\/\/www.intoscana.it\/it\/wp-json\/wp\/v2\/users\/525"}],"replies":[{"embeddable":true,"href":"https:\/\/www.intoscana.it\/it\/wp-json\/wp\/v2\/comments?post=305500"}],"version-history":[{"count":0,"href":"https:\/\/www.intoscana.it\/it\/wp-json\/wp\/v2\/posts\/305500\/revisions"}],"wp:featuredmedia":[{"embeddable":true,"href":"https:\/\/www.intoscana.it\/it\/wp-json\/wp\/v2\/media\/305506"}],"wp:attachment":[{"href":"https:\/\/www.intoscana.it\/it\/wp-json\/wp\/v2\/media?parent=305500"}],"wp:term":[{"taxonomy":"category","embeddable":true,"href":"https:\/\/www.intoscana.it\/it\/wp-json\/wp\/v2\/categories?post=305500"},{"taxonomy":"post_tag","embeddable":true,"href":"https:\/\/www.intoscana.it\/it\/wp-json\/wp\/v2\/tags?post=305500"}],"curies":[{"name":"wp","href":"https:\/\/api.w.org\/{rel}","templated":true}]}}