{"id":306041,"date":"2023-09-21T14:20:26","date_gmt":"2023-09-21T12:20:26","guid":{"rendered":"https:\/\/www.intoscana.it\/it\/?p=306041"},"modified":"2023-09-21T14:21:30","modified_gmt":"2023-09-21T12:21:30","slug":"drawing-everyday-il-diario-visivo-di-stefano-chiassai-in-mostra-al-mad-murate-art-district","status":"publish","type":"post","link":"https:\/\/www.intoscana.it\/it\/drawing-everyday-il-diario-visivo-di-stefano-chiassai-in-mostra-al-mad-murate-art-district\/","title":{"rendered":"&#8220;Drawing Everyday&#8221; il diario visivo di Stefano Chiassai in mostra al Mad Murate Art District"},"content":{"rendered":"<p><strong><em>\u201cDrawing Everyday. Diario visivo di Stefano Chiassai\u201d<\/em> <\/strong>\u00e8 il titolo del\u00a0percorso espositivo presentato da <strong>MAD Murate Art District<\/strong>\u00a0che propone una selezione di <strong>disegni inediti realizzati dall&#8217;artista tra il 2022 e il 2023,<\/strong> accompagnati da alcuni pezzi del biennio 2020-2021.<\/p>\n<p>Si tratta di un&#8217;esposizione specificamente pensata e progettata per<strong> le sale Laura Orvieto, Ketty La Rocca e il Semiottagono del Complesso delle Murate.<\/strong><\/p>\n<p><strong>Disegni, tessuti, pregiati arazzi e oggetti di design<\/strong> mettono in scena<strong> parole, geometrie, pattern, figure,<\/strong> riattivando <strong>una memoria collettiva e condivisa<\/strong> che racchiude i principali avvenimenti dal 2021 al 2023.<\/p>\n<p><strong>Chiassai rielabora le\u00a0vicende globali,<\/strong> cos\u00ec come arrivano sulle nostre scrivanie e nelle nostre case attraverso i quotidiani,\u00a0con <strong>toni ironici dal sapore popolare,<\/strong> che traducono la percezione collettiva della storia presente.<p><span class=\"citazione\"><em><strong>I miei disegni \u2013 un po\u2019 per esorcizzare le tante cattive notizie che riempiono le pagine dei quotidiani<\/strong> &#8211; diventano<strong> personaggi fuori della realt\u00e0, fiori, piante, folletti, parole che parlano di vita, sogno, futuro, amore, fratellanza, diritti umani,<\/strong> in un\u2019esplosione di colori che trasmette gioia e positivit\u00e0, come un inno a un mondo migliore<\/em><\/span><\/p><\/p>\n<p>Le vicende pi\u00f9 crude legate alla <strong>politica internazionale, alla guerra, a drammatiche urgenze ambientali o climatiche<\/strong>, lasciano talvolta spazio alla cronaca pi\u00f9 alta (l\u2019arresto di <strong>Matteo Messina Denaro<\/strong> cos\u00ec come<strong> la morte di Papa Benedetto XVI)<\/strong>, fino a vicende legate a tutta la cittadinanza (l\u2019arrivo della Primavera, le vittorie calcistiche) e personali, come il <strong>disegno dedicato all\u2019amico Giovanni Bonotto.<\/strong><\/p>\n<p><strong>Pensieri, frammenti di vita, riflessioni sospese tra il silenzio e l\u2019inquietudine della quotidianit\u00e0,<\/strong> sono raccolti in linee e colori vivaci che costruiscono un diario quotidiano di rispecchiamento.<\/p>\n<p>Scritti e parole si insinuano nel testo visivo e creano <strong>un vocabolario della condivisione collettiva dei grandi avvenimenti:<\/strong> parole sensazionalistiche, emotive, grandiose che traducono la fibrillazione della notizia appena uscita, cos\u00ec come<strong> le chiacchiere da bar alla lettura dei quotidiani.<\/strong><\/p>\n<p><em>\u201cDisegnare \u00e8 sempre stata una mia grande passione e <strong>\u201cdisegnare ogni giorno\u201d \u00e8 un desiderio che ho scoperto nel periodo del lockdown,<\/strong> diventando una pratica abituale \u2013 <\/em><strong>spiega Stefano Chiassai <\/strong><em>&#8211; Da qui il titolo della mostra al <strong>MAD Murate Art District,<\/strong> che fa riferimento alla meticolosit\u00e0 attraverso cui quotidianamente per quattro ore, la mattina dalle 5 alle 9, mi dedico alla traduzione in disegni di notizie e avvenimenti che succedono nel mondo e che rapiscono la mia attenzione. La mia esperienza di stilista e la mia conoscenza delle tecniche di lavorazione dei tessuti mi ha portato a trasformare diversi disegni della mostra in arazzi, tappeti, oggetti di design, tessuti Jacquard che ho poi trasformato in capi di abbigliamento.<strong> I miei disegni \u2013 un po\u2019 per esorcizzare le tante cattive notizie che riempiono le pagine dei quotidiani<\/strong> &#8211; diventano<strong> personaggi fuori della realt\u00e0, fiori, piante, folletti, parole che parlano di vita, sogno, futuro, amore, fratellanza, diritti umani,<\/strong> in un\u2019esplosione di colori che trasmette gioia e positivit\u00e0, come un inno a un mondo migliore\u201d.<\/em><\/p>\n<p><img decoding=\"async\" src=\"https:\/\/www.intoscana.it\/wp-content\/uploads\/DSCF9147-scaled.jpg\" alt=\"\"\/><\/p>\n<h3 class=\"titleimg\">I tre arazzi della manifattura Bonotto su disegno di Stefano Chiassai<\/h3>\n<p>In concomitanza con la mostra, verranno presentati al MAD<strong> tre arazzi appositamente realizzati a telaio jacquard<\/strong> dalla pregiata <strong>manifattura Bonotto<\/strong> su disegno di <strong>Stefano Chiassai.<\/strong><\/p>\n<p><strong>I tre arazzi <\/strong>rappresentano tre diversi soggetti: <strong>la solidariet\u00e0 con i drammi delle donne iraniane,<\/strong> rappresentate da Chiassai in manifestazione per i loro diritti, in un contrastato bianco e nero; <strong>il dramma della guerra in Ucraina<\/strong>, con i bombardamenti che da mesi affliggono la popolazione civile, in costante richiesta di aiuto; infine<strong> il vitalismo personale di Stefano Chiassai<\/strong>, che reagisce ai drammi della storia con una esplosione di energia, invitando il pubblico a non arrendersi e a mantenere uno sguardo da bambini.<\/p>\n<p>Gli arazzi saranno presentati il 5 ottobre alle 17.30, con<strong> un talk tenuto da Stefano Chiassai, Perla Gianni (ADI) e Giovanni Bonotto (Manifattura Bonotto),<\/strong> dedicato al design e alla tecnica dell\u2019arazzo, seguito dall\u2019apertura della nuova sala espositiva.<\/p>\n<p><strong>La sala rester\u00e0 aperta dal 5 all\u20198 ottobre<\/strong> dalle 14.30 alle 19.30. Domenica 8 solo su prenotazione alle ore 10:00 e alle ore 11:30.<\/p>\n<p><em>\u201cNel 2022 MAD Murate Art District ha ospitato 59 diversi progetti di residenza, con il coinvolgimento di 253 artisti, di cui 183 artisti senior e 70 artisti in formazione, con +100% di programmi rispetto al 2021<\/em> \u2013 ha spiegato <strong>Valentina Gensini, direttrice artistica di MAD Murate Art District<\/strong> e curatrice della mostra &#8211; <em>Il 2023 ha gi\u00e0 visto nel primo semestre dati interessanti e ulteriormente in crescita, con 157 artisti di cui 56 artisti senior e 101 artisti in formazione, articolati in 28 diversi programmi di residenza. Le partnership con il territorio, vedono MAD proporre un nuovo modello di residenza diffusa, strutturata sul rapporto che gli artisti creano con la comunit\u00e0 cittadina, con attenzione ai target pi\u00f9 diversi di pubblico, e allo stesso tempo con partnership internazionali di grande rilievo. Gi\u00e0 con l\u2019artista serba Ana Vujovic avevamo sperimentato una residenza in stretta relazione con alcune realt\u00e0 produttive di eccellenza, come cartiere Rossi e Antico Setificio Fiorentino. Con Stefano Chiassai MAD torna ad aprirsi ad una interdisciplinariet\u00e0 che contempla disegno, arazzi, design e la straordinaria collaborazione con la manifattura Bonotto.\u201d<\/em><\/p>\n<figure id=\"post-306043 media-306043\" class=\"align-none\"><img decoding=\"async\" src=\"https:\/\/www.intoscana.it\/wp-content\/uploads\/Drawing-everyday_da-sx-a-sinistra-Valentina-Gensini_Stefano-Chiassai_Perla-Gianni.jpeg\" alt=\"\" \/><\/figure>\n<p>Valentina Gensini, Stefano Chiassai, Perla Gianni<\/p>\n","protected":false},"excerpt":{"rendered":"<p>Dal 21 settembre al 12 novembre a Firenze un&#8217;esposizione che racconta il processo creativo di un artista che rielabora le\u00a0vicende globali con toni ironici dal sapore popolare<\/p>\n","protected":false},"author":518,"featured_media":306052,"comment_status":"open","ping_status":"open","sticky":false,"template":"","format":"standard","meta":{"_acf_changed":false,"footnotes":""},"categories":[493],"tags":[227,222],"class_list":["post-306041","post","type-post","status-publish","format-standard","has-post-thumbnail","hentry","category-cultura","tag-arte-contemporanea","tag-mostre"],"acf":[],"yoast_head":"<!-- This site is optimized with the Yoast SEO Premium plugin v24.2 (Yoast SEO v25.6) - https:\/\/yoast.com\/wordpress\/plugins\/seo\/ -->\n<title>&quot;Drawing Everyday&quot; il diario visivo di Stefano Chiassai in mostra al Mad Murate Art District - intoscana<\/title>\n<meta name=\"description\" content=\"Dal 21 settembre al 12 novembre a Firenze un&#039;esposizione che racconta il processo creativo di un artista che rielabora le\u00a0vicende globali\" \/>\n<meta name=\"robots\" content=\"index, follow, max-snippet:-1, max-image-preview:large, max-video-preview:-1\" \/>\n<link rel=\"canonical\" href=\"https:\/\/www.intoscana.it\/it\/drawing-everyday-il-diario-visivo-di-stefano-chiassai-in-mostra-al-mad-murate-art-district\/\" \/>\n<meta property=\"og:locale\" content=\"it_IT\" \/>\n<meta property=\"og:type\" content=\"article\" \/>\n<meta property=\"og:title\" content=\"&quot;Drawing Everyday&quot; il diario visivo di Stefano Chiassai in mostra al Mad Murate Art District\" \/>\n<meta property=\"og:description\" content=\"Dal 21 settembre al 12 novembre a Firenze un&#039;esposizione che racconta il processo creativo di un artista che rielabora le\u00a0vicende globali\" \/>\n<meta property=\"og:url\" content=\"https:\/\/www.intoscana.it\/it\/drawing-everyday-il-diario-visivo-di-stefano-chiassai-in-mostra-al-mad-murate-art-district\/\" \/>\n<meta property=\"og:site_name\" content=\"intoscana\" \/>\n<meta property=\"article:publisher\" content=\"https:\/\/www.facebook.com\/intoscana.it\" \/>\n<meta property=\"article:published_time\" content=\"2023-09-21T12:20:26+00:00\" \/>\n<meta property=\"article:modified_time\" content=\"2023-09-21T12:21:30+00:00\" \/>\n<meta property=\"og:image\" content=\"https:\/\/www.intoscana.it\/wp-content\/uploads\/DSCF9156-scaled.jpg\" \/>\n\t<meta property=\"og:image:width\" content=\"2048\" \/>\n\t<meta property=\"og:image:height\" content=\"1153\" \/>\n\t<meta property=\"og:image:type\" content=\"image\/jpeg\" \/>\n<meta name=\"author\" content=\"Costanza Baldini\" \/>\n<meta name=\"twitter:card\" content=\"summary_large_image\" \/>\n<meta name=\"twitter:creator\" content=\"@intoscana\" \/>\n<meta name=\"twitter:site\" content=\"@intoscana\" \/>\n<meta name=\"twitter:label1\" content=\"Written by\" \/>\n\t<meta name=\"twitter:data1\" content=\"Costanza Baldini\" \/>\n\t<meta name=\"twitter:label2\" content=\"Est. reading time\" \/>\n\t<meta name=\"twitter:data2\" content=\"4 minuti\" \/>\n<script type=\"application\/ld+json\" class=\"yoast-schema-graph\">{\"@context\":\"https:\/\/schema.org\",\"@graph\":[{\"@type\":\"WebPage\",\"@id\":\"https:\/\/www.intoscana.it\/it\/drawing-everyday-il-diario-visivo-di-stefano-chiassai-in-mostra-al-mad-murate-art-district\/\",\"url\":\"https:\/\/www.intoscana.it\/it\/drawing-everyday-il-diario-visivo-di-stefano-chiassai-in-mostra-al-mad-murate-art-district\/\",\"name\":\"\\\"Drawing Everyday\\\" il diario visivo di Stefano Chiassai in mostra al Mad Murate Art District - intoscana\",\"isPartOf\":{\"@id\":\"https:\/\/www.intoscana.it\/it\/#website\"},\"primaryImageOfPage\":{\"@id\":\"https:\/\/www.intoscana.it\/it\/drawing-everyday-il-diario-visivo-di-stefano-chiassai-in-mostra-al-mad-murate-art-district\/#primaryimage\"},\"image\":{\"@id\":\"https:\/\/www.intoscana.it\/it\/drawing-everyday-il-diario-visivo-di-stefano-chiassai-in-mostra-al-mad-murate-art-district\/#primaryimage\"},\"thumbnailUrl\":\"https:\/\/www.intoscana.it\/wp-content\/uploads\/DSCF9156-scaled.jpg\",\"datePublished\":\"2023-09-21T12:20:26+00:00\",\"dateModified\":\"2023-09-21T12:21:30+00:00\",\"author\":{\"@id\":\"https:\/\/www.intoscana.it\/it\/#\/schema\/person\/d469f35f09739bdf00bf5dd3f0647a82\"},\"description\":\"Dal 21 settembre al 12 novembre a Firenze un'esposizione che racconta il processo creativo di un artista che rielabora le\u00a0vicende globali\",\"breadcrumb\":{\"@id\":\"https:\/\/www.intoscana.it\/it\/drawing-everyday-il-diario-visivo-di-stefano-chiassai-in-mostra-al-mad-murate-art-district\/#breadcrumb\"},\"inLanguage\":\"it-IT\",\"potentialAction\":[{\"@type\":\"ReadAction\",\"target\":[\"https:\/\/www.intoscana.it\/it\/drawing-everyday-il-diario-visivo-di-stefano-chiassai-in-mostra-al-mad-murate-art-district\/\"]}]},{\"@type\":\"ImageObject\",\"inLanguage\":\"it-IT\",\"@id\":\"https:\/\/www.intoscana.it\/it\/drawing-everyday-il-diario-visivo-di-stefano-chiassai-in-mostra-al-mad-murate-art-district\/#primaryimage\",\"url\":\"https:\/\/www.intoscana.it\/wp-content\/uploads\/DSCF9156-scaled.jpg\",\"contentUrl\":\"https:\/\/www.intoscana.it\/wp-content\/uploads\/DSCF9156-scaled.jpg\",\"width\":2048,\"height\":1153},{\"@type\":\"BreadcrumbList\",\"@id\":\"https:\/\/www.intoscana.it\/it\/drawing-everyday-il-diario-visivo-di-stefano-chiassai-in-mostra-al-mad-murate-art-district\/#breadcrumb\",\"itemListElement\":[{\"@type\":\"ListItem\",\"position\":1,\"name\":\"Home\",\"item\":\"https:\/\/www.intoscana.it\/it\/\"},{\"@type\":\"ListItem\",\"position\":2,\"name\":\"&#8220;Drawing Everyday&#8221; il diario visivo di Stefano Chiassai in mostra al Mad Murate Art District\"}]},{\"@type\":\"WebSite\",\"@id\":\"https:\/\/www.intoscana.it\/it\/#website\",\"url\":\"https:\/\/www.intoscana.it\/it\/\",\"name\":\"intoscana\",\"description\":\"\",\"potentialAction\":[{\"@type\":\"SearchAction\",\"target\":{\"@type\":\"EntryPoint\",\"urlTemplate\":\"https:\/\/www.intoscana.it\/it\/?s={search_term_string}\"},\"query-input\":{\"@type\":\"PropertyValueSpecification\",\"valueRequired\":true,\"valueName\":\"search_term_string\"}}],\"inLanguage\":\"it-IT\"},{\"@type\":\"Person\",\"@id\":\"https:\/\/www.intoscana.it\/it\/#\/schema\/person\/d469f35f09739bdf00bf5dd3f0647a82\",\"name\":\"Costanza Baldini\",\"url\":\"https:\/\/www.intoscana.it\/it\/author\/costanza-baldini\/\"}]}<\/script>\n<!-- \/ Yoast SEO Premium plugin. -->","yoast_head_json":{"title":"\"Drawing Everyday\" il diario visivo di Stefano Chiassai in mostra al Mad Murate Art District - intoscana","description":"Dal 21 settembre al 12 novembre a Firenze un'esposizione che racconta il processo creativo di un artista che rielabora le\u00a0vicende globali","robots":{"index":"index","follow":"follow","max-snippet":"max-snippet:-1","max-image-preview":"max-image-preview:large","max-video-preview":"max-video-preview:-1"},"canonical":"https:\/\/www.intoscana.it\/it\/drawing-everyday-il-diario-visivo-di-stefano-chiassai-in-mostra-al-mad-murate-art-district\/","og_locale":"it_IT","og_type":"article","og_title":"\"Drawing Everyday\" il diario visivo di Stefano Chiassai in mostra al Mad Murate Art District","og_description":"Dal 21 settembre al 12 novembre a Firenze un'esposizione che racconta il processo creativo di un artista che rielabora le\u00a0vicende globali","og_url":"https:\/\/www.intoscana.it\/it\/drawing-everyday-il-diario-visivo-di-stefano-chiassai-in-mostra-al-mad-murate-art-district\/","og_site_name":"intoscana","article_publisher":"https:\/\/www.facebook.com\/intoscana.it","article_published_time":"2023-09-21T12:20:26+00:00","article_modified_time":"2023-09-21T12:21:30+00:00","og_image":[{"width":2048,"height":1153,"url":"https:\/\/www.intoscana.it\/wp-content\/uploads\/DSCF9156-scaled.jpg","type":"image\/jpeg"}],"author":"Costanza Baldini","twitter_card":"summary_large_image","twitter_creator":"@intoscana","twitter_site":"@intoscana","twitter_misc":{"Written by":"Costanza Baldini","Est. reading time":"4 minuti"},"schema":{"@context":"https:\/\/schema.org","@graph":[{"@type":"WebPage","@id":"https:\/\/www.intoscana.it\/it\/drawing-everyday-il-diario-visivo-di-stefano-chiassai-in-mostra-al-mad-murate-art-district\/","url":"https:\/\/www.intoscana.it\/it\/drawing-everyday-il-diario-visivo-di-stefano-chiassai-in-mostra-al-mad-murate-art-district\/","name":"\"Drawing Everyday\" il diario visivo di Stefano Chiassai in mostra al Mad Murate Art District - intoscana","isPartOf":{"@id":"https:\/\/www.intoscana.it\/it\/#website"},"primaryImageOfPage":{"@id":"https:\/\/www.intoscana.it\/it\/drawing-everyday-il-diario-visivo-di-stefano-chiassai-in-mostra-al-mad-murate-art-district\/#primaryimage"},"image":{"@id":"https:\/\/www.intoscana.it\/it\/drawing-everyday-il-diario-visivo-di-stefano-chiassai-in-mostra-al-mad-murate-art-district\/#primaryimage"},"thumbnailUrl":"https:\/\/www.intoscana.it\/wp-content\/uploads\/DSCF9156-scaled.jpg","datePublished":"2023-09-21T12:20:26+00:00","dateModified":"2023-09-21T12:21:30+00:00","author":{"@id":"https:\/\/www.intoscana.it\/it\/#\/schema\/person\/d469f35f09739bdf00bf5dd3f0647a82"},"description":"Dal 21 settembre al 12 novembre a Firenze un'esposizione che racconta il processo creativo di un artista che rielabora le\u00a0vicende globali","breadcrumb":{"@id":"https:\/\/www.intoscana.it\/it\/drawing-everyday-il-diario-visivo-di-stefano-chiassai-in-mostra-al-mad-murate-art-district\/#breadcrumb"},"inLanguage":"it-IT","potentialAction":[{"@type":"ReadAction","target":["https:\/\/www.intoscana.it\/it\/drawing-everyday-il-diario-visivo-di-stefano-chiassai-in-mostra-al-mad-murate-art-district\/"]}]},{"@type":"ImageObject","inLanguage":"it-IT","@id":"https:\/\/www.intoscana.it\/it\/drawing-everyday-il-diario-visivo-di-stefano-chiassai-in-mostra-al-mad-murate-art-district\/#primaryimage","url":"https:\/\/www.intoscana.it\/wp-content\/uploads\/DSCF9156-scaled.jpg","contentUrl":"https:\/\/www.intoscana.it\/wp-content\/uploads\/DSCF9156-scaled.jpg","width":2048,"height":1153},{"@type":"BreadcrumbList","@id":"https:\/\/www.intoscana.it\/it\/drawing-everyday-il-diario-visivo-di-stefano-chiassai-in-mostra-al-mad-murate-art-district\/#breadcrumb","itemListElement":[{"@type":"ListItem","position":1,"name":"Home","item":"https:\/\/www.intoscana.it\/it\/"},{"@type":"ListItem","position":2,"name":"&#8220;Drawing Everyday&#8221; il diario visivo di Stefano Chiassai in mostra al Mad Murate Art District"}]},{"@type":"WebSite","@id":"https:\/\/www.intoscana.it\/it\/#website","url":"https:\/\/www.intoscana.it\/it\/","name":"intoscana","description":"","potentialAction":[{"@type":"SearchAction","target":{"@type":"EntryPoint","urlTemplate":"https:\/\/www.intoscana.it\/it\/?s={search_term_string}"},"query-input":{"@type":"PropertyValueSpecification","valueRequired":true,"valueName":"search_term_string"}}],"inLanguage":"it-IT"},{"@type":"Person","@id":"https:\/\/www.intoscana.it\/it\/#\/schema\/person\/d469f35f09739bdf00bf5dd3f0647a82","name":"Costanza Baldini","url":"https:\/\/www.intoscana.it\/it\/author\/costanza-baldini\/"}]}},"_links":{"self":[{"href":"https:\/\/www.intoscana.it\/it\/wp-json\/wp\/v2\/posts\/306041","targetHints":{"allow":["GET"]}}],"collection":[{"href":"https:\/\/www.intoscana.it\/it\/wp-json\/wp\/v2\/posts"}],"about":[{"href":"https:\/\/www.intoscana.it\/it\/wp-json\/wp\/v2\/types\/post"}],"author":[{"embeddable":true,"href":"https:\/\/www.intoscana.it\/it\/wp-json\/wp\/v2\/users\/518"}],"replies":[{"embeddable":true,"href":"https:\/\/www.intoscana.it\/it\/wp-json\/wp\/v2\/comments?post=306041"}],"version-history":[{"count":0,"href":"https:\/\/www.intoscana.it\/it\/wp-json\/wp\/v2\/posts\/306041\/revisions"}],"wp:featuredmedia":[{"embeddable":true,"href":"https:\/\/www.intoscana.it\/it\/wp-json\/wp\/v2\/media\/306052"}],"wp:attachment":[{"href":"https:\/\/www.intoscana.it\/it\/wp-json\/wp\/v2\/media?parent=306041"}],"wp:term":[{"taxonomy":"category","embeddable":true,"href":"https:\/\/www.intoscana.it\/it\/wp-json\/wp\/v2\/categories?post=306041"},{"taxonomy":"post_tag","embeddable":true,"href":"https:\/\/www.intoscana.it\/it\/wp-json\/wp\/v2\/tags?post=306041"}],"curies":[{"name":"wp","href":"https:\/\/api.w.org\/{rel}","templated":true}]}}