{"id":306289,"date":"2023-09-22T15:41:12","date_gmt":"2023-09-22T13:41:12","guid":{"rendered":"https:\/\/www.intoscana.it\/it\/?p=306289"},"modified":"2023-09-22T15:44:21","modified_gmt":"2023-09-22T13:44:21","slug":"lautunno-caldo-del-musicus-concentus-con-i-poeti-del-piano-jazzisti-internazionali-e-giovani-talenti-under35","status":"publish","type":"post","link":"https:\/\/www.intoscana.it\/it\/lautunno-caldo-del-musicus-concentus-con-i-poeti-del-piano-jazzisti-internazionali-e-giovani-talenti-under35\/","title":{"rendered":"L&#8217;autunno &#8220;caldo&#8221; del Musicus Concentus con i poeti del piano, jazzisti internazionali e giovani talenti under35"},"content":{"rendered":"<p><strong>Musicus Concentus \u00e8 un vero e proprio presidio culturale<\/strong> che da molti anni porta in <strong>Sala Vanni a Firenze<\/strong> il meglio della musica contemporanea dal <strong>jazz,<\/strong> ai nuovi talenti, dalla <strong>musica elettronica e sperimentale<\/strong> ai musicisti del territorio e la<strong> musica classica.\u00a0<\/strong><\/p>\n<p>Oltre ai concerti a ottobre prende avvio <em><strong>\u201cNote\u201d<\/strong><\/em>, un\u2019iniziativa tutta nuova scaturita dalla collaborazione tra <strong>Musicus Concentus e l\u2019Associazione Ideerranti <\/strong>che vedr\u00e0 <strong>due incontri a ingresso libero<\/strong> su prenotazione.<\/p>\n<p>Il primo incontro \u00e8 in programma <strong>gioved\u00ec 12 ottobre in Sala Vanni<\/strong>, ore 18, con Marco Molendini e Neri Pollastri per un dialogo sul libro di Molendini<strong><em> \u201cPepito, il Principe del Jazz\u201d. <\/em><\/strong>Il secondo appuntamento invece \u00e8 previsto per <strong>gioved\u00ec 9 novembre<\/strong>, sempre alle ore 18 in Sala Vanni, con Giancarlo Schiaffini e Neri Pollastri e la conversazione sar\u00e0 incentrata sul libro di Giancarlo Schiaffini <strong><em>\u201cUna generazione fortunata\u201d. <\/em><\/strong><\/p>\n<p>Il <strong>24 e 25 novembre<\/strong> tornsa l&#8217;appuntamento a Vicchio con <strong><em>Jazz Prime<\/em><\/strong> la due giorni che Musicus Concentus, insieme al <strong>Jazz Club of Vicchio,<\/strong> dedica ai nuovi talenti del jazz italiano. Una serie di concerti che vedranno alternarsi sul palco del <strong>Teatro Giotto<\/strong> la nuova scena creativa toscana.<\/p>\n<p><strong>My Generation<\/strong>, la rassegna nata dalla collaborazione con l&#8217;<strong>Associazione The Cage di Livorno<\/strong>, torna questo autunno al celebre \u201cteatrino\u201d con sei nuovi appuntamenti. Realizzata con l&#8217;obiettivo di supportare la nuova musica dal vivo e avvicinare un pubblico di giovani e giovanissimi, ogni concerto proporr\u00e0<strong> artisti emergenti e under 35.<\/strong><\/p>\n<p>Quest&#8217;anno si rinnova anche la collaborazione con l&#8217;<strong>Opera di Santa Maria del Fiore,<\/strong> la<strong> \u201cSala del Paradiso\u201d<\/strong> del Museo fiorentino sar\u00e0 la location prestigiosa per <strong>tre imperdibili appuntamenti.<\/strong><\/p>\n<p><em>&#8220;Il ricco calendario di eventi musicali proposto dal Musicus Concentus \u00e8 una solida tradizione che, anche quest&#8217;anno, arricchir\u00e0 il panorama culturale fiorentino e toscano. Il Musicus Concentus fa ormai parte della storia musicale di questa regione ed \u00e8 con orgoglio che saluto l&#8217;avvio della nuova stagione. Una stagione come sempre piena di novit\u00e0 che testimoniano la capacit\u00e0 di questa associazione di fare una programmazione di qualit\u00e0 che riesce a collegare musica classica e popolare con musica di avanguardia, jazz e elettronica portando i nomi pi\u00f9 prestigiosi ed attuali del panorama europeo e della scena jazzistica comemporanea. Lo scorso anno abbiamo festeggiato il lavoro fatto dal Musicus in cinquant&#8217;anni e ribadisco quello che in quell&#8217;occasione ho avuto modo di affermare, ovvero la volont\u00e0 di stare al fianco di questa bella realt\u00e0 anche per i prossimi cinquanta&#8221;<\/em> &#8211; ha dichiarato il <strong>Presidente della Regione Toscana Eugenio Giani.<\/strong><\/p>\n<figure id=\"post-306294 media-306294\" class=\"align-none\"><img decoding=\"async\" src=\"https:\/\/www.intoscana.it\/wp-content\/uploads\/I-poeti-del-piano-solo-02-Nik-Baertsch-by-christian-senti-2021.jpg\" alt=\"\" \/><\/figure>\n<div class=\"titleimg\"><em>Nik B\u00e4rtsch<\/em><\/div>\n<h3>I Poeti del Piano Solo<\/h3>\n<p>Torna per il quarto anno consecutivo <a href=\"https:\/\/www.intoscana.it\/it\/articolo\/i-poeti-del-piano-solo-tre-concerti-a-firenze-per-innamorarsi-della-musica\/\" target=\"_blank\" rel=\"noopener\"><strong>\u201cI Poeti del Piano Solo\u201d<\/strong><\/a>, il festival totalmente dedicato al <strong>recital di piano<\/strong> organizzato in collaborazione con l&#8217;associazione <strong>Something Like This<\/strong> e con la direzione artistica del pianista <strong>Stefano Maurizi e di Fernando Fanutti<\/strong>, Presidente del Musicus Concentus.<\/p>\n<p>Nella spettacolare<strong> Sala del Paradiso del Museo dell&#8217;Opera del Duomo<\/strong> sar\u00e0 protagonista<strong> gioved\u00ec 28 settembre<\/strong> il franco-israeliano <strong>Yaron Herman,<\/strong> pianista e compositore di livello mondiale.<\/p>\n<p>La Sala Vanni ospita i due successivi appuntamenti della rassegna. <strong>Venerd\u00ec 29 settembre<\/strong> sar\u00e0 la volta di <strong>Nik B\u00e4rtsch<\/strong>: la sua musica, che definisce come \u201cRitual Groove Music\u201d, mostra una forte affinit\u00e0 con le architetture spaziali organizzate e con i principi di ripetizione e riduzione, oltre che con le ritmiche complesse.<\/p>\n<p>Chiude il programma, il <strong>30 settembre in Sala Vanni,<\/strong> il pianista e compositore azerbaigiano<strong> Isfar Sarabski.<\/strong> Nipote di Huseyngulu Sarabski (artista amato e rispettato in tutto il mondo arabo come pioniere musicale) Isfar ha studiato al Berklee College of Music di Boston, esibendosi poi all&#8217;Apollo di New York.<\/p>\n<figure id=\"post-306292 media-306292\" class=\"align-none\"><img decoding=\"async\" src=\"https:\/\/www.intoscana.it\/wp-content\/uploads\/AJS-DaveDouglas_GiftsTrio3_c_Anna-Yatskevich.jpeg\" alt=\"\" \/><\/figure>\n<div class=\"titleimg\"><em>Dave Douglas Gifts Trio<\/em><\/div>\n<h3>A Jazz Supreme<\/h3>\n<p>Torna a Firenze per la settima edizione<strong><em> \u201cA Jazz Supreme\u201d,<\/em> <\/strong>la rassegna con la direzione artistica del pianista <strong>Simone Graziano e di Fernando Fanutti <\/strong>che porter\u00e0 in citt\u00e0 sei concerti con i protagonisti della migliore scena jazzistica contemporanea.<\/p>\n<p>L\u2019apertura <strong>venerd\u00ec 13 ottobre<\/strong> spetta vedr\u00e0 la prima assoluta di Inish, il nuovo album della violoncellista <strong>Naomi Berrill,<\/strong> proposto nell\u2019inedita dimensione in trio. Naomi Berrill \u00e8 una<strong> violoncellista, polistrumentista, compositrice, autrice e cantante<\/strong> irlandese che da anni vive e lavora a Firenze. Le sue performances e collaborazioni spaziano tra diversi generi e discipline artistiche, come la video arte, la letteratura e la danza, oltre all\u2019ambito musicale classico e jazz.<\/p>\n<p>Il 20 ottobre andr\u00e0 in scena <em><strong>Nerovivo<\/strong><\/em>\u00a0frutto della creativit\u00e0 di <strong>Evita Polidoro<\/strong>, tra i pi\u00f9 quotati batteristi italiani della scena jazz rock\/pop nazionale ed europea. Attualmente suona nel quintetto <strong>\u201cFearless Five\u201d di Enrico Rava<\/strong>, nel quartetto europeo di<strong> Dee Dee Bridgewater<\/strong> e nel tour di <strong>Francesca Michielin<\/strong>.<\/p>\n<p>Il <strong>27 ottobre<\/strong> arriva in Sala Vanni il <strong>Gifts Trio di Dave Douglas,<\/strong> leggendario trombettista statunitense. In questo ensemble \u00e8 al fianco del chitarrista <strong>Rafq Bhatia<\/strong> e del batterista <strong>Ian Chang<\/strong>, con un&#8217;opera che si ispira alla vita e alla musica di Charles Lloyd.<\/p>\n<p>Jazz moderno, musica cameristica e musica elettronica si fondono in <strong>Fant\u00e0sia,<\/strong> progetto del quintetto del contrabbassista romano <strong>Jacopo Ferrazza \u00a0<\/strong>in concerto il <strong>10 novembre.<\/strong><\/p>\n<p>Tre fra i musicisti jazz pi\u00f9 all\u2019avanguardia d\u2019Europa, <strong>Reinier Baas<\/strong> (Hans Bennink, Metropole Orchestra)<strong>, Kit Downes<\/strong> (Squarepusher, Bill Frisell) e <strong>Jonas Burgwinkel<\/strong> (Pablo Held, John Scofield) uniscono le forze nel progetto <strong><em>Deadeye<\/em><\/strong>, a Firenze il <strong>17 novembre.<\/strong><\/p>\n<p>Il <strong>30 novembre in Sala Vanni<\/strong> si recupera il concerto elettronico di <strong>Dylan Henner.<\/strong> Artista schivo il londinese Henner non nasconde la sua fascinazione per il <strong>minimalismo americano di Glass e Riley,<\/strong> per citare due nomi. I suoi paesaggi sonori \u201cumani-non umani\u201d, costruiti su pochi elementi, sono popolati da voci sintetiche che si trasformano in sinfonie \u2018tascabili\u2019 e atmosfere che vanno dal sereno e cerebrale all\u2019alienato.<\/p>\n<p>Chiude la rassegna <strong><em>Echoes<\/em><\/strong>, sax solo di <strong>Dario Cecchini<\/strong> che esplorer\u00e0 le potenzialit\u00e0 acustiche della Sala del Paradiso al Museo dell\u2019Opera del Duomo di Firenze il <strong>14 dicembre.<br \/>\n<\/strong><\/p>\n<figure id=\"post-306297 media-306297\" class=\"align-none\"><img decoding=\"async\" src=\"https:\/\/www.intoscana.it\/wp-content\/uploads\/Sala-Vanni-1.jpg\" alt=\"\" \/><\/figure>\n<div class=\"titleimg\">Sala Vanni<\/div>\n<h3>\u201cBack to Bach \u2013 Special Edition\u201d Paolo Fresu, Daniele Di Bonaventura, Uri Caine e I Virtuosi Italiani<\/h3>\n<p>Dopo \u201cAltissima Luce\u201d, l\u2019<strong>Opera di Santa Maria del Fiore e il Musicus Concentus <\/strong>regalano alla citt\u00e0 di Firenze un altro straordinario evento in Duomo: <strong><em>\u201cBack to Bach \u2013 Special Edition\u201d,<\/em><\/strong> con<strong> Paolo Fresu, Daniele Di Bonaventura, Uri Caine e I Virtuosi Italiani<\/strong> il <strong>26 ottobre<\/strong> con ingresso gratuito con prenotazione.<\/p>\n<p>Un progetto inedito che<strong> parte da Bach e arriva al contemporaneo,<\/strong> nel quale una reciproca relazione di sensi riveler\u00e0 la <strong>compenetrazione tra musica barocca e improvvisazione jazz. <\/strong><\/p>\n<div class=\"titleimg\">\n<figure id=\"post-154549 media-154549\" class=\"align-none\"><img decoding=\"async\" src=\"https:\/\/www.intoscana.it\/wp-content\/uploads\/Paolo-Fresu-2015-HD-ph-\u00a9-Roberto-Cifarelli.jpg\" alt=\"\" \/><\/figure>\n<div class=\"titleimg\"><em>Paolo Fresu &#8211; \u00a9 Roberto Cifarelli<\/em><\/div>\n<\/div>\n<p>&nbsp;<\/p>\n","protected":false},"excerpt":{"rendered":"<p>In arrivo le nuove edizioni de I Poeti del Piano Solo e di A Jazz Supreme, la nuova rassegna tra parole e musica Note e l&#8217;evento speciale alla Cattedrale del Duomo di Firenze<\/p>\n","protected":false},"author":518,"featured_media":98278,"comment_status":"open","ping_status":"open","sticky":false,"template":"","format":"standard","meta":{"_acf_changed":false,"footnotes":""},"categories":[14],"tags":[216,202,4495,258],"class_list":["post-306289","post","type-post","status-publish","format-standard","has-post-thumbnail","hentry","category-musica","tag-concerti","tag-firenze","tag-jazz","tag-musicus-concentus"],"acf":[],"yoast_head":"<!-- This site is optimized with the Yoast SEO Premium plugin v24.2 (Yoast SEO v25.6) - https:\/\/yoast.com\/wordpress\/plugins\/seo\/ -->\n<title>L&#039;autunno &quot;caldo&quot; del Musicus Concentus con i poeti del piano, jazzisti internazionali e giovani talenti under35 - intoscana<\/title>\n<meta name=\"description\" content=\"In arrivo le nuove edizioni de I Poeti del Piano Solo e di A Jazz Supreme. E poi il ritorno di Jazz Prime e My Generation\" \/>\n<meta name=\"robots\" content=\"index, follow, max-snippet:-1, max-image-preview:large, max-video-preview:-1\" \/>\n<link rel=\"canonical\" href=\"https:\/\/www.intoscana.it\/it\/lautunno-caldo-del-musicus-concentus-con-i-poeti-del-piano-jazzisti-internazionali-e-giovani-talenti-under35\/\" \/>\n<meta property=\"og:locale\" content=\"it_IT\" \/>\n<meta property=\"og:type\" content=\"article\" \/>\n<meta property=\"og:title\" content=\"L&#039;autunno &quot;caldo&quot; del Musicus Concentus con i poeti del piano, jazzisti internazionali e giovani talenti under35\" \/>\n<meta property=\"og:description\" content=\"In arrivo le nuove edizioni de I Poeti del Piano Solo e di A Jazz Supreme. E poi il ritorno di Jazz Prime e My Generation\" \/>\n<meta property=\"og:url\" content=\"https:\/\/www.intoscana.it\/it\/lautunno-caldo-del-musicus-concentus-con-i-poeti-del-piano-jazzisti-internazionali-e-giovani-talenti-under35\/\" \/>\n<meta property=\"og:site_name\" content=\"intoscana\" \/>\n<meta property=\"article:publisher\" content=\"https:\/\/www.facebook.com\/intoscana.it\" \/>\n<meta property=\"article:published_time\" content=\"2023-09-22T13:41:12+00:00\" \/>\n<meta property=\"article:modified_time\" content=\"2023-09-22T13:44:21+00:00\" \/>\n<meta property=\"og:image\" content=\"https:\/\/www.intoscana.it\/wp-content\/uploads\/naomi-berrill-2.jpg\" \/>\n\t<meta property=\"og:image:width\" content=\"1772\" \/>\n\t<meta property=\"og:image:height\" content=\"1181\" \/>\n\t<meta property=\"og:image:type\" content=\"image\/jpeg\" \/>\n<meta name=\"author\" content=\"Costanza Baldini\" \/>\n<meta name=\"twitter:card\" content=\"summary_large_image\" \/>\n<meta name=\"twitter:creator\" content=\"@intoscana\" \/>\n<meta name=\"twitter:site\" content=\"@intoscana\" \/>\n<meta name=\"twitter:label1\" content=\"Written by\" \/>\n\t<meta name=\"twitter:data1\" content=\"Costanza Baldini\" \/>\n\t<meta name=\"twitter:label2\" content=\"Est. reading time\" \/>\n\t<meta name=\"twitter:data2\" content=\"5 minuti\" \/>\n<script type=\"application\/ld+json\" class=\"yoast-schema-graph\">{\"@context\":\"https:\/\/schema.org\",\"@graph\":[{\"@type\":\"WebPage\",\"@id\":\"https:\/\/www.intoscana.it\/it\/lautunno-caldo-del-musicus-concentus-con-i-poeti-del-piano-jazzisti-internazionali-e-giovani-talenti-under35\/\",\"url\":\"https:\/\/www.intoscana.it\/it\/lautunno-caldo-del-musicus-concentus-con-i-poeti-del-piano-jazzisti-internazionali-e-giovani-talenti-under35\/\",\"name\":\"L'autunno \\\"caldo\\\" del Musicus Concentus con i poeti del piano, jazzisti internazionali e giovani talenti under35 - intoscana\",\"isPartOf\":{\"@id\":\"https:\/\/www.intoscana.it\/it\/#website\"},\"primaryImageOfPage\":{\"@id\":\"https:\/\/www.intoscana.it\/it\/lautunno-caldo-del-musicus-concentus-con-i-poeti-del-piano-jazzisti-internazionali-e-giovani-talenti-under35\/#primaryimage\"},\"image\":{\"@id\":\"https:\/\/www.intoscana.it\/it\/lautunno-caldo-del-musicus-concentus-con-i-poeti-del-piano-jazzisti-internazionali-e-giovani-talenti-under35\/#primaryimage\"},\"thumbnailUrl\":\"https:\/\/www.intoscana.it\/wp-content\/uploads\/naomi-berrill-2.jpg\",\"datePublished\":\"2023-09-22T13:41:12+00:00\",\"dateModified\":\"2023-09-22T13:44:21+00:00\",\"author\":{\"@id\":\"https:\/\/www.intoscana.it\/it\/#\/schema\/person\/d469f35f09739bdf00bf5dd3f0647a82\"},\"description\":\"In arrivo le nuove edizioni de I Poeti del Piano Solo e di A Jazz Supreme. E poi il ritorno di Jazz Prime e My Generation\",\"breadcrumb\":{\"@id\":\"https:\/\/www.intoscana.it\/it\/lautunno-caldo-del-musicus-concentus-con-i-poeti-del-piano-jazzisti-internazionali-e-giovani-talenti-under35\/#breadcrumb\"},\"inLanguage\":\"it-IT\",\"potentialAction\":[{\"@type\":\"ReadAction\",\"target\":[\"https:\/\/www.intoscana.it\/it\/lautunno-caldo-del-musicus-concentus-con-i-poeti-del-piano-jazzisti-internazionali-e-giovani-talenti-under35\/\"]}]},{\"@type\":\"ImageObject\",\"inLanguage\":\"it-IT\",\"@id\":\"https:\/\/www.intoscana.it\/it\/lautunno-caldo-del-musicus-concentus-con-i-poeti-del-piano-jazzisti-internazionali-e-giovani-talenti-under35\/#primaryimage\",\"url\":\"https:\/\/www.intoscana.it\/wp-content\/uploads\/naomi-berrill-2.jpg\",\"contentUrl\":\"https:\/\/www.intoscana.it\/wp-content\/uploads\/naomi-berrill-2.jpg\",\"width\":1772,\"height\":1181,\"caption\":\"Naomi Berrill\"},{\"@type\":\"BreadcrumbList\",\"@id\":\"https:\/\/www.intoscana.it\/it\/lautunno-caldo-del-musicus-concentus-con-i-poeti-del-piano-jazzisti-internazionali-e-giovani-talenti-under35\/#breadcrumb\",\"itemListElement\":[{\"@type\":\"ListItem\",\"position\":1,\"name\":\"Home\",\"item\":\"https:\/\/www.intoscana.it\/it\/\"},{\"@type\":\"ListItem\",\"position\":2,\"name\":\"L&#8217;autunno &#8220;caldo&#8221; del Musicus Concentus con i poeti del piano, jazzisti internazionali e giovani talenti under35\"}]},{\"@type\":\"WebSite\",\"@id\":\"https:\/\/www.intoscana.it\/it\/#website\",\"url\":\"https:\/\/www.intoscana.it\/it\/\",\"name\":\"intoscana\",\"description\":\"\",\"potentialAction\":[{\"@type\":\"SearchAction\",\"target\":{\"@type\":\"EntryPoint\",\"urlTemplate\":\"https:\/\/www.intoscana.it\/it\/?s={search_term_string}\"},\"query-input\":{\"@type\":\"PropertyValueSpecification\",\"valueRequired\":true,\"valueName\":\"search_term_string\"}}],\"inLanguage\":\"it-IT\"},{\"@type\":\"Person\",\"@id\":\"https:\/\/www.intoscana.it\/it\/#\/schema\/person\/d469f35f09739bdf00bf5dd3f0647a82\",\"name\":\"Costanza Baldini\",\"url\":\"https:\/\/www.intoscana.it\/it\/author\/costanza-baldini\/\"}]}<\/script>\n<!-- \/ Yoast SEO Premium plugin. -->","yoast_head_json":{"title":"L'autunno \"caldo\" del Musicus Concentus con i poeti del piano, jazzisti internazionali e giovani talenti under35 - intoscana","description":"In arrivo le nuove edizioni de I Poeti del Piano Solo e di A Jazz Supreme. E poi il ritorno di Jazz Prime e My Generation","robots":{"index":"index","follow":"follow","max-snippet":"max-snippet:-1","max-image-preview":"max-image-preview:large","max-video-preview":"max-video-preview:-1"},"canonical":"https:\/\/www.intoscana.it\/it\/lautunno-caldo-del-musicus-concentus-con-i-poeti-del-piano-jazzisti-internazionali-e-giovani-talenti-under35\/","og_locale":"it_IT","og_type":"article","og_title":"L'autunno \"caldo\" del Musicus Concentus con i poeti del piano, jazzisti internazionali e giovani talenti under35","og_description":"In arrivo le nuove edizioni de I Poeti del Piano Solo e di A Jazz Supreme. E poi il ritorno di Jazz Prime e My Generation","og_url":"https:\/\/www.intoscana.it\/it\/lautunno-caldo-del-musicus-concentus-con-i-poeti-del-piano-jazzisti-internazionali-e-giovani-talenti-under35\/","og_site_name":"intoscana","article_publisher":"https:\/\/www.facebook.com\/intoscana.it","article_published_time":"2023-09-22T13:41:12+00:00","article_modified_time":"2023-09-22T13:44:21+00:00","og_image":[{"width":1772,"height":1181,"url":"https:\/\/www.intoscana.it\/wp-content\/uploads\/naomi-berrill-2.jpg","type":"image\/jpeg"}],"author":"Costanza Baldini","twitter_card":"summary_large_image","twitter_creator":"@intoscana","twitter_site":"@intoscana","twitter_misc":{"Written by":"Costanza Baldini","Est. reading time":"5 minuti"},"schema":{"@context":"https:\/\/schema.org","@graph":[{"@type":"WebPage","@id":"https:\/\/www.intoscana.it\/it\/lautunno-caldo-del-musicus-concentus-con-i-poeti-del-piano-jazzisti-internazionali-e-giovani-talenti-under35\/","url":"https:\/\/www.intoscana.it\/it\/lautunno-caldo-del-musicus-concentus-con-i-poeti-del-piano-jazzisti-internazionali-e-giovani-talenti-under35\/","name":"L'autunno \"caldo\" del Musicus Concentus con i poeti del piano, jazzisti internazionali e giovani talenti under35 - intoscana","isPartOf":{"@id":"https:\/\/www.intoscana.it\/it\/#website"},"primaryImageOfPage":{"@id":"https:\/\/www.intoscana.it\/it\/lautunno-caldo-del-musicus-concentus-con-i-poeti-del-piano-jazzisti-internazionali-e-giovani-talenti-under35\/#primaryimage"},"image":{"@id":"https:\/\/www.intoscana.it\/it\/lautunno-caldo-del-musicus-concentus-con-i-poeti-del-piano-jazzisti-internazionali-e-giovani-talenti-under35\/#primaryimage"},"thumbnailUrl":"https:\/\/www.intoscana.it\/wp-content\/uploads\/naomi-berrill-2.jpg","datePublished":"2023-09-22T13:41:12+00:00","dateModified":"2023-09-22T13:44:21+00:00","author":{"@id":"https:\/\/www.intoscana.it\/it\/#\/schema\/person\/d469f35f09739bdf00bf5dd3f0647a82"},"description":"In arrivo le nuove edizioni de I Poeti del Piano Solo e di A Jazz Supreme. E poi il ritorno di Jazz Prime e My Generation","breadcrumb":{"@id":"https:\/\/www.intoscana.it\/it\/lautunno-caldo-del-musicus-concentus-con-i-poeti-del-piano-jazzisti-internazionali-e-giovani-talenti-under35\/#breadcrumb"},"inLanguage":"it-IT","potentialAction":[{"@type":"ReadAction","target":["https:\/\/www.intoscana.it\/it\/lautunno-caldo-del-musicus-concentus-con-i-poeti-del-piano-jazzisti-internazionali-e-giovani-talenti-under35\/"]}]},{"@type":"ImageObject","inLanguage":"it-IT","@id":"https:\/\/www.intoscana.it\/it\/lautunno-caldo-del-musicus-concentus-con-i-poeti-del-piano-jazzisti-internazionali-e-giovani-talenti-under35\/#primaryimage","url":"https:\/\/www.intoscana.it\/wp-content\/uploads\/naomi-berrill-2.jpg","contentUrl":"https:\/\/www.intoscana.it\/wp-content\/uploads\/naomi-berrill-2.jpg","width":1772,"height":1181,"caption":"Naomi Berrill"},{"@type":"BreadcrumbList","@id":"https:\/\/www.intoscana.it\/it\/lautunno-caldo-del-musicus-concentus-con-i-poeti-del-piano-jazzisti-internazionali-e-giovani-talenti-under35\/#breadcrumb","itemListElement":[{"@type":"ListItem","position":1,"name":"Home","item":"https:\/\/www.intoscana.it\/it\/"},{"@type":"ListItem","position":2,"name":"L&#8217;autunno &#8220;caldo&#8221; del Musicus Concentus con i poeti del piano, jazzisti internazionali e giovani talenti under35"}]},{"@type":"WebSite","@id":"https:\/\/www.intoscana.it\/it\/#website","url":"https:\/\/www.intoscana.it\/it\/","name":"intoscana","description":"","potentialAction":[{"@type":"SearchAction","target":{"@type":"EntryPoint","urlTemplate":"https:\/\/www.intoscana.it\/it\/?s={search_term_string}"},"query-input":{"@type":"PropertyValueSpecification","valueRequired":true,"valueName":"search_term_string"}}],"inLanguage":"it-IT"},{"@type":"Person","@id":"https:\/\/www.intoscana.it\/it\/#\/schema\/person\/d469f35f09739bdf00bf5dd3f0647a82","name":"Costanza Baldini","url":"https:\/\/www.intoscana.it\/it\/author\/costanza-baldini\/"}]}},"_links":{"self":[{"href":"https:\/\/www.intoscana.it\/it\/wp-json\/wp\/v2\/posts\/306289","targetHints":{"allow":["GET"]}}],"collection":[{"href":"https:\/\/www.intoscana.it\/it\/wp-json\/wp\/v2\/posts"}],"about":[{"href":"https:\/\/www.intoscana.it\/it\/wp-json\/wp\/v2\/types\/post"}],"author":[{"embeddable":true,"href":"https:\/\/www.intoscana.it\/it\/wp-json\/wp\/v2\/users\/518"}],"replies":[{"embeddable":true,"href":"https:\/\/www.intoscana.it\/it\/wp-json\/wp\/v2\/comments?post=306289"}],"version-history":[{"count":0,"href":"https:\/\/www.intoscana.it\/it\/wp-json\/wp\/v2\/posts\/306289\/revisions"}],"wp:featuredmedia":[{"embeddable":true,"href":"https:\/\/www.intoscana.it\/it\/wp-json\/wp\/v2\/media\/98278"}],"wp:attachment":[{"href":"https:\/\/www.intoscana.it\/it\/wp-json\/wp\/v2\/media?parent=306289"}],"wp:term":[{"taxonomy":"category","embeddable":true,"href":"https:\/\/www.intoscana.it\/it\/wp-json\/wp\/v2\/categories?post=306289"},{"taxonomy":"post_tag","embeddable":true,"href":"https:\/\/www.intoscana.it\/it\/wp-json\/wp\/v2\/tags?post=306289"}],"curies":[{"name":"wp","href":"https:\/\/api.w.org\/{rel}","templated":true}]}}