{"id":306462,"date":"2023-09-25T16:04:05","date_gmt":"2023-09-25T14:04:05","guid":{"rendered":"https:\/\/www.intoscana.it\/it\/?p=306462"},"modified":"2023-09-25T16:04:05","modified_gmt":"2023-09-25T14:04:05","slug":"turismo-la-toscana-punta-sulle-mete-socialgreen","status":"publish","type":"post","link":"https:\/\/www.intoscana.it\/it\/turismo-la-toscana-punta-sulle-mete-socialgreen\/","title":{"rendered":"Turismo, la Toscana punta sulle mete social&#038;green"},"content":{"rendered":"<p>Toscana sempre pi\u00f9 nel segno della sostenibilit\u00e0: dalle <strong>cantine green<\/strong> al progetto di marketing territoriale della <strong>Valdichiana senese<\/strong>. Sono due degli esempi contenuti nel nuovo &#8220;<em>Rapporto Turismo Enogastronomico e Sostenibilit\u00e0<\/em>&#8221; di <strong>Roberta Garibaldi<\/strong>. Un documento che disegna scenari inediti per il turista alla ricerca di <strong>esperienze green&amp;social<\/strong>.<\/p>\n<p>Partendo dal presupposto che <mark>Firenze \u00e8 tra le sei province d&#8217;Italia dove si concentra il 47% dei flussi turisti stranieri<\/mark>, con una percentuale del 5% e la Toscana tra le quattro regioni con l&#8217;11%, lo studio condotto dalla docente universitaria fotografa le <strong>nuove tendenze in Toscana<\/strong>. Un modo per trasformare il turismo da risorsa economica a fattore di sviluppo armonico in chiave sociale e ambientale.<\/p>\n<p>&#8220;<em>Il Rapporto evidenzia da una parte il cambiamento della domanda, con un consumatore sempre pi\u00f9 orientato verso una condotta sostenibile che porta a scelte precise di destinazione, attivit\u00e0 svolte e conseguenze socio-ambientali<\/em>&#8221; sottolinea <a href=\"https:\/\/www.robertagaribaldi.it\/\">Roberta Garibaldi<\/a>. &#8220;<em>E, dall\u2019altra, la necessit\u00e0 di un cambio di passo a livello di visione strategica dell\u2019offerta. Si avverte il bisogno di azioni politiche in grado di gestire i flussi in modo pi\u00f9 sostenibile, rilanciare in ottica green e social le economie del cibo dalla produzione al consumo, &#8230; In sostanza, passare all\u2019azione<\/em>&#8221; aggiunge ancora. Da qui la necessit\u00e0 di <strong>una cabina di regia<\/strong> per operare al meglio.<\/p>\n<figure id=\"post-306595 media-306595\" class=\"align-none\"><img decoding=\"async\" src=\"https:\/\/www.intoscana.it\/wp-content\/uploads\/Roberta-Garibaldi-\u00a9-FB-Roberta-Garibaldi-e1695650431463.jpeg\" alt=\"\" \/><\/figure>\n<div class=\"titleimg\">Roberta Garibaldi \u2013 \u00a9 FB Roberta Garibaldi<\/div>\n<h3>Cambia lo scenario turistico<\/h3>\n<p>Se il 2022 \u00e8 stato l&#8217;anno del <strong>revenge tourism<\/strong>, nell&#8217;estate che si avvia a conclusione alla crescita della domanda di <strong>voli aerei<\/strong> e alla maggiore presenza di turisti internazionali, \u00e8 seguito un <strong>calo dei flussi interni<\/strong> per colpa dell\u2019aumento generalizzato dei costi.<\/p>\n<p>Insomma i <strong>turisti italiani<\/strong> preferiscono le <strong>vacanze all&#8217;estero<\/strong> per ragioni di risparmio ma il Belpaese non pu\u00f2 prescindere dai flussi interni che sono la base del mercato: <mark>gli italiani viaggiano tutto l&#8217;anno e visitano le aree interne<\/mark>. Un trend, quello del turismo domestico in calo, che ha assunto dimensione europee.<\/p>\n<h3>Aree rurali pi\u00f9 accessibili<\/h3>\n<p>Cresce l&#8217;interesse per le aree rurali soprattutto con il turismo enogastronomico e la presenza di attrattori di livello. Per raggiungere questo obiettivo dal rapporto emerge la necessit\u00e0 di &#8220;<em>un piano integrato di sviluppo, trasporti pi\u00f9 facili, prenotazioni digitali, promozione a livello internazionale. Passando per la creazione di hub enogastronomici, spazi polifunzionali di accesso al patrimonio locale e itinerari turistici alla scoperta dei borghi minori e della loro cultura culinaria<\/em>&#8220;.<\/p>\n<h3>Ricette salutari e attivit\u00e0 sportiva<\/h3>\n<p>In questo contesto \u00e8 fondamentale la valorizzazione del <strong>turismo enogastronomico<\/strong> non solo in termini di &#8220;<em>sviluppo turistico, reddito ulteriore per il sistema agricolo, ma anche per sostenere processi di tutela e valorizzazione<\/em>&#8220;. \u00c8 importante inoltre &#8220;<em>valorizzare artigiani e luoghi storici del gusto<\/em>&#8220;. Solo cos\u00ec l\u2019<strong>esperienza turistica enogastronomica<\/strong> pu\u00f2 diventare anche occasione per acquisire abitudini pi\u00f9 salutari: abbinando menu salutari ad attivit\u00e0 sportive leggere.<\/p>\n<h3>Lotta al cambiamento climatico<\/h3>\n<p><strong>Turismo ed agricoltura<\/strong> influiscono sulle variazioni del clima e ne subiscono le conseguenze. Il turismo enogastronomico pu\u00f2 fornire soluzioni combinando &#8220;<em>forme slow di scoperta ed esperienza del territorio con pratiche agricole sostenibili<\/em>&#8220;. Un aiuto pu\u00f2 arrivare dall&#8217;attenzione alla <strong>sostenibilit\u00e0 del viaggio<\/strong>. Il turista italiano mostra una minore attenzione verso il <strong>rispetto dell&#8217;ambiente<\/strong> e il contenimento degli sprechi e dei consumi in viaggio. Fondamentale quindi una corretta <strong>campagna informativa<\/strong>.<\/p>\n<h3>Un occhio attento alla sostenibilit\u00e0<\/h3>\n<p>&#8220;<em>La sostenibilit\u00e0 \u00e8 un driver di scelta dell\u2019esperienza enogastronomica, genera attenzione, stimola alla partecipazione&#8221;<\/em> sottolinea il rapporto. Anche <strong>comportamenti aziendali<\/strong> ed iniziative di <strong>etica sociale<\/strong> sono tenuti in considerazione. Nella scelta della meta <strong>la sostenibilit\u00e0 \u00e8 focal point<\/strong> ma sono ancora troppo poche le destinazioni (e le aziende) con certificazione di sostenibilit\u00e0 in ambito turistico. Da qui l&#8217;invito a passare all&#8217;azione.<\/p>\n<h3>Il modello della Valdichiana senese<\/h3>\n<p>Nel rapporto su turismo enogastronomico e sostenibilit\u00e0 viene portato ad esempio il progetto della Valdichiana senese. Se la <strong>Strada del Vino Nobile di Montepulciano e dei Sapori della Valdichiana Senese<\/strong> si occupa di valorizzare e promuovere la bellezza e la variet\u00e0 dei comuni della Valdichiana Senese: <mark>Cetona, Chianciano Terme, Chiusi, Montepulciano, San Casciano Bagni, Sarteano, Sinalunga, Torrita di Siena e Trequanda<\/mark>, invece <strong>Valdichiana Living<\/strong> propone esperienze e tour. Un valore aggiunto rappresenta il riconoscimento della certificazione Equalitas, promossa dal Consorzio del <strong>Vino Nobile di Montepulciano<\/strong> e ottenuta nel 2022.<\/p>\n<figure id=\"post-305697 media-305697\" class=\"align-none\"><img decoding=\"async\" src=\"https:\/\/www.intoscana.it\/wp-content\/uploads\/Vino-Nobile-di-Montepulciano.jpg\" alt=\"\" \/><\/figure>\n<div class=\"titleimg\">Calici di Vino Nobile di Montepulciano<\/div>\n<p>&#8220;<em>Il percorso intrapreso in questa direzione risulta essere fondamentale anche in un\u2019ottica enoturistica. L\u2019offerta proposta coinvolge piccole realt\u00e0 e aziende del territorio, con l\u2019obiettivo di preservare l\u2019identit\u00e0 locale e di tutelarne la tradizione enogastronomica. Si tratta di esperienze slow, a contatto con i produttori e con le comunit\u00e0 locali; le cantine si fanno hub di accoglienza e di incontro con il viaggiatore che pu\u00f2 scoprire i dettagli sulla lavorazione del prodotto, confrontandosi con chi ne cura il percorso dalla vigna al calice<\/em>&#8221; sottolinea <strong>Bruna Caira<\/strong> di Valdichiana Living.<\/p>\n<h3>Enoturismo, Toscana all&#8217;avanguardia<\/h3>\n<p><strong>Enoturismo e Toscana<\/strong> si confermano un binomio inossidabile: parola di <strong>Violante Gardini Cinelli Colombini<\/strong>. &#8220;<em>Nella regione che ha visto nascere gli agriturismi, che ha dato il via al Movimento Turismo del Vino e dove si \u00e8 avuta l\u2019intuizione di legare buon vino, e cibo, al vivere lento con Cantine Aperte, l\u2019enogastronomia \u00e8 un elemento di forte attrattivit\u00e0<\/em> &#8211; assicura la presidente del Movimento Turismo del Vino Toscana-. <em>I turisti scelgono questa regione per la presenza di citt\u00e0 d\u2019arte, musei, piccoli borghi romantici, ma anche, ormai in maniera imprescindibile, per l\u2019enogastronomia<\/em>&#8220;.<\/p>\n<figure id=\"post-75622 media-75622\" class=\"align-none\"><img decoding=\"async\" src=\"https:\/\/www.intoscana.it\/wp-content\/uploads\/violante_gardini_presidente_mtvtoscana.jpg\" alt=\"\" \/><\/figure>\n<div class=\"titleimg\">Violante Gardini Cinelli Colombini<\/div>\n<p>Qualche esempio tra i tanti per rendere pi\u00f9 <strong>accessibili e sostenibili<\/strong> le cantine del <strong>Movimento Turismo del Vino Toscana<\/strong>: dai progetti dedicati ai <strong>turisti in bicicletta<\/strong> al progetto <a href=\"https:\/\/www.intoscana.it\/it\/articolo\/un-passaggio-in-cantina-in-bus-alla-scoperta-delle-vigne-toscane\/\"><strong>\u00ab(p)Assaggio in Cantina\u00bb<\/strong>,<\/a> in collaborazione con Autolinee Toscane. Senza dimenticare<strong> l&#8217;offerta &#8220;emozionale&#8221;<\/strong> di cui la regione \u00e8 all\u2019avanguardia.<\/p>\n<p>&#8220;<em>Dalle cantine d\u2019autore, ai grandi cru, dal trekking nei vigneti, alle passeggiate a cavallo, questo e tanto altro alla base del successo<\/em> -conclude la presidente-. <em>Un successo anche social visto che il vino toscano \u00e8 il pi\u00f9 \u00abinstagrammato\u00bb d\u2019Italia. Come conferma l\u2019indagine comparativa promossa dalla World Travel Food Association che dimostra come i vini e i prodotti tipici della Toscana hanno una marcia in pi\u00f9 sui social network<\/em>&#8220;.<\/p>\n","protected":false},"excerpt":{"rendered":"<p>Presentato il &#8220;Rapporto Turismo Enogastronomico e Sostenibilit\u00e0&#8221; di Roberta Garibaldi: il modello della Valdichiana Senese e le cantine &#8220;virtuose&#8221;<\/p>\n","protected":false},"author":554,"featured_media":185845,"comment_status":"open","ping_status":"open","sticky":false,"template":"","format":"standard","meta":{"_acf_changed":false,"footnotes":""},"categories":[6],"tags":[4526,371],"class_list":["post-306462","post","type-post","status-publish","format-standard","has-post-thumbnail","hentry","category-viaggi","tag-enoturismo","tag-sostenibilita"],"acf":[],"yoast_head":"<!-- This site is optimized with the Yoast SEO Premium plugin v24.2 (Yoast SEO v25.6) - https:\/\/yoast.com\/wordpress\/plugins\/seo\/ -->\n<title>Turismo, la Toscana punta sulle mete social&amp;green - intoscana<\/title>\n<meta name=\"description\" content=\"Presentato il Rapporto Turismo Enogastronomico e Sostenibilit\u00e0 di Roberta Garibaldi: il modello Valdichiana Senese e le cantine &quot;virtuose&quot;\" \/>\n<meta name=\"robots\" content=\"index, follow, max-snippet:-1, max-image-preview:large, max-video-preview:-1\" \/>\n<link rel=\"canonical\" href=\"https:\/\/www.intoscana.it\/it\/turismo-la-toscana-punta-sulle-mete-socialgreen\/\" \/>\n<meta property=\"og:locale\" content=\"it_IT\" \/>\n<meta property=\"og:type\" content=\"article\" \/>\n<meta property=\"og:title\" content=\"Turismo, la Toscana punta sulle mete social&amp;green\" \/>\n<meta property=\"og:description\" content=\"Presentato il Rapporto Turismo Enogastronomico e Sostenibilit\u00e0 di Roberta Garibaldi: il modello Valdichiana Senese e le cantine &quot;virtuose&quot;\" \/>\n<meta property=\"og:url\" content=\"https:\/\/www.intoscana.it\/it\/turismo-la-toscana-punta-sulle-mete-socialgreen\/\" \/>\n<meta property=\"og:site_name\" content=\"intoscana\" \/>\n<meta property=\"article:publisher\" content=\"https:\/\/www.facebook.com\/intoscana.it\" \/>\n<meta property=\"article:published_time\" content=\"2023-09-25T14:04:05+00:00\" \/>\n<meta property=\"og:image\" content=\"https:\/\/www.intoscana.it\/wp-content\/uploads\/morellino-gravel-in-bici-sulle-strade-bianche-maremma.jpeg\" \/>\n\t<meta property=\"og:image:width\" content=\"1920\" \/>\n\t<meta property=\"og:image:height\" content=\"780\" \/>\n\t<meta property=\"og:image:type\" content=\"image\/jpeg\" \/>\n<meta name=\"author\" content=\"Raffaella Galamini\" \/>\n<meta name=\"twitter:card\" content=\"summary_large_image\" \/>\n<meta name=\"twitter:creator\" content=\"@orio\" \/>\n<meta name=\"twitter:site\" content=\"@intoscana\" \/>\n<meta name=\"twitter:label1\" content=\"Written by\" \/>\n\t<meta name=\"twitter:data1\" content=\"Raffaella Galamini\" \/>\n\t<meta name=\"twitter:label2\" content=\"Est. reading time\" \/>\n\t<meta name=\"twitter:data2\" content=\"5 minuti\" \/>\n<script type=\"application\/ld+json\" class=\"yoast-schema-graph\">{\"@context\":\"https:\/\/schema.org\",\"@graph\":[{\"@type\":\"WebPage\",\"@id\":\"https:\/\/www.intoscana.it\/it\/turismo-la-toscana-punta-sulle-mete-socialgreen\/\",\"url\":\"https:\/\/www.intoscana.it\/it\/turismo-la-toscana-punta-sulle-mete-socialgreen\/\",\"name\":\"Turismo, la Toscana punta sulle mete social&green - intoscana\",\"isPartOf\":{\"@id\":\"https:\/\/www.intoscana.it\/it\/#website\"},\"primaryImageOfPage\":{\"@id\":\"https:\/\/www.intoscana.it\/it\/turismo-la-toscana-punta-sulle-mete-socialgreen\/#primaryimage\"},\"image\":{\"@id\":\"https:\/\/www.intoscana.it\/it\/turismo-la-toscana-punta-sulle-mete-socialgreen\/#primaryimage\"},\"thumbnailUrl\":\"https:\/\/www.intoscana.it\/wp-content\/uploads\/morellino-gravel-in-bici-sulle-strade-bianche-maremma.jpeg\",\"datePublished\":\"2023-09-25T14:04:05+00:00\",\"author\":{\"@id\":\"https:\/\/www.intoscana.it\/it\/#\/schema\/person\/9eb9daa846a49fe51af39a73d9d1986b\"},\"description\":\"Presentato il Rapporto Turismo Enogastronomico e Sostenibilit\u00e0 di Roberta Garibaldi: il modello Valdichiana Senese e le cantine \\\"virtuose\\\"\",\"breadcrumb\":{\"@id\":\"https:\/\/www.intoscana.it\/it\/turismo-la-toscana-punta-sulle-mete-socialgreen\/#breadcrumb\"},\"inLanguage\":\"it-IT\",\"potentialAction\":[{\"@type\":\"ReadAction\",\"target\":[\"https:\/\/www.intoscana.it\/it\/turismo-la-toscana-punta-sulle-mete-socialgreen\/\"]}]},{\"@type\":\"ImageObject\",\"inLanguage\":\"it-IT\",\"@id\":\"https:\/\/www.intoscana.it\/it\/turismo-la-toscana-punta-sulle-mete-socialgreen\/#primaryimage\",\"url\":\"https:\/\/www.intoscana.it\/wp-content\/uploads\/morellino-gravel-in-bici-sulle-strade-bianche-maremma.jpeg\",\"contentUrl\":\"https:\/\/www.intoscana.it\/wp-content\/uploads\/morellino-gravel-in-bici-sulle-strade-bianche-maremma.jpeg\",\"width\":1920,\"height\":780,\"caption\":\"In bici sulle strade bianche della Maremma con Morellino Gravel\"},{\"@type\":\"BreadcrumbList\",\"@id\":\"https:\/\/www.intoscana.it\/it\/turismo-la-toscana-punta-sulle-mete-socialgreen\/#breadcrumb\",\"itemListElement\":[{\"@type\":\"ListItem\",\"position\":1,\"name\":\"Home\",\"item\":\"https:\/\/www.intoscana.it\/it\/\"},{\"@type\":\"ListItem\",\"position\":2,\"name\":\"Turismo, la Toscana punta sulle mete social&#038;green\"}]},{\"@type\":\"WebSite\",\"@id\":\"https:\/\/www.intoscana.it\/it\/#website\",\"url\":\"https:\/\/www.intoscana.it\/it\/\",\"name\":\"intoscana\",\"description\":\"\",\"potentialAction\":[{\"@type\":\"SearchAction\",\"target\":{\"@type\":\"EntryPoint\",\"urlTemplate\":\"https:\/\/www.intoscana.it\/it\/?s={search_term_string}\"},\"query-input\":{\"@type\":\"PropertyValueSpecification\",\"valueRequired\":true,\"valueName\":\"search_term_string\"}}],\"inLanguage\":\"it-IT\"},{\"@type\":\"Person\",\"@id\":\"https:\/\/www.intoscana.it\/it\/#\/schema\/person\/9eb9daa846a49fe51af39a73d9d1986b\",\"name\":\"Raffaella Galamini\",\"sameAs\":[\"https:\/\/x.com\/orio\"],\"url\":\"https:\/\/www.intoscana.it\/it\/author\/r-galamini\/\"}]}<\/script>\n<!-- \/ Yoast SEO Premium plugin. -->","yoast_head_json":{"title":"Turismo, la Toscana punta sulle mete social&green - intoscana","description":"Presentato il Rapporto Turismo Enogastronomico e Sostenibilit\u00e0 di Roberta Garibaldi: il modello Valdichiana Senese e le cantine \"virtuose\"","robots":{"index":"index","follow":"follow","max-snippet":"max-snippet:-1","max-image-preview":"max-image-preview:large","max-video-preview":"max-video-preview:-1"},"canonical":"https:\/\/www.intoscana.it\/it\/turismo-la-toscana-punta-sulle-mete-socialgreen\/","og_locale":"it_IT","og_type":"article","og_title":"Turismo, la Toscana punta sulle mete social&green","og_description":"Presentato il Rapporto Turismo Enogastronomico e Sostenibilit\u00e0 di Roberta Garibaldi: il modello Valdichiana Senese e le cantine \"virtuose\"","og_url":"https:\/\/www.intoscana.it\/it\/turismo-la-toscana-punta-sulle-mete-socialgreen\/","og_site_name":"intoscana","article_publisher":"https:\/\/www.facebook.com\/intoscana.it","article_published_time":"2023-09-25T14:04:05+00:00","og_image":[{"width":1920,"height":780,"url":"https:\/\/www.intoscana.it\/wp-content\/uploads\/morellino-gravel-in-bici-sulle-strade-bianche-maremma.jpeg","type":"image\/jpeg"}],"author":"Raffaella Galamini","twitter_card":"summary_large_image","twitter_creator":"@orio","twitter_site":"@intoscana","twitter_misc":{"Written by":"Raffaella Galamini","Est. reading time":"5 minuti"},"schema":{"@context":"https:\/\/schema.org","@graph":[{"@type":"WebPage","@id":"https:\/\/www.intoscana.it\/it\/turismo-la-toscana-punta-sulle-mete-socialgreen\/","url":"https:\/\/www.intoscana.it\/it\/turismo-la-toscana-punta-sulle-mete-socialgreen\/","name":"Turismo, la Toscana punta sulle mete social&green - intoscana","isPartOf":{"@id":"https:\/\/www.intoscana.it\/it\/#website"},"primaryImageOfPage":{"@id":"https:\/\/www.intoscana.it\/it\/turismo-la-toscana-punta-sulle-mete-socialgreen\/#primaryimage"},"image":{"@id":"https:\/\/www.intoscana.it\/it\/turismo-la-toscana-punta-sulle-mete-socialgreen\/#primaryimage"},"thumbnailUrl":"https:\/\/www.intoscana.it\/wp-content\/uploads\/morellino-gravel-in-bici-sulle-strade-bianche-maremma.jpeg","datePublished":"2023-09-25T14:04:05+00:00","author":{"@id":"https:\/\/www.intoscana.it\/it\/#\/schema\/person\/9eb9daa846a49fe51af39a73d9d1986b"},"description":"Presentato il Rapporto Turismo Enogastronomico e Sostenibilit\u00e0 di Roberta Garibaldi: il modello Valdichiana Senese e le cantine \"virtuose\"","breadcrumb":{"@id":"https:\/\/www.intoscana.it\/it\/turismo-la-toscana-punta-sulle-mete-socialgreen\/#breadcrumb"},"inLanguage":"it-IT","potentialAction":[{"@type":"ReadAction","target":["https:\/\/www.intoscana.it\/it\/turismo-la-toscana-punta-sulle-mete-socialgreen\/"]}]},{"@type":"ImageObject","inLanguage":"it-IT","@id":"https:\/\/www.intoscana.it\/it\/turismo-la-toscana-punta-sulle-mete-socialgreen\/#primaryimage","url":"https:\/\/www.intoscana.it\/wp-content\/uploads\/morellino-gravel-in-bici-sulle-strade-bianche-maremma.jpeg","contentUrl":"https:\/\/www.intoscana.it\/wp-content\/uploads\/morellino-gravel-in-bici-sulle-strade-bianche-maremma.jpeg","width":1920,"height":780,"caption":"In bici sulle strade bianche della Maremma con Morellino Gravel"},{"@type":"BreadcrumbList","@id":"https:\/\/www.intoscana.it\/it\/turismo-la-toscana-punta-sulle-mete-socialgreen\/#breadcrumb","itemListElement":[{"@type":"ListItem","position":1,"name":"Home","item":"https:\/\/www.intoscana.it\/it\/"},{"@type":"ListItem","position":2,"name":"Turismo, la Toscana punta sulle mete social&#038;green"}]},{"@type":"WebSite","@id":"https:\/\/www.intoscana.it\/it\/#website","url":"https:\/\/www.intoscana.it\/it\/","name":"intoscana","description":"","potentialAction":[{"@type":"SearchAction","target":{"@type":"EntryPoint","urlTemplate":"https:\/\/www.intoscana.it\/it\/?s={search_term_string}"},"query-input":{"@type":"PropertyValueSpecification","valueRequired":true,"valueName":"search_term_string"}}],"inLanguage":"it-IT"},{"@type":"Person","@id":"https:\/\/www.intoscana.it\/it\/#\/schema\/person\/9eb9daa846a49fe51af39a73d9d1986b","name":"Raffaella Galamini","sameAs":["https:\/\/x.com\/orio"],"url":"https:\/\/www.intoscana.it\/it\/author\/r-galamini\/"}]}},"_links":{"self":[{"href":"https:\/\/www.intoscana.it\/it\/wp-json\/wp\/v2\/posts\/306462","targetHints":{"allow":["GET"]}}],"collection":[{"href":"https:\/\/www.intoscana.it\/it\/wp-json\/wp\/v2\/posts"}],"about":[{"href":"https:\/\/www.intoscana.it\/it\/wp-json\/wp\/v2\/types\/post"}],"author":[{"embeddable":true,"href":"https:\/\/www.intoscana.it\/it\/wp-json\/wp\/v2\/users\/554"}],"replies":[{"embeddable":true,"href":"https:\/\/www.intoscana.it\/it\/wp-json\/wp\/v2\/comments?post=306462"}],"version-history":[{"count":0,"href":"https:\/\/www.intoscana.it\/it\/wp-json\/wp\/v2\/posts\/306462\/revisions"}],"wp:featuredmedia":[{"embeddable":true,"href":"https:\/\/www.intoscana.it\/it\/wp-json\/wp\/v2\/media\/185845"}],"wp:attachment":[{"href":"https:\/\/www.intoscana.it\/it\/wp-json\/wp\/v2\/media?parent=306462"}],"wp:term":[{"taxonomy":"category","embeddable":true,"href":"https:\/\/www.intoscana.it\/it\/wp-json\/wp\/v2\/categories?post=306462"},{"taxonomy":"post_tag","embeddable":true,"href":"https:\/\/www.intoscana.it\/it\/wp-json\/wp\/v2\/tags?post=306462"}],"curies":[{"name":"wp","href":"https:\/\/api.w.org\/{rel}","templated":true}]}}