{"id":306686,"date":"2023-09-26T10:38:48","date_gmt":"2023-09-26T08:38:48","guid":{"rendered":"https:\/\/www.intoscana.it\/it\/?p=306686"},"modified":"2023-09-26T14:26:41","modified_gmt":"2023-09-26T12:26:41","slug":"premio-prato-poesia-nicola-fini-ecco-i-dieci-finalisti-che-si-sfideranno-alla-biblioteca-lazzerini","status":"publish","type":"post","link":"https:\/\/www.intoscana.it\/it\/premio-prato-poesia-nicola-fini-ecco-i-dieci-finalisti-che-si-sfideranno-alla-biblioteca-lazzerini\/","title":{"rendered":"Premio Prato Poesia &#8220;Nicola Fini&#8221;: ecco i dieci finalisti che si &#8220;sfideranno&#8221; alla Biblioteca Lazzerini"},"content":{"rendered":"<p><strong>Domenica 1 ottobre<\/strong> alle ore 17:00 presso la <strong>Biblioteca Lazzerini di Prato<\/strong> si terr\u00e0 la premiazione per la sesta edizione del <a href=\"https:\/\/www.premiopratopoesia.org\" target=\"_blank\" rel=\"noopener\"><strong>Premio Prato Poesia Nicola Fini.<\/strong><\/a><\/p>\n<p>Si tratta di<strong> un concorso rivolto agli autori e le autrici<\/strong> che hanno pubblicato<strong> una raccolta di poesia o poema, a\u00a0tema libero<\/strong>, in lingua Italiana, <strong>entro gli ultimi 10 anni.<\/strong><\/p>\n<p>Nato dalla volont\u00e0 della <strong>Professoressa Giulia Vinditti Fini,<\/strong> il premio ha lo scopo di\u00a0onorare la memoria del figlio <strong>Nicola Fini, medico e poeta scomparso prematuramente,<\/strong> valorizzando la poesia e confermando il valore di Prato come citt\u00e0 legata alla cultura letteraria.<\/p>\n<p>Il premio porta avanti sin dal 2018 <strong>una missione di approfondimento, di riflessione e dialogo<\/strong>, intorno al <strong>ruolo dell&#8217;arte poetica<\/strong> e vuole celebrare i poeti,\u00a0<strong>operatori di pace attraverso il loro cuore e la loro arte<\/strong><\/p>\n<p><em>&#8220;Il premio nasce sulla spinta della professoressa Giulia Venditti Fini<\/em> &#8211; <strong>ci ha raccontato il poeta e medico Giovanni Nuti<\/strong> &#8211; <em>lei finanzi\u00f2 questo premio e volle che i suoi soldi servissero ai giovani poeti emergenti per pubblicare ancora e premiare il coraggio di intraprendere questa strada che non \u00e8 molto semplice. E&#8217; difficile non solo dal punto di vista economico, ma anche culturale perch\u00e8 <strong>un romanzo pu\u00f2 avere un grande successo editoriale, invece un poeta rimane sempre nell&#8217;ambito di una nicchia di lettori.<\/strong> Il nostro \u00e8 un premio &#8216;pulito&#8217; non c&#8217;\u00e8 nessun collegamento con la grossa editoria, questo ci tengo a dirlo.&#8221;<\/em><\/p>\n<p><strong>Si pu\u00f2 dire che la poesia \u00e8 una medicina sia per chi la scrive che per chi la legge?<\/strong><\/p>\n<p><i>Per chi la scrive senza dubbio, \u00e8 un modo per toccare le profondit\u00e0 del proprio essere, ma anche per chi la legge. Pu\u00f2 essere anche una poesia triste, ma va a toccare il mondo della nostra vita interiore. La\u00a0contingenza della pandemia, l&#8217;isolamento ha permesso a molte persone di <strong>entrare in contatto con una parte intima di loro stessi.<\/strong>\u00a0La poesia \u00e8\u00a0stato anche un modo per <strong>comunicare agli altri uno stato d&#8217;animo che non poteva essere espresso se non con quel tipo di linguaggio.\u00a0<\/strong><\/i><\/p>\n<p><strong>Qual \u00e8 l&#8217;identikit del poeta contemporaneo?<\/strong><\/p>\n<p><em>Certamente non siamo nella Parigi della fine dell&#8217;Ottocento. C&#8217;\u00e8 una tendenza, attraverso i social, di divulgare le proprie poesie al grande pubblico. C&#8217;\u00e8 la ricerca del successo, il che non \u00e8 da condannare ma pu\u00f2 essere un ostacolo. Vedo per\u00f2 che questi giovani poeti sono attenti a farsi conoscere, credo che sia giusto. Spesso nei\u00a0<\/em><i>Reading si associa la poesia alla musica, i poeti laureati storcono un po&#8217; la bocca di fronte a queste esibizioni un po&#8217; &#8216;pop&#8217; ma la contaminazione \u00e8 inevitabile. <strong>Varie forme di arte si uniscono insieme, del resto nell&#8217;antica Grecia la poesia era legata alla\u00a0musica, non era una dimensione solitaria di lettura sulla carta.\u00a0<\/strong><\/i><\/p>\n<h3>La poesia parla ai giovani<\/h3>\n<p>Novit\u00e0 di questa sesta edizione \u00e8 l&#8217;impegno del <strong>Premio Prato Poesia<\/strong> a diffondere lo spirito della poesia nelle giovani generazioni attraverso la scuola. Sono infatti programma, nel prossimo autunno, <strong>incontri dei poeti e poetesse vincitrici con gli studenti e le studentesse delle scuole medie superiori<\/strong>. L&#8217;intento e quello di favorire l&#8217;esperienza della creazione poetica attraverso la presenza viva dell&#8217;autore.<\/p>\n<p>La giuria del Premio, composta da <strong>Giovanni Nuti<\/strong>, medico, musicista e poeta, <strong>Simone Lisi,<\/strong> scrittore,<strong> Valeria Caliandro<\/strong>, musicista e cantautrice, <strong>Serena Magnini,<\/strong> insegnante di lettere e poetessa e <strong>Lamberto Scali,<\/strong> psicologo e psicoterapeuta, annuncer\u00e0 pubblicamente i due vincitori della sesta edizione domenica 1 ottobre, alle ore 17:00.<\/p>\n<p>In quell&#8217;occasione <strong>verranno assegnati due premi:<\/strong> al primo classificato un premio di \u20ac 600,00 e targa d\u2019onore con il giglio di San Domenico e il premio speciale Giulia Vinditti &#8211; premio di \u20ac 400,00 e targa d\u2019onore con il giglio di San Domenico. Un premio speciale dedicato al valore della cultura classica e dell\u2019insegnamento, come radici dell\u2019evoluzione umana.<\/p>\n<h3>I 10 autori e autrici finaliste selezionati dalla giuria<\/h3>\n<p><strong>AGNESE FABBRI,<\/strong> Stagioni<br \/>\n<strong>ANNALISA CIAMPALINI<\/strong>, Tutte le cose che chiudono gli occhi<br \/>\n<strong>CAMILLA ZIGLIA<\/strong>, Rivelazioni d&#8217;acqua<br \/>\n<strong>DARIA GIGLI,<\/strong> Sotto La notte si fa casa<br \/>\n<strong>GIOVANNA CRISTINA VIVINETTO,<\/strong> Dove non siamo stati<br \/>\n<strong>GIUSEPPE CARRACCHIA,<\/strong> Stanze della luce<br \/>\n<strong>GUIDO MATTIA GALLERANI<\/strong>, I popoli scomparsi<br \/>\n<strong>MARIA NOVELLA TODARO<\/strong>, Tu canto celeste<br \/>\n<strong>MIA LECOMTE<\/strong>, Lettere da dove<br \/>\n<strong>RAFFAELE FLORIS<\/strong>, La macchina del tempo<\/p>\n<figure id=\"post-306679 media-306679\" class=\"align-none\"><img decoding=\"async\" src=\"https:\/\/www.intoscana.it\/wp-content\/uploads\/Finalisti-2023_grafica.png\" alt=\"\" \/><\/figure>\n<p><strong>Le opere dei 10 finalisti,<\/strong> da cui verranno letti dei brani durante la premiazione dall&#8217;<strong>attrice Livia Gionfrida della compagnia Teatro Metropopolare,<\/strong> saranno inserite nel fondo bibliotecario della <strong><a href=\"https:\/\/www.bibliotecalazzerini.prato.it\/it\/pagina1354.html\" target=\"_blank\" rel=\"noopener\">Biblioteca Lazzerini di Prato<\/a>,<\/strong> dedicato al Premio\u00a0Prato Poesia \u2013 Nicola Fini, che raccoglie tutti i testi finalisti delle trascorse edizioni.<\/p>\n<p>L&#8217;ingresso alla Sala delle Conferenze della Biblioteca Lazzerini e libero e <strong>sar\u00e0 garantito fino ad esaurimento posti.<br \/>\n<\/strong><br \/>\nPremio Prato Poesia \u00e8 un evento a cura del Comitato per il <strong>Premio Prato Poesia &#8211; Nicola Fini<\/strong> con la collaborazione di Comune di Prato, Biblioteca Lazzerini e il contributo di Fondazione S. Rita e Arciconfraternita della Misericordia di Prato.<\/p>\n<figure id=\"post-306681 media-306681\" class=\"align-none\"><img decoding=\"async\" src=\"https:\/\/www.intoscana.it\/wp-content\/uploads\/Livia-Gionfrida.jpg\" alt=\"\" \/><\/figure>\n<div class=\"titleimg\">Livia Gionfrida<\/div>\n","protected":false},"excerpt":{"rendered":"<p>Domenica 1 ottobre presso la Biblioteca Lazzerini di Prato si terr\u00e0 la premiazione per la sesta edizione del Premio Prato Poesia Nicola Fini, un concorso rivolto agli autori e le autrici che hanno pubblicato una raccolta di poesia o poema, a\u00a0tema libero, in lingua Italiana, entro gli ultimi 10 anni<\/p>\n","protected":false},"author":518,"featured_media":306682,"comment_status":"open","ping_status":"open","sticky":false,"template":"","format":"standard","meta":{"_acf_changed":false,"footnotes":""},"categories":[493],"tags":[210,259],"class_list":["post-306686","post","type-post","status-publish","format-standard","has-post-thumbnail","hentry","category-cultura","tag-libri","tag-prato"],"acf":[],"yoast_head":"<!-- This site is optimized with the Yoast SEO Premium plugin v24.2 (Yoast SEO v25.6) - https:\/\/yoast.com\/wordpress\/plugins\/seo\/ -->\n<title>Premio Prato Poesia &quot;Nicola Fini&quot;: ecco i dieci finalisti che si &quot;sfideranno&quot; alla Biblioteca Lazzerini - intoscana<\/title>\n<meta name=\"description\" content=\"Domenica 1 ottobre presso la Biblioteca Lazzerini di Prato si terr\u00e0 la premiazione per la sesta edizione del Premio Prato Poesia Nicola Fini\" \/>\n<meta name=\"robots\" content=\"index, follow, max-snippet:-1, max-image-preview:large, max-video-preview:-1\" \/>\n<link rel=\"canonical\" href=\"https:\/\/www.intoscana.it\/it\/premio-prato-poesia-nicola-fini-ecco-i-dieci-finalisti-che-si-sfideranno-alla-biblioteca-lazzerini\/\" \/>\n<meta property=\"og:locale\" content=\"it_IT\" \/>\n<meta property=\"og:type\" content=\"article\" \/>\n<meta property=\"og:title\" content=\"Premio Prato Poesia &quot;Nicola Fini&quot;: ecco i dieci finalisti che si &quot;sfideranno&quot; alla Biblioteca Lazzerini\" \/>\n<meta property=\"og:description\" content=\"Domenica 1 ottobre presso la Biblioteca Lazzerini di Prato si terr\u00e0 la premiazione per la sesta edizione del Premio Prato Poesia Nicola Fini\" \/>\n<meta property=\"og:url\" content=\"https:\/\/www.intoscana.it\/it\/premio-prato-poesia-nicola-fini-ecco-i-dieci-finalisti-che-si-sfideranno-alla-biblioteca-lazzerini\/\" \/>\n<meta property=\"og:site_name\" content=\"intoscana\" \/>\n<meta property=\"article:publisher\" content=\"https:\/\/www.facebook.com\/intoscana.it\" \/>\n<meta property=\"article:published_time\" content=\"2023-09-26T08:38:48+00:00\" \/>\n<meta property=\"article:modified_time\" content=\"2023-09-26T12:26:41+00:00\" \/>\n<meta property=\"og:image\" content=\"https:\/\/www.intoscana.it\/wp-content\/uploads\/Premio-Prato-Poesia-2022_Magrelli.jpg\" \/>\n\t<meta property=\"og:image:width\" content=\"2048\" \/>\n\t<meta property=\"og:image:height\" content=\"1368\" \/>\n\t<meta property=\"og:image:type\" content=\"image\/jpeg\" \/>\n<meta name=\"author\" content=\"Costanza Baldini\" \/>\n<meta name=\"twitter:card\" content=\"summary_large_image\" \/>\n<meta name=\"twitter:creator\" content=\"@intoscana\" \/>\n<meta name=\"twitter:site\" content=\"@intoscana\" \/>\n<meta name=\"twitter:label1\" content=\"Written by\" \/>\n\t<meta name=\"twitter:data1\" content=\"Costanza Baldini\" \/>\n\t<meta name=\"twitter:label2\" content=\"Est. reading time\" \/>\n\t<meta name=\"twitter:data2\" content=\"4 minuti\" \/>\n<script type=\"application\/ld+json\" class=\"yoast-schema-graph\">{\"@context\":\"https:\/\/schema.org\",\"@graph\":[{\"@type\":\"WebPage\",\"@id\":\"https:\/\/www.intoscana.it\/it\/premio-prato-poesia-nicola-fini-ecco-i-dieci-finalisti-che-si-sfideranno-alla-biblioteca-lazzerini\/\",\"url\":\"https:\/\/www.intoscana.it\/it\/premio-prato-poesia-nicola-fini-ecco-i-dieci-finalisti-che-si-sfideranno-alla-biblioteca-lazzerini\/\",\"name\":\"Premio Prato Poesia \\\"Nicola Fini\\\": ecco i dieci finalisti che si \\\"sfideranno\\\" alla Biblioteca Lazzerini - intoscana\",\"isPartOf\":{\"@id\":\"https:\/\/www.intoscana.it\/it\/#website\"},\"primaryImageOfPage\":{\"@id\":\"https:\/\/www.intoscana.it\/it\/premio-prato-poesia-nicola-fini-ecco-i-dieci-finalisti-che-si-sfideranno-alla-biblioteca-lazzerini\/#primaryimage\"},\"image\":{\"@id\":\"https:\/\/www.intoscana.it\/it\/premio-prato-poesia-nicola-fini-ecco-i-dieci-finalisti-che-si-sfideranno-alla-biblioteca-lazzerini\/#primaryimage\"},\"thumbnailUrl\":\"https:\/\/www.intoscana.it\/wp-content\/uploads\/Premio-Prato-Poesia-2022_Magrelli.jpg\",\"datePublished\":\"2023-09-26T08:38:48+00:00\",\"dateModified\":\"2023-09-26T12:26:41+00:00\",\"author\":{\"@id\":\"https:\/\/www.intoscana.it\/it\/#\/schema\/person\/d469f35f09739bdf00bf5dd3f0647a82\"},\"description\":\"Domenica 1 ottobre presso la Biblioteca Lazzerini di Prato si terr\u00e0 la premiazione per la sesta edizione del Premio Prato Poesia Nicola Fini\",\"breadcrumb\":{\"@id\":\"https:\/\/www.intoscana.it\/it\/premio-prato-poesia-nicola-fini-ecco-i-dieci-finalisti-che-si-sfideranno-alla-biblioteca-lazzerini\/#breadcrumb\"},\"inLanguage\":\"it-IT\",\"potentialAction\":[{\"@type\":\"ReadAction\",\"target\":[\"https:\/\/www.intoscana.it\/it\/premio-prato-poesia-nicola-fini-ecco-i-dieci-finalisti-che-si-sfideranno-alla-biblioteca-lazzerini\/\"]}]},{\"@type\":\"ImageObject\",\"inLanguage\":\"it-IT\",\"@id\":\"https:\/\/www.intoscana.it\/it\/premio-prato-poesia-nicola-fini-ecco-i-dieci-finalisti-che-si-sfideranno-alla-biblioteca-lazzerini\/#primaryimage\",\"url\":\"https:\/\/www.intoscana.it\/wp-content\/uploads\/Premio-Prato-Poesia-2022_Magrelli.jpg\",\"contentUrl\":\"https:\/\/www.intoscana.it\/wp-content\/uploads\/Premio-Prato-Poesia-2022_Magrelli.jpg\",\"width\":2048,\"height\":1368},{\"@type\":\"BreadcrumbList\",\"@id\":\"https:\/\/www.intoscana.it\/it\/premio-prato-poesia-nicola-fini-ecco-i-dieci-finalisti-che-si-sfideranno-alla-biblioteca-lazzerini\/#breadcrumb\",\"itemListElement\":[{\"@type\":\"ListItem\",\"position\":1,\"name\":\"Home\",\"item\":\"https:\/\/www.intoscana.it\/it\/\"},{\"@type\":\"ListItem\",\"position\":2,\"name\":\"Premio Prato Poesia &#8220;Nicola Fini&#8221;: ecco i dieci finalisti che si &#8220;sfideranno&#8221; alla Biblioteca Lazzerini\"}]},{\"@type\":\"WebSite\",\"@id\":\"https:\/\/www.intoscana.it\/it\/#website\",\"url\":\"https:\/\/www.intoscana.it\/it\/\",\"name\":\"intoscana\",\"description\":\"\",\"potentialAction\":[{\"@type\":\"SearchAction\",\"target\":{\"@type\":\"EntryPoint\",\"urlTemplate\":\"https:\/\/www.intoscana.it\/it\/?s={search_term_string}\"},\"query-input\":{\"@type\":\"PropertyValueSpecification\",\"valueRequired\":true,\"valueName\":\"search_term_string\"}}],\"inLanguage\":\"it-IT\"},{\"@type\":\"Person\",\"@id\":\"https:\/\/www.intoscana.it\/it\/#\/schema\/person\/d469f35f09739bdf00bf5dd3f0647a82\",\"name\":\"Costanza Baldini\",\"url\":\"https:\/\/www.intoscana.it\/it\/author\/costanza-baldini\/\"}]}<\/script>\n<!-- \/ Yoast SEO Premium plugin. -->","yoast_head_json":{"title":"Premio Prato Poesia \"Nicola Fini\": ecco i dieci finalisti che si \"sfideranno\" alla Biblioteca Lazzerini - intoscana","description":"Domenica 1 ottobre presso la Biblioteca Lazzerini di Prato si terr\u00e0 la premiazione per la sesta edizione del Premio Prato Poesia Nicola Fini","robots":{"index":"index","follow":"follow","max-snippet":"max-snippet:-1","max-image-preview":"max-image-preview:large","max-video-preview":"max-video-preview:-1"},"canonical":"https:\/\/www.intoscana.it\/it\/premio-prato-poesia-nicola-fini-ecco-i-dieci-finalisti-che-si-sfideranno-alla-biblioteca-lazzerini\/","og_locale":"it_IT","og_type":"article","og_title":"Premio Prato Poesia \"Nicola Fini\": ecco i dieci finalisti che si \"sfideranno\" alla Biblioteca Lazzerini","og_description":"Domenica 1 ottobre presso la Biblioteca Lazzerini di Prato si terr\u00e0 la premiazione per la sesta edizione del Premio Prato Poesia Nicola Fini","og_url":"https:\/\/www.intoscana.it\/it\/premio-prato-poesia-nicola-fini-ecco-i-dieci-finalisti-che-si-sfideranno-alla-biblioteca-lazzerini\/","og_site_name":"intoscana","article_publisher":"https:\/\/www.facebook.com\/intoscana.it","article_published_time":"2023-09-26T08:38:48+00:00","article_modified_time":"2023-09-26T12:26:41+00:00","og_image":[{"width":2048,"height":1368,"url":"https:\/\/www.intoscana.it\/wp-content\/uploads\/Premio-Prato-Poesia-2022_Magrelli.jpg","type":"image\/jpeg"}],"author":"Costanza Baldini","twitter_card":"summary_large_image","twitter_creator":"@intoscana","twitter_site":"@intoscana","twitter_misc":{"Written by":"Costanza Baldini","Est. reading time":"4 minuti"},"schema":{"@context":"https:\/\/schema.org","@graph":[{"@type":"WebPage","@id":"https:\/\/www.intoscana.it\/it\/premio-prato-poesia-nicola-fini-ecco-i-dieci-finalisti-che-si-sfideranno-alla-biblioteca-lazzerini\/","url":"https:\/\/www.intoscana.it\/it\/premio-prato-poesia-nicola-fini-ecco-i-dieci-finalisti-che-si-sfideranno-alla-biblioteca-lazzerini\/","name":"Premio Prato Poesia \"Nicola Fini\": ecco i dieci finalisti che si \"sfideranno\" alla Biblioteca Lazzerini - intoscana","isPartOf":{"@id":"https:\/\/www.intoscana.it\/it\/#website"},"primaryImageOfPage":{"@id":"https:\/\/www.intoscana.it\/it\/premio-prato-poesia-nicola-fini-ecco-i-dieci-finalisti-che-si-sfideranno-alla-biblioteca-lazzerini\/#primaryimage"},"image":{"@id":"https:\/\/www.intoscana.it\/it\/premio-prato-poesia-nicola-fini-ecco-i-dieci-finalisti-che-si-sfideranno-alla-biblioteca-lazzerini\/#primaryimage"},"thumbnailUrl":"https:\/\/www.intoscana.it\/wp-content\/uploads\/Premio-Prato-Poesia-2022_Magrelli.jpg","datePublished":"2023-09-26T08:38:48+00:00","dateModified":"2023-09-26T12:26:41+00:00","author":{"@id":"https:\/\/www.intoscana.it\/it\/#\/schema\/person\/d469f35f09739bdf00bf5dd3f0647a82"},"description":"Domenica 1 ottobre presso la Biblioteca Lazzerini di Prato si terr\u00e0 la premiazione per la sesta edizione del Premio Prato Poesia Nicola Fini","breadcrumb":{"@id":"https:\/\/www.intoscana.it\/it\/premio-prato-poesia-nicola-fini-ecco-i-dieci-finalisti-che-si-sfideranno-alla-biblioteca-lazzerini\/#breadcrumb"},"inLanguage":"it-IT","potentialAction":[{"@type":"ReadAction","target":["https:\/\/www.intoscana.it\/it\/premio-prato-poesia-nicola-fini-ecco-i-dieci-finalisti-che-si-sfideranno-alla-biblioteca-lazzerini\/"]}]},{"@type":"ImageObject","inLanguage":"it-IT","@id":"https:\/\/www.intoscana.it\/it\/premio-prato-poesia-nicola-fini-ecco-i-dieci-finalisti-che-si-sfideranno-alla-biblioteca-lazzerini\/#primaryimage","url":"https:\/\/www.intoscana.it\/wp-content\/uploads\/Premio-Prato-Poesia-2022_Magrelli.jpg","contentUrl":"https:\/\/www.intoscana.it\/wp-content\/uploads\/Premio-Prato-Poesia-2022_Magrelli.jpg","width":2048,"height":1368},{"@type":"BreadcrumbList","@id":"https:\/\/www.intoscana.it\/it\/premio-prato-poesia-nicola-fini-ecco-i-dieci-finalisti-che-si-sfideranno-alla-biblioteca-lazzerini\/#breadcrumb","itemListElement":[{"@type":"ListItem","position":1,"name":"Home","item":"https:\/\/www.intoscana.it\/it\/"},{"@type":"ListItem","position":2,"name":"Premio Prato Poesia &#8220;Nicola Fini&#8221;: ecco i dieci finalisti che si &#8220;sfideranno&#8221; alla Biblioteca Lazzerini"}]},{"@type":"WebSite","@id":"https:\/\/www.intoscana.it\/it\/#website","url":"https:\/\/www.intoscana.it\/it\/","name":"intoscana","description":"","potentialAction":[{"@type":"SearchAction","target":{"@type":"EntryPoint","urlTemplate":"https:\/\/www.intoscana.it\/it\/?s={search_term_string}"},"query-input":{"@type":"PropertyValueSpecification","valueRequired":true,"valueName":"search_term_string"}}],"inLanguage":"it-IT"},{"@type":"Person","@id":"https:\/\/www.intoscana.it\/it\/#\/schema\/person\/d469f35f09739bdf00bf5dd3f0647a82","name":"Costanza Baldini","url":"https:\/\/www.intoscana.it\/it\/author\/costanza-baldini\/"}]}},"_links":{"self":[{"href":"https:\/\/www.intoscana.it\/it\/wp-json\/wp\/v2\/posts\/306686","targetHints":{"allow":["GET"]}}],"collection":[{"href":"https:\/\/www.intoscana.it\/it\/wp-json\/wp\/v2\/posts"}],"about":[{"href":"https:\/\/www.intoscana.it\/it\/wp-json\/wp\/v2\/types\/post"}],"author":[{"embeddable":true,"href":"https:\/\/www.intoscana.it\/it\/wp-json\/wp\/v2\/users\/518"}],"replies":[{"embeddable":true,"href":"https:\/\/www.intoscana.it\/it\/wp-json\/wp\/v2\/comments?post=306686"}],"version-history":[{"count":0,"href":"https:\/\/www.intoscana.it\/it\/wp-json\/wp\/v2\/posts\/306686\/revisions"}],"wp:featuredmedia":[{"embeddable":true,"href":"https:\/\/www.intoscana.it\/it\/wp-json\/wp\/v2\/media\/306682"}],"wp:attachment":[{"href":"https:\/\/www.intoscana.it\/it\/wp-json\/wp\/v2\/media?parent=306686"}],"wp:term":[{"taxonomy":"category","embeddable":true,"href":"https:\/\/www.intoscana.it\/it\/wp-json\/wp\/v2\/categories?post=306686"},{"taxonomy":"post_tag","embeddable":true,"href":"https:\/\/www.intoscana.it\/it\/wp-json\/wp\/v2\/tags?post=306686"}],"curies":[{"name":"wp","href":"https:\/\/api.w.org\/{rel}","templated":true}]}}