{"id":306711,"date":"2023-09-26T10:10:29","date_gmt":"2023-09-26T08:10:29","guid":{"rendered":"https:\/\/www.intoscana.it\/it\/?p=306711"},"modified":"2023-09-27T10:39:30","modified_gmt":"2023-09-27T08:39:30","slug":"cercasi-famiglie-affidatarie-per-cuccioli-speciali-saranno-i-futuri-cani-guida-e-segugi-da-allerta-medica","status":"publish","type":"post","link":"https:\/\/www.intoscana.it\/it\/cercasi-famiglie-affidatarie-per-cuccioli-speciali-saranno-i-futuri-cani-guida-e-segugi-da-allerta-medica\/","title":{"rendered":"Cercasi famiglie affidatarie per cuccioli speciali: saranno i futuri cani guida e segugi da allerta medica"},"content":{"rendered":"<p><strong>Cuccioli<\/strong> di appena due mesi che prima di entrare alla <strong>Scuola cani guida di Scandicci<\/strong> hanno bisogno di imparare a socializzare e conoscere il mondo grazie a <strong>famiglie affidatarie<\/strong>, per circa un anno. <mark>Saranno i futuri cani guida per cechi e, novit\u00e0 assoluta per quest&#8217;anno, anche segugi di allerta medica, ossia in grado di fiutare le crisi glicemiche.<\/mark><\/p>\n<p>La Scuola nazionale cani guida per ciechi &#8211;\u00a0 l\u2019unica pubblica in Europa e la pi\u00f9 antica al mondo insieme alla statunitense \u201cSeeing Eye\u201d, nata nel 1929 e regionale dal 1979 &#8211; sta cercando <mark>almeno quindici famiglie disposte ad accogliere i cuccioli di razza labrador e golden retriever. I primi arriveranno gi\u00e0 la prossima settimana.<\/mark> \u201cLa Scuola Cani Guida di Scandicci \u00e8 un\u2019istituzione di cui siamo fieri ed orgogliosi come Regione. Sono necessarie famiglie disponibili ad accogliere i cuccioli\u201d, afferma il presidente della Toscana, <strong>Eugenio Giani<\/strong>.<\/p>\n<h3><em>I cuccioli che diventeranno super cani<\/em><\/h3>\n<p>Tutte le spese di mantenimento e di cura veterinaria del cucciolo sono a carico della Regione. Occorre per\u00f2 avere tempo a disposizione da dedicare e vivere in un contesto che permetta la socializzazione del cucciolo. <mark>Non tutte le famiglie sono dunque idonee e per questo vengono prima effettuati dei colloqui con il personale addetto della scuola.<\/mark><\/p>\n<p>Da quest\u2019anno, novit\u00e0 assoluta, alcuni cuccioli selezionati (quattro in arrivo a gennaio) saranno istruiti anche per diventare <strong>cani da allerta medica<\/strong>: amici a quattro zampe capaci di fiutare crisi glicemiche che saranno messi a disposizione di bambini diabetici nell\u2019ambito di un progetto in cui \u00e8 coinvolto direttamente l\u2019ospedale <strong>Meyer<\/strong> di Firenze.<\/p>\n<p>\u201cCon l\u2019impiego dei cani da allerta medica potenzieremo gli interventi tesi a migliorare la qualit\u00e0 della vita dei pazienti diabetici\u201d aggiunge l\u2019assessore al diritto alla salute, <strong>Simone Bezzini<\/strong>. \u201cSi tratta di una nuova attivit\u00e0 \u2013 commenta l\u2019assessora regionale alle politiche sociali, <strong>Serena Spinelli<\/strong> &#8211; che va ad aggiungersi a quelle gi\u00e0 svolte da un\u2019eccellenza della Regione Toscana come la Scuola cani guida per ciechi di Scandicci. Una realt\u00e0 aperta alla comunit\u00e0 e che con il suo personale qualificato coinvolge attivamente le persone e le famiglie\u201d.<\/p>\n<figure id=\"post-306719 media-306719\" class=\"align-none\"><img decoding=\"async\" src=\"https:\/\/www.intoscana.it\/wp-content\/uploads\/Cucciolo-scuola-cani-guida-scaled-e1695713672383.jpg\" alt=\"\" \/><\/figure>\n<div class=\"titleimg\">Cucciolo scuola cani guida<\/div>\n<p>Il programma di educazione e socializzazione \u00e8 scandito dalla varie fasi di sviluppo fisico e comportamentale del cane. I cuccioli diventati adulti, dopo il periodo in famiglia, <mark>seguiranno un percorso diverso a seconda che siano destinati a svolgere il ruolo di cani da allerta medica o quello di cani guida.<\/mark> Nel primo caso saranno inseriti direttamente all&#8217;interno della famiglia nella quale vive il bambino diabetico, mentre nel secondo rientreranno alla scuola per iniziare il vero e proprio percorso di istruzione che durer\u00e0 sei mesi e al termine del quale saranno affidati ad una persona non vedente.<\/p>\n<h3><em>Come candidarsi<\/em><\/h3>\n<p>Chi ama gli animali e desidera mettersi al servizio degli altri pu\u00f2 rivolgersi alla Scuola Cani Guida per avere informazioni: <mark>telefonando allo 055.4382850 dalle 7 alle 13 dal luned\u00ec al sabato oppure inviando una mail a scuola.cani.guida@regione.toscana.it<\/mark><\/p>\n<p>\u00c8 preferibile che le famiglie interessate ad aderire al progetto di affidamento siano residenti a Firenze e provincia, ma \u00e8 comunque possibile collaborare anche con chi abita pi\u00f9 lontano: l&#8217;importante \u00e8 che le <strong>famiglie<\/strong> siano disponibili a frequenti spostamenti per raggiungere la scuola, per le opportune verifiche e controlli. Istruttori della scuola sono a completa disposizione per ogni tipo di supporto e di aiuto.<\/p>\n<p>Maggiori informazioni sul <a href=\"https:\/\/www.regione.toscana.it\/scuola-nazionale-cani-guida-per-ciechi\" target=\"_blank\" rel=\"noopener\">sito<\/a> della Scuola.<\/p>\n","protected":false},"excerpt":{"rendered":"<p>La Scuola di Scandicci cerca quindici nuclei familiari disposti ad accogliere per un anno gli animali: saranno poi educati per aiutare le persone non vedenti e, novit\u00e0 assoluta, anche per fiutare le crisi glicemiche dei bambini<\/p>\n","protected":false},"author":525,"featured_media":306718,"comment_status":"open","ping_status":"open","sticky":false,"template":"","format":"standard","meta":{"_acf_changed":false,"footnotes":""},"categories":[494],"tags":[5899,158,4822,4883],"class_list":["post-306711","post","type-post","status-publish","format-standard","has-post-thumbnail","hentry","category-attualita","tag-cani","tag-eugenio-giani","tag-serena-spinelli","tag-simone-bezzini"],"acf":[],"yoast_head":"<!-- This site is optimized with the Yoast SEO Premium plugin v24.2 (Yoast SEO v25.6) - https:\/\/yoast.com\/wordpress\/plugins\/seo\/ -->\n<title>Cercasi famiglie affidatarie per cuccioli speciali: saranno i futuri cani guida e segugi da allerta medica - intoscana<\/title>\n<meta name=\"description\" content=\"La Scuola di Scandicci cerca quindici nuclei disposti ad accogliere per un anno gli animali: saranno poi educati per aiutare le persone non vedenti e, novit\u00e0 assoluta, anche per fiutare le crisi glicemiche dei bambini\" \/>\n<meta name=\"robots\" content=\"index, follow, max-snippet:-1, max-image-preview:large, max-video-preview:-1\" \/>\n<link rel=\"canonical\" href=\"https:\/\/www.intoscana.it\/it\/cercasi-famiglie-affidatarie-per-cuccioli-speciali-saranno-i-futuri-cani-guida-e-segugi-da-allerta-medica\/\" \/>\n<meta property=\"og:locale\" content=\"it_IT\" \/>\n<meta property=\"og:type\" content=\"article\" \/>\n<meta property=\"og:title\" content=\"Cercasi famiglie affidatarie per cuccioli speciali: saranno i futuri cani guida e segugi da allerta medica\" \/>\n<meta property=\"og:description\" content=\"La Scuola di Scandicci cerca quindici nuclei disposti ad accogliere per un anno gli animali: saranno poi educati per aiutare le persone non vedenti e, novit\u00e0 assoluta, anche per fiutare le crisi glicemiche dei bambini\" \/>\n<meta property=\"og:url\" content=\"https:\/\/www.intoscana.it\/it\/cercasi-famiglie-affidatarie-per-cuccioli-speciali-saranno-i-futuri-cani-guida-e-segugi-da-allerta-medica\/\" \/>\n<meta property=\"og:site_name\" content=\"intoscana\" \/>\n<meta property=\"article:publisher\" content=\"https:\/\/www.facebook.com\/intoscana.it\" \/>\n<meta property=\"article:published_time\" content=\"2023-09-26T08:10:29+00:00\" \/>\n<meta property=\"article:modified_time\" content=\"2023-09-27T08:39:30+00:00\" \/>\n<meta property=\"og:image\" content=\"https:\/\/www.intoscana.it\/wp-content\/uploads\/Cucciolo-scuola-cani-guida_2-1-e1695713600986.jpg\" \/>\n\t<meta property=\"og:image:width\" content=\"999\" \/>\n\t<meta property=\"og:image:height\" content=\"882\" \/>\n\t<meta property=\"og:image:type\" content=\"image\/jpeg\" \/>\n<meta name=\"author\" content=\"Redazione\" \/>\n<meta name=\"twitter:card\" content=\"summary_large_image\" \/>\n<meta name=\"twitter:creator\" content=\"@intoscana\" \/>\n<meta name=\"twitter:site\" content=\"@intoscana\" \/>\n<meta name=\"twitter:label1\" content=\"Written by\" \/>\n\t<meta name=\"twitter:data1\" content=\"Redazione\" \/>\n\t<meta name=\"twitter:label2\" content=\"Est. reading time\" \/>\n\t<meta name=\"twitter:data2\" content=\"3 minuti\" \/>\n<script type=\"application\/ld+json\" class=\"yoast-schema-graph\">{\"@context\":\"https:\/\/schema.org\",\"@graph\":[{\"@type\":\"WebPage\",\"@id\":\"https:\/\/www.intoscana.it\/it\/cercasi-famiglie-affidatarie-per-cuccioli-speciali-saranno-i-futuri-cani-guida-e-segugi-da-allerta-medica\/\",\"url\":\"https:\/\/www.intoscana.it\/it\/cercasi-famiglie-affidatarie-per-cuccioli-speciali-saranno-i-futuri-cani-guida-e-segugi-da-allerta-medica\/\",\"name\":\"Cercasi famiglie affidatarie per cuccioli speciali: saranno i futuri cani guida e segugi da allerta medica - intoscana\",\"isPartOf\":{\"@id\":\"https:\/\/www.intoscana.it\/it\/#website\"},\"primaryImageOfPage\":{\"@id\":\"https:\/\/www.intoscana.it\/it\/cercasi-famiglie-affidatarie-per-cuccioli-speciali-saranno-i-futuri-cani-guida-e-segugi-da-allerta-medica\/#primaryimage\"},\"image\":{\"@id\":\"https:\/\/www.intoscana.it\/it\/cercasi-famiglie-affidatarie-per-cuccioli-speciali-saranno-i-futuri-cani-guida-e-segugi-da-allerta-medica\/#primaryimage\"},\"thumbnailUrl\":\"https:\/\/www.intoscana.it\/wp-content\/uploads\/Cucciolo-scuola-cani-guida_2-1-e1695713600986.jpg\",\"datePublished\":\"2023-09-26T08:10:29+00:00\",\"dateModified\":\"2023-09-27T08:39:30+00:00\",\"author\":{\"@id\":\"https:\/\/www.intoscana.it\/it\/#\/schema\/person\/9223810753230f20bd670fdd322661f8\"},\"description\":\"La Scuola di Scandicci cerca quindici nuclei disposti ad accogliere per un anno gli animali: saranno poi educati per aiutare le persone non vedenti e, novit\u00e0 assoluta, anche per fiutare le crisi glicemiche dei bambini\",\"breadcrumb\":{\"@id\":\"https:\/\/www.intoscana.it\/it\/cercasi-famiglie-affidatarie-per-cuccioli-speciali-saranno-i-futuri-cani-guida-e-segugi-da-allerta-medica\/#breadcrumb\"},\"inLanguage\":\"it-IT\",\"potentialAction\":[{\"@type\":\"ReadAction\",\"target\":[\"https:\/\/www.intoscana.it\/it\/cercasi-famiglie-affidatarie-per-cuccioli-speciali-saranno-i-futuri-cani-guida-e-segugi-da-allerta-medica\/\"]}]},{\"@type\":\"ImageObject\",\"inLanguage\":\"it-IT\",\"@id\":\"https:\/\/www.intoscana.it\/it\/cercasi-famiglie-affidatarie-per-cuccioli-speciali-saranno-i-futuri-cani-guida-e-segugi-da-allerta-medica\/#primaryimage\",\"url\":\"https:\/\/www.intoscana.it\/wp-content\/uploads\/Cucciolo-scuola-cani-guida_2-1-e1695713600986.jpg\",\"contentUrl\":\"https:\/\/www.intoscana.it\/wp-content\/uploads\/Cucciolo-scuola-cani-guida_2-1-e1695713600986.jpg\",\"width\":999,\"height\":882},{\"@type\":\"BreadcrumbList\",\"@id\":\"https:\/\/www.intoscana.it\/it\/cercasi-famiglie-affidatarie-per-cuccioli-speciali-saranno-i-futuri-cani-guida-e-segugi-da-allerta-medica\/#breadcrumb\",\"itemListElement\":[{\"@type\":\"ListItem\",\"position\":1,\"name\":\"Home\",\"item\":\"https:\/\/www.intoscana.it\/it\/\"},{\"@type\":\"ListItem\",\"position\":2,\"name\":\"Cercasi famiglie affidatarie per cuccioli speciali: saranno i futuri cani guida e segugi da allerta medica\"}]},{\"@type\":\"WebSite\",\"@id\":\"https:\/\/www.intoscana.it\/it\/#website\",\"url\":\"https:\/\/www.intoscana.it\/it\/\",\"name\":\"intoscana\",\"description\":\"\",\"potentialAction\":[{\"@type\":\"SearchAction\",\"target\":{\"@type\":\"EntryPoint\",\"urlTemplate\":\"https:\/\/www.intoscana.it\/it\/?s={search_term_string}\"},\"query-input\":{\"@type\":\"PropertyValueSpecification\",\"valueRequired\":true,\"valueName\":\"search_term_string\"}}],\"inLanguage\":\"it-IT\"},{\"@type\":\"Person\",\"@id\":\"https:\/\/www.intoscana.it\/it\/#\/schema\/person\/9223810753230f20bd670fdd322661f8\",\"name\":\"Redazione\",\"url\":\"https:\/\/www.intoscana.it\/it\/author\/redazione\/\"}]}<\/script>\n<!-- \/ Yoast SEO Premium plugin. -->","yoast_head_json":{"title":"Cercasi famiglie affidatarie per cuccioli speciali: saranno i futuri cani guida e segugi da allerta medica - intoscana","description":"La Scuola di Scandicci cerca quindici nuclei disposti ad accogliere per un anno gli animali: saranno poi educati per aiutare le persone non vedenti e, novit\u00e0 assoluta, anche per fiutare le crisi glicemiche dei bambini","robots":{"index":"index","follow":"follow","max-snippet":"max-snippet:-1","max-image-preview":"max-image-preview:large","max-video-preview":"max-video-preview:-1"},"canonical":"https:\/\/www.intoscana.it\/it\/cercasi-famiglie-affidatarie-per-cuccioli-speciali-saranno-i-futuri-cani-guida-e-segugi-da-allerta-medica\/","og_locale":"it_IT","og_type":"article","og_title":"Cercasi famiglie affidatarie per cuccioli speciali: saranno i futuri cani guida e segugi da allerta medica","og_description":"La Scuola di Scandicci cerca quindici nuclei disposti ad accogliere per un anno gli animali: saranno poi educati per aiutare le persone non vedenti e, novit\u00e0 assoluta, anche per fiutare le crisi glicemiche dei bambini","og_url":"https:\/\/www.intoscana.it\/it\/cercasi-famiglie-affidatarie-per-cuccioli-speciali-saranno-i-futuri-cani-guida-e-segugi-da-allerta-medica\/","og_site_name":"intoscana","article_publisher":"https:\/\/www.facebook.com\/intoscana.it","article_published_time":"2023-09-26T08:10:29+00:00","article_modified_time":"2023-09-27T08:39:30+00:00","og_image":[{"width":999,"height":882,"url":"https:\/\/www.intoscana.it\/wp-content\/uploads\/Cucciolo-scuola-cani-guida_2-1-e1695713600986.jpg","type":"image\/jpeg"}],"author":"Redazione","twitter_card":"summary_large_image","twitter_creator":"@intoscana","twitter_site":"@intoscana","twitter_misc":{"Written by":"Redazione","Est. reading time":"3 minuti"},"schema":{"@context":"https:\/\/schema.org","@graph":[{"@type":"WebPage","@id":"https:\/\/www.intoscana.it\/it\/cercasi-famiglie-affidatarie-per-cuccioli-speciali-saranno-i-futuri-cani-guida-e-segugi-da-allerta-medica\/","url":"https:\/\/www.intoscana.it\/it\/cercasi-famiglie-affidatarie-per-cuccioli-speciali-saranno-i-futuri-cani-guida-e-segugi-da-allerta-medica\/","name":"Cercasi famiglie affidatarie per cuccioli speciali: saranno i futuri cani guida e segugi da allerta medica - intoscana","isPartOf":{"@id":"https:\/\/www.intoscana.it\/it\/#website"},"primaryImageOfPage":{"@id":"https:\/\/www.intoscana.it\/it\/cercasi-famiglie-affidatarie-per-cuccioli-speciali-saranno-i-futuri-cani-guida-e-segugi-da-allerta-medica\/#primaryimage"},"image":{"@id":"https:\/\/www.intoscana.it\/it\/cercasi-famiglie-affidatarie-per-cuccioli-speciali-saranno-i-futuri-cani-guida-e-segugi-da-allerta-medica\/#primaryimage"},"thumbnailUrl":"https:\/\/www.intoscana.it\/wp-content\/uploads\/Cucciolo-scuola-cani-guida_2-1-e1695713600986.jpg","datePublished":"2023-09-26T08:10:29+00:00","dateModified":"2023-09-27T08:39:30+00:00","author":{"@id":"https:\/\/www.intoscana.it\/it\/#\/schema\/person\/9223810753230f20bd670fdd322661f8"},"description":"La Scuola di Scandicci cerca quindici nuclei disposti ad accogliere per un anno gli animali: saranno poi educati per aiutare le persone non vedenti e, novit\u00e0 assoluta, anche per fiutare le crisi glicemiche dei bambini","breadcrumb":{"@id":"https:\/\/www.intoscana.it\/it\/cercasi-famiglie-affidatarie-per-cuccioli-speciali-saranno-i-futuri-cani-guida-e-segugi-da-allerta-medica\/#breadcrumb"},"inLanguage":"it-IT","potentialAction":[{"@type":"ReadAction","target":["https:\/\/www.intoscana.it\/it\/cercasi-famiglie-affidatarie-per-cuccioli-speciali-saranno-i-futuri-cani-guida-e-segugi-da-allerta-medica\/"]}]},{"@type":"ImageObject","inLanguage":"it-IT","@id":"https:\/\/www.intoscana.it\/it\/cercasi-famiglie-affidatarie-per-cuccioli-speciali-saranno-i-futuri-cani-guida-e-segugi-da-allerta-medica\/#primaryimage","url":"https:\/\/www.intoscana.it\/wp-content\/uploads\/Cucciolo-scuola-cani-guida_2-1-e1695713600986.jpg","contentUrl":"https:\/\/www.intoscana.it\/wp-content\/uploads\/Cucciolo-scuola-cani-guida_2-1-e1695713600986.jpg","width":999,"height":882},{"@type":"BreadcrumbList","@id":"https:\/\/www.intoscana.it\/it\/cercasi-famiglie-affidatarie-per-cuccioli-speciali-saranno-i-futuri-cani-guida-e-segugi-da-allerta-medica\/#breadcrumb","itemListElement":[{"@type":"ListItem","position":1,"name":"Home","item":"https:\/\/www.intoscana.it\/it\/"},{"@type":"ListItem","position":2,"name":"Cercasi famiglie affidatarie per cuccioli speciali: saranno i futuri cani guida e segugi da allerta medica"}]},{"@type":"WebSite","@id":"https:\/\/www.intoscana.it\/it\/#website","url":"https:\/\/www.intoscana.it\/it\/","name":"intoscana","description":"","potentialAction":[{"@type":"SearchAction","target":{"@type":"EntryPoint","urlTemplate":"https:\/\/www.intoscana.it\/it\/?s={search_term_string}"},"query-input":{"@type":"PropertyValueSpecification","valueRequired":true,"valueName":"search_term_string"}}],"inLanguage":"it-IT"},{"@type":"Person","@id":"https:\/\/www.intoscana.it\/it\/#\/schema\/person\/9223810753230f20bd670fdd322661f8","name":"Redazione","url":"https:\/\/www.intoscana.it\/it\/author\/redazione\/"}]}},"_links":{"self":[{"href":"https:\/\/www.intoscana.it\/it\/wp-json\/wp\/v2\/posts\/306711","targetHints":{"allow":["GET"]}}],"collection":[{"href":"https:\/\/www.intoscana.it\/it\/wp-json\/wp\/v2\/posts"}],"about":[{"href":"https:\/\/www.intoscana.it\/it\/wp-json\/wp\/v2\/types\/post"}],"author":[{"embeddable":true,"href":"https:\/\/www.intoscana.it\/it\/wp-json\/wp\/v2\/users\/525"}],"replies":[{"embeddable":true,"href":"https:\/\/www.intoscana.it\/it\/wp-json\/wp\/v2\/comments?post=306711"}],"version-history":[{"count":0,"href":"https:\/\/www.intoscana.it\/it\/wp-json\/wp\/v2\/posts\/306711\/revisions"}],"wp:featuredmedia":[{"embeddable":true,"href":"https:\/\/www.intoscana.it\/it\/wp-json\/wp\/v2\/media\/306718"}],"wp:attachment":[{"href":"https:\/\/www.intoscana.it\/it\/wp-json\/wp\/v2\/media?parent=306711"}],"wp:term":[{"taxonomy":"category","embeddable":true,"href":"https:\/\/www.intoscana.it\/it\/wp-json\/wp\/v2\/categories?post=306711"},{"taxonomy":"post_tag","embeddable":true,"href":"https:\/\/www.intoscana.it\/it\/wp-json\/wp\/v2\/tags?post=306711"}],"curies":[{"name":"wp","href":"https:\/\/api.w.org\/{rel}","templated":true}]}}