{"id":306772,"date":"2023-09-26T11:39:29","date_gmt":"2023-09-26T09:39:29","guid":{"rendered":"https:\/\/www.intoscana.it\/it\/?p=306772"},"modified":"2023-10-01T19:11:38","modified_gmt":"2023-10-01T17:11:38","slug":"valdichiana-capitale-cultura-2026","status":"publish","type":"post","link":"https:\/\/www.intoscana.it\/it\/valdichiana-capitale-cultura-2026\/","title":{"rendered":"Valdichiana Capitale italiana della cultura 2026: Paola Turci e Francesco Bianconi i testimonial"},"content":{"rendered":"<p>La<strong> Valdichiana<\/strong> si candida a <strong>Capitale italiana della cultura per il 2026<\/strong> con due testimonial d&#8217;eccezione: Paola Turci e Francesco Bianconi.\u00a0L\u2019Unione dei Comuni Valdichiana Senese ha trasmesso al Ministero della Cultura il <strong>dossier di candidatura<\/strong>, proseguendo quindi il percorso che ha attivato un\u2019ampia rete di collaborazioni territoriali, nazionali e internazionali.<\/p>\n<h3>I due artisti legati al territorio<\/h3>\n<p style=\"font-weight: 400;\">Il <strong>progetto culturale<\/strong> ha due testimoni tanto prestigiosi, quanto popolari: si tratta di Paola Turci e Francesco Bianconi, personalit\u00e0 rilevanti in ambito musicale, entrambe legate al territorio. <mark>Francesco Bianconi, cantautore e scrittore, <a href=\"https:\/\/www.intoscana.it\/it\/articolo\/baustelle-tour-concerto-firenze-biglietti-elvis\/\" target=\"_blank\" rel=\"noopener\">voce dei Baustelle<\/a>, \u00e8 originario di Montepulciano, mentre Paola Turci, cantautrice e musicista, si \u00e8 invece stabilita nel Comune di Trequanda.<\/mark><\/p>\n<p style=\"font-weight: 400;\">I due artisti saranno coinvolti in uno dei principali appuntamenti previsti dal programma che sar\u00e0 attuato in caso di conferimento del titolo di Capitale italiana della cultura.<\/p>\n<p style=\"font-weight: 400;\">Il dossier di candidatura scandisce infatti un numero considerevole di iniziative, la maggior parte delle quali \u00e8 stata ideata appositamente per il 2026, con l\u2019intento di<strong>rafforzare i servizi culturali <\/strong>del territorio, indicando anche un modello virtuoso per tutta Italia.<\/p>\n<figure id=\"post-306780 media-306780\" class=\"align-none\"><\/figure>\n<div class=\"titleimg\">\n<figure id=\"post-306781 media-306781\" class=\"align-none\">\n<p><figure style=\"width: 1500px\" class=\"wp-caption alignnone\"><img loading=\"lazy\" decoding=\"async\" src=\"https:\/\/www.intoscana.it\/wp-content\/uploads\/PAOLA_TURCI_.jpg\" alt=\"\" width=\"1500\" height=\"1110\" \/><figcaption class=\"wp-caption-text\">Paola Turci<\/figcaption><\/figure><\/figure>\n<\/div>\n<h3>Coinvolte 160 realt\u00e0 per Valdichiana 2026<\/h3>\n<p style=\"font-weight: 400;\">Il progetto di <mark>Valdichiana 2026 \u00e8 infatti avviato gi\u00e0 da due anni per mobilitare un processo partecipativo che ha coinvolto oltre 160 realt\u00e0 locali,<\/mark> mentre si sono aggiunti progressivamente numerosi partner di carattere istituzionale, accademico, culturale, sociale, economico.<\/p>\n<p style=\"font-weight: 400;\"><div class=\"focuson\"><a href=\"https:\/\/www.intoscana.it\/it\/articolo\/capitale-italiana-della-cultura-2026-le-quattro-candidate-dalla-toscana\/\"><img decoding=\"async\" class=\"lazy\" src=\"https:\/\/www.intoscana.it\/wp-content\/uploads\/piazza-anfiteatro-lucca.jpeg\" style=\"\">\n                <div class=\"cat\">Capitale italiana della Cultura 2026<\/div>\n                <h4>Le quattro candidate dalla Toscana<\/h4><\/a>\n              <\/div><\/p>\n<p style=\"font-weight: 400;\"><span style=\"font-weight: 400;\"><em>\u201cSiamo consapevoli di rappresentare il potenziale delle aree interne e siamo convinti di presentare un progetto culturale solido e autorevole, grazie al lavoro guidato dal nostro direttore di candidatura Filippo Del Corno &#8211; <\/em>spiega <strong>Agnese Carletti<\/strong>, presidente dell\u2019Unione dei Comuni Valdichiana Senese<\/span><b> &#8211; <\/b><em>siamo orgogliosi dei nostri testimoni <strong>Paola Turci e Francesco Bianconi<\/strong>, le cui storie dimostrano la capacit\u00e0 che ha la Valdichiana di riconoscere i talenti locali e di attrarre le personalit\u00e0 importanti delle arti e della cultura<\/em>\u201d.<\/p>\n<p>L\u2019Unione dei Comuni Valdichiana Senese associa le dieci municipalit\u00e0 di <mark>Cetona, Chianciano Terme, Chiusi, Montepulciano, Pienza, San Casciano dei Bagni, Sarteano, Sinalunga, Torrita di Siena e Trequanda<\/mark> che intendono valorizzare un ecosistema culturale unico.<\/p>\n<p style=\"font-weight: 400;\">La procedura per l\u2019assegnazione del titolo di Capitale italiana della cultura prevede ora la selezione dei <strong>dieci progetti finalisti<\/strong> che saranno annunciati dal Ministero della Cultura entro il 15 dicembre, mentre la proclamazione definitiva \u00e8 attesa per la primavera del 2024.<\/p>\n","protected":false},"excerpt":{"rendered":"<p>L&#8217;Unione dei Comuni Valdichiana Senese ha presentato il dossier per la candidatura: i due cantanti, molto legati al territorio, sono coinvolti nel progetto culturale<\/p>\n","protected":false},"author":525,"featured_media":272581,"comment_status":"open","ping_status":"open","sticky":false,"template":"","format":"standard","meta":{"_acf_changed":false,"footnotes":""},"categories":[493],"tags":[5598,4541],"class_list":["post-306772","post","type-post","status-publish","format-standard","has-post-thumbnail","hentry","category-cultura","tag-capitale-cultura","tag-valdichiana"],"acf":[],"yoast_head":"<!-- This site is optimized with the Yoast SEO Premium plugin v24.2 (Yoast SEO v25.6) - https:\/\/yoast.com\/wordpress\/plugins\/seo\/ -->\n<title>Valdichiana Capitale italiana della cultura 2026: Paola Turci e Francesco Bianconi i testimonial - intoscana<\/title>\n<meta name=\"description\" content=\"La Valdichiana ha presentato il dossier di candidatura a Capitale italiana della cultura 2026: testimonial Paola Turci e Francesco Bianconi.\" \/>\n<meta name=\"robots\" content=\"index, follow, max-snippet:-1, max-image-preview:large, max-video-preview:-1\" \/>\n<link rel=\"canonical\" href=\"https:\/\/www.intoscana.it\/it\/valdichiana-capitale-cultura-2026\/\" \/>\n<meta property=\"og:locale\" content=\"it_IT\" \/>\n<meta property=\"og:type\" content=\"article\" \/>\n<meta property=\"og:title\" content=\"Valdichiana Capitale italiana della cultura 2026: Paola Turci e Francesco Bianconi i testimonial\" \/>\n<meta property=\"og:description\" content=\"La Valdichiana ha presentato il dossier di candidatura a Capitale italiana della cultura 2026: testimonial Paola Turci e Francesco Bianconi.\" \/>\n<meta property=\"og:url\" content=\"https:\/\/www.intoscana.it\/it\/valdichiana-capitale-cultura-2026\/\" \/>\n<meta property=\"og:site_name\" content=\"intoscana\" \/>\n<meta property=\"article:publisher\" content=\"https:\/\/www.facebook.com\/intoscana.it\" \/>\n<meta property=\"article:published_time\" content=\"2023-09-26T09:39:29+00:00\" \/>\n<meta property=\"article:modified_time\" content=\"2023-10-01T17:11:38+00:00\" \/>\n<meta property=\"og:image\" content=\"https:\/\/www.intoscana.it\/wp-content\/uploads\/Valdichiana-vigneti-e-Montepulciano-scaled.jpg\" \/>\n\t<meta property=\"og:image:width\" content=\"2048\" \/>\n\t<meta property=\"og:image:height\" content=\"1365\" \/>\n\t<meta property=\"og:image:type\" content=\"image\/jpeg\" \/>\n<meta name=\"author\" content=\"Redazione\" \/>\n<meta name=\"twitter:card\" content=\"summary_large_image\" \/>\n<meta name=\"twitter:creator\" content=\"@intoscana\" \/>\n<meta name=\"twitter:site\" content=\"@intoscana\" \/>\n<meta name=\"twitter:label1\" content=\"Written by\" \/>\n\t<meta name=\"twitter:data1\" content=\"Redazione\" \/>\n\t<meta name=\"twitter:label2\" content=\"Est. reading time\" \/>\n\t<meta name=\"twitter:data2\" content=\"2 minuti\" \/>\n<script type=\"application\/ld+json\" class=\"yoast-schema-graph\">{\"@context\":\"https:\/\/schema.org\",\"@graph\":[{\"@type\":\"WebPage\",\"@id\":\"https:\/\/www.intoscana.it\/it\/valdichiana-capitale-cultura-2026\/\",\"url\":\"https:\/\/www.intoscana.it\/it\/valdichiana-capitale-cultura-2026\/\",\"name\":\"Valdichiana Capitale italiana della cultura 2026: Paola Turci e Francesco Bianconi i testimonial - intoscana\",\"isPartOf\":{\"@id\":\"https:\/\/www.intoscana.it\/it\/#website\"},\"primaryImageOfPage\":{\"@id\":\"https:\/\/www.intoscana.it\/it\/valdichiana-capitale-cultura-2026\/#primaryimage\"},\"image\":{\"@id\":\"https:\/\/www.intoscana.it\/it\/valdichiana-capitale-cultura-2026\/#primaryimage\"},\"thumbnailUrl\":\"https:\/\/www.intoscana.it\/wp-content\/uploads\/Valdichiana-vigneti-e-Montepulciano-scaled.jpg\",\"datePublished\":\"2023-09-26T09:39:29+00:00\",\"dateModified\":\"2023-10-01T17:11:38+00:00\",\"author\":{\"@id\":\"https:\/\/www.intoscana.it\/it\/#\/schema\/person\/9223810753230f20bd670fdd322661f8\"},\"description\":\"La Valdichiana ha presentato il dossier di candidatura a Capitale italiana della cultura 2026: testimonial Paola Turci e Francesco Bianconi.\",\"breadcrumb\":{\"@id\":\"https:\/\/www.intoscana.it\/it\/valdichiana-capitale-cultura-2026\/#breadcrumb\"},\"inLanguage\":\"it-IT\",\"potentialAction\":[{\"@type\":\"ReadAction\",\"target\":[\"https:\/\/www.intoscana.it\/it\/valdichiana-capitale-cultura-2026\/\"]}]},{\"@type\":\"ImageObject\",\"inLanguage\":\"it-IT\",\"@id\":\"https:\/\/www.intoscana.it\/it\/valdichiana-capitale-cultura-2026\/#primaryimage\",\"url\":\"https:\/\/www.intoscana.it\/wp-content\/uploads\/Valdichiana-vigneti-e-Montepulciano-scaled.jpg\",\"contentUrl\":\"https:\/\/www.intoscana.it\/wp-content\/uploads\/Valdichiana-vigneti-e-Montepulciano-scaled.jpg\",\"width\":2048,\"height\":1365},{\"@type\":\"BreadcrumbList\",\"@id\":\"https:\/\/www.intoscana.it\/it\/valdichiana-capitale-cultura-2026\/#breadcrumb\",\"itemListElement\":[{\"@type\":\"ListItem\",\"position\":1,\"name\":\"Home\",\"item\":\"https:\/\/www.intoscana.it\/it\/\"},{\"@type\":\"ListItem\",\"position\":2,\"name\":\"Valdichiana Capitale italiana della cultura 2026: Paola Turci e Francesco Bianconi i testimonial\"}]},{\"@type\":\"WebSite\",\"@id\":\"https:\/\/www.intoscana.it\/it\/#website\",\"url\":\"https:\/\/www.intoscana.it\/it\/\",\"name\":\"intoscana\",\"description\":\"\",\"potentialAction\":[{\"@type\":\"SearchAction\",\"target\":{\"@type\":\"EntryPoint\",\"urlTemplate\":\"https:\/\/www.intoscana.it\/it\/?s={search_term_string}\"},\"query-input\":{\"@type\":\"PropertyValueSpecification\",\"valueRequired\":true,\"valueName\":\"search_term_string\"}}],\"inLanguage\":\"it-IT\"},{\"@type\":\"Person\",\"@id\":\"https:\/\/www.intoscana.it\/it\/#\/schema\/person\/9223810753230f20bd670fdd322661f8\",\"name\":\"Redazione\",\"url\":\"https:\/\/www.intoscana.it\/it\/author\/redazione\/\"}]}<\/script>\n<!-- \/ Yoast SEO Premium plugin. -->","yoast_head_json":{"title":"Valdichiana Capitale italiana della cultura 2026: Paola Turci e Francesco Bianconi i testimonial - intoscana","description":"La Valdichiana ha presentato il dossier di candidatura a Capitale italiana della cultura 2026: testimonial Paola Turci e Francesco Bianconi.","robots":{"index":"index","follow":"follow","max-snippet":"max-snippet:-1","max-image-preview":"max-image-preview:large","max-video-preview":"max-video-preview:-1"},"canonical":"https:\/\/www.intoscana.it\/it\/valdichiana-capitale-cultura-2026\/","og_locale":"it_IT","og_type":"article","og_title":"Valdichiana Capitale italiana della cultura 2026: Paola Turci e Francesco Bianconi i testimonial","og_description":"La Valdichiana ha presentato il dossier di candidatura a Capitale italiana della cultura 2026: testimonial Paola Turci e Francesco Bianconi.","og_url":"https:\/\/www.intoscana.it\/it\/valdichiana-capitale-cultura-2026\/","og_site_name":"intoscana","article_publisher":"https:\/\/www.facebook.com\/intoscana.it","article_published_time":"2023-09-26T09:39:29+00:00","article_modified_time":"2023-10-01T17:11:38+00:00","og_image":[{"width":2048,"height":1365,"url":"https:\/\/www.intoscana.it\/wp-content\/uploads\/Valdichiana-vigneti-e-Montepulciano-scaled.jpg","type":"image\/jpeg"}],"author":"Redazione","twitter_card":"summary_large_image","twitter_creator":"@intoscana","twitter_site":"@intoscana","twitter_misc":{"Written by":"Redazione","Est. reading time":"2 minuti"},"schema":{"@context":"https:\/\/schema.org","@graph":[{"@type":"WebPage","@id":"https:\/\/www.intoscana.it\/it\/valdichiana-capitale-cultura-2026\/","url":"https:\/\/www.intoscana.it\/it\/valdichiana-capitale-cultura-2026\/","name":"Valdichiana Capitale italiana della cultura 2026: Paola Turci e Francesco Bianconi i testimonial - intoscana","isPartOf":{"@id":"https:\/\/www.intoscana.it\/it\/#website"},"primaryImageOfPage":{"@id":"https:\/\/www.intoscana.it\/it\/valdichiana-capitale-cultura-2026\/#primaryimage"},"image":{"@id":"https:\/\/www.intoscana.it\/it\/valdichiana-capitale-cultura-2026\/#primaryimage"},"thumbnailUrl":"https:\/\/www.intoscana.it\/wp-content\/uploads\/Valdichiana-vigneti-e-Montepulciano-scaled.jpg","datePublished":"2023-09-26T09:39:29+00:00","dateModified":"2023-10-01T17:11:38+00:00","author":{"@id":"https:\/\/www.intoscana.it\/it\/#\/schema\/person\/9223810753230f20bd670fdd322661f8"},"description":"La Valdichiana ha presentato il dossier di candidatura a Capitale italiana della cultura 2026: testimonial Paola Turci e Francesco Bianconi.","breadcrumb":{"@id":"https:\/\/www.intoscana.it\/it\/valdichiana-capitale-cultura-2026\/#breadcrumb"},"inLanguage":"it-IT","potentialAction":[{"@type":"ReadAction","target":["https:\/\/www.intoscana.it\/it\/valdichiana-capitale-cultura-2026\/"]}]},{"@type":"ImageObject","inLanguage":"it-IT","@id":"https:\/\/www.intoscana.it\/it\/valdichiana-capitale-cultura-2026\/#primaryimage","url":"https:\/\/www.intoscana.it\/wp-content\/uploads\/Valdichiana-vigneti-e-Montepulciano-scaled.jpg","contentUrl":"https:\/\/www.intoscana.it\/wp-content\/uploads\/Valdichiana-vigneti-e-Montepulciano-scaled.jpg","width":2048,"height":1365},{"@type":"BreadcrumbList","@id":"https:\/\/www.intoscana.it\/it\/valdichiana-capitale-cultura-2026\/#breadcrumb","itemListElement":[{"@type":"ListItem","position":1,"name":"Home","item":"https:\/\/www.intoscana.it\/it\/"},{"@type":"ListItem","position":2,"name":"Valdichiana Capitale italiana della cultura 2026: Paola Turci e Francesco Bianconi i testimonial"}]},{"@type":"WebSite","@id":"https:\/\/www.intoscana.it\/it\/#website","url":"https:\/\/www.intoscana.it\/it\/","name":"intoscana","description":"","potentialAction":[{"@type":"SearchAction","target":{"@type":"EntryPoint","urlTemplate":"https:\/\/www.intoscana.it\/it\/?s={search_term_string}"},"query-input":{"@type":"PropertyValueSpecification","valueRequired":true,"valueName":"search_term_string"}}],"inLanguage":"it-IT"},{"@type":"Person","@id":"https:\/\/www.intoscana.it\/it\/#\/schema\/person\/9223810753230f20bd670fdd322661f8","name":"Redazione","url":"https:\/\/www.intoscana.it\/it\/author\/redazione\/"}]}},"_links":{"self":[{"href":"https:\/\/www.intoscana.it\/it\/wp-json\/wp\/v2\/posts\/306772","targetHints":{"allow":["GET"]}}],"collection":[{"href":"https:\/\/www.intoscana.it\/it\/wp-json\/wp\/v2\/posts"}],"about":[{"href":"https:\/\/www.intoscana.it\/it\/wp-json\/wp\/v2\/types\/post"}],"author":[{"embeddable":true,"href":"https:\/\/www.intoscana.it\/it\/wp-json\/wp\/v2\/users\/525"}],"replies":[{"embeddable":true,"href":"https:\/\/www.intoscana.it\/it\/wp-json\/wp\/v2\/comments?post=306772"}],"version-history":[{"count":0,"href":"https:\/\/www.intoscana.it\/it\/wp-json\/wp\/v2\/posts\/306772\/revisions"}],"wp:featuredmedia":[{"embeddable":true,"href":"https:\/\/www.intoscana.it\/it\/wp-json\/wp\/v2\/media\/272581"}],"wp:attachment":[{"href":"https:\/\/www.intoscana.it\/it\/wp-json\/wp\/v2\/media?parent=306772"}],"wp:term":[{"taxonomy":"category","embeddable":true,"href":"https:\/\/www.intoscana.it\/it\/wp-json\/wp\/v2\/categories?post=306772"},{"taxonomy":"post_tag","embeddable":true,"href":"https:\/\/www.intoscana.it\/it\/wp-json\/wp\/v2\/tags?post=306772"}],"curies":[{"name":"wp","href":"https:\/\/api.w.org\/{rel}","templated":true}]}}