{"id":306959,"date":"2023-09-27T10:36:50","date_gmt":"2023-09-27T08:36:50","guid":{"rendered":"https:\/\/www.intoscana.it\/it\/?p=306959"},"modified":"2023-09-27T10:36:50","modified_gmt":"2023-09-27T08:36:50","slug":"a-tavarnelle-val-di-pesa-straordinario-ritrovamento-di-uno-scheletro-umano-intero-risalente-al-medioevo","status":"publish","type":"post","link":"https:\/\/www.intoscana.it\/it\/a-tavarnelle-val-di-pesa-straordinario-ritrovamento-di-uno-scheletro-umano-intero-risalente-al-medioevo\/","title":{"rendered":"A Tavarnelle Val di Pesa straordinario ritrovamento di uno scheletro umano intero risalente al Medioevo"},"content":{"rendered":"<p>Da alcuni giorni <strong>sono ripartite le indagini archeologiche<\/strong> giunte alla <strong>quarta campagna di scavi<\/strong> nell\u2019area adiacente alla <strong>Pieve di San Pietro in Bossolo, a Tavarnelle Val di Pesa<\/strong>, nell\u2019ambito del progetto culturale finanziato dal <strong>Comune di Barberino Tavarnelle<\/strong>, ottenuto in concessione dal <strong>Ministero per i Beni Culturali<\/strong> e realizzato, su incarico dell\u2019amministrazione comunale, dalla <strong>Cooperativa Laboratori Archeologici San Gallo.<\/strong><\/p>\n<p><strong>Tra gli elementi di novit\u00e0<\/strong> emersi fino a questo momento si evidenzia <strong>il ritrovamento di una sepoltura<\/strong> posta nell\u2019area sud dove \u00e8 stata ampliata l\u2019area di scavo.<\/p>\n<p><strong>Si tratta di uno scheletro probabilmente uomo,<\/strong> senza corredo, che si aggiunge a quella scoperta lo scorso anno nella stessa area, a pochi metri di distanza.<\/p>\n<p><em>\u201cI dati fin qui raccolti \u2013<\/em><strong> dichiara l\u2019archeologa Chiara Marcotulli <\/strong><em>&#8211; sembrano confermare un orizzonte cronologico<strong> fra epoca tardo antica e Medioevo,<\/strong> dato il ritrovamento di reperti che sono ancora in corso di studio ma che, al momento, sono databili <strong>fra la fine del IV e l&#8217;XI secolo d.C\u201d.<\/strong><\/em><\/p>\n<p><em>\u201cIl sito archeologico presso la <strong>Pieve di San Pietro in Bossolo<\/strong> \u2013 <\/em><strong>riprende l\u2019archeologa <\/strong><em>&#8211; \u00e8, quindi, caratterizzato da pi\u00f9 fasi di vita, la cui consistenza \u00e8 da verificare, che si sono articolate in un ampio lasso di tempo. Si tratta di un periodo di transizione complesso e relativamente poco noto dalle fonti scritte, sul quale proprio le indagini archeologiche saranno in grado di fornire informazioni preziose, utili per il progresso della conoscenza sulla storia e le trasformazioni delle nostre campagne\u201d.<\/em><\/p>\n<p>Il <strong>team di archeologi, diretto da Chiara Marcotulli<\/strong>, \u00e8 composto da <strong>Francesca Cheli, Lapo Somigli, Laura Torsellini e Benedetta Pacini<\/strong>, e dalle archeoantropologhe <strong>Silvia Gori ed Elisa Mori. <\/strong><\/p>\n<p>Fa parte del gruppo di lavoro, inoltre, una studentessa della<strong> Scuola di Specializzazione in Beni Archeologici dell&#8217;Universit\u00e0 di Firenze, Chiara Santini,<\/strong> che sta svolgendo una tesi sui reperti ceramici di San Pietro in Bossolo.<\/p>\n<figure id=\"post-306966 media-306966\" class=\"align-none\"><img decoding=\"async\" src=\"https:\/\/www.intoscana.it\/wp-content\/uploads\/scoperta6.jpg\" alt=\"\" \/><\/figure>\n<p>Da quest&#8217;anno ha preso avvio anche il progetto di <strong>Archeologia Pubblica<\/strong>, con il coordinamento delle archeologhe <strong>Marianna De Falco e Chiara Molducci<\/strong>, con l&#8217;obiettivo di raccontare le indagini e coinvolgere la comunit\u00e0 locale.<\/p>\n<p><em>\u201cSiamo molto contenti del percorso di ricerca condotto dal 2020 \u2013 <\/em><strong>dichiara il sindaco David Baroncelli &#8211; <\/strong><em>lo scavo ha permesso fino a questo momento di rilevare parti di strutture murarie significative, identificate come fondazioni di un edificio, un considerevole quantitativo di frammenti di ceramica di epoca romana, tardo antica e medievale e due sepolture che potrebbero essere fra le tracce di vita pi\u00f9 antiche del sito\u201d.<\/em><\/p>\n<p>L\u2019indagine dunque prosegue, approfondisce e si amplia per <strong>un ciclo di scavi che terminer\u00e0 il 29 settembre<\/strong> con l\u2019intento di stabilire l\u2019identit\u00e0 e la consistenza delle strutture e i depositi archeologici.<\/p>\n<p><em>\u201cContinuiamo ad attuare un piano di interventi esteso e intensivo \u2013<\/em><strong> conclude il sindaco <\/strong><em>&#8211; affinch\u00e9 si possa giungere ad una rilettura complessiva del sito di San Pietro in Bossolo\u201d.<\/em><\/p>\n<figure id=\"post-306960 media-306960\" class=\"align-none\"><img decoding=\"async\" src=\"https:\/\/www.intoscana.it\/wp-content\/uploads\/scoperta-1.jpg\" alt=\"\" \/><\/figure>\n<div class=\"titleimg\"><\/div>\n","protected":false},"excerpt":{"rendered":"<p>La campagna di scavi, finanziata dal Comune e concessa dal Ministero per i Beni culturali, ha portato alla luce resti che testimoniano la vita sotto la Pieve di San Pietro in Bossolo<\/p>\n","protected":false},"author":525,"featured_media":306961,"comment_status":"open","ping_status":"open","sticky":false,"template":"","format":"standard","meta":{"_acf_changed":false,"footnotes":""},"categories":[493],"tags":[208,353],"class_list":["post-306959","post","type-post","status-publish","format-standard","has-post-thumbnail","hentry","category-cultura","tag-archeologia","tag-universita-di-firenze"],"acf":[],"yoast_head":"<!-- This site is optimized with the Yoast SEO Premium plugin v24.2 (Yoast SEO v25.6) - https:\/\/yoast.com\/wordpress\/plugins\/seo\/ -->\n<title>A Tavarnelle Val di Pesa straordinario ritrovamento di uno scheletro umano intero risalente al Medioevo - intoscana<\/title>\n<meta name=\"description\" content=\"La campagna di scavi, finanziata dal Comune e concessa dal Ministero per i Beni culturali, ha portato alla luce resti sotto la Pieve\" \/>\n<meta name=\"robots\" content=\"index, follow, max-snippet:-1, max-image-preview:large, max-video-preview:-1\" \/>\n<link rel=\"canonical\" href=\"https:\/\/www.intoscana.it\/it\/a-tavarnelle-val-di-pesa-straordinario-ritrovamento-di-uno-scheletro-umano-intero-risalente-al-medioevo\/\" \/>\n<meta property=\"og:locale\" content=\"it_IT\" \/>\n<meta property=\"og:type\" content=\"article\" \/>\n<meta property=\"og:title\" content=\"A Tavarnelle Val di Pesa straordinario ritrovamento di uno scheletro umano intero risalente al Medioevo\" \/>\n<meta property=\"og:description\" content=\"La campagna di scavi, finanziata dal Comune e concessa dal Ministero per i Beni culturali, ha portato alla luce resti sotto la Pieve\" \/>\n<meta property=\"og:url\" content=\"https:\/\/www.intoscana.it\/it\/a-tavarnelle-val-di-pesa-straordinario-ritrovamento-di-uno-scheletro-umano-intero-risalente-al-medioevo\/\" \/>\n<meta property=\"og:site_name\" content=\"intoscana\" \/>\n<meta property=\"article:publisher\" content=\"https:\/\/www.facebook.com\/intoscana.it\" \/>\n<meta property=\"article:published_time\" content=\"2023-09-27T08:36:50+00:00\" \/>\n<meta property=\"og:image\" content=\"https:\/\/www.intoscana.it\/wp-content\/uploads\/scoperta-archeologica-Tavarnelle.jpg\" \/>\n\t<meta property=\"og:image:width\" content=\"1600\" \/>\n\t<meta property=\"og:image:height\" content=\"1200\" \/>\n\t<meta property=\"og:image:type\" content=\"image\/jpeg\" \/>\n<meta name=\"author\" content=\"Redazione\" \/>\n<meta name=\"twitter:card\" content=\"summary_large_image\" \/>\n<meta name=\"twitter:creator\" content=\"@intoscana\" \/>\n<meta name=\"twitter:site\" content=\"@intoscana\" \/>\n<meta name=\"twitter:label1\" content=\"Written by\" \/>\n\t<meta name=\"twitter:data1\" content=\"Redazione\" \/>\n\t<meta name=\"twitter:label2\" content=\"Est. reading time\" \/>\n\t<meta name=\"twitter:data2\" content=\"2 minuti\" \/>\n<script type=\"application\/ld+json\" class=\"yoast-schema-graph\">{\"@context\":\"https:\/\/schema.org\",\"@graph\":[{\"@type\":\"WebPage\",\"@id\":\"https:\/\/www.intoscana.it\/it\/a-tavarnelle-val-di-pesa-straordinario-ritrovamento-di-uno-scheletro-umano-intero-risalente-al-medioevo\/\",\"url\":\"https:\/\/www.intoscana.it\/it\/a-tavarnelle-val-di-pesa-straordinario-ritrovamento-di-uno-scheletro-umano-intero-risalente-al-medioevo\/\",\"name\":\"A Tavarnelle Val di Pesa straordinario ritrovamento di uno scheletro umano intero risalente al Medioevo - intoscana\",\"isPartOf\":{\"@id\":\"https:\/\/www.intoscana.it\/it\/#website\"},\"primaryImageOfPage\":{\"@id\":\"https:\/\/www.intoscana.it\/it\/a-tavarnelle-val-di-pesa-straordinario-ritrovamento-di-uno-scheletro-umano-intero-risalente-al-medioevo\/#primaryimage\"},\"image\":{\"@id\":\"https:\/\/www.intoscana.it\/it\/a-tavarnelle-val-di-pesa-straordinario-ritrovamento-di-uno-scheletro-umano-intero-risalente-al-medioevo\/#primaryimage\"},\"thumbnailUrl\":\"https:\/\/www.intoscana.it\/wp-content\/uploads\/scoperta-archeologica-Tavarnelle.jpg\",\"datePublished\":\"2023-09-27T08:36:50+00:00\",\"author\":{\"@id\":\"https:\/\/www.intoscana.it\/it\/#\/schema\/person\/9223810753230f20bd670fdd322661f8\"},\"description\":\"La campagna di scavi, finanziata dal Comune e concessa dal Ministero per i Beni culturali, ha portato alla luce resti sotto la Pieve\",\"breadcrumb\":{\"@id\":\"https:\/\/www.intoscana.it\/it\/a-tavarnelle-val-di-pesa-straordinario-ritrovamento-di-uno-scheletro-umano-intero-risalente-al-medioevo\/#breadcrumb\"},\"inLanguage\":\"it-IT\",\"potentialAction\":[{\"@type\":\"ReadAction\",\"target\":[\"https:\/\/www.intoscana.it\/it\/a-tavarnelle-val-di-pesa-straordinario-ritrovamento-di-uno-scheletro-umano-intero-risalente-al-medioevo\/\"]}]},{\"@type\":\"ImageObject\",\"inLanguage\":\"it-IT\",\"@id\":\"https:\/\/www.intoscana.it\/it\/a-tavarnelle-val-di-pesa-straordinario-ritrovamento-di-uno-scheletro-umano-intero-risalente-al-medioevo\/#primaryimage\",\"url\":\"https:\/\/www.intoscana.it\/wp-content\/uploads\/scoperta-archeologica-Tavarnelle.jpg\",\"contentUrl\":\"https:\/\/www.intoscana.it\/wp-content\/uploads\/scoperta-archeologica-Tavarnelle.jpg\",\"width\":1600,\"height\":1200},{\"@type\":\"BreadcrumbList\",\"@id\":\"https:\/\/www.intoscana.it\/it\/a-tavarnelle-val-di-pesa-straordinario-ritrovamento-di-uno-scheletro-umano-intero-risalente-al-medioevo\/#breadcrumb\",\"itemListElement\":[{\"@type\":\"ListItem\",\"position\":1,\"name\":\"Home\",\"item\":\"https:\/\/www.intoscana.it\/it\/\"},{\"@type\":\"ListItem\",\"position\":2,\"name\":\"A Tavarnelle Val di Pesa straordinario ritrovamento di uno scheletro umano intero risalente al Medioevo\"}]},{\"@type\":\"WebSite\",\"@id\":\"https:\/\/www.intoscana.it\/it\/#website\",\"url\":\"https:\/\/www.intoscana.it\/it\/\",\"name\":\"intoscana\",\"description\":\"\",\"potentialAction\":[{\"@type\":\"SearchAction\",\"target\":{\"@type\":\"EntryPoint\",\"urlTemplate\":\"https:\/\/www.intoscana.it\/it\/?s={search_term_string}\"},\"query-input\":{\"@type\":\"PropertyValueSpecification\",\"valueRequired\":true,\"valueName\":\"search_term_string\"}}],\"inLanguage\":\"it-IT\"},{\"@type\":\"Person\",\"@id\":\"https:\/\/www.intoscana.it\/it\/#\/schema\/person\/9223810753230f20bd670fdd322661f8\",\"name\":\"Redazione\",\"url\":\"https:\/\/www.intoscana.it\/it\/author\/redazione\/\"}]}<\/script>\n<!-- \/ Yoast SEO Premium plugin. -->","yoast_head_json":{"title":"A Tavarnelle Val di Pesa straordinario ritrovamento di uno scheletro umano intero risalente al Medioevo - intoscana","description":"La campagna di scavi, finanziata dal Comune e concessa dal Ministero per i Beni culturali, ha portato alla luce resti sotto la Pieve","robots":{"index":"index","follow":"follow","max-snippet":"max-snippet:-1","max-image-preview":"max-image-preview:large","max-video-preview":"max-video-preview:-1"},"canonical":"https:\/\/www.intoscana.it\/it\/a-tavarnelle-val-di-pesa-straordinario-ritrovamento-di-uno-scheletro-umano-intero-risalente-al-medioevo\/","og_locale":"it_IT","og_type":"article","og_title":"A Tavarnelle Val di Pesa straordinario ritrovamento di uno scheletro umano intero risalente al Medioevo","og_description":"La campagna di scavi, finanziata dal Comune e concessa dal Ministero per i Beni culturali, ha portato alla luce resti sotto la Pieve","og_url":"https:\/\/www.intoscana.it\/it\/a-tavarnelle-val-di-pesa-straordinario-ritrovamento-di-uno-scheletro-umano-intero-risalente-al-medioevo\/","og_site_name":"intoscana","article_publisher":"https:\/\/www.facebook.com\/intoscana.it","article_published_time":"2023-09-27T08:36:50+00:00","og_image":[{"width":1600,"height":1200,"url":"https:\/\/www.intoscana.it\/wp-content\/uploads\/scoperta-archeologica-Tavarnelle.jpg","type":"image\/jpeg"}],"author":"Redazione","twitter_card":"summary_large_image","twitter_creator":"@intoscana","twitter_site":"@intoscana","twitter_misc":{"Written by":"Redazione","Est. reading time":"2 minuti"},"schema":{"@context":"https:\/\/schema.org","@graph":[{"@type":"WebPage","@id":"https:\/\/www.intoscana.it\/it\/a-tavarnelle-val-di-pesa-straordinario-ritrovamento-di-uno-scheletro-umano-intero-risalente-al-medioevo\/","url":"https:\/\/www.intoscana.it\/it\/a-tavarnelle-val-di-pesa-straordinario-ritrovamento-di-uno-scheletro-umano-intero-risalente-al-medioevo\/","name":"A Tavarnelle Val di Pesa straordinario ritrovamento di uno scheletro umano intero risalente al Medioevo - intoscana","isPartOf":{"@id":"https:\/\/www.intoscana.it\/it\/#website"},"primaryImageOfPage":{"@id":"https:\/\/www.intoscana.it\/it\/a-tavarnelle-val-di-pesa-straordinario-ritrovamento-di-uno-scheletro-umano-intero-risalente-al-medioevo\/#primaryimage"},"image":{"@id":"https:\/\/www.intoscana.it\/it\/a-tavarnelle-val-di-pesa-straordinario-ritrovamento-di-uno-scheletro-umano-intero-risalente-al-medioevo\/#primaryimage"},"thumbnailUrl":"https:\/\/www.intoscana.it\/wp-content\/uploads\/scoperta-archeologica-Tavarnelle.jpg","datePublished":"2023-09-27T08:36:50+00:00","author":{"@id":"https:\/\/www.intoscana.it\/it\/#\/schema\/person\/9223810753230f20bd670fdd322661f8"},"description":"La campagna di scavi, finanziata dal Comune e concessa dal Ministero per i Beni culturali, ha portato alla luce resti sotto la Pieve","breadcrumb":{"@id":"https:\/\/www.intoscana.it\/it\/a-tavarnelle-val-di-pesa-straordinario-ritrovamento-di-uno-scheletro-umano-intero-risalente-al-medioevo\/#breadcrumb"},"inLanguage":"it-IT","potentialAction":[{"@type":"ReadAction","target":["https:\/\/www.intoscana.it\/it\/a-tavarnelle-val-di-pesa-straordinario-ritrovamento-di-uno-scheletro-umano-intero-risalente-al-medioevo\/"]}]},{"@type":"ImageObject","inLanguage":"it-IT","@id":"https:\/\/www.intoscana.it\/it\/a-tavarnelle-val-di-pesa-straordinario-ritrovamento-di-uno-scheletro-umano-intero-risalente-al-medioevo\/#primaryimage","url":"https:\/\/www.intoscana.it\/wp-content\/uploads\/scoperta-archeologica-Tavarnelle.jpg","contentUrl":"https:\/\/www.intoscana.it\/wp-content\/uploads\/scoperta-archeologica-Tavarnelle.jpg","width":1600,"height":1200},{"@type":"BreadcrumbList","@id":"https:\/\/www.intoscana.it\/it\/a-tavarnelle-val-di-pesa-straordinario-ritrovamento-di-uno-scheletro-umano-intero-risalente-al-medioevo\/#breadcrumb","itemListElement":[{"@type":"ListItem","position":1,"name":"Home","item":"https:\/\/www.intoscana.it\/it\/"},{"@type":"ListItem","position":2,"name":"A Tavarnelle Val di Pesa straordinario ritrovamento di uno scheletro umano intero risalente al Medioevo"}]},{"@type":"WebSite","@id":"https:\/\/www.intoscana.it\/it\/#website","url":"https:\/\/www.intoscana.it\/it\/","name":"intoscana","description":"","potentialAction":[{"@type":"SearchAction","target":{"@type":"EntryPoint","urlTemplate":"https:\/\/www.intoscana.it\/it\/?s={search_term_string}"},"query-input":{"@type":"PropertyValueSpecification","valueRequired":true,"valueName":"search_term_string"}}],"inLanguage":"it-IT"},{"@type":"Person","@id":"https:\/\/www.intoscana.it\/it\/#\/schema\/person\/9223810753230f20bd670fdd322661f8","name":"Redazione","url":"https:\/\/www.intoscana.it\/it\/author\/redazione\/"}]}},"_links":{"self":[{"href":"https:\/\/www.intoscana.it\/it\/wp-json\/wp\/v2\/posts\/306959","targetHints":{"allow":["GET"]}}],"collection":[{"href":"https:\/\/www.intoscana.it\/it\/wp-json\/wp\/v2\/posts"}],"about":[{"href":"https:\/\/www.intoscana.it\/it\/wp-json\/wp\/v2\/types\/post"}],"author":[{"embeddable":true,"href":"https:\/\/www.intoscana.it\/it\/wp-json\/wp\/v2\/users\/525"}],"replies":[{"embeddable":true,"href":"https:\/\/www.intoscana.it\/it\/wp-json\/wp\/v2\/comments?post=306959"}],"version-history":[{"count":0,"href":"https:\/\/www.intoscana.it\/it\/wp-json\/wp\/v2\/posts\/306959\/revisions"}],"wp:featuredmedia":[{"embeddable":true,"href":"https:\/\/www.intoscana.it\/it\/wp-json\/wp\/v2\/media\/306961"}],"wp:attachment":[{"href":"https:\/\/www.intoscana.it\/it\/wp-json\/wp\/v2\/media?parent=306959"}],"wp:term":[{"taxonomy":"category","embeddable":true,"href":"https:\/\/www.intoscana.it\/it\/wp-json\/wp\/v2\/categories?post=306959"},{"taxonomy":"post_tag","embeddable":true,"href":"https:\/\/www.intoscana.it\/it\/wp-json\/wp\/v2\/tags?post=306959"}],"curies":[{"name":"wp","href":"https:\/\/api.w.org\/{rel}","templated":true}]}}