{"id":307251,"date":"2023-09-28T12:56:52","date_gmt":"2023-09-28T10:56:52","guid":{"rendered":"https:\/\/www.intoscana.it\/it\/?p=307251"},"modified":"2023-09-28T13:00:27","modified_gmt":"2023-09-28T11:00:27","slug":"fauna-selvatica-in-difficolta-piu-risorse-dalla-regione","status":"publish","type":"post","link":"https:\/\/www.intoscana.it\/it\/fauna-selvatica-in-difficolta-piu-risorse-dalla-regione\/","title":{"rendered":"Fauna selvatica in difficolt\u00e0, pi\u00f9 risorse dalla Regione"},"content":{"rendered":"<div class=\"rt-page__content rt-page-content--left\">\n<div class=\"rt-page__content-text\">\n<p>Mantenendo l\u2019impegno per <mark>la salvaguardia della fauna selvatica in difficolt\u00e0<\/mark>, la Regione ha aumentato con ulteriori <strong>25mila euro<\/strong> le risorse a disposizione del <strong>servizio regionale di soccorso fauna<\/strong> che attualmente \u00e8 gestito dalla <strong>Asl Toscana Centro<\/strong>.<\/p>\n<p>Il servizio consiste nel soccorso della<strong> fauna selvatica ferita e in difficolt\u00e0<\/strong> e si attiva in base a priorit\u00e0, privilegiando le <strong>specie selvatiche a rischio<\/strong> (come rapaci e specie autoctone) contattando gli organi di vigilanza locale. Saranno questi ultimi ad attivare il servizio. Caso a s\u00e9, i <strong>cinghiali<\/strong> per i quali, essendo in corso l\u2019emergenza legata alla <strong>peste suina africana<\/strong>, sono previsti speciali protocolli.<\/p>\n<p>&#8220;<em>Per tutti i casi di difficolt\u00e0 della fauna sia in ambienti naturali sia, come succede sempre pi\u00f9 spesso, in ambienti antropici, sono stati formulati degli indirizzi operativi uniformi da tempo<\/em>&#8211; spiega la vice presidente della Regione Toscana <strong>Stefania<\/strong> <strong>Saccardi<\/strong> &#8211; <em>Soccorrere un animale selvatico in difficolt\u00e0 \u00e8 un gesto che necessita di linee guida di comportamento e procedure che garantiscano non solo maggiori possibilit\u00e0 di cura e recupero dell&#8217;animale soccorso ma anche l&#8217;incolumit\u00e0 di chi si trova ad intervenire per primo. La tutela e il recupero della fauna \u00e8 una missione importantissima, portata avanti con passione da tanti volontari e da personale qualificato che ogni giorno lavora per il benessere animale<\/em>\u201d.<\/p>\n<p>&nbsp;<\/p>\n<\/div>\n<\/div>\n<div class=\"rt-btn-wrapper rt-btn-wrapper--right-align\">\n<div class=\"a2a_kit a2a_kit_size_32 a2a_default_style\" data-a2a-title=\"Pi\u00f9 risorse per la salvaguardia della fauna selvatica in difficolt\u00e0\"><\/div>\n<\/div>\n","protected":false},"excerpt":{"rendered":"<p>Sar\u00e0 rafforzato il servizio di soccorso sul territorio per la salvaguarda degli animali a rischio di estinzione. Saccardi: &#8220;La tutela e il recupero della fauna una missione importantissima&#8221;<\/p>\n","protected":false},"author":525,"featured_media":269666,"comment_status":"open","ping_status":"open","sticky":false,"template":"","format":"standard","meta":{"_acf_changed":false,"footnotes":""},"categories":[19],"tags":[177,4478,151],"class_list":["post-307251","post","type-post","status-publish","format-standard","has-post-thumbnail","hentry","category-ambiente","tag-ambiente","tag-animali","tag-regione-toscana"],"acf":[],"yoast_head":"<!-- This site is optimized with the Yoast SEO Premium plugin v24.2 (Yoast SEO v25.6) - https:\/\/yoast.com\/wordpress\/plugins\/seo\/ -->\n<title>Fauna selvatica in difficolt\u00e0, pi\u00f9 risorse dalla Regione - intoscana<\/title>\n<meta name=\"description\" content=\"Sar\u00e0 rafforzato il servizio di soccorso sul territorio per la salvaguarda degli animali a rischio di estinzione\" \/>\n<meta name=\"robots\" content=\"index, follow, max-snippet:-1, max-image-preview:large, max-video-preview:-1\" \/>\n<link rel=\"canonical\" href=\"https:\/\/www.intoscana.it\/it\/fauna-selvatica-in-difficolta-piu-risorse-dalla-regione\/\" \/>\n<meta property=\"og:locale\" content=\"it_IT\" \/>\n<meta property=\"og:type\" content=\"article\" \/>\n<meta property=\"og:title\" content=\"Fauna selvatica in difficolt\u00e0, pi\u00f9 risorse dalla Regione\" \/>\n<meta property=\"og:description\" content=\"Sar\u00e0 rafforzato il servizio di soccorso sul territorio per la salvaguarda degli animali a rischio di estinzione\" \/>\n<meta property=\"og:url\" content=\"https:\/\/www.intoscana.it\/it\/fauna-selvatica-in-difficolta-piu-risorse-dalla-regione\/\" \/>\n<meta property=\"og:site_name\" content=\"intoscana\" \/>\n<meta property=\"article:publisher\" content=\"https:\/\/www.facebook.com\/intoscana.it\" \/>\n<meta property=\"article:published_time\" content=\"2023-09-28T10:56:52+00:00\" \/>\n<meta property=\"article:modified_time\" content=\"2023-09-28T11:00:27+00:00\" \/>\n<meta property=\"og:image\" content=\"https:\/\/www.intoscana.it\/wp-content\/uploads\/Una-volpe-fotograta-nel-suo-habitat-\u00a9-Muse.jpeg\" \/>\n\t<meta property=\"og:image:width\" content=\"1170\" \/>\n\t<meta property=\"og:image:height\" content=\"823\" \/>\n\t<meta property=\"og:image:type\" content=\"image\/jpeg\" \/>\n<meta name=\"author\" content=\"Redazione\" \/>\n<meta name=\"twitter:card\" content=\"summary_large_image\" \/>\n<meta name=\"twitter:creator\" content=\"@intoscana\" \/>\n<meta name=\"twitter:site\" content=\"@intoscana\" \/>\n<meta name=\"twitter:label1\" content=\"Written by\" \/>\n\t<meta name=\"twitter:data1\" content=\"Redazione\" \/>\n\t<meta name=\"twitter:label2\" content=\"Est. reading time\" \/>\n\t<meta name=\"twitter:data2\" content=\"1 minuto\" \/>\n<script type=\"application\/ld+json\" class=\"yoast-schema-graph\">{\"@context\":\"https:\/\/schema.org\",\"@graph\":[{\"@type\":\"WebPage\",\"@id\":\"https:\/\/www.intoscana.it\/it\/fauna-selvatica-in-difficolta-piu-risorse-dalla-regione\/\",\"url\":\"https:\/\/www.intoscana.it\/it\/fauna-selvatica-in-difficolta-piu-risorse-dalla-regione\/\",\"name\":\"Fauna selvatica in difficolt\u00e0, pi\u00f9 risorse dalla Regione - intoscana\",\"isPartOf\":{\"@id\":\"https:\/\/www.intoscana.it\/it\/#website\"},\"primaryImageOfPage\":{\"@id\":\"https:\/\/www.intoscana.it\/it\/fauna-selvatica-in-difficolta-piu-risorse-dalla-regione\/#primaryimage\"},\"image\":{\"@id\":\"https:\/\/www.intoscana.it\/it\/fauna-selvatica-in-difficolta-piu-risorse-dalla-regione\/#primaryimage\"},\"thumbnailUrl\":\"https:\/\/www.intoscana.it\/wp-content\/uploads\/Una-volpe-fotograta-nel-suo-habitat-\u00a9-Muse.jpeg\",\"datePublished\":\"2023-09-28T10:56:52+00:00\",\"dateModified\":\"2023-09-28T11:00:27+00:00\",\"author\":{\"@id\":\"https:\/\/www.intoscana.it\/it\/#\/schema\/person\/9223810753230f20bd670fdd322661f8\"},\"description\":\"Sar\u00e0 rafforzato il servizio di soccorso sul territorio per la salvaguarda degli animali a rischio di estinzione\",\"breadcrumb\":{\"@id\":\"https:\/\/www.intoscana.it\/it\/fauna-selvatica-in-difficolta-piu-risorse-dalla-regione\/#breadcrumb\"},\"inLanguage\":\"it-IT\",\"potentialAction\":[{\"@type\":\"ReadAction\",\"target\":[\"https:\/\/www.intoscana.it\/it\/fauna-selvatica-in-difficolta-piu-risorse-dalla-regione\/\"]}]},{\"@type\":\"ImageObject\",\"inLanguage\":\"it-IT\",\"@id\":\"https:\/\/www.intoscana.it\/it\/fauna-selvatica-in-difficolta-piu-risorse-dalla-regione\/#primaryimage\",\"url\":\"https:\/\/www.intoscana.it\/wp-content\/uploads\/Una-volpe-fotograta-nel-suo-habitat-\u00a9-Muse.jpeg\",\"contentUrl\":\"https:\/\/www.intoscana.it\/wp-content\/uploads\/Una-volpe-fotograta-nel-suo-habitat-\u00a9-Muse.jpeg\",\"width\":1170,\"height\":823},{\"@type\":\"BreadcrumbList\",\"@id\":\"https:\/\/www.intoscana.it\/it\/fauna-selvatica-in-difficolta-piu-risorse-dalla-regione\/#breadcrumb\",\"itemListElement\":[{\"@type\":\"ListItem\",\"position\":1,\"name\":\"Home\",\"item\":\"https:\/\/www.intoscana.it\/it\/\"},{\"@type\":\"ListItem\",\"position\":2,\"name\":\"Fauna selvatica in difficolt\u00e0, pi\u00f9 risorse dalla Regione\"}]},{\"@type\":\"WebSite\",\"@id\":\"https:\/\/www.intoscana.it\/it\/#website\",\"url\":\"https:\/\/www.intoscana.it\/it\/\",\"name\":\"intoscana\",\"description\":\"\",\"potentialAction\":[{\"@type\":\"SearchAction\",\"target\":{\"@type\":\"EntryPoint\",\"urlTemplate\":\"https:\/\/www.intoscana.it\/it\/?s={search_term_string}\"},\"query-input\":{\"@type\":\"PropertyValueSpecification\",\"valueRequired\":true,\"valueName\":\"search_term_string\"}}],\"inLanguage\":\"it-IT\"},{\"@type\":\"Person\",\"@id\":\"https:\/\/www.intoscana.it\/it\/#\/schema\/person\/9223810753230f20bd670fdd322661f8\",\"name\":\"Redazione\",\"url\":\"https:\/\/www.intoscana.it\/it\/author\/redazione\/\"}]}<\/script>\n<!-- \/ Yoast SEO Premium plugin. -->","yoast_head_json":{"title":"Fauna selvatica in difficolt\u00e0, pi\u00f9 risorse dalla Regione - intoscana","description":"Sar\u00e0 rafforzato il servizio di soccorso sul territorio per la salvaguarda degli animali a rischio di estinzione","robots":{"index":"index","follow":"follow","max-snippet":"max-snippet:-1","max-image-preview":"max-image-preview:large","max-video-preview":"max-video-preview:-1"},"canonical":"https:\/\/www.intoscana.it\/it\/fauna-selvatica-in-difficolta-piu-risorse-dalla-regione\/","og_locale":"it_IT","og_type":"article","og_title":"Fauna selvatica in difficolt\u00e0, pi\u00f9 risorse dalla Regione","og_description":"Sar\u00e0 rafforzato il servizio di soccorso sul territorio per la salvaguarda degli animali a rischio di estinzione","og_url":"https:\/\/www.intoscana.it\/it\/fauna-selvatica-in-difficolta-piu-risorse-dalla-regione\/","og_site_name":"intoscana","article_publisher":"https:\/\/www.facebook.com\/intoscana.it","article_published_time":"2023-09-28T10:56:52+00:00","article_modified_time":"2023-09-28T11:00:27+00:00","og_image":[{"width":1170,"height":823,"url":"https:\/\/www.intoscana.it\/wp-content\/uploads\/Una-volpe-fotograta-nel-suo-habitat-\u00a9-Muse.jpeg","type":"image\/jpeg"}],"author":"Redazione","twitter_card":"summary_large_image","twitter_creator":"@intoscana","twitter_site":"@intoscana","twitter_misc":{"Written by":"Redazione","Est. reading time":"1 minuto"},"schema":{"@context":"https:\/\/schema.org","@graph":[{"@type":"WebPage","@id":"https:\/\/www.intoscana.it\/it\/fauna-selvatica-in-difficolta-piu-risorse-dalla-regione\/","url":"https:\/\/www.intoscana.it\/it\/fauna-selvatica-in-difficolta-piu-risorse-dalla-regione\/","name":"Fauna selvatica in difficolt\u00e0, pi\u00f9 risorse dalla Regione - intoscana","isPartOf":{"@id":"https:\/\/www.intoscana.it\/it\/#website"},"primaryImageOfPage":{"@id":"https:\/\/www.intoscana.it\/it\/fauna-selvatica-in-difficolta-piu-risorse-dalla-regione\/#primaryimage"},"image":{"@id":"https:\/\/www.intoscana.it\/it\/fauna-selvatica-in-difficolta-piu-risorse-dalla-regione\/#primaryimage"},"thumbnailUrl":"https:\/\/www.intoscana.it\/wp-content\/uploads\/Una-volpe-fotograta-nel-suo-habitat-\u00a9-Muse.jpeg","datePublished":"2023-09-28T10:56:52+00:00","dateModified":"2023-09-28T11:00:27+00:00","author":{"@id":"https:\/\/www.intoscana.it\/it\/#\/schema\/person\/9223810753230f20bd670fdd322661f8"},"description":"Sar\u00e0 rafforzato il servizio di soccorso sul territorio per la salvaguarda degli animali a rischio di estinzione","breadcrumb":{"@id":"https:\/\/www.intoscana.it\/it\/fauna-selvatica-in-difficolta-piu-risorse-dalla-regione\/#breadcrumb"},"inLanguage":"it-IT","potentialAction":[{"@type":"ReadAction","target":["https:\/\/www.intoscana.it\/it\/fauna-selvatica-in-difficolta-piu-risorse-dalla-regione\/"]}]},{"@type":"ImageObject","inLanguage":"it-IT","@id":"https:\/\/www.intoscana.it\/it\/fauna-selvatica-in-difficolta-piu-risorse-dalla-regione\/#primaryimage","url":"https:\/\/www.intoscana.it\/wp-content\/uploads\/Una-volpe-fotograta-nel-suo-habitat-\u00a9-Muse.jpeg","contentUrl":"https:\/\/www.intoscana.it\/wp-content\/uploads\/Una-volpe-fotograta-nel-suo-habitat-\u00a9-Muse.jpeg","width":1170,"height":823},{"@type":"BreadcrumbList","@id":"https:\/\/www.intoscana.it\/it\/fauna-selvatica-in-difficolta-piu-risorse-dalla-regione\/#breadcrumb","itemListElement":[{"@type":"ListItem","position":1,"name":"Home","item":"https:\/\/www.intoscana.it\/it\/"},{"@type":"ListItem","position":2,"name":"Fauna selvatica in difficolt\u00e0, pi\u00f9 risorse dalla Regione"}]},{"@type":"WebSite","@id":"https:\/\/www.intoscana.it\/it\/#website","url":"https:\/\/www.intoscana.it\/it\/","name":"intoscana","description":"","potentialAction":[{"@type":"SearchAction","target":{"@type":"EntryPoint","urlTemplate":"https:\/\/www.intoscana.it\/it\/?s={search_term_string}"},"query-input":{"@type":"PropertyValueSpecification","valueRequired":true,"valueName":"search_term_string"}}],"inLanguage":"it-IT"},{"@type":"Person","@id":"https:\/\/www.intoscana.it\/it\/#\/schema\/person\/9223810753230f20bd670fdd322661f8","name":"Redazione","url":"https:\/\/www.intoscana.it\/it\/author\/redazione\/"}]}},"_links":{"self":[{"href":"https:\/\/www.intoscana.it\/it\/wp-json\/wp\/v2\/posts\/307251","targetHints":{"allow":["GET"]}}],"collection":[{"href":"https:\/\/www.intoscana.it\/it\/wp-json\/wp\/v2\/posts"}],"about":[{"href":"https:\/\/www.intoscana.it\/it\/wp-json\/wp\/v2\/types\/post"}],"author":[{"embeddable":true,"href":"https:\/\/www.intoscana.it\/it\/wp-json\/wp\/v2\/users\/525"}],"replies":[{"embeddable":true,"href":"https:\/\/www.intoscana.it\/it\/wp-json\/wp\/v2\/comments?post=307251"}],"version-history":[{"count":0,"href":"https:\/\/www.intoscana.it\/it\/wp-json\/wp\/v2\/posts\/307251\/revisions"}],"wp:featuredmedia":[{"embeddable":true,"href":"https:\/\/www.intoscana.it\/it\/wp-json\/wp\/v2\/media\/269666"}],"wp:attachment":[{"href":"https:\/\/www.intoscana.it\/it\/wp-json\/wp\/v2\/media?parent=307251"}],"wp:term":[{"taxonomy":"category","embeddable":true,"href":"https:\/\/www.intoscana.it\/it\/wp-json\/wp\/v2\/categories?post=307251"},{"taxonomy":"post_tag","embeddable":true,"href":"https:\/\/www.intoscana.it\/it\/wp-json\/wp\/v2\/tags?post=307251"}],"curies":[{"name":"wp","href":"https:\/\/api.w.org\/{rel}","templated":true}]}}