{"id":307320,"date":"2023-09-28T16:53:16","date_gmt":"2023-09-28T14:53:16","guid":{"rendered":"https:\/\/www.intoscana.it\/it\/?p=307320"},"modified":"2023-09-28T16:53:16","modified_gmt":"2023-09-28T14:53:16","slug":"servizi-sociali-un-esercito-di-oltre-6mila-operatori-in-toscana","status":"publish","type":"post","link":"https:\/\/www.intoscana.it\/it\/servizi-sociali-un-esercito-di-oltre-6mila-operatori-in-toscana\/","title":{"rendered":"Servizi sociali, un esercito di oltre 6mila operatori in Toscana"},"content":{"rendered":"<p>Sono <strong>oltre seimila in Toscana<\/strong> le persone che operano professionalmente nell\u2019ambito dei <strong>servizi sociali<\/strong>. Un dato <strong>in piena crescita<\/strong> rispetto al 2020 quando gli operatori erano oltre mille in meno. E\u2019 quanto emerge dal<strong> Terzo Rapporto sui Servizi sociali<\/strong> in Toscana presentato a Palazzo Strozzi Sacrati.<\/p>\n<p>Il lavoro, curato dall\u2019<strong>Osservatorio Sociale Regionale<\/strong>, oltre a offrire una dettagliata fotografia statistica del settore evidenzia l\u2019attivit\u00e0 svolta in Toscana per garantire <strong>pari opportunit\u00e0 a tutti i cittadini<\/strong>: i cosiddetti Leps, Livelli essenziali delle prestazioni.<\/p>\n<p>Lo studio presenta varie esperienze realizzate dai <strong>dipartimenti dei servizi sociali<\/strong> nei territori toscani, mettendo in evidenza alcuni interventi innovativi: si pensi al <strong>progetto Seus<\/strong>, <a href=\"https:\/\/www.intoscana.it\/it\/articolo\/sociale-potenziata-la-rete-di-pronto-intervento-per-il-seus\/\" target=\"_blank\" rel=\"noopener\">servizio di emergenza urgenza sociale per fronteggiare h24 le situazioni gravi e improvvise<\/a> sotto il profilo sociale.<\/p>\n<figure id=\"post-307326 media-307326\" class=\"align-none\"><img decoding=\"async\" src=\"https:\/\/www.intoscana.it\/wp-content\/uploads\/La-presentazione-del-terzo-rapporto-sui-servizi-sociali-in-Toscana.jpeg\" alt=\"\" \/><\/figure>\n<div class=\"titleimg\">La presentazione del terzo rapporto sui servizi sociali in Toscana<\/div>\n<h3>Spinelli: sviluppo delle politiche di inclusione<\/h3>\n<p>\u201c<em>Il rapporto<\/em> &#8211; ha commentato l\u2019assessora alle politiche sociali <strong>Serena Spinelli<\/strong> &#8211; <em>\u00e8 un prezioso strumento per analizzare il sistema dei servizi sociali e verificarne le trasformazioni. Stiamo lavorando per un costante sviluppo delle politiche di inclusione, fondate sul superamento di una logica assistenzialistica e riparativa per mettere sempre pi\u00f9 al centro la persona e le comunit\u00e0&#8221;. <\/em><\/p>\n<p>Per Spinelli <em>&#8220;chi ricorre ai servizi per affrontare le sue fragilit\u00e0 deve essere considerato non solo come destinatario passivo di interventi, ma come soggetto attivo titolare di diritti e di un progetto di vita personale, all&#8217;interno di un percorso di presa in cura complessiva, nel quale vengano attivate e messe in rete tutte le risorse presenti sul territorio\u201d.<\/em><\/p>\n<h3>Violenze e aggressioni sugli assistenti sociali<\/h3>\n<p>Un focus del rapporto \u00e8 dedicato alle <mark>violenze e aggressioni subite dagli assistenti sociali in Toscana<\/mark>. Dal campione interpellato emerge che, nel corso delle loro esperienza lavorativa <strong>9 su 10<\/strong> hanno subito <strong>una qualche forma di violenza<\/strong>.<\/p>\n<p>Ben il 35,8% dichiara di aver temuto per la propria incolumit\u00e0 o quella di un familiare, a causa del proprio lavoro. <strong>Un fenomeno<\/strong> che resta ancora per lo pi\u00f9 <strong>sommerso<\/strong>, a causa di un <strong>basso tasso di denuncia<\/strong> dovuto principalmente a tre fattori: <mark>la sfiducia nella loro efficacia, il senso di fallimento professionale e la paura di rovinare il rapporto con l\u2019assistito<\/mark>.<\/p>\n<p>\u201c<em>Da questi dati<\/em> \u2013 sottolinea <strong>Serena Spinelli<\/strong> &#8211; <em>emerge in tutta la sua gravit\u00e0 un fenomeno preoccupante, segnale evidente anche di una tensione sociale che negli ultimi tempi \u00e8 cresciuta ulteriormente. L&#8217;assistente sociale, spesso giovane e donna, \u00e8 il primo punto di accesso al sistema dei servizi e opera in prima linea per fronteggiare bisogni e disagi sempre pi\u00f9 urgenti e complessi\u201d<\/em>.<\/p>\n<h3>Servizi sociali, i numeri del rapporto<\/h3>\n<p>I dati ci mostrano una <strong>crescita numerica<\/strong> complessiva del comparto rispetto al dato del 2020: in aumento gli <strong>assistenti sociali<\/strong> (1.298 rispetto ai 1.156 del 2020), gli <strong>educatori<\/strong> (1.679 rispetto a 1.260), gli <strong>psicologi<\/strong> (177 rispetto a 125), gli <strong>operatori del servizio sociale<\/strong> contrattualizzati (3.109 rispetto a 2.427). <strong>Il numero totale \u00e8 di 6.640<\/strong> rispetto ai 5.252 del 2020. In tutti questi ambiti vi \u00e8 una prevalenza del genere femminile.<\/p>\n<p>Tra gli assistenti sociali <strong>in crescita il personale dipendente<\/strong> rispetto a quello esternalizzato (che scende dal 22 al 14%) grazie ai <strong>contributi pubblici<\/strong> destinati al potenziamento del servizio. <strong>La media degli utenti<\/strong> del Servizio sociale professionale in Toscana si attesta sui <strong>39,3 ogni 1.000 abitanti<\/strong>.<\/p>\n<p>In quasi tutti gli ambiti territoriali sono attivi questi servizi: <mark>Servizio sociale professionale, integrazione al reddito, sostegno socio educativo territoriale e domiciliare, mediazione culturale, assistenza domiciliare socio assistenziale<\/mark>.<\/p>\n<p>&nbsp;<\/p>\n","protected":false},"excerpt":{"rendered":"<p>Il terzo rapporto regionale presentato a Palazzo Strozzi Sacrati. L&#8217;assessora Spinelli: &#8220;Al lavoro per sviluppare le politiche di inclusione&#8221;<\/p>\n","protected":false},"author":525,"featured_media":307327,"comment_status":"open","ping_status":"open","sticky":false,"template":"","format":"standard","meta":{"_acf_changed":false,"footnotes":""},"categories":[494],"tags":[151,4822,5298],"class_list":["post-307320","post","type-post","status-publish","format-standard","has-post-thumbnail","hentry","category-attualita","tag-regione-toscana","tag-serena-spinelli","tag-sociale"],"acf":[],"yoast_head":"<!-- This site is optimized with the Yoast SEO Premium plugin v24.2 (Yoast SEO v25.6) - https:\/\/yoast.com\/wordpress\/plugins\/seo\/ -->\n<title>Servizi sociali, un esercito di oltre 6mila operatori in Toscana - intoscana<\/title>\n<meta name=\"description\" content=\"Il terzo rapporto regionale presentato a Palazzo Strozzi Sacrati. L&#039;assessora Spinelli: &quot;Al lavoro per sviluppare le politiche di inclusione&quot;\" \/>\n<meta name=\"robots\" content=\"index, follow, max-snippet:-1, max-image-preview:large, max-video-preview:-1\" \/>\n<link rel=\"canonical\" href=\"https:\/\/www.intoscana.it\/it\/servizi-sociali-un-esercito-di-oltre-6mila-operatori-in-toscana\/\" \/>\n<meta property=\"og:locale\" content=\"it_IT\" \/>\n<meta property=\"og:type\" content=\"article\" \/>\n<meta property=\"og:title\" content=\"Servizi sociali, un esercito di oltre 6mila operatori in Toscana\" \/>\n<meta property=\"og:description\" content=\"Il terzo rapporto regionale presentato a Palazzo Strozzi Sacrati. L&#039;assessora Spinelli: &quot;Al lavoro per sviluppare le politiche di inclusione&quot;\" \/>\n<meta property=\"og:url\" content=\"https:\/\/www.intoscana.it\/it\/servizi-sociali-un-esercito-di-oltre-6mila-operatori-in-toscana\/\" \/>\n<meta property=\"og:site_name\" content=\"intoscana\" \/>\n<meta property=\"article:publisher\" content=\"https:\/\/www.facebook.com\/intoscana.it\" \/>\n<meta property=\"article:published_time\" content=\"2023-09-28T14:53:16+00:00\" \/>\n<meta property=\"og:image\" content=\"https:\/\/www.intoscana.it\/wp-content\/uploads\/pexels-kindel-media-sociale-servizi-sociali-psicologa-assistenza-consulto-scaled.jpg\" \/>\n\t<meta property=\"og:image:width\" content=\"2048\" \/>\n\t<meta property=\"og:image:height\" content=\"1365\" \/>\n\t<meta property=\"og:image:type\" content=\"image\/jpeg\" \/>\n<meta name=\"author\" content=\"Redazione\" \/>\n<meta name=\"twitter:card\" content=\"summary_large_image\" \/>\n<meta name=\"twitter:creator\" content=\"@intoscana\" \/>\n<meta name=\"twitter:site\" content=\"@intoscana\" \/>\n<meta name=\"twitter:label1\" content=\"Written by\" \/>\n\t<meta name=\"twitter:data1\" content=\"Redazione\" \/>\n\t<meta name=\"twitter:label2\" content=\"Est. reading time\" \/>\n\t<meta name=\"twitter:data2\" content=\"3 minuti\" \/>\n<script type=\"application\/ld+json\" class=\"yoast-schema-graph\">{\"@context\":\"https:\/\/schema.org\",\"@graph\":[{\"@type\":\"WebPage\",\"@id\":\"https:\/\/www.intoscana.it\/it\/servizi-sociali-un-esercito-di-oltre-6mila-operatori-in-toscana\/\",\"url\":\"https:\/\/www.intoscana.it\/it\/servizi-sociali-un-esercito-di-oltre-6mila-operatori-in-toscana\/\",\"name\":\"Servizi sociali, un esercito di oltre 6mila operatori in Toscana - intoscana\",\"isPartOf\":{\"@id\":\"https:\/\/www.intoscana.it\/it\/#website\"},\"primaryImageOfPage\":{\"@id\":\"https:\/\/www.intoscana.it\/it\/servizi-sociali-un-esercito-di-oltre-6mila-operatori-in-toscana\/#primaryimage\"},\"image\":{\"@id\":\"https:\/\/www.intoscana.it\/it\/servizi-sociali-un-esercito-di-oltre-6mila-operatori-in-toscana\/#primaryimage\"},\"thumbnailUrl\":\"https:\/\/www.intoscana.it\/wp-content\/uploads\/pexels-kindel-media-sociale-servizi-sociali-psicologa-assistenza-consulto-scaled.jpg\",\"datePublished\":\"2023-09-28T14:53:16+00:00\",\"author\":{\"@id\":\"https:\/\/www.intoscana.it\/it\/#\/schema\/person\/9223810753230f20bd670fdd322661f8\"},\"description\":\"Il terzo rapporto regionale presentato a Palazzo Strozzi Sacrati. L'assessora Spinelli: \\\"Al lavoro per sviluppare le politiche di inclusione\\\"\",\"breadcrumb\":{\"@id\":\"https:\/\/www.intoscana.it\/it\/servizi-sociali-un-esercito-di-oltre-6mila-operatori-in-toscana\/#breadcrumb\"},\"inLanguage\":\"it-IT\",\"potentialAction\":[{\"@type\":\"ReadAction\",\"target\":[\"https:\/\/www.intoscana.it\/it\/servizi-sociali-un-esercito-di-oltre-6mila-operatori-in-toscana\/\"]}]},{\"@type\":\"ImageObject\",\"inLanguage\":\"it-IT\",\"@id\":\"https:\/\/www.intoscana.it\/it\/servizi-sociali-un-esercito-di-oltre-6mila-operatori-in-toscana\/#primaryimage\",\"url\":\"https:\/\/www.intoscana.it\/wp-content\/uploads\/pexels-kindel-media-sociale-servizi-sociali-psicologa-assistenza-consulto-scaled.jpg\",\"contentUrl\":\"https:\/\/www.intoscana.it\/wp-content\/uploads\/pexels-kindel-media-sociale-servizi-sociali-psicologa-assistenza-consulto-scaled.jpg\",\"width\":2048,\"height\":1365,\"caption\":\"Servizi sociali\"},{\"@type\":\"BreadcrumbList\",\"@id\":\"https:\/\/www.intoscana.it\/it\/servizi-sociali-un-esercito-di-oltre-6mila-operatori-in-toscana\/#breadcrumb\",\"itemListElement\":[{\"@type\":\"ListItem\",\"position\":1,\"name\":\"Home\",\"item\":\"https:\/\/www.intoscana.it\/it\/\"},{\"@type\":\"ListItem\",\"position\":2,\"name\":\"Servizi sociali, un esercito di oltre 6mila operatori in Toscana\"}]},{\"@type\":\"WebSite\",\"@id\":\"https:\/\/www.intoscana.it\/it\/#website\",\"url\":\"https:\/\/www.intoscana.it\/it\/\",\"name\":\"intoscana\",\"description\":\"\",\"potentialAction\":[{\"@type\":\"SearchAction\",\"target\":{\"@type\":\"EntryPoint\",\"urlTemplate\":\"https:\/\/www.intoscana.it\/it\/?s={search_term_string}\"},\"query-input\":{\"@type\":\"PropertyValueSpecification\",\"valueRequired\":true,\"valueName\":\"search_term_string\"}}],\"inLanguage\":\"it-IT\"},{\"@type\":\"Person\",\"@id\":\"https:\/\/www.intoscana.it\/it\/#\/schema\/person\/9223810753230f20bd670fdd322661f8\",\"name\":\"Redazione\",\"url\":\"https:\/\/www.intoscana.it\/it\/author\/redazione\/\"}]}<\/script>\n<!-- \/ Yoast SEO Premium plugin. -->","yoast_head_json":{"title":"Servizi sociali, un esercito di oltre 6mila operatori in Toscana - intoscana","description":"Il terzo rapporto regionale presentato a Palazzo Strozzi Sacrati. L'assessora Spinelli: \"Al lavoro per sviluppare le politiche di inclusione\"","robots":{"index":"index","follow":"follow","max-snippet":"max-snippet:-1","max-image-preview":"max-image-preview:large","max-video-preview":"max-video-preview:-1"},"canonical":"https:\/\/www.intoscana.it\/it\/servizi-sociali-un-esercito-di-oltre-6mila-operatori-in-toscana\/","og_locale":"it_IT","og_type":"article","og_title":"Servizi sociali, un esercito di oltre 6mila operatori in Toscana","og_description":"Il terzo rapporto regionale presentato a Palazzo Strozzi Sacrati. L'assessora Spinelli: \"Al lavoro per sviluppare le politiche di inclusione\"","og_url":"https:\/\/www.intoscana.it\/it\/servizi-sociali-un-esercito-di-oltre-6mila-operatori-in-toscana\/","og_site_name":"intoscana","article_publisher":"https:\/\/www.facebook.com\/intoscana.it","article_published_time":"2023-09-28T14:53:16+00:00","og_image":[{"width":2048,"height":1365,"url":"https:\/\/www.intoscana.it\/wp-content\/uploads\/pexels-kindel-media-sociale-servizi-sociali-psicologa-assistenza-consulto-scaled.jpg","type":"image\/jpeg"}],"author":"Redazione","twitter_card":"summary_large_image","twitter_creator":"@intoscana","twitter_site":"@intoscana","twitter_misc":{"Written by":"Redazione","Est. reading time":"3 minuti"},"schema":{"@context":"https:\/\/schema.org","@graph":[{"@type":"WebPage","@id":"https:\/\/www.intoscana.it\/it\/servizi-sociali-un-esercito-di-oltre-6mila-operatori-in-toscana\/","url":"https:\/\/www.intoscana.it\/it\/servizi-sociali-un-esercito-di-oltre-6mila-operatori-in-toscana\/","name":"Servizi sociali, un esercito di oltre 6mila operatori in Toscana - intoscana","isPartOf":{"@id":"https:\/\/www.intoscana.it\/it\/#website"},"primaryImageOfPage":{"@id":"https:\/\/www.intoscana.it\/it\/servizi-sociali-un-esercito-di-oltre-6mila-operatori-in-toscana\/#primaryimage"},"image":{"@id":"https:\/\/www.intoscana.it\/it\/servizi-sociali-un-esercito-di-oltre-6mila-operatori-in-toscana\/#primaryimage"},"thumbnailUrl":"https:\/\/www.intoscana.it\/wp-content\/uploads\/pexels-kindel-media-sociale-servizi-sociali-psicologa-assistenza-consulto-scaled.jpg","datePublished":"2023-09-28T14:53:16+00:00","author":{"@id":"https:\/\/www.intoscana.it\/it\/#\/schema\/person\/9223810753230f20bd670fdd322661f8"},"description":"Il terzo rapporto regionale presentato a Palazzo Strozzi Sacrati. L'assessora Spinelli: \"Al lavoro per sviluppare le politiche di inclusione\"","breadcrumb":{"@id":"https:\/\/www.intoscana.it\/it\/servizi-sociali-un-esercito-di-oltre-6mila-operatori-in-toscana\/#breadcrumb"},"inLanguage":"it-IT","potentialAction":[{"@type":"ReadAction","target":["https:\/\/www.intoscana.it\/it\/servizi-sociali-un-esercito-di-oltre-6mila-operatori-in-toscana\/"]}]},{"@type":"ImageObject","inLanguage":"it-IT","@id":"https:\/\/www.intoscana.it\/it\/servizi-sociali-un-esercito-di-oltre-6mila-operatori-in-toscana\/#primaryimage","url":"https:\/\/www.intoscana.it\/wp-content\/uploads\/pexels-kindel-media-sociale-servizi-sociali-psicologa-assistenza-consulto-scaled.jpg","contentUrl":"https:\/\/www.intoscana.it\/wp-content\/uploads\/pexels-kindel-media-sociale-servizi-sociali-psicologa-assistenza-consulto-scaled.jpg","width":2048,"height":1365,"caption":"Servizi sociali"},{"@type":"BreadcrumbList","@id":"https:\/\/www.intoscana.it\/it\/servizi-sociali-un-esercito-di-oltre-6mila-operatori-in-toscana\/#breadcrumb","itemListElement":[{"@type":"ListItem","position":1,"name":"Home","item":"https:\/\/www.intoscana.it\/it\/"},{"@type":"ListItem","position":2,"name":"Servizi sociali, un esercito di oltre 6mila operatori in Toscana"}]},{"@type":"WebSite","@id":"https:\/\/www.intoscana.it\/it\/#website","url":"https:\/\/www.intoscana.it\/it\/","name":"intoscana","description":"","potentialAction":[{"@type":"SearchAction","target":{"@type":"EntryPoint","urlTemplate":"https:\/\/www.intoscana.it\/it\/?s={search_term_string}"},"query-input":{"@type":"PropertyValueSpecification","valueRequired":true,"valueName":"search_term_string"}}],"inLanguage":"it-IT"},{"@type":"Person","@id":"https:\/\/www.intoscana.it\/it\/#\/schema\/person\/9223810753230f20bd670fdd322661f8","name":"Redazione","url":"https:\/\/www.intoscana.it\/it\/author\/redazione\/"}]}},"_links":{"self":[{"href":"https:\/\/www.intoscana.it\/it\/wp-json\/wp\/v2\/posts\/307320","targetHints":{"allow":["GET"]}}],"collection":[{"href":"https:\/\/www.intoscana.it\/it\/wp-json\/wp\/v2\/posts"}],"about":[{"href":"https:\/\/www.intoscana.it\/it\/wp-json\/wp\/v2\/types\/post"}],"author":[{"embeddable":true,"href":"https:\/\/www.intoscana.it\/it\/wp-json\/wp\/v2\/users\/525"}],"replies":[{"embeddable":true,"href":"https:\/\/www.intoscana.it\/it\/wp-json\/wp\/v2\/comments?post=307320"}],"version-history":[{"count":0,"href":"https:\/\/www.intoscana.it\/it\/wp-json\/wp\/v2\/posts\/307320\/revisions"}],"wp:featuredmedia":[{"embeddable":true,"href":"https:\/\/www.intoscana.it\/it\/wp-json\/wp\/v2\/media\/307327"}],"wp:attachment":[{"href":"https:\/\/www.intoscana.it\/it\/wp-json\/wp\/v2\/media?parent=307320"}],"wp:term":[{"taxonomy":"category","embeddable":true,"href":"https:\/\/www.intoscana.it\/it\/wp-json\/wp\/v2\/categories?post=307320"},{"taxonomy":"post_tag","embeddable":true,"href":"https:\/\/www.intoscana.it\/it\/wp-json\/wp\/v2\/tags?post=307320"}],"curies":[{"name":"wp","href":"https:\/\/api.w.org\/{rel}","templated":true}]}}