{"id":307460,"date":"2023-09-29T14:29:29","date_gmt":"2023-09-29T12:29:29","guid":{"rendered":"https:\/\/www.intoscana.it\/it\/?p=307460"},"modified":"2023-09-29T14:29:29","modified_gmt":"2023-09-29T12:29:29","slug":"archeologia-svelata-a-sesto-fiorentino-in-mostra-il-prezioso-tesoro-della-tomba-della-montagnola","status":"publish","type":"post","link":"https:\/\/www.intoscana.it\/it\/archeologia-svelata-a-sesto-fiorentino-in-mostra-il-prezioso-tesoro-della-tomba-della-montagnola\/","title":{"rendered":"&#8220;Archeologia svelata&#8221; a Sesto Fiorentino: in mostra il prezioso tesoro della Tomba della Montagnola"},"content":{"rendered":"<p>Alla <strong>Biblioteca Ernesto Ragionieri di Sesto Fiorentino<\/strong> \u00e8 ospitata la mostra <strong><em>\u201cArcheologia svelata a Sesto Fiorentino. Momenti di vita nella piana prima, durante e dopo gli Etruschi\u201d,<\/em><\/strong> che presenta il <strong>corredo principesco<\/strong> della <a href=\"https:\/\/it.wikipedia.org\/wiki\/Tomba_della_Montagnola\" target=\"_blank\" rel=\"noopener\"><strong>Tomba della Montagnola,<\/strong><\/a> uno dei monumenti etruschi pi\u00f9 importanti dell\u2019Italia centrale, e ricostruisce la storia di questo territorio, esponendo<strong> reperti unici, dal Neolitico all\u2019et\u00e0 romana.<\/strong><\/p>\n<p><strong>Fino al 31 luglio 2024<\/strong> l&#8217;esposizione racconter\u00e0 momenti di<strong> vita nella piana prima, durante e dopo gli <a href=\"https:\/\/www.intoscana.it\/it\/articolo\/etruschi-10-itinerari-toscana\/\" target=\"_blank\" rel=\"noopener\">Etruschi,<\/a><\/strong> una mostra con<strong> straordinari reperti<\/strong> provenienti dal territorio di <strong>Sesto Fiorentino,<\/strong> testimonianze di una storia lunga millenni, dal Neolitico all\u2019et\u00e0 romana.<\/p>\n<p>Un\u2019occasione unica per ammirare <strong>cimeli solitamente non visibili perch\u00e9 conservati nei depositi.<\/strong><\/p>\n<figure id=\"post-307509 media-307509\" class=\"align-none\"><img decoding=\"async\" src=\"https:\/\/www.intoscana.it\/wp-content\/uploads\/tomba-della-montagnola.jpeg\" alt=\"\" \/><\/figure>\n<div class=\"titleimg\">Tomba della Montagnola<\/div>\n<h3>Il tesoro della Tomba della Montagnola<\/h3>\n<p>La <strong>Tomba della Montagnola<\/strong> fu scoperta <strong>nel 1959 da Giacomo Caputo<\/strong> tra i pionieri dell\u2019<strong>archeologia del Novecento<\/strong>, che con il suo lavoro diede impulso alla ricerca sia in Italia che nel Mediterraneo.<\/p>\n<p>Lo studioso cap\u00ec subito di trovarsi di fronte ad <strong>un sito unico<\/strong> e la defin\u00ec, insieme al vicino sepolcro detto \u201cdella Mula\u201d, <strong><em>\u201cil segno pi\u00f9 alto toccato dall\u2019architettura etrusca nel senso dell\u2019edificare<\/em><\/strong>\u201d.<\/p>\n<p>La struttura, <strong>un monumento funerario a tholos,<\/strong> caratterizzato cio\u00e8 da un\u2019ampia camera circolare coperta da una falsa cupola di blocchi di pietra e rivestita all\u2019esterno da un tumulo di terra.<\/p>\n<p>La Montagnola \u00e8 <strong>una delle poche tombe che si sono mantenute inalterate fino ad oggi,<\/strong> con le tracce ancora visibili di <strong>un ricco apparato di affreschi e graffiti,<\/strong> che presentavano iscrizioni e altri segni, quali<strong> elementi zoomorfi e fitomorfi.<\/strong><\/p>\n<p>Nonostante sia stata pi\u00f9 volte depredata, durante gli scavi del sito condotti alla fine degli anni \u201850 furono ritrovati <strong>molti reperti di straordinaria fattura, un vero e proprio tesoro. <\/strong><\/p>\n<p>La Tomba infatti \u00e8 stata costruita nella seconda met\u00e0 del VII secolo a.C. per ospitare le spoglie di <strong>una nobile famiglia etrusca esponente della classe pi\u00f9 alta<\/strong> che deteneva il controllo del territorio, delle attivit\u00e0 e delle strade e che, commissionando la costruzione di queste architetture monumentali, esibiva il proprio prestigio sociale ed economico.<\/p>\n<p>Allo stesso modo<strong> il corredo funebre, costituito da oggetti rari e preziosi,<\/strong> aveva la funzione di mostrare i numerosi privilegi personali, militari e politici dei defunti.<\/p>\n<p>Il nucleo principale dell\u2019esposizione mette in mostra proprio il tesoro: diversi <strong>unguentari, o alabastra<\/strong>, i piccoli vasi utilizzati per la conservazione di profumi e oli da massaggio; <strong>una fibula in oro a forma di sanguisuga e una tenia<\/strong>, elemento decorativo, con rosette applicate; statuette e placchette in osso decorate e incise; numerosi avori e alcune pissidi; <strong>una porzione di sgabello pieghevole,<\/strong> tipico del mondo etrusco; infine, di particolare pregio,<strong> un uovo di struzzo finemente decorato,<\/strong> con tutta probabilit\u00e0 corpo centrale di un recipiente pi\u00f9 ampio, e la sua base in avorio.<\/p>\n<figure id=\"post-307468 media-307468\" class=\"align-none\"><img decoding=\"async\" src=\"https:\/\/www.intoscana.it\/wp-content\/uploads\/Placchetta-traforata-in-avorio-con-sirenasfinge_VII-sec.-a.C._Sesto-Fiorentino-FI-Tomba-della-Montagnola-scaled.jpg\" alt=\"\" \/><\/figure>\n<div class=\"titleimg\"><em>Placchetta traforata in avorio con sirena:sfinge_VII sec. a.C._Sesto Fiorentino (FI), Tomba della Montagnola<\/em><\/div>\n<h3>L&#8217;Et\u00e0 del Rame e l&#8217;Et\u00e0 del Bronzo<\/h3>\n<p>Archeologia svelata prosegue mostrandoci vestigia dell<strong>\u2019Et\u00e0 del Rame, dell\u2019Et\u00e0 del Bronzo<\/strong>.<\/p>\n<p>Dell\u2019et\u00e0 <strong><em>\u201cCampaniforme\u201d<\/em> <\/strong>\u2013 cos\u00ec chiamata perch\u00e9 con essa, tra il III e il II millennio a.C., si diffuse l\u2019uso di <strong>contenitori dalla forma, appunto, di campana \u2013<\/strong> l\u2019esposizione permette di ammirare alcuni<strong> frammenti di ceramica decorata<\/strong> nello stile caratteristico di questa fase, strumenti di selce e una splendida <strong>pintadera, uno stampino che serviva per decorare il corpo,<\/strong> il pane o i tessuti, in questo caso dal motivo a zig-zag.\u00a0<div class=\"focuson\"><a href=\"https:\/\/www.intoscana.it\/it\/articolo\/etruschi-10-itinerari-toscana\/\"><img decoding=\"async\" class=\"lazy\" src=\"https:\/\/www.intoscana.it\/wp-content\/uploads\/ae6e89450fc02391bedb416e072c2993-1.jpg\" style=\"\">\n                <div class=\"cat\">Sulle tracce degli Etruschi<\/div>\n                <h4>Dieci itinerari in Toscana<\/h4><\/a>\n              <\/div><\/p>\n<p>A testimonianza della frequentazione nell\u2019<strong>et\u00e0 del Ferro,<\/strong> sono esposti alcuni materiali della cultura <em><strong>\u201cVillanoviana\u201d,<\/strong><\/em> ovvero la fase pi\u00f9 antica della civilt\u00e0 etrusca, che si svilupp\u00f2 dall\u2019inizio del I millennio fino all\u2019VIII secolo a.C.<\/p>\n<p>Peculiarit\u00e0 del periodo villanoviano era l\u2019uso di <strong>conservare le ceneri dei defunti all\u2019interno di vasi dalla forma di doppio cono<\/strong>, spesso chiusi da una ciotola-coperchio. Ecco quindi, in mostra, due cinerari biconici, dei quali uno decorato a traforo, provenienti dalle <strong>necropoli di Val di Rose e Madonna del Piano.<\/strong><\/p>\n<p><strong>Un gocciolatoio a testa di pantera<\/strong> e una figura maschile in bronzo, indizi della presenza di un edificio di culto nella zona, aprono la sezione dedicata a <strong><em>\u201cGli Etruschi nel territorio\u201d.<\/em><\/strong><\/p>\n<p>Oltre alle abitazioni e ai siti produttivi, dovevano essere presenti <strong>a Sesto Fiorentino anche necropoli di un certo rilievo<\/strong>, come ci racconta il ritrovamento di alcune stele decorate, tra cui quella esposta in mostra con <strong>una figura maschile, forse l\u2019effigie di un guerriero. <\/strong><\/p>\n<p>Il percorso espositivo si conclude con alcuni oggetti risalenti all\u2019et\u00e0 romana: <strong>una brocca, lucerne, monete in bronzo e una collana d\u2019oro<\/strong> emersi dalla villa romana di Petrosa, oltre ad <strong>una testa marmorea di Hermes<\/strong> proveniente dal ninfeo di Settimello, i cui resti, ritrovati nei pressi dell\u2019omonima chiesa, sono probabilmente ascrivibili ad un complesso termale di pertinenza di una dimora o di una statio della via Cassia.<\/p>\n<div class=\"titleimg\">\n<figure id=\"post-307470 media-307470\" class=\"align-none\"><img decoding=\"async\" src=\"https:\/\/www.intoscana.it\/wp-content\/uploads\/Protome-di-felino-in-bronzo-decorata-ad-incisione_VII-sec.-a.C._Sesto-Fiorentino-FI-Tomba-della-Montagnola-scaled.jpg\" alt=\"\" \/><\/figure>\n<div class=\"titleimg\">Protome di felino in bronzo decorata ad incisione_VII sec. a.C._Sesto Fiorentino (FI), Tomba della Montagnola<\/div>\n<\/div>\n","protected":false},"excerpt":{"rendered":"<p>Fino al 31 luglio 2024 alla Biblioteca Ernesto Ragionieri di Sesto Fiorentino un&#8217;occasione per ammirare straordinari reperti solitamente non visibili perch\u00e9 conservati nei depositi<\/p>\n","protected":false},"author":518,"featured_media":307472,"comment_status":"open","ping_status":"open","sticky":false,"template":"","format":"standard","meta":{"_acf_changed":false,"footnotes":""},"categories":[493],"tags":[208,261,222,6458],"class_list":["post-307460","post","type-post","status-publish","format-standard","has-post-thumbnail","hentry","category-cultura","tag-archeologia","tag-etruschi","tag-mostre","tag-sesto-fiorentino"],"acf":[],"yoast_head":"<!-- This site is optimized with the Yoast SEO Premium plugin v24.2 (Yoast SEO v25.6) - https:\/\/yoast.com\/wordpress\/plugins\/seo\/ -->\n<title>&quot;Archeologia svelata&quot; a Sesto Fiorentino: in mostra il prezioso tesoro della Tomba della Montagnola - intoscana<\/title>\n<meta name=\"description\" content=\"Fino al 31 luglio 2024 alla Biblioteca Ernesto Ragionieri di Sesto Fiorentino un&#039;occasione per ammirare straordinari reperti\" \/>\n<meta name=\"robots\" content=\"index, follow, max-snippet:-1, max-image-preview:large, max-video-preview:-1\" \/>\n<link rel=\"canonical\" href=\"https:\/\/www.intoscana.it\/it\/archeologia-svelata-a-sesto-fiorentino-in-mostra-il-prezioso-tesoro-della-tomba-della-montagnola\/\" \/>\n<meta property=\"og:locale\" content=\"it_IT\" \/>\n<meta property=\"og:type\" content=\"article\" \/>\n<meta property=\"og:title\" content=\"&quot;Archeologia svelata&quot; a Sesto Fiorentino: in mostra il prezioso tesoro della Tomba della Montagnola\" \/>\n<meta property=\"og:description\" content=\"Fino al 31 luglio 2024 alla Biblioteca Ernesto Ragionieri di Sesto Fiorentino un&#039;occasione per ammirare straordinari reperti\" \/>\n<meta property=\"og:url\" content=\"https:\/\/www.intoscana.it\/it\/archeologia-svelata-a-sesto-fiorentino-in-mostra-il-prezioso-tesoro-della-tomba-della-montagnola\/\" \/>\n<meta property=\"og:site_name\" content=\"intoscana\" \/>\n<meta property=\"article:publisher\" content=\"https:\/\/www.facebook.com\/intoscana.it\" \/>\n<meta property=\"article:published_time\" content=\"2023-09-29T12:29:29+00:00\" \/>\n<meta property=\"og:image\" content=\"https:\/\/www.intoscana.it\/wp-content\/uploads\/Rosetta-in-lamina-dargento-dorato-decorata-a-sbalzo_VII-sec.-a.C._Sesto-Fiorentino-FI-Tomba-della-Montagnola-scaled.jpg\" \/>\n\t<meta property=\"og:image:width\" content=\"2048\" \/>\n\t<meta property=\"og:image:height\" content=\"1654\" \/>\n\t<meta property=\"og:image:type\" content=\"image\/jpeg\" \/>\n<meta name=\"author\" content=\"Costanza Baldini\" \/>\n<meta name=\"twitter:card\" content=\"summary_large_image\" \/>\n<meta name=\"twitter:creator\" content=\"@intoscana\" \/>\n<meta name=\"twitter:site\" content=\"@intoscana\" \/>\n<meta name=\"twitter:label1\" content=\"Written by\" \/>\n\t<meta name=\"twitter:data1\" content=\"Costanza Baldini\" \/>\n\t<meta name=\"twitter:label2\" content=\"Est. reading time\" \/>\n\t<meta name=\"twitter:data2\" content=\"4 minuti\" \/>\n<script type=\"application\/ld+json\" class=\"yoast-schema-graph\">{\"@context\":\"https:\/\/schema.org\",\"@graph\":[{\"@type\":\"WebPage\",\"@id\":\"https:\/\/www.intoscana.it\/it\/archeologia-svelata-a-sesto-fiorentino-in-mostra-il-prezioso-tesoro-della-tomba-della-montagnola\/\",\"url\":\"https:\/\/www.intoscana.it\/it\/archeologia-svelata-a-sesto-fiorentino-in-mostra-il-prezioso-tesoro-della-tomba-della-montagnola\/\",\"name\":\"\\\"Archeologia svelata\\\" a Sesto Fiorentino: in mostra il prezioso tesoro della Tomba della Montagnola - intoscana\",\"isPartOf\":{\"@id\":\"https:\/\/www.intoscana.it\/it\/#website\"},\"primaryImageOfPage\":{\"@id\":\"https:\/\/www.intoscana.it\/it\/archeologia-svelata-a-sesto-fiorentino-in-mostra-il-prezioso-tesoro-della-tomba-della-montagnola\/#primaryimage\"},\"image\":{\"@id\":\"https:\/\/www.intoscana.it\/it\/archeologia-svelata-a-sesto-fiorentino-in-mostra-il-prezioso-tesoro-della-tomba-della-montagnola\/#primaryimage\"},\"thumbnailUrl\":\"https:\/\/www.intoscana.it\/wp-content\/uploads\/Rosetta-in-lamina-dargento-dorato-decorata-a-sbalzo_VII-sec.-a.C._Sesto-Fiorentino-FI-Tomba-della-Montagnola-scaled.jpg\",\"datePublished\":\"2023-09-29T12:29:29+00:00\",\"author\":{\"@id\":\"https:\/\/www.intoscana.it\/it\/#\/schema\/person\/d469f35f09739bdf00bf5dd3f0647a82\"},\"description\":\"Fino al 31 luglio 2024 alla Biblioteca Ernesto Ragionieri di Sesto Fiorentino un'occasione per ammirare straordinari reperti\",\"breadcrumb\":{\"@id\":\"https:\/\/www.intoscana.it\/it\/archeologia-svelata-a-sesto-fiorentino-in-mostra-il-prezioso-tesoro-della-tomba-della-montagnola\/#breadcrumb\"},\"inLanguage\":\"it-IT\",\"potentialAction\":[{\"@type\":\"ReadAction\",\"target\":[\"https:\/\/www.intoscana.it\/it\/archeologia-svelata-a-sesto-fiorentino-in-mostra-il-prezioso-tesoro-della-tomba-della-montagnola\/\"]}]},{\"@type\":\"ImageObject\",\"inLanguage\":\"it-IT\",\"@id\":\"https:\/\/www.intoscana.it\/it\/archeologia-svelata-a-sesto-fiorentino-in-mostra-il-prezioso-tesoro-della-tomba-della-montagnola\/#primaryimage\",\"url\":\"https:\/\/www.intoscana.it\/wp-content\/uploads\/Rosetta-in-lamina-dargento-dorato-decorata-a-sbalzo_VII-sec.-a.C._Sesto-Fiorentino-FI-Tomba-della-Montagnola-scaled.jpg\",\"contentUrl\":\"https:\/\/www.intoscana.it\/wp-content\/uploads\/Rosetta-in-lamina-dargento-dorato-decorata-a-sbalzo_VII-sec.-a.C._Sesto-Fiorentino-FI-Tomba-della-Montagnola-scaled.jpg\",\"width\":2048,\"height\":1654},{\"@type\":\"BreadcrumbList\",\"@id\":\"https:\/\/www.intoscana.it\/it\/archeologia-svelata-a-sesto-fiorentino-in-mostra-il-prezioso-tesoro-della-tomba-della-montagnola\/#breadcrumb\",\"itemListElement\":[{\"@type\":\"ListItem\",\"position\":1,\"name\":\"Home\",\"item\":\"https:\/\/www.intoscana.it\/it\/\"},{\"@type\":\"ListItem\",\"position\":2,\"name\":\"&#8220;Archeologia svelata&#8221; a Sesto Fiorentino: in mostra il prezioso tesoro della Tomba della Montagnola\"}]},{\"@type\":\"WebSite\",\"@id\":\"https:\/\/www.intoscana.it\/it\/#website\",\"url\":\"https:\/\/www.intoscana.it\/it\/\",\"name\":\"intoscana\",\"description\":\"\",\"potentialAction\":[{\"@type\":\"SearchAction\",\"target\":{\"@type\":\"EntryPoint\",\"urlTemplate\":\"https:\/\/www.intoscana.it\/it\/?s={search_term_string}\"},\"query-input\":{\"@type\":\"PropertyValueSpecification\",\"valueRequired\":true,\"valueName\":\"search_term_string\"}}],\"inLanguage\":\"it-IT\"},{\"@type\":\"Person\",\"@id\":\"https:\/\/www.intoscana.it\/it\/#\/schema\/person\/d469f35f09739bdf00bf5dd3f0647a82\",\"name\":\"Costanza Baldini\",\"url\":\"https:\/\/www.intoscana.it\/it\/author\/costanza-baldini\/\"}]}<\/script>\n<!-- \/ Yoast SEO Premium plugin. -->","yoast_head_json":{"title":"\"Archeologia svelata\" a Sesto Fiorentino: in mostra il prezioso tesoro della Tomba della Montagnola - intoscana","description":"Fino al 31 luglio 2024 alla Biblioteca Ernesto Ragionieri di Sesto Fiorentino un'occasione per ammirare straordinari reperti","robots":{"index":"index","follow":"follow","max-snippet":"max-snippet:-1","max-image-preview":"max-image-preview:large","max-video-preview":"max-video-preview:-1"},"canonical":"https:\/\/www.intoscana.it\/it\/archeologia-svelata-a-sesto-fiorentino-in-mostra-il-prezioso-tesoro-della-tomba-della-montagnola\/","og_locale":"it_IT","og_type":"article","og_title":"\"Archeologia svelata\" a Sesto Fiorentino: in mostra il prezioso tesoro della Tomba della Montagnola","og_description":"Fino al 31 luglio 2024 alla Biblioteca Ernesto Ragionieri di Sesto Fiorentino un'occasione per ammirare straordinari reperti","og_url":"https:\/\/www.intoscana.it\/it\/archeologia-svelata-a-sesto-fiorentino-in-mostra-il-prezioso-tesoro-della-tomba-della-montagnola\/","og_site_name":"intoscana","article_publisher":"https:\/\/www.facebook.com\/intoscana.it","article_published_time":"2023-09-29T12:29:29+00:00","og_image":[{"width":2048,"height":1654,"url":"https:\/\/www.intoscana.it\/wp-content\/uploads\/Rosetta-in-lamina-dargento-dorato-decorata-a-sbalzo_VII-sec.-a.C._Sesto-Fiorentino-FI-Tomba-della-Montagnola-scaled.jpg","type":"image\/jpeg"}],"author":"Costanza Baldini","twitter_card":"summary_large_image","twitter_creator":"@intoscana","twitter_site":"@intoscana","twitter_misc":{"Written by":"Costanza Baldini","Est. reading time":"4 minuti"},"schema":{"@context":"https:\/\/schema.org","@graph":[{"@type":"WebPage","@id":"https:\/\/www.intoscana.it\/it\/archeologia-svelata-a-sesto-fiorentino-in-mostra-il-prezioso-tesoro-della-tomba-della-montagnola\/","url":"https:\/\/www.intoscana.it\/it\/archeologia-svelata-a-sesto-fiorentino-in-mostra-il-prezioso-tesoro-della-tomba-della-montagnola\/","name":"\"Archeologia svelata\" a Sesto Fiorentino: in mostra il prezioso tesoro della Tomba della Montagnola - intoscana","isPartOf":{"@id":"https:\/\/www.intoscana.it\/it\/#website"},"primaryImageOfPage":{"@id":"https:\/\/www.intoscana.it\/it\/archeologia-svelata-a-sesto-fiorentino-in-mostra-il-prezioso-tesoro-della-tomba-della-montagnola\/#primaryimage"},"image":{"@id":"https:\/\/www.intoscana.it\/it\/archeologia-svelata-a-sesto-fiorentino-in-mostra-il-prezioso-tesoro-della-tomba-della-montagnola\/#primaryimage"},"thumbnailUrl":"https:\/\/www.intoscana.it\/wp-content\/uploads\/Rosetta-in-lamina-dargento-dorato-decorata-a-sbalzo_VII-sec.-a.C._Sesto-Fiorentino-FI-Tomba-della-Montagnola-scaled.jpg","datePublished":"2023-09-29T12:29:29+00:00","author":{"@id":"https:\/\/www.intoscana.it\/it\/#\/schema\/person\/d469f35f09739bdf00bf5dd3f0647a82"},"description":"Fino al 31 luglio 2024 alla Biblioteca Ernesto Ragionieri di Sesto Fiorentino un'occasione per ammirare straordinari reperti","breadcrumb":{"@id":"https:\/\/www.intoscana.it\/it\/archeologia-svelata-a-sesto-fiorentino-in-mostra-il-prezioso-tesoro-della-tomba-della-montagnola\/#breadcrumb"},"inLanguage":"it-IT","potentialAction":[{"@type":"ReadAction","target":["https:\/\/www.intoscana.it\/it\/archeologia-svelata-a-sesto-fiorentino-in-mostra-il-prezioso-tesoro-della-tomba-della-montagnola\/"]}]},{"@type":"ImageObject","inLanguage":"it-IT","@id":"https:\/\/www.intoscana.it\/it\/archeologia-svelata-a-sesto-fiorentino-in-mostra-il-prezioso-tesoro-della-tomba-della-montagnola\/#primaryimage","url":"https:\/\/www.intoscana.it\/wp-content\/uploads\/Rosetta-in-lamina-dargento-dorato-decorata-a-sbalzo_VII-sec.-a.C._Sesto-Fiorentino-FI-Tomba-della-Montagnola-scaled.jpg","contentUrl":"https:\/\/www.intoscana.it\/wp-content\/uploads\/Rosetta-in-lamina-dargento-dorato-decorata-a-sbalzo_VII-sec.-a.C._Sesto-Fiorentino-FI-Tomba-della-Montagnola-scaled.jpg","width":2048,"height":1654},{"@type":"BreadcrumbList","@id":"https:\/\/www.intoscana.it\/it\/archeologia-svelata-a-sesto-fiorentino-in-mostra-il-prezioso-tesoro-della-tomba-della-montagnola\/#breadcrumb","itemListElement":[{"@type":"ListItem","position":1,"name":"Home","item":"https:\/\/www.intoscana.it\/it\/"},{"@type":"ListItem","position":2,"name":"&#8220;Archeologia svelata&#8221; a Sesto Fiorentino: in mostra il prezioso tesoro della Tomba della Montagnola"}]},{"@type":"WebSite","@id":"https:\/\/www.intoscana.it\/it\/#website","url":"https:\/\/www.intoscana.it\/it\/","name":"intoscana","description":"","potentialAction":[{"@type":"SearchAction","target":{"@type":"EntryPoint","urlTemplate":"https:\/\/www.intoscana.it\/it\/?s={search_term_string}"},"query-input":{"@type":"PropertyValueSpecification","valueRequired":true,"valueName":"search_term_string"}}],"inLanguage":"it-IT"},{"@type":"Person","@id":"https:\/\/www.intoscana.it\/it\/#\/schema\/person\/d469f35f09739bdf00bf5dd3f0647a82","name":"Costanza Baldini","url":"https:\/\/www.intoscana.it\/it\/author\/costanza-baldini\/"}]}},"_links":{"self":[{"href":"https:\/\/www.intoscana.it\/it\/wp-json\/wp\/v2\/posts\/307460","targetHints":{"allow":["GET"]}}],"collection":[{"href":"https:\/\/www.intoscana.it\/it\/wp-json\/wp\/v2\/posts"}],"about":[{"href":"https:\/\/www.intoscana.it\/it\/wp-json\/wp\/v2\/types\/post"}],"author":[{"embeddable":true,"href":"https:\/\/www.intoscana.it\/it\/wp-json\/wp\/v2\/users\/518"}],"replies":[{"embeddable":true,"href":"https:\/\/www.intoscana.it\/it\/wp-json\/wp\/v2\/comments?post=307460"}],"version-history":[{"count":0,"href":"https:\/\/www.intoscana.it\/it\/wp-json\/wp\/v2\/posts\/307460\/revisions"}],"wp:featuredmedia":[{"embeddable":true,"href":"https:\/\/www.intoscana.it\/it\/wp-json\/wp\/v2\/media\/307472"}],"wp:attachment":[{"href":"https:\/\/www.intoscana.it\/it\/wp-json\/wp\/v2\/media?parent=307460"}],"wp:term":[{"taxonomy":"category","embeddable":true,"href":"https:\/\/www.intoscana.it\/it\/wp-json\/wp\/v2\/categories?post=307460"},{"taxonomy":"post_tag","embeddable":true,"href":"https:\/\/www.intoscana.it\/it\/wp-json\/wp\/v2\/tags?post=307460"}],"curies":[{"name":"wp","href":"https:\/\/api.w.org\/{rel}","templated":true}]}}