{"id":308080,"date":"2023-10-03T15:40:36","date_gmt":"2023-10-03T13:40:36","guid":{"rendered":"https:\/\/www.intoscana.it\/it\/?p=308080"},"modified":"2023-10-06T11:23:11","modified_gmt":"2023-10-06T09:23:11","slug":"easyjet-potenzia-i-collegamenti-dallaeroporto-di-pisa","status":"publish","type":"post","link":"https:\/\/www.intoscana.it\/it\/easyjet-potenzia-i-collegamenti-dallaeroporto-di-pisa\/","title":{"rendered":"Easyjet potenzia i collegamenti dall&#8217;aeroporto di Pisa"},"content":{"rendered":"<p>La compagnia low cost dalle insegne arancioni <strong>incrementa il numero di destinazioni<\/strong> che possono essere raggiunte dall&#8217;<strong>aeroporto Galileo Galilei di Pisa<\/strong>. Con l&#8217;arrivo della stagione invernale sar\u00e0 possibile decollare verso <strong>Parigi<\/strong> Charles De Gaulle e <strong>Porto<\/strong>, mentre dall&#8217;estate si aggiunge <strong>Barcellona<\/strong>.<\/p>\n<p>A questa novit\u00e0 si aggiunge un nuovo importante traguardo per easyJet e Toscana aeroporti, dal 2005 ad oggi sono stati dieci i milioni di posti a sedere messi a disposizione, confermandosi come seconda compagnia aerea presso lo scalo pisano.<\/p>\n<h3>I nuovi collegamenti<\/h3>\n<p>Tra fine ottobre e inizio novembre, easyJet avvier\u00e0 le proprie operazioni su due nuove rotte, portando cos\u00ec a 9 i collegamenti internazionali disponibili per i viaggiatori toscani, che gi\u00e0 includono i voli per Londra (Gatwick e Luton), Parigi Orly, Bristol, Berlino, Manchester e Amsterdam. A partire dal <strong>29 ottobre<\/strong>, ogni luned\u00ec, gioved\u00ec, venerd\u00ec e domenica, sar\u00e0 infatti possibile volare tra <strong>Pisa e Parigi Charles de Gaulle<\/strong>. Tre giorni dopo, il <strong>1\u00b0 novembre<\/strong>, partir\u00e0 invece il nuovo collegamento easyJet tra l\u2019Aeroporto Internazionale di Pisa e lo scalo Francisco S\u00e1 Carneiro di <strong>Porto<\/strong>, in Portogallo, con due voli settimanali previsti ogni mercoled\u00ec e sabato.<\/p>\n<p>Le novit\u00e0 per\u00f2 non si esauriscono, il collegamento Pisa-<strong>Berlino<\/strong> diventa annuale e a partire dalla prossima estate, si aggiunge la nuova rotta verso <strong>Barcellona<\/strong>.<\/p>\n<p>Con oltre 600.000 posti in vendita nel 2023, oltre 200 mila in pi\u00f9 rispetto al 2022, e un significativo incremento del network di easyJet nella citt\u00e0, la compagnia conferma la volont\u00e0 di continuare a investire presso uno lo scalo pisano, fulcro centrale non solo per il turismo da e verso la citt\u00e0, ma anche per l\u2019intera Toscana.<\/p>\n<p><em>\u201cLa nostra avventura all\u2019Aeroporto Internazionale di Pisa \u00e8 iniziata quasi vent\u2019anni fa quando nel <strong>marzo 2005 atterr\u00f2 il primo aereo<\/strong> easyJet proveniente da Parigi. Da allora abbiamo avviato una collaborazione di successo con il nostro partner Toscana Aeroporti che, anno dopo anno, ci ha permesso di collegare Pisa con le <strong>principali citt\u00e0 europee<\/strong> e di portare sempre pi\u00f9 turisti nella regione. Oggi a Pisa festeggiamo un importante traguardo che \u00e8 anche una dimostrazione di questa storia di successo. Dal 2005 abbiamo offerto<strong> ben 10 milioni di posti<\/strong> da e per Pisa e quest\u2019inverno abbiamo novit\u00e0 importanti, quali i due nuovi collegamenti con Porto e Parigi Charles De Gaulle e il prolungamento del collegamento verso Berlino. E per l\u2019estate prossima avremo un\u2019altra importante novit\u00e0, la rotta Pisa-Barcellona, che metteremo in vendita entro la fine dell\u2019anno<\/em>\u201d ha commentato <strong>Lorenzo Lagorio<\/strong>, Country Manager easyJet Italia.<\/p>\n<p>&nbsp;<\/p>\n","protected":false},"excerpt":{"rendered":"<p>Alle rotte della compagnia low cost si aggiungono le citt\u00e0 di Parigi, Barcellona e Porto<\/p>\n","protected":false},"author":525,"featured_media":279180,"comment_status":"open","ping_status":"open","sticky":false,"template":"","format":"standard","meta":{"_acf_changed":false,"footnotes":""},"categories":[6],"tags":[5969,1577,203],"class_list":["post-308080","post","type-post","status-publish","format-standard","has-post-thumbnail","hentry","category-viaggi","tag-aeroporto-di-pisa","tag-muoversi-in-toscana","tag-pisa"],"acf":[],"yoast_head":"<!-- This site is optimized with the Yoast SEO Premium plugin v24.2 (Yoast SEO v25.6) - https:\/\/yoast.com\/wordpress\/plugins\/seo\/ -->\n<title>Easyjet potenzia i collegamenti dall&#039;aeroporto di Pisa - intoscana<\/title>\n<meta name=\"robots\" content=\"index, follow, max-snippet:-1, max-image-preview:large, max-video-preview:-1\" \/>\n<link rel=\"canonical\" href=\"https:\/\/www.intoscana.it\/it\/easyjet-potenzia-i-collegamenti-dallaeroporto-di-pisa\/\" \/>\n<meta property=\"og:locale\" content=\"it_IT\" \/>\n<meta property=\"og:type\" content=\"article\" \/>\n<meta property=\"og:title\" content=\"Easyjet potenzia i collegamenti dall&#039;aeroporto di Pisa\" \/>\n<meta property=\"og:description\" content=\"Alle rotte della compagnia low cost si aggiungono le citt\u00e0 di Parigi, Barcellona e Porto\" \/>\n<meta property=\"og:url\" content=\"https:\/\/www.intoscana.it\/it\/easyjet-potenzia-i-collegamenti-dallaeroporto-di-pisa\/\" \/>\n<meta property=\"og:site_name\" content=\"intoscana\" \/>\n<meta property=\"article:publisher\" content=\"https:\/\/www.facebook.com\/intoscana.it\" \/>\n<meta property=\"article:published_time\" content=\"2023-10-03T13:40:36+00:00\" \/>\n<meta property=\"article:modified_time\" content=\"2023-10-06T09:23:11+00:00\" \/>\n<meta property=\"og:image\" content=\"https:\/\/www.intoscana.it\/wp-content\/uploads\/easyJet_hd_ready.jpg\" \/>\n\t<meta property=\"og:image:width\" content=\"1024\" \/>\n\t<meta property=\"og:image:height\" content=\"576\" \/>\n\t<meta property=\"og:image:type\" content=\"image\/jpeg\" \/>\n<meta name=\"author\" content=\"Redazione\" \/>\n<meta name=\"twitter:card\" content=\"summary_large_image\" \/>\n<meta name=\"twitter:creator\" content=\"@intoscana\" \/>\n<meta name=\"twitter:site\" content=\"@intoscana\" \/>\n<meta name=\"twitter:label1\" content=\"Written by\" \/>\n\t<meta name=\"twitter:data1\" content=\"Redazione\" \/>\n\t<meta name=\"twitter:label2\" content=\"Est. reading time\" \/>\n\t<meta name=\"twitter:data2\" content=\"2 minuti\" \/>\n<script type=\"application\/ld+json\" class=\"yoast-schema-graph\">{\"@context\":\"https:\/\/schema.org\",\"@graph\":[{\"@type\":\"WebPage\",\"@id\":\"https:\/\/www.intoscana.it\/it\/easyjet-potenzia-i-collegamenti-dallaeroporto-di-pisa\/\",\"url\":\"https:\/\/www.intoscana.it\/it\/easyjet-potenzia-i-collegamenti-dallaeroporto-di-pisa\/\",\"name\":\"Easyjet potenzia i collegamenti dall'aeroporto di Pisa - intoscana\",\"isPartOf\":{\"@id\":\"https:\/\/www.intoscana.it\/it\/#website\"},\"primaryImageOfPage\":{\"@id\":\"https:\/\/www.intoscana.it\/it\/easyjet-potenzia-i-collegamenti-dallaeroporto-di-pisa\/#primaryimage\"},\"image\":{\"@id\":\"https:\/\/www.intoscana.it\/it\/easyjet-potenzia-i-collegamenti-dallaeroporto-di-pisa\/#primaryimage\"},\"thumbnailUrl\":\"https:\/\/www.intoscana.it\/wp-content\/uploads\/easyJet_hd_ready.jpg\",\"datePublished\":\"2023-10-03T13:40:36+00:00\",\"dateModified\":\"2023-10-06T09:23:11+00:00\",\"author\":{\"@id\":\"https:\/\/www.intoscana.it\/it\/#\/schema\/person\/9223810753230f20bd670fdd322661f8\"},\"breadcrumb\":{\"@id\":\"https:\/\/www.intoscana.it\/it\/easyjet-potenzia-i-collegamenti-dallaeroporto-di-pisa\/#breadcrumb\"},\"inLanguage\":\"it-IT\",\"potentialAction\":[{\"@type\":\"ReadAction\",\"target\":[\"https:\/\/www.intoscana.it\/it\/easyjet-potenzia-i-collegamenti-dallaeroporto-di-pisa\/\"]}]},{\"@type\":\"ImageObject\",\"inLanguage\":\"it-IT\",\"@id\":\"https:\/\/www.intoscana.it\/it\/easyjet-potenzia-i-collegamenti-dallaeroporto-di-pisa\/#primaryimage\",\"url\":\"https:\/\/www.intoscana.it\/wp-content\/uploads\/easyJet_hd_ready.jpg\",\"contentUrl\":\"https:\/\/www.intoscana.it\/wp-content\/uploads\/easyJet_hd_ready.jpg\",\"width\":1024,\"height\":576},{\"@type\":\"BreadcrumbList\",\"@id\":\"https:\/\/www.intoscana.it\/it\/easyjet-potenzia-i-collegamenti-dallaeroporto-di-pisa\/#breadcrumb\",\"itemListElement\":[{\"@type\":\"ListItem\",\"position\":1,\"name\":\"Home\",\"item\":\"https:\/\/www.intoscana.it\/it\/\"},{\"@type\":\"ListItem\",\"position\":2,\"name\":\"Easyjet potenzia i collegamenti dall&#8217;aeroporto di Pisa\"}]},{\"@type\":\"WebSite\",\"@id\":\"https:\/\/www.intoscana.it\/it\/#website\",\"url\":\"https:\/\/www.intoscana.it\/it\/\",\"name\":\"intoscana\",\"description\":\"\",\"potentialAction\":[{\"@type\":\"SearchAction\",\"target\":{\"@type\":\"EntryPoint\",\"urlTemplate\":\"https:\/\/www.intoscana.it\/it\/?s={search_term_string}\"},\"query-input\":{\"@type\":\"PropertyValueSpecification\",\"valueRequired\":true,\"valueName\":\"search_term_string\"}}],\"inLanguage\":\"it-IT\"},{\"@type\":\"Person\",\"@id\":\"https:\/\/www.intoscana.it\/it\/#\/schema\/person\/9223810753230f20bd670fdd322661f8\",\"name\":\"Redazione\",\"url\":\"https:\/\/www.intoscana.it\/it\/author\/redazione\/\"}]}<\/script>\n<!-- \/ Yoast SEO Premium plugin. -->","yoast_head_json":{"title":"Easyjet potenzia i collegamenti dall'aeroporto di Pisa - intoscana","robots":{"index":"index","follow":"follow","max-snippet":"max-snippet:-1","max-image-preview":"max-image-preview:large","max-video-preview":"max-video-preview:-1"},"canonical":"https:\/\/www.intoscana.it\/it\/easyjet-potenzia-i-collegamenti-dallaeroporto-di-pisa\/","og_locale":"it_IT","og_type":"article","og_title":"Easyjet potenzia i collegamenti dall'aeroporto di Pisa","og_description":"Alle rotte della compagnia low cost si aggiungono le citt\u00e0 di Parigi, Barcellona e Porto","og_url":"https:\/\/www.intoscana.it\/it\/easyjet-potenzia-i-collegamenti-dallaeroporto-di-pisa\/","og_site_name":"intoscana","article_publisher":"https:\/\/www.facebook.com\/intoscana.it","article_published_time":"2023-10-03T13:40:36+00:00","article_modified_time":"2023-10-06T09:23:11+00:00","og_image":[{"width":1024,"height":576,"url":"https:\/\/www.intoscana.it\/wp-content\/uploads\/easyJet_hd_ready.jpg","type":"image\/jpeg"}],"author":"Redazione","twitter_card":"summary_large_image","twitter_creator":"@intoscana","twitter_site":"@intoscana","twitter_misc":{"Written by":"Redazione","Est. reading time":"2 minuti"},"schema":{"@context":"https:\/\/schema.org","@graph":[{"@type":"WebPage","@id":"https:\/\/www.intoscana.it\/it\/easyjet-potenzia-i-collegamenti-dallaeroporto-di-pisa\/","url":"https:\/\/www.intoscana.it\/it\/easyjet-potenzia-i-collegamenti-dallaeroporto-di-pisa\/","name":"Easyjet potenzia i collegamenti dall'aeroporto di Pisa - intoscana","isPartOf":{"@id":"https:\/\/www.intoscana.it\/it\/#website"},"primaryImageOfPage":{"@id":"https:\/\/www.intoscana.it\/it\/easyjet-potenzia-i-collegamenti-dallaeroporto-di-pisa\/#primaryimage"},"image":{"@id":"https:\/\/www.intoscana.it\/it\/easyjet-potenzia-i-collegamenti-dallaeroporto-di-pisa\/#primaryimage"},"thumbnailUrl":"https:\/\/www.intoscana.it\/wp-content\/uploads\/easyJet_hd_ready.jpg","datePublished":"2023-10-03T13:40:36+00:00","dateModified":"2023-10-06T09:23:11+00:00","author":{"@id":"https:\/\/www.intoscana.it\/it\/#\/schema\/person\/9223810753230f20bd670fdd322661f8"},"breadcrumb":{"@id":"https:\/\/www.intoscana.it\/it\/easyjet-potenzia-i-collegamenti-dallaeroporto-di-pisa\/#breadcrumb"},"inLanguage":"it-IT","potentialAction":[{"@type":"ReadAction","target":["https:\/\/www.intoscana.it\/it\/easyjet-potenzia-i-collegamenti-dallaeroporto-di-pisa\/"]}]},{"@type":"ImageObject","inLanguage":"it-IT","@id":"https:\/\/www.intoscana.it\/it\/easyjet-potenzia-i-collegamenti-dallaeroporto-di-pisa\/#primaryimage","url":"https:\/\/www.intoscana.it\/wp-content\/uploads\/easyJet_hd_ready.jpg","contentUrl":"https:\/\/www.intoscana.it\/wp-content\/uploads\/easyJet_hd_ready.jpg","width":1024,"height":576},{"@type":"BreadcrumbList","@id":"https:\/\/www.intoscana.it\/it\/easyjet-potenzia-i-collegamenti-dallaeroporto-di-pisa\/#breadcrumb","itemListElement":[{"@type":"ListItem","position":1,"name":"Home","item":"https:\/\/www.intoscana.it\/it\/"},{"@type":"ListItem","position":2,"name":"Easyjet potenzia i collegamenti dall&#8217;aeroporto di Pisa"}]},{"@type":"WebSite","@id":"https:\/\/www.intoscana.it\/it\/#website","url":"https:\/\/www.intoscana.it\/it\/","name":"intoscana","description":"","potentialAction":[{"@type":"SearchAction","target":{"@type":"EntryPoint","urlTemplate":"https:\/\/www.intoscana.it\/it\/?s={search_term_string}"},"query-input":{"@type":"PropertyValueSpecification","valueRequired":true,"valueName":"search_term_string"}}],"inLanguage":"it-IT"},{"@type":"Person","@id":"https:\/\/www.intoscana.it\/it\/#\/schema\/person\/9223810753230f20bd670fdd322661f8","name":"Redazione","url":"https:\/\/www.intoscana.it\/it\/author\/redazione\/"}]}},"_links":{"self":[{"href":"https:\/\/www.intoscana.it\/it\/wp-json\/wp\/v2\/posts\/308080","targetHints":{"allow":["GET"]}}],"collection":[{"href":"https:\/\/www.intoscana.it\/it\/wp-json\/wp\/v2\/posts"}],"about":[{"href":"https:\/\/www.intoscana.it\/it\/wp-json\/wp\/v2\/types\/post"}],"author":[{"embeddable":true,"href":"https:\/\/www.intoscana.it\/it\/wp-json\/wp\/v2\/users\/525"}],"replies":[{"embeddable":true,"href":"https:\/\/www.intoscana.it\/it\/wp-json\/wp\/v2\/comments?post=308080"}],"version-history":[{"count":0,"href":"https:\/\/www.intoscana.it\/it\/wp-json\/wp\/v2\/posts\/308080\/revisions"}],"wp:featuredmedia":[{"embeddable":true,"href":"https:\/\/www.intoscana.it\/it\/wp-json\/wp\/v2\/media\/279180"}],"wp:attachment":[{"href":"https:\/\/www.intoscana.it\/it\/wp-json\/wp\/v2\/media?parent=308080"}],"wp:term":[{"taxonomy":"category","embeddable":true,"href":"https:\/\/www.intoscana.it\/it\/wp-json\/wp\/v2\/categories?post=308080"},{"taxonomy":"post_tag","embeddable":true,"href":"https:\/\/www.intoscana.it\/it\/wp-json\/wp\/v2\/tags?post=308080"}],"curies":[{"name":"wp","href":"https:\/\/api.w.org\/{rel}","templated":true}]}}