{"id":308124,"date":"2023-10-04T15:58:10","date_gmt":"2023-10-04T13:58:10","guid":{"rendered":"https:\/\/www.intoscana.it\/it\/?p=308124"},"modified":"2023-10-04T16:10:38","modified_gmt":"2023-10-04T14:10:38","slug":"le-grandi-installazioni-della-visionaria-artista-joana-vasconcelos-invadono-gli-uffizi-e-palazzo-pitti","status":"publish","type":"post","link":"https:\/\/www.intoscana.it\/it\/le-grandi-installazioni-della-visionaria-artista-joana-vasconcelos-invadono-gli-uffizi-e-palazzo-pitti\/","title":{"rendered":"Le grandi installazioni dell&#8217;artista visionaria Joana Vasconcelos invadono gli Uffizi e Palazzo Pitti"},"content":{"rendered":"<p>Un <strong>gigantesco paio di sandali<\/strong> a tacco alto composti da <strong>pentole d&#8217;acciaio<\/strong>, una<strong> &#8220;sacra famiglia&#8221; realizzata con cemento e uncinetto<\/strong> e un enorme groviglio di perline, tessuti, piume e led a simboleggiare la potenza distruttrice delle <strong>feroci guerriere Valchirie.<\/strong><\/p>\n<p>Sono queste le <strong>tre opere spettacolari<\/strong> di <strong>Joana Vasconcelos<\/strong> che saranno ospitate nei prossimi giorni a <strong>Palazzo Pitti e agli Uffizi.<\/strong><\/p>\n<p><strong><em>&#8220;Between Sky and Heart&#8221; <\/em><\/strong>cio\u00e8 <strong><em>&#8220;Tra il cielo e il cuore&#8221;<\/em> <\/strong>questo \u00e8 il titolo dell\u2019esposizione che si terr\u00e0 a Firenze\u00a0<strong>fino al 14 gennaio 2024<\/strong>, a cura del direttore del museo <strong>Eike Schmidt<\/strong> e dal critico d\u2019arte <strong>Demetrio Paparoni.<\/strong><\/p>\n<p><strong>L&#8217;artista portoghese<\/strong> crea la sua arte amalgamando <strong>mito, storia e tradizione<\/strong> con<strong> ironia e irriverenza,<\/strong> per sfidare le convenzioni e gli stereotipi di genere.<\/p>\n<p>L&#8217;approccio di <strong>Vasconcelos<\/strong> sfida i confini tra arte, artigianato e design, esplorando questioni di <strong>identit\u00e0, cultura e societ\u00e0.<\/strong><\/p>\n<p>Nata a Parigi nel 1971 da genitori portoghesi in esilio,<strong> Joana Vasconcelos<\/strong> torna in patria dopo la <strong>Rivoluzione dei garofani.<\/strong><\/p>\n<p>A Lisbona sviluppa il proprio linguaggio personale, caratterizzato da un complesso incontro tra <strong>pratiche artigianali altamente specializzate e sperimentazione artistica<\/strong>.<\/p>\n<p>Il successo internazionale arriva con la prima<strong> Biennale di Venezia<\/strong> curata da donne nel 2005, dove la Vasconcelos espone<strong><em> The Bride.<\/em> <\/strong><\/p>\n<p>Nel 2012 \u00e8 la pi\u00f9 giovane artista e<strong> la prima donna ad esporre al Palazzo di Versailles,<\/strong> mentre il 2018 la elegge <strong>prima artista portoghese<\/strong> ad avere una mostra individuale al<strong> Guggenheim di Bilbao.\u00a0<\/strong><\/p>\n<p><strong>Il direttore delle Gallerie Eike Schmidt<\/strong>: <em>\u201cLe installazioni di Joana Vasconcelos ci presentano un crescendo ovviamente femminista, tuttavia senza recriminazioni o rancori sui ruoli storici di genere. Anzi, \u00e8 proprio l\u2019allegra ironia delle sue creazioni a spiazzarci e a farci riflettere sui ruoli e sull\u2019efficace, dirompente potere femminile\u201d.<\/em><\/p>\n<h3>Le opere di Joana Vasconcelos<\/h3>\n<p>La <strong>Sala Bianca di Palazzo Pitti <\/strong>accoglier\u00e0 i visitatori<strong><em> Marilyn,<\/em><\/strong> un gigantesco paio di sandali a tacco alto che richiama quelli indossati dalla <strong>Monroe<\/strong> nel film<strong><em> Quando la moglie \u00e8 in vacanza.<\/em><\/strong><p><span class=\"citazione\">indipendentemente dal fatto che si parli di artisti vivi o morti, ci\u00f2 che conta di pi\u00f9 \u00e8 il dialogo che si genera tra le opere<\/span><\/p><\/p>\n<p>L&#8217;osservatore avvicinandosi scorprir\u00e0 per\u00f2 che le scarpe sono formate da <strong>pentole in acciaio <\/strong>accompagnate dai corrispettivi <strong>coperchi.<\/strong><\/p>\n<p><strong>La scultura, quindi, nasce da un paradosso<\/strong>: comunissimi<strong> attrezzi da cucina<\/strong> si incastrano per comporre in chiave monumentale un <strong>elegante oggetto di moda<\/strong>.<\/p>\n<p>Un <strong>contrasto fortemente ironico<\/strong> tra la<strong> sensualit\u00e0 della donna<\/strong> e il<strong> ruolo domestico a cui \u00e8 tradizionalmente relegata.<\/strong><\/p>\n<p>Sempre a <strong>Palazzo Pitti,<\/strong> nella <strong>Sala di Bona<\/strong> sar\u00e0 esposta <strong><em>Happy family<\/em><\/strong> una spiazzante reinterpretazione del tema cristiano della <strong><em>\u201cHoly Family\u201d.<\/em><\/strong><\/p>\n<p><strong>Il duro emento e il delicato uncinetto<\/strong> sono le due tecniche chi si incontrano in quest&#8217;opera.<\/p>\n<p>Se da una parte il <strong>merletto, coprendone le nudit\u00e0,<\/strong> sembra voler contenere la sensualit\u00e0 delle figure, dall\u2019altra le trasparenze del ricamo ne moltiplicano la <strong>carica erotica<\/strong>.<\/p>\n<p>Al posto di <strong>Maria e Giuseppe,<\/strong> Vasconcelos sceglie due soggetti della tradizione pagana, <strong>una Flora e un Bacco,<\/strong> che cullando il bambolotto-bambino su un morbido \u201cnaperon\u201d,<strong> simbolo della ritualit\u00e0 pagana.\u00a0<\/strong><\/p>\n<figure id=\"post-308137 media-308137\" class=\"align-none\"><img decoding=\"async\" src=\"https:\/\/www.intoscana.it\/wp-content\/uploads\/Vasconcelos-Palazzo-Pitti-25-scaled.jpg\" alt=\"\" \/><\/figure>\n<div class=\"titleimg\"><em>Happy Family, Joana Vasconcelos Palazzo Pitti<\/em><\/div>\n<p>Infine, un intricato intreccio di <strong>stoffe, lana, cotone, cordoncini, imbottiture, paillettes, perline, piume e led<\/strong> si staglia sul soffitto della <strong>Tribuna degli Uffizi<\/strong> per la scultura <strong><em>&#8220;Royal Valkyrie&#8221;.<\/em><\/strong><\/p>\n<p>Le<strong> Valchirie<\/strong> hanno attraversato i secoli come <strong>guerriere implacabili, inflessibili, dotate di una forza sovrumana<\/strong> capace di sottomettere qualsiasi forma di vita.<\/p>\n<p>Adornandole di tessuto, qualcosa di storicamente connesso alle tradizioni femminili, <strong>Joana Vasconcelos restituisce loro la sensualit\u00e0 e la delicatezza<\/strong> di cui erano state private, esaltandone insieme il ruolo di <strong>paladine della libert\u00e0.\u00a0<\/strong><\/p>\n<p><strong>L\u2019artista Joana Vasconcelos ha detto<\/strong>: <em>\u201cSono un\u2019artista contemporanea partecipo alla creazione di questo momento storico, e non mi sarei mai sognata di esporre nel museo in cui sono custodite opere di Leonardo Da Vinci, Michelangelo o Caravaggio. Questo invito da parte del direttore degli Uffizi \u00e8 un grande onore. Perch\u00e9 indipendentemente dal fatto che si parli di artisti vivi o morti, ci\u00f2 che conta di pi\u00f9 \u00e8 il dialogo che si genera tra le opere. L&#8217;edificio stesso costituisce la cornice per la produzione artistica, indipendentemente dal secolo da cui proviene. Questo spazio ha il potere magico di cancellare il tempo, \u00e8 come una macchina del tempo. La cosa pi\u00f9 meravigliosa degli Uffizi \u00e8 la storia dell\u2019arte\u201d.<\/em><\/p>\n<figure id=\"post-308155 media-308155\" class=\"align-none\"><img decoding=\"async\" src=\"https:\/\/www.intoscana.it\/wp-content\/uploads\/Vasconcelos-Tribuna-Uffizi-12-scaled.jpg\" alt=\"\" \/><\/figure>\n<div class=\"titleimg\"><em>Royal Valkyrie, Joana Vasconcelos, Tribuna degli Uffizi<\/em><\/div>\n<p>&nbsp;<\/p>\n<p>&nbsp;<\/p>\n","protected":false},"excerpt":{"rendered":"<p>L&#8217;artista portoghese espone a Firenze tre delle sue pi\u00f9 importanti opere nella Tribuna degli Uffizi, nelle Sala Bianca e nella Sala di Bona di Palazzo Pitti<\/p>\n","protected":false},"author":518,"featured_media":308125,"comment_status":"open","ping_status":"open","sticky":false,"template":"","format":"standard","meta":{"_acf_changed":false,"footnotes":""},"categories":[493],"tags":[227,4474,202,222,207],"class_list":["post-308124","post","type-post","status-publish","format-standard","has-post-thumbnail","hentry","category-cultura","tag-arte-contemporanea","tag-eventi","tag-firenze","tag-mostre","tag-uffizi"],"acf":[],"yoast_head":"<!-- This site is optimized with the Yoast SEO Premium plugin v24.2 (Yoast SEO v25.6) - https:\/\/yoast.com\/wordpress\/plugins\/seo\/ -->\n<title>Le grandi installazioni dell&#039;artista visionaria Joana Vasconcelos invadono gli Uffizi e Palazzo Pitti - intoscana<\/title>\n<meta name=\"description\" content=\"L&#039;artista portoghese espone a Firenze tre delle sue pi\u00f9 importanti opere nella Tribuna degli Uffizi, nelle Sala Bianca e nella Sala di Bona\" \/>\n<meta name=\"robots\" content=\"index, follow, max-snippet:-1, max-image-preview:large, max-video-preview:-1\" \/>\n<link rel=\"canonical\" href=\"https:\/\/www.intoscana.it\/it\/le-grandi-installazioni-della-visionaria-artista-joana-vasconcelos-invadono-gli-uffizi-e-palazzo-pitti\/\" \/>\n<meta property=\"og:locale\" content=\"it_IT\" \/>\n<meta property=\"og:type\" content=\"article\" \/>\n<meta property=\"og:title\" content=\"Le grandi installazioni dell&#039;artista visionaria Joana Vasconcelos invadono gli Uffizi e Palazzo Pitti\" \/>\n<meta property=\"og:description\" content=\"L&#039;artista portoghese espone a Firenze tre delle sue pi\u00f9 importanti opere nella Tribuna degli Uffizi, nelle Sala Bianca e nella Sala di Bona\" \/>\n<meta property=\"og:url\" content=\"https:\/\/www.intoscana.it\/it\/le-grandi-installazioni-della-visionaria-artista-joana-vasconcelos-invadono-gli-uffizi-e-palazzo-pitti\/\" \/>\n<meta property=\"og:site_name\" content=\"intoscana\" \/>\n<meta property=\"article:publisher\" content=\"https:\/\/www.facebook.com\/intoscana.it\" \/>\n<meta property=\"article:published_time\" content=\"2023-10-04T13:58:10+00:00\" \/>\n<meta property=\"article:modified_time\" content=\"2023-10-04T14:10:38+00:00\" \/>\n<meta property=\"og:image\" content=\"https:\/\/www.intoscana.it\/wp-content\/uploads\/Vasconcelos-Palazzo-Pitti-1-scaled.jpg\" \/>\n\t<meta property=\"og:image:width\" content=\"2048\" \/>\n\t<meta property=\"og:image:height\" content=\"1365\" \/>\n\t<meta property=\"og:image:type\" content=\"image\/jpeg\" \/>\n<meta name=\"author\" content=\"Costanza Baldini\" \/>\n<meta name=\"twitter:card\" content=\"summary_large_image\" \/>\n<meta name=\"twitter:creator\" content=\"@intoscana\" \/>\n<meta name=\"twitter:site\" content=\"@intoscana\" \/>\n<meta name=\"twitter:label1\" content=\"Written by\" \/>\n\t<meta name=\"twitter:data1\" content=\"Costanza Baldini\" \/>\n\t<meta name=\"twitter:label2\" content=\"Est. reading time\" \/>\n\t<meta name=\"twitter:data2\" content=\"4 minuti\" \/>\n<script type=\"application\/ld+json\" class=\"yoast-schema-graph\">{\"@context\":\"https:\/\/schema.org\",\"@graph\":[{\"@type\":\"WebPage\",\"@id\":\"https:\/\/www.intoscana.it\/it\/le-grandi-installazioni-della-visionaria-artista-joana-vasconcelos-invadono-gli-uffizi-e-palazzo-pitti\/\",\"url\":\"https:\/\/www.intoscana.it\/it\/le-grandi-installazioni-della-visionaria-artista-joana-vasconcelos-invadono-gli-uffizi-e-palazzo-pitti\/\",\"name\":\"Le grandi installazioni dell'artista visionaria Joana Vasconcelos invadono gli Uffizi e Palazzo Pitti - intoscana\",\"isPartOf\":{\"@id\":\"https:\/\/www.intoscana.it\/it\/#website\"},\"primaryImageOfPage\":{\"@id\":\"https:\/\/www.intoscana.it\/it\/le-grandi-installazioni-della-visionaria-artista-joana-vasconcelos-invadono-gli-uffizi-e-palazzo-pitti\/#primaryimage\"},\"image\":{\"@id\":\"https:\/\/www.intoscana.it\/it\/le-grandi-installazioni-della-visionaria-artista-joana-vasconcelos-invadono-gli-uffizi-e-palazzo-pitti\/#primaryimage\"},\"thumbnailUrl\":\"https:\/\/www.intoscana.it\/wp-content\/uploads\/Vasconcelos-Palazzo-Pitti-1-scaled.jpg\",\"datePublished\":\"2023-10-04T13:58:10+00:00\",\"dateModified\":\"2023-10-04T14:10:38+00:00\",\"author\":{\"@id\":\"https:\/\/www.intoscana.it\/it\/#\/schema\/person\/d469f35f09739bdf00bf5dd3f0647a82\"},\"description\":\"L'artista portoghese espone a Firenze tre delle sue pi\u00f9 importanti opere nella Tribuna degli Uffizi, nelle Sala Bianca e nella Sala di Bona\",\"breadcrumb\":{\"@id\":\"https:\/\/www.intoscana.it\/it\/le-grandi-installazioni-della-visionaria-artista-joana-vasconcelos-invadono-gli-uffizi-e-palazzo-pitti\/#breadcrumb\"},\"inLanguage\":\"it-IT\",\"potentialAction\":[{\"@type\":\"ReadAction\",\"target\":[\"https:\/\/www.intoscana.it\/it\/le-grandi-installazioni-della-visionaria-artista-joana-vasconcelos-invadono-gli-uffizi-e-palazzo-pitti\/\"]}]},{\"@type\":\"ImageObject\",\"inLanguage\":\"it-IT\",\"@id\":\"https:\/\/www.intoscana.it\/it\/le-grandi-installazioni-della-visionaria-artista-joana-vasconcelos-invadono-gli-uffizi-e-palazzo-pitti\/#primaryimage\",\"url\":\"https:\/\/www.intoscana.it\/wp-content\/uploads\/Vasconcelos-Palazzo-Pitti-1-scaled.jpg\",\"contentUrl\":\"https:\/\/www.intoscana.it\/wp-content\/uploads\/Vasconcelos-Palazzo-Pitti-1-scaled.jpg\",\"width\":2048,\"height\":1365},{\"@type\":\"BreadcrumbList\",\"@id\":\"https:\/\/www.intoscana.it\/it\/le-grandi-installazioni-della-visionaria-artista-joana-vasconcelos-invadono-gli-uffizi-e-palazzo-pitti\/#breadcrumb\",\"itemListElement\":[{\"@type\":\"ListItem\",\"position\":1,\"name\":\"Home\",\"item\":\"https:\/\/www.intoscana.it\/it\/\"},{\"@type\":\"ListItem\",\"position\":2,\"name\":\"Le grandi installazioni dell&#8217;artista visionaria Joana Vasconcelos invadono gli Uffizi e Palazzo Pitti\"}]},{\"@type\":\"WebSite\",\"@id\":\"https:\/\/www.intoscana.it\/it\/#website\",\"url\":\"https:\/\/www.intoscana.it\/it\/\",\"name\":\"intoscana\",\"description\":\"\",\"potentialAction\":[{\"@type\":\"SearchAction\",\"target\":{\"@type\":\"EntryPoint\",\"urlTemplate\":\"https:\/\/www.intoscana.it\/it\/?s={search_term_string}\"},\"query-input\":{\"@type\":\"PropertyValueSpecification\",\"valueRequired\":true,\"valueName\":\"search_term_string\"}}],\"inLanguage\":\"it-IT\"},{\"@type\":\"Person\",\"@id\":\"https:\/\/www.intoscana.it\/it\/#\/schema\/person\/d469f35f09739bdf00bf5dd3f0647a82\",\"name\":\"Costanza Baldini\",\"url\":\"https:\/\/www.intoscana.it\/it\/author\/costanza-baldini\/\"}]}<\/script>\n<!-- \/ Yoast SEO Premium plugin. -->","yoast_head_json":{"title":"Le grandi installazioni dell'artista visionaria Joana Vasconcelos invadono gli Uffizi e Palazzo Pitti - intoscana","description":"L'artista portoghese espone a Firenze tre delle sue pi\u00f9 importanti opere nella Tribuna degli Uffizi, nelle Sala Bianca e nella Sala di Bona","robots":{"index":"index","follow":"follow","max-snippet":"max-snippet:-1","max-image-preview":"max-image-preview:large","max-video-preview":"max-video-preview:-1"},"canonical":"https:\/\/www.intoscana.it\/it\/le-grandi-installazioni-della-visionaria-artista-joana-vasconcelos-invadono-gli-uffizi-e-palazzo-pitti\/","og_locale":"it_IT","og_type":"article","og_title":"Le grandi installazioni dell'artista visionaria Joana Vasconcelos invadono gli Uffizi e Palazzo Pitti","og_description":"L'artista portoghese espone a Firenze tre delle sue pi\u00f9 importanti opere nella Tribuna degli Uffizi, nelle Sala Bianca e nella Sala di Bona","og_url":"https:\/\/www.intoscana.it\/it\/le-grandi-installazioni-della-visionaria-artista-joana-vasconcelos-invadono-gli-uffizi-e-palazzo-pitti\/","og_site_name":"intoscana","article_publisher":"https:\/\/www.facebook.com\/intoscana.it","article_published_time":"2023-10-04T13:58:10+00:00","article_modified_time":"2023-10-04T14:10:38+00:00","og_image":[{"width":2048,"height":1365,"url":"https:\/\/www.intoscana.it\/wp-content\/uploads\/Vasconcelos-Palazzo-Pitti-1-scaled.jpg","type":"image\/jpeg"}],"author":"Costanza Baldini","twitter_card":"summary_large_image","twitter_creator":"@intoscana","twitter_site":"@intoscana","twitter_misc":{"Written by":"Costanza Baldini","Est. reading time":"4 minuti"},"schema":{"@context":"https:\/\/schema.org","@graph":[{"@type":"WebPage","@id":"https:\/\/www.intoscana.it\/it\/le-grandi-installazioni-della-visionaria-artista-joana-vasconcelos-invadono-gli-uffizi-e-palazzo-pitti\/","url":"https:\/\/www.intoscana.it\/it\/le-grandi-installazioni-della-visionaria-artista-joana-vasconcelos-invadono-gli-uffizi-e-palazzo-pitti\/","name":"Le grandi installazioni dell'artista visionaria Joana Vasconcelos invadono gli Uffizi e Palazzo Pitti - intoscana","isPartOf":{"@id":"https:\/\/www.intoscana.it\/it\/#website"},"primaryImageOfPage":{"@id":"https:\/\/www.intoscana.it\/it\/le-grandi-installazioni-della-visionaria-artista-joana-vasconcelos-invadono-gli-uffizi-e-palazzo-pitti\/#primaryimage"},"image":{"@id":"https:\/\/www.intoscana.it\/it\/le-grandi-installazioni-della-visionaria-artista-joana-vasconcelos-invadono-gli-uffizi-e-palazzo-pitti\/#primaryimage"},"thumbnailUrl":"https:\/\/www.intoscana.it\/wp-content\/uploads\/Vasconcelos-Palazzo-Pitti-1-scaled.jpg","datePublished":"2023-10-04T13:58:10+00:00","dateModified":"2023-10-04T14:10:38+00:00","author":{"@id":"https:\/\/www.intoscana.it\/it\/#\/schema\/person\/d469f35f09739bdf00bf5dd3f0647a82"},"description":"L'artista portoghese espone a Firenze tre delle sue pi\u00f9 importanti opere nella Tribuna degli Uffizi, nelle Sala Bianca e nella Sala di Bona","breadcrumb":{"@id":"https:\/\/www.intoscana.it\/it\/le-grandi-installazioni-della-visionaria-artista-joana-vasconcelos-invadono-gli-uffizi-e-palazzo-pitti\/#breadcrumb"},"inLanguage":"it-IT","potentialAction":[{"@type":"ReadAction","target":["https:\/\/www.intoscana.it\/it\/le-grandi-installazioni-della-visionaria-artista-joana-vasconcelos-invadono-gli-uffizi-e-palazzo-pitti\/"]}]},{"@type":"ImageObject","inLanguage":"it-IT","@id":"https:\/\/www.intoscana.it\/it\/le-grandi-installazioni-della-visionaria-artista-joana-vasconcelos-invadono-gli-uffizi-e-palazzo-pitti\/#primaryimage","url":"https:\/\/www.intoscana.it\/wp-content\/uploads\/Vasconcelos-Palazzo-Pitti-1-scaled.jpg","contentUrl":"https:\/\/www.intoscana.it\/wp-content\/uploads\/Vasconcelos-Palazzo-Pitti-1-scaled.jpg","width":2048,"height":1365},{"@type":"BreadcrumbList","@id":"https:\/\/www.intoscana.it\/it\/le-grandi-installazioni-della-visionaria-artista-joana-vasconcelos-invadono-gli-uffizi-e-palazzo-pitti\/#breadcrumb","itemListElement":[{"@type":"ListItem","position":1,"name":"Home","item":"https:\/\/www.intoscana.it\/it\/"},{"@type":"ListItem","position":2,"name":"Le grandi installazioni dell&#8217;artista visionaria Joana Vasconcelos invadono gli Uffizi e Palazzo Pitti"}]},{"@type":"WebSite","@id":"https:\/\/www.intoscana.it\/it\/#website","url":"https:\/\/www.intoscana.it\/it\/","name":"intoscana","description":"","potentialAction":[{"@type":"SearchAction","target":{"@type":"EntryPoint","urlTemplate":"https:\/\/www.intoscana.it\/it\/?s={search_term_string}"},"query-input":{"@type":"PropertyValueSpecification","valueRequired":true,"valueName":"search_term_string"}}],"inLanguage":"it-IT"},{"@type":"Person","@id":"https:\/\/www.intoscana.it\/it\/#\/schema\/person\/d469f35f09739bdf00bf5dd3f0647a82","name":"Costanza Baldini","url":"https:\/\/www.intoscana.it\/it\/author\/costanza-baldini\/"}]}},"_links":{"self":[{"href":"https:\/\/www.intoscana.it\/it\/wp-json\/wp\/v2\/posts\/308124","targetHints":{"allow":["GET"]}}],"collection":[{"href":"https:\/\/www.intoscana.it\/it\/wp-json\/wp\/v2\/posts"}],"about":[{"href":"https:\/\/www.intoscana.it\/it\/wp-json\/wp\/v2\/types\/post"}],"author":[{"embeddable":true,"href":"https:\/\/www.intoscana.it\/it\/wp-json\/wp\/v2\/users\/518"}],"replies":[{"embeddable":true,"href":"https:\/\/www.intoscana.it\/it\/wp-json\/wp\/v2\/comments?post=308124"}],"version-history":[{"count":0,"href":"https:\/\/www.intoscana.it\/it\/wp-json\/wp\/v2\/posts\/308124\/revisions"}],"wp:featuredmedia":[{"embeddable":true,"href":"https:\/\/www.intoscana.it\/it\/wp-json\/wp\/v2\/media\/308125"}],"wp:attachment":[{"href":"https:\/\/www.intoscana.it\/it\/wp-json\/wp\/v2\/media?parent=308124"}],"wp:term":[{"taxonomy":"category","embeddable":true,"href":"https:\/\/www.intoscana.it\/it\/wp-json\/wp\/v2\/categories?post=308124"},{"taxonomy":"post_tag","embeddable":true,"href":"https:\/\/www.intoscana.it\/it\/wp-json\/wp\/v2\/tags?post=308124"}],"curies":[{"name":"wp","href":"https:\/\/api.w.org\/{rel}","templated":true}]}}