{"id":308251,"date":"2023-10-04T16:05:39","date_gmt":"2023-10-04T14:05:39","guid":{"rendered":"https:\/\/www.intoscana.it\/it\/?p=308251"},"modified":"2023-10-04T16:07:50","modified_gmt":"2023-10-04T14:07:50","slug":"festival-della-transizione-ecologica-appuntamento-a-firenze-dal-5-all8-ottobre","status":"publish","type":"post","link":"https:\/\/www.intoscana.it\/it\/festival-della-transizione-ecologica-appuntamento-a-firenze-dal-5-all8-ottobre\/","title":{"rendered":"Festival della transizione ecologica, appuntamento a Firenze dal 5 all&#8217;8 ottobre"},"content":{"rendered":"<p>Dopo il successo della prima edizione, torna a <strong>Firenze<\/strong> l&#8217;appuntamento con il <strong>Festival della transizione ecologica<\/strong>, un\u2019occasione di formazione e informazione sui cambiamenti climatici in atto che permetter\u00e0 di conoscere le realt\u00e0 protagoniste della transizione ecologica in Toscana e in Italia. Il Festival, organizzato dal Villaggio dei Popoli in collaborazione con il Comune di Firenze, si svolger\u00e0 dal <strong>5 all\u20198 ottobre<\/strong>, tra il <strong>Complesso delle Murate e il Cinema Astra<\/strong>, con la visione di due documentari di denuncia ambientale e sociale, e coinvolger\u00e0 decine di associazioni e reti locali ambientaliste. <strong>Molti gli appuntamenti previsti<\/strong>, tra i quali dibattiti con i professori universitari Leonardo Becchetti e Stefano Bartolini, eventi per le scuole, mercatini, pranzo a chilometro zero, laboratori, il tutto a <strong>ingresso libero<\/strong>.<\/p>\n<p>\u201c<em>La transizione ecologica \u00e8 un obiettivo importantissimo per Firenze, abbiamo accettato la <strong>sfida della neutralit\u00e0 climatica al 2030<\/strong> e eventi come questo, cos\u00ec come percorsi come Firenze per il clima, ci servono a aumentare la consapevolezza dei cittadini, a partire dai pi\u00f9 piccoli, e a costruire reti.<\/em> &#8211; ha dichiarato l\u2019assessore all\u2019ambiente <strong>Andrea Giorgio<\/strong> -. <em>Queste giornate saranno accompagnate da<strong> buone pratiche, riflessioni e esperienze<\/strong> che ci dimostreranno come un modello di produzione e consumo diverso e sostenibile non fa solo bene all\u2019ambiente ma pu\u00f2 essere un grande elemento di sviluppo economico, opportunit\u00e0 e benessere per le persone<\/em>\u201d.<\/p>\n<figure id=\"post-308256 media-308256\" class=\"align-none\"><img decoding=\"async\" src=\"https:\/\/www.intoscana.it\/wp-content\/uploads\/A5_FTE23-1.webp\" alt=\"\" \/><\/figure>\n<h3>Il programma<\/h3>\n<p>Al Festival ci saranno <strong>laboratori per adulti e bambini<\/strong> e numerose <strong>conferenze<\/strong> con esperti e professionisti di vari settori, con cui affrontare il tema della transizione ecologica da diversi punti di vista: alimentazione e produzione alimentare, cambiamento climatico, migrazioni, commercio equo e solidale, energia, economia, inclusione, rifiuti. Saranno coinvolti cittadini, imprese, enti del terzo settore, ricercatori, giornalisti, esperti e personaggi del mondo della cultura. La giornata del <strong>venerd\u00ec<\/strong> sar\u00e0 interamente dedicata alle <strong>scuole<\/strong>. Tra gli appuntamenti di sabato 7 ottobre alle Murate, la conferenza curata da Europe Direct Firenze sui temi della <strong>sostenibilit\u00e0<\/strong> e dell&#8217;obiettivo di neutralit\u00e0 climatica, a cui partecipano l\u2019assessore Andrea Giorgio e Valerio Barberis, assessore all&#8217;urbanistica e lavori pubblici del comune di Prato (ore 16.30); la mattina alle 10.30 dibattito su \u2018societ\u00e0 sostenibile \u00e8 societ\u00e0 inclusiva\u2019 con <strong>Serena Spinelli<\/strong>, assessora alla cooperazione internazionale, al welfare e all\u2019edilizia popolare della Regione Toscana; alle 11 confronto su diritti umani e lavoro con alcuni lavoratori Gkn e Mondeggi bene comune; alle 15, il dibattito su \u2018Transizione ecologica e lavoro: alleati e non rivali\u2019 con tra gli altri il professor Leonardo Becchetti dell\u2019Universit\u00e0 di Roma Tor Vergata; alle 17 il confronto \u2018L\u2019economia come motore della transizione\u2019 con anche il professore Stefano Bartolini dell\u2019Universit\u00e0 di Siena.<\/p>\n<p>Il Festival si apre e chiude in collaborazione con la<strong> Fondazione Stensen<\/strong> e propone al cinema <strong>Astra<\/strong> di piazza Beccaria due film: il 5 ottobre ore 20.30 \u2018This stolen country of mine\u2019 di Marc Wiese: il documentario analizza l\u2019impatto del gigante asiatico sull\u2019economia e sull\u2019ambiente amazzonico, tra la svendita delle risorse e la resistenza indigena; l\u20198 ottobre, sempre 20.30, \u2018One Earth &#8211; Tutto \u00e8 connesso\u2019 di Francesco De Augustinis, che racconta allevamenti intensivi, deforestazione tropicale, epidemie, cambiamenti climatici, la catena di fenomeni che sono alla base della perdita di equilibrio della Terra.<\/p>\n<p>L\u2019ultima giornata del Festival, <strong>domenica 8 ottobr<\/strong>e, sono previste attivit\u00e0 outdoor diffuse sul territorio cittadino tra <strong>trekking<\/strong>, escursioni, gite in bicicletta.<\/p>\n<p>&nbsp;<\/p>\n<p>&nbsp;<\/p>\n","protected":false},"excerpt":{"rendered":"<p>Laboratori, conferenze, proiezioni di film e trekking urbano. Tante iniziative per l&#8217;evento intorno ai temi della sostenibilit\u00e0 ambientale e cambiamenti climatici<\/p>\n","protected":false},"author":525,"featured_media":230271,"comment_status":"open","ping_status":"open","sticky":false,"template":"","format":"standard","meta":{"_acf_changed":false,"footnotes":""},"categories":[19],"tags":[177,202],"class_list":["post-308251","post","type-post","status-publish","format-standard","has-post-thumbnail","hentry","category-ambiente","tag-ambiente","tag-firenze"],"acf":[],"yoast_head":"<!-- This site is optimized with the Yoast SEO Premium plugin v24.2 (Yoast SEO v25.6) - https:\/\/yoast.com\/wordpress\/plugins\/seo\/ -->\n<title>Festival della transizione ecologica, appuntamento a Firenze dal 5 all&#039;8 ottobre - intoscana<\/title>\n<meta name=\"robots\" content=\"index, follow, max-snippet:-1, max-image-preview:large, max-video-preview:-1\" \/>\n<link rel=\"canonical\" href=\"https:\/\/www.intoscana.it\/it\/festival-della-transizione-ecologica-appuntamento-a-firenze-dal-5-all8-ottobre\/\" \/>\n<meta property=\"og:locale\" content=\"it_IT\" \/>\n<meta property=\"og:type\" content=\"article\" \/>\n<meta property=\"og:title\" content=\"Festival della transizione ecologica, appuntamento a Firenze dal 5 all&#039;8 ottobre\" \/>\n<meta property=\"og:description\" content=\"Laboratori, conferenze, proiezioni di film e trekking urbano. Tante iniziative per l&#039;evento intorno ai temi della sostenibilit\u00e0 ambientale e cambiamenti climatici\" \/>\n<meta property=\"og:url\" content=\"https:\/\/www.intoscana.it\/it\/festival-della-transizione-ecologica-appuntamento-a-firenze-dal-5-all8-ottobre\/\" \/>\n<meta property=\"og:site_name\" content=\"intoscana\" \/>\n<meta property=\"article:publisher\" content=\"https:\/\/www.facebook.com\/intoscana.it\" \/>\n<meta property=\"article:published_time\" content=\"2023-10-04T14:05:39+00:00\" \/>\n<meta property=\"article:modified_time\" content=\"2023-10-04T14:07:50+00:00\" \/>\n<meta property=\"og:image\" content=\"https:\/\/www.intoscana.it\/wp-content\/uploads\/pnrr-innovazione-economia-finanza-ambiente-scaled.jpg\" \/>\n\t<meta property=\"og:image:width\" content=\"2048\" \/>\n\t<meta property=\"og:image:height\" content=\"1148\" \/>\n\t<meta property=\"og:image:type\" content=\"image\/jpeg\" \/>\n<meta name=\"author\" content=\"Redazione\" \/>\n<meta name=\"twitter:card\" content=\"summary_large_image\" \/>\n<meta name=\"twitter:creator\" content=\"@intoscana\" \/>\n<meta name=\"twitter:site\" content=\"@intoscana\" \/>\n<meta name=\"twitter:label1\" content=\"Written by\" \/>\n\t<meta name=\"twitter:data1\" content=\"Redazione\" \/>\n\t<meta name=\"twitter:label2\" content=\"Est. reading time\" \/>\n\t<meta name=\"twitter:data2\" content=\"3 minuti\" \/>\n<script type=\"application\/ld+json\" class=\"yoast-schema-graph\">{\"@context\":\"https:\/\/schema.org\",\"@graph\":[{\"@type\":\"WebPage\",\"@id\":\"https:\/\/www.intoscana.it\/it\/festival-della-transizione-ecologica-appuntamento-a-firenze-dal-5-all8-ottobre\/\",\"url\":\"https:\/\/www.intoscana.it\/it\/festival-della-transizione-ecologica-appuntamento-a-firenze-dal-5-all8-ottobre\/\",\"name\":\"Festival della transizione ecologica, appuntamento a Firenze dal 5 all'8 ottobre - intoscana\",\"isPartOf\":{\"@id\":\"https:\/\/www.intoscana.it\/it\/#website\"},\"primaryImageOfPage\":{\"@id\":\"https:\/\/www.intoscana.it\/it\/festival-della-transizione-ecologica-appuntamento-a-firenze-dal-5-all8-ottobre\/#primaryimage\"},\"image\":{\"@id\":\"https:\/\/www.intoscana.it\/it\/festival-della-transizione-ecologica-appuntamento-a-firenze-dal-5-all8-ottobre\/#primaryimage\"},\"thumbnailUrl\":\"https:\/\/www.intoscana.it\/wp-content\/uploads\/pnrr-innovazione-economia-finanza-ambiente-scaled.jpg\",\"datePublished\":\"2023-10-04T14:05:39+00:00\",\"dateModified\":\"2023-10-04T14:07:50+00:00\",\"author\":{\"@id\":\"https:\/\/www.intoscana.it\/it\/#\/schema\/person\/9223810753230f20bd670fdd322661f8\"},\"breadcrumb\":{\"@id\":\"https:\/\/www.intoscana.it\/it\/festival-della-transizione-ecologica-appuntamento-a-firenze-dal-5-all8-ottobre\/#breadcrumb\"},\"inLanguage\":\"it-IT\",\"potentialAction\":[{\"@type\":\"ReadAction\",\"target\":[\"https:\/\/www.intoscana.it\/it\/festival-della-transizione-ecologica-appuntamento-a-firenze-dal-5-all8-ottobre\/\"]}]},{\"@type\":\"ImageObject\",\"inLanguage\":\"it-IT\",\"@id\":\"https:\/\/www.intoscana.it\/it\/festival-della-transizione-ecologica-appuntamento-a-firenze-dal-5-all8-ottobre\/#primaryimage\",\"url\":\"https:\/\/www.intoscana.it\/wp-content\/uploads\/pnrr-innovazione-economia-finanza-ambiente-scaled.jpg\",\"contentUrl\":\"https:\/\/www.intoscana.it\/wp-content\/uploads\/pnrr-innovazione-economia-finanza-ambiente-scaled.jpg\",\"width\":2048,\"height\":1148},{\"@type\":\"BreadcrumbList\",\"@id\":\"https:\/\/www.intoscana.it\/it\/festival-della-transizione-ecologica-appuntamento-a-firenze-dal-5-all8-ottobre\/#breadcrumb\",\"itemListElement\":[{\"@type\":\"ListItem\",\"position\":1,\"name\":\"Home\",\"item\":\"https:\/\/www.intoscana.it\/it\/\"},{\"@type\":\"ListItem\",\"position\":2,\"name\":\"Festival della transizione ecologica, appuntamento a Firenze dal 5 all&#8217;8 ottobre\"}]},{\"@type\":\"WebSite\",\"@id\":\"https:\/\/www.intoscana.it\/it\/#website\",\"url\":\"https:\/\/www.intoscana.it\/it\/\",\"name\":\"intoscana\",\"description\":\"\",\"potentialAction\":[{\"@type\":\"SearchAction\",\"target\":{\"@type\":\"EntryPoint\",\"urlTemplate\":\"https:\/\/www.intoscana.it\/it\/?s={search_term_string}\"},\"query-input\":{\"@type\":\"PropertyValueSpecification\",\"valueRequired\":true,\"valueName\":\"search_term_string\"}}],\"inLanguage\":\"it-IT\"},{\"@type\":\"Person\",\"@id\":\"https:\/\/www.intoscana.it\/it\/#\/schema\/person\/9223810753230f20bd670fdd322661f8\",\"name\":\"Redazione\",\"url\":\"https:\/\/www.intoscana.it\/it\/author\/redazione\/\"}]}<\/script>\n<!-- \/ Yoast SEO Premium plugin. -->","yoast_head_json":{"title":"Festival della transizione ecologica, appuntamento a Firenze dal 5 all'8 ottobre - intoscana","robots":{"index":"index","follow":"follow","max-snippet":"max-snippet:-1","max-image-preview":"max-image-preview:large","max-video-preview":"max-video-preview:-1"},"canonical":"https:\/\/www.intoscana.it\/it\/festival-della-transizione-ecologica-appuntamento-a-firenze-dal-5-all8-ottobre\/","og_locale":"it_IT","og_type":"article","og_title":"Festival della transizione ecologica, appuntamento a Firenze dal 5 all'8 ottobre","og_description":"Laboratori, conferenze, proiezioni di film e trekking urbano. Tante iniziative per l'evento intorno ai temi della sostenibilit\u00e0 ambientale e cambiamenti climatici","og_url":"https:\/\/www.intoscana.it\/it\/festival-della-transizione-ecologica-appuntamento-a-firenze-dal-5-all8-ottobre\/","og_site_name":"intoscana","article_publisher":"https:\/\/www.facebook.com\/intoscana.it","article_published_time":"2023-10-04T14:05:39+00:00","article_modified_time":"2023-10-04T14:07:50+00:00","og_image":[{"width":2048,"height":1148,"url":"https:\/\/www.intoscana.it\/wp-content\/uploads\/pnrr-innovazione-economia-finanza-ambiente-scaled.jpg","type":"image\/jpeg"}],"author":"Redazione","twitter_card":"summary_large_image","twitter_creator":"@intoscana","twitter_site":"@intoscana","twitter_misc":{"Written by":"Redazione","Est. reading time":"3 minuti"},"schema":{"@context":"https:\/\/schema.org","@graph":[{"@type":"WebPage","@id":"https:\/\/www.intoscana.it\/it\/festival-della-transizione-ecologica-appuntamento-a-firenze-dal-5-all8-ottobre\/","url":"https:\/\/www.intoscana.it\/it\/festival-della-transizione-ecologica-appuntamento-a-firenze-dal-5-all8-ottobre\/","name":"Festival della transizione ecologica, appuntamento a Firenze dal 5 all'8 ottobre - intoscana","isPartOf":{"@id":"https:\/\/www.intoscana.it\/it\/#website"},"primaryImageOfPage":{"@id":"https:\/\/www.intoscana.it\/it\/festival-della-transizione-ecologica-appuntamento-a-firenze-dal-5-all8-ottobre\/#primaryimage"},"image":{"@id":"https:\/\/www.intoscana.it\/it\/festival-della-transizione-ecologica-appuntamento-a-firenze-dal-5-all8-ottobre\/#primaryimage"},"thumbnailUrl":"https:\/\/www.intoscana.it\/wp-content\/uploads\/pnrr-innovazione-economia-finanza-ambiente-scaled.jpg","datePublished":"2023-10-04T14:05:39+00:00","dateModified":"2023-10-04T14:07:50+00:00","author":{"@id":"https:\/\/www.intoscana.it\/it\/#\/schema\/person\/9223810753230f20bd670fdd322661f8"},"breadcrumb":{"@id":"https:\/\/www.intoscana.it\/it\/festival-della-transizione-ecologica-appuntamento-a-firenze-dal-5-all8-ottobre\/#breadcrumb"},"inLanguage":"it-IT","potentialAction":[{"@type":"ReadAction","target":["https:\/\/www.intoscana.it\/it\/festival-della-transizione-ecologica-appuntamento-a-firenze-dal-5-all8-ottobre\/"]}]},{"@type":"ImageObject","inLanguage":"it-IT","@id":"https:\/\/www.intoscana.it\/it\/festival-della-transizione-ecologica-appuntamento-a-firenze-dal-5-all8-ottobre\/#primaryimage","url":"https:\/\/www.intoscana.it\/wp-content\/uploads\/pnrr-innovazione-economia-finanza-ambiente-scaled.jpg","contentUrl":"https:\/\/www.intoscana.it\/wp-content\/uploads\/pnrr-innovazione-economia-finanza-ambiente-scaled.jpg","width":2048,"height":1148},{"@type":"BreadcrumbList","@id":"https:\/\/www.intoscana.it\/it\/festival-della-transizione-ecologica-appuntamento-a-firenze-dal-5-all8-ottobre\/#breadcrumb","itemListElement":[{"@type":"ListItem","position":1,"name":"Home","item":"https:\/\/www.intoscana.it\/it\/"},{"@type":"ListItem","position":2,"name":"Festival della transizione ecologica, appuntamento a Firenze dal 5 all&#8217;8 ottobre"}]},{"@type":"WebSite","@id":"https:\/\/www.intoscana.it\/it\/#website","url":"https:\/\/www.intoscana.it\/it\/","name":"intoscana","description":"","potentialAction":[{"@type":"SearchAction","target":{"@type":"EntryPoint","urlTemplate":"https:\/\/www.intoscana.it\/it\/?s={search_term_string}"},"query-input":{"@type":"PropertyValueSpecification","valueRequired":true,"valueName":"search_term_string"}}],"inLanguage":"it-IT"},{"@type":"Person","@id":"https:\/\/www.intoscana.it\/it\/#\/schema\/person\/9223810753230f20bd670fdd322661f8","name":"Redazione","url":"https:\/\/www.intoscana.it\/it\/author\/redazione\/"}]}},"_links":{"self":[{"href":"https:\/\/www.intoscana.it\/it\/wp-json\/wp\/v2\/posts\/308251","targetHints":{"allow":["GET"]}}],"collection":[{"href":"https:\/\/www.intoscana.it\/it\/wp-json\/wp\/v2\/posts"}],"about":[{"href":"https:\/\/www.intoscana.it\/it\/wp-json\/wp\/v2\/types\/post"}],"author":[{"embeddable":true,"href":"https:\/\/www.intoscana.it\/it\/wp-json\/wp\/v2\/users\/525"}],"replies":[{"embeddable":true,"href":"https:\/\/www.intoscana.it\/it\/wp-json\/wp\/v2\/comments?post=308251"}],"version-history":[{"count":0,"href":"https:\/\/www.intoscana.it\/it\/wp-json\/wp\/v2\/posts\/308251\/revisions"}],"wp:featuredmedia":[{"embeddable":true,"href":"https:\/\/www.intoscana.it\/it\/wp-json\/wp\/v2\/media\/230271"}],"wp:attachment":[{"href":"https:\/\/www.intoscana.it\/it\/wp-json\/wp\/v2\/media?parent=308251"}],"wp:term":[{"taxonomy":"category","embeddable":true,"href":"https:\/\/www.intoscana.it\/it\/wp-json\/wp\/v2\/categories?post=308251"},{"taxonomy":"post_tag","embeddable":true,"href":"https:\/\/www.intoscana.it\/it\/wp-json\/wp\/v2\/tags?post=308251"}],"curies":[{"name":"wp","href":"https:\/\/api.w.org\/{rel}","templated":true}]}}