{"id":308271,"date":"2023-10-04T17:17:28","date_gmt":"2023-10-04T15:17:28","guid":{"rendered":"https:\/\/www.intoscana.it\/it\/?p=308271"},"modified":"2023-10-06T11:26:13","modified_gmt":"2023-10-06T09:26:13","slug":"festival-certaldo-ambiente","status":"publish","type":"post","link":"https:\/\/www.intoscana.it\/it\/festival-certaldo-ambiente\/","title":{"rendered":"A Certaldo un festival per riflettere sull\u2019impatto dell\u2019uomo sull\u2019ambiente"},"content":{"rendered":"<p>Dal 6 all&#8217;8 ottobre la splendida cornice di Certaldo ospiter\u00e0 \u201cDomani \u00e8 ora &#8211; Festival della sostenibilit\u00e0 e delle abilit\u00e0\u201d alla sua prima edizione: conferenze ed incontri con esperti, una mostra fotografica pensata per riflettere sull\u2019impatto dell\u2019uomo sull\u2019ambiente.<\/p>\n<p>Nei tre giorni\u00a0della\u00a0manifestazione verranno affrontati non solo i temi legati al <strong>cambiamento climatico<\/strong>, ma anche quelli legati alla <strong>tutela dell&#8217;ambiente,<\/strong> alla conservazione degli <strong>ecosistemi<\/strong>, alla riduzione\u00a0delle\u00a0<strong>disuguaglianze<\/strong> e a tutte le tematiche fondamentali enucleate nei 17 Obiettivi di Sviluppo Sostenibile dell&#8217;Agenda 2030 delle Nazioni Unite. Sar\u00e0 inoltre possibile scoprire le bellezze naturali di Certaldo e dei suoi dintorni attraverso <strong>trekking<\/strong> guidati e i pi\u00f9 giovani saranno coinvolti in laboratori creativi progettati per educarli sulle sfide ambientali.<\/p>\n<p>\u201cSono felice di presentare questa iniziativa che far\u00e0 diventare Certaldo capitale toscana della sostenibilit\u00e0 per tre giorni\u201d ha detto il presidente del Consiglio regionale <strong>Antonio Mazzeo.<\/strong> \u201cE\u2019 un\u2019iniziativa importante, perch\u00e9 se vogliamo garantire un futuro migliore ai nostri figli dobbiamo dare delle risposte a quello che accadr\u00e0 domani. O la classe politica \u00e8 capace di anticipare i cambiamenti, o \u00e8 evidente che non sta facendo bene il suo lavoro. Il festival si lega in questo senso a una nostra iniziativa in programma, \u2018Toscana 2050\u2019, in cui proviamo a immaginare come sar\u00e0 la nostra regione fra trenta anni\u201d.<\/p>\n<p>&#8220;Il\u00a0festival\u00a0\u2013 ha spiegato il sindaco di Certaldo <strong>Giacomi Cucini<\/strong> &#8211; \u00e8 un\u2019iniziativa su cui abbiamo scommesso molto, \u00e8 nato con la forte volont\u00e0 di coinvolgere soprattutto le nuove generazioni, attraverso incontri\u00a0e\u00a0attivit\u00e0 riflettendo su due temi centrali: l&#8217;ambiente da un lato\u00a0e\u00a0l\u2019inclusione dall&#8217;altro. Gli appuntamenti vedranno la partecipazione attiva\u00a0delle\u00a0scuole\u00a0e\u00a0delle\u00a0realt\u00e0 associative del nostro territorio\u201d.<\/p>\n<p>\u201cIl calendario\u00a0delle\u00a0iniziative \u00e8 veramente ampio \u2013 ha fatto eco l\u2019assessore Jacopo Masini -. Ci auspichiamo che la manifestazione, alla prima edizione, possa diventare un appuntamento fisso ogni anno\u201d.<\/p>\n<p>\u201cDomani \u00e8 ora &#8211;\u00a0Festival\u00a0della\u00a0sostenibilit\u00e0\u00a0e\u00a0delle\u00a0abilit\u00e0\u201d \u00e8 organizzato dall&#8217;Associazione Polis Certaldo con il patrocinio\u00a0della\u00a0Regione Toscana, in partenariato con il Comune di Certaldo, la Pro Loco Certaldo, l&#8217;Associazione Anthos Certaldo\u00a0e\u00a0l\u2019Associazione Spazio Ipotetico, con il contributo di Sebach, leader in Italia nel noleggio bagni mobili che ha in Certaldo lo storico quartier generale.<\/p>\n","protected":false},"excerpt":{"rendered":"<div class=\"abstract\">\n<p>Si aprir\u00e0 il 6 ottobre la prima edizione di \u201cDomani \u00e8 ora\u201d, festival della sostenibilit\u00e0 e delle abilit\u00e0. Tanti eventi, conferenze, e trekking per accendere i riflettori sull&#8217;ambiente<\/p>\n<\/div>\n","protected":false},"author":525,"featured_media":308273,"comment_status":"open","ping_status":"open","sticky":false,"template":"","format":"standard","meta":{"_acf_changed":false,"footnotes":""},"categories":[19],"tags":[177,5612,395],"class_list":["post-308271","post","type-post","status-publish","format-standard","has-post-thumbnail","hentry","category-ambiente","tag-ambiente","tag-ecosostenibilita","tag-eventi-in-toscana"],"acf":[],"yoast_head":"<!-- This site is optimized with the Yoast SEO Premium plugin v24.2 (Yoast SEO v25.6) - https:\/\/yoast.com\/wordpress\/plugins\/seo\/ -->\n<title>A Certaldo un festival per riflettere sull\u2019impatto dell\u2019uomo sull\u2019ambiente - intoscana<\/title>\n<meta name=\"description\" content=\"Si aprir\u00e0 il 6 ottobre la prima edizione di \u201cDomani \u00e8 ora\u201d: eventi, conferenze, e trekking per accendere i riflettori sull&#039;ambiente\" \/>\n<meta name=\"robots\" content=\"index, follow, max-snippet:-1, max-image-preview:large, max-video-preview:-1\" \/>\n<link rel=\"canonical\" href=\"https:\/\/www.intoscana.it\/it\/festival-certaldo-ambiente\/\" \/>\n<meta property=\"og:locale\" content=\"it_IT\" \/>\n<meta property=\"og:type\" content=\"article\" \/>\n<meta property=\"og:title\" content=\"A Certaldo un festival per riflettere sull\u2019impatto dell\u2019uomo sull\u2019ambiente\" \/>\n<meta property=\"og:description\" content=\"Si aprir\u00e0 il 6 ottobre la prima edizione di \u201cDomani \u00e8 ora\u201d: eventi, conferenze, e trekking per accendere i riflettori sull&#039;ambiente\" \/>\n<meta property=\"og:url\" content=\"https:\/\/www.intoscana.it\/it\/festival-certaldo-ambiente\/\" \/>\n<meta property=\"og:site_name\" content=\"intoscana\" \/>\n<meta property=\"article:publisher\" content=\"https:\/\/www.facebook.com\/intoscana.it\" \/>\n<meta property=\"article:published_time\" content=\"2023-10-04T15:17:28+00:00\" \/>\n<meta property=\"article:modified_time\" content=\"2023-10-06T09:26:13+00:00\" \/>\n<meta property=\"og:image\" content=\"https:\/\/www.intoscana.it\/wp-content\/uploads\/Domani-e-ora-Festival-certaldo.jpeg\" \/>\n\t<meta property=\"og:image:width\" content=\"2048\" \/>\n\t<meta property=\"og:image:height\" content=\"1152\" \/>\n\t<meta property=\"og:image:type\" content=\"image\/jpeg\" \/>\n<meta name=\"author\" content=\"Redazione\" \/>\n<meta name=\"twitter:card\" content=\"summary_large_image\" \/>\n<meta name=\"twitter:creator\" content=\"@intoscana\" \/>\n<meta name=\"twitter:site\" content=\"@intoscana\" \/>\n<meta name=\"twitter:label1\" content=\"Written by\" \/>\n\t<meta name=\"twitter:data1\" content=\"Redazione\" \/>\n\t<meta name=\"twitter:label2\" content=\"Est. reading time\" \/>\n\t<meta name=\"twitter:data2\" content=\"2 minuti\" \/>\n<script type=\"application\/ld+json\" class=\"yoast-schema-graph\">{\"@context\":\"https:\/\/schema.org\",\"@graph\":[{\"@type\":\"WebPage\",\"@id\":\"https:\/\/www.intoscana.it\/it\/festival-certaldo-ambiente\/\",\"url\":\"https:\/\/www.intoscana.it\/it\/festival-certaldo-ambiente\/\",\"name\":\"A Certaldo un festival per riflettere sull\u2019impatto dell\u2019uomo sull\u2019ambiente - intoscana\",\"isPartOf\":{\"@id\":\"https:\/\/www.intoscana.it\/it\/#website\"},\"primaryImageOfPage\":{\"@id\":\"https:\/\/www.intoscana.it\/it\/festival-certaldo-ambiente\/#primaryimage\"},\"image\":{\"@id\":\"https:\/\/www.intoscana.it\/it\/festival-certaldo-ambiente\/#primaryimage\"},\"thumbnailUrl\":\"https:\/\/www.intoscana.it\/wp-content\/uploads\/Domani-e-ora-Festival-certaldo.jpeg\",\"datePublished\":\"2023-10-04T15:17:28+00:00\",\"dateModified\":\"2023-10-06T09:26:13+00:00\",\"author\":{\"@id\":\"https:\/\/www.intoscana.it\/it\/#\/schema\/person\/9223810753230f20bd670fdd322661f8\"},\"description\":\"Si aprir\u00e0 il 6 ottobre la prima edizione di \u201cDomani \u00e8 ora\u201d: eventi, conferenze, e trekking per accendere i riflettori sull'ambiente\",\"breadcrumb\":{\"@id\":\"https:\/\/www.intoscana.it\/it\/festival-certaldo-ambiente\/#breadcrumb\"},\"inLanguage\":\"it-IT\",\"potentialAction\":[{\"@type\":\"ReadAction\",\"target\":[\"https:\/\/www.intoscana.it\/it\/festival-certaldo-ambiente\/\"]}]},{\"@type\":\"ImageObject\",\"inLanguage\":\"it-IT\",\"@id\":\"https:\/\/www.intoscana.it\/it\/festival-certaldo-ambiente\/#primaryimage\",\"url\":\"https:\/\/www.intoscana.it\/wp-content\/uploads\/Domani-e-ora-Festival-certaldo.jpeg\",\"contentUrl\":\"https:\/\/www.intoscana.it\/wp-content\/uploads\/Domani-e-ora-Festival-certaldo.jpeg\",\"width\":2048,\"height\":1152,\"caption\":\"Domani e ora Festival Certaldo\"},{\"@type\":\"BreadcrumbList\",\"@id\":\"https:\/\/www.intoscana.it\/it\/festival-certaldo-ambiente\/#breadcrumb\",\"itemListElement\":[{\"@type\":\"ListItem\",\"position\":1,\"name\":\"Home\",\"item\":\"https:\/\/www.intoscana.it\/it\/\"},{\"@type\":\"ListItem\",\"position\":2,\"name\":\"A Certaldo un festival per riflettere sull\u2019impatto dell\u2019uomo sull\u2019ambiente\"}]},{\"@type\":\"WebSite\",\"@id\":\"https:\/\/www.intoscana.it\/it\/#website\",\"url\":\"https:\/\/www.intoscana.it\/it\/\",\"name\":\"intoscana\",\"description\":\"\",\"potentialAction\":[{\"@type\":\"SearchAction\",\"target\":{\"@type\":\"EntryPoint\",\"urlTemplate\":\"https:\/\/www.intoscana.it\/it\/?s={search_term_string}\"},\"query-input\":{\"@type\":\"PropertyValueSpecification\",\"valueRequired\":true,\"valueName\":\"search_term_string\"}}],\"inLanguage\":\"it-IT\"},{\"@type\":\"Person\",\"@id\":\"https:\/\/www.intoscana.it\/it\/#\/schema\/person\/9223810753230f20bd670fdd322661f8\",\"name\":\"Redazione\",\"url\":\"https:\/\/www.intoscana.it\/it\/author\/redazione\/\"}]}<\/script>\n<!-- \/ Yoast SEO Premium plugin. -->","yoast_head_json":{"title":"A Certaldo un festival per riflettere sull\u2019impatto dell\u2019uomo sull\u2019ambiente - intoscana","description":"Si aprir\u00e0 il 6 ottobre la prima edizione di \u201cDomani \u00e8 ora\u201d: eventi, conferenze, e trekking per accendere i riflettori sull'ambiente","robots":{"index":"index","follow":"follow","max-snippet":"max-snippet:-1","max-image-preview":"max-image-preview:large","max-video-preview":"max-video-preview:-1"},"canonical":"https:\/\/www.intoscana.it\/it\/festival-certaldo-ambiente\/","og_locale":"it_IT","og_type":"article","og_title":"A Certaldo un festival per riflettere sull\u2019impatto dell\u2019uomo sull\u2019ambiente","og_description":"Si aprir\u00e0 il 6 ottobre la prima edizione di \u201cDomani \u00e8 ora\u201d: eventi, conferenze, e trekking per accendere i riflettori sull'ambiente","og_url":"https:\/\/www.intoscana.it\/it\/festival-certaldo-ambiente\/","og_site_name":"intoscana","article_publisher":"https:\/\/www.facebook.com\/intoscana.it","article_published_time":"2023-10-04T15:17:28+00:00","article_modified_time":"2023-10-06T09:26:13+00:00","og_image":[{"width":2048,"height":1152,"url":"https:\/\/www.intoscana.it\/wp-content\/uploads\/Domani-e-ora-Festival-certaldo.jpeg","type":"image\/jpeg"}],"author":"Redazione","twitter_card":"summary_large_image","twitter_creator":"@intoscana","twitter_site":"@intoscana","twitter_misc":{"Written by":"Redazione","Est. reading time":"2 minuti"},"schema":{"@context":"https:\/\/schema.org","@graph":[{"@type":"WebPage","@id":"https:\/\/www.intoscana.it\/it\/festival-certaldo-ambiente\/","url":"https:\/\/www.intoscana.it\/it\/festival-certaldo-ambiente\/","name":"A Certaldo un festival per riflettere sull\u2019impatto dell\u2019uomo sull\u2019ambiente - intoscana","isPartOf":{"@id":"https:\/\/www.intoscana.it\/it\/#website"},"primaryImageOfPage":{"@id":"https:\/\/www.intoscana.it\/it\/festival-certaldo-ambiente\/#primaryimage"},"image":{"@id":"https:\/\/www.intoscana.it\/it\/festival-certaldo-ambiente\/#primaryimage"},"thumbnailUrl":"https:\/\/www.intoscana.it\/wp-content\/uploads\/Domani-e-ora-Festival-certaldo.jpeg","datePublished":"2023-10-04T15:17:28+00:00","dateModified":"2023-10-06T09:26:13+00:00","author":{"@id":"https:\/\/www.intoscana.it\/it\/#\/schema\/person\/9223810753230f20bd670fdd322661f8"},"description":"Si aprir\u00e0 il 6 ottobre la prima edizione di \u201cDomani \u00e8 ora\u201d: eventi, conferenze, e trekking per accendere i riflettori sull'ambiente","breadcrumb":{"@id":"https:\/\/www.intoscana.it\/it\/festival-certaldo-ambiente\/#breadcrumb"},"inLanguage":"it-IT","potentialAction":[{"@type":"ReadAction","target":["https:\/\/www.intoscana.it\/it\/festival-certaldo-ambiente\/"]}]},{"@type":"ImageObject","inLanguage":"it-IT","@id":"https:\/\/www.intoscana.it\/it\/festival-certaldo-ambiente\/#primaryimage","url":"https:\/\/www.intoscana.it\/wp-content\/uploads\/Domani-e-ora-Festival-certaldo.jpeg","contentUrl":"https:\/\/www.intoscana.it\/wp-content\/uploads\/Domani-e-ora-Festival-certaldo.jpeg","width":2048,"height":1152,"caption":"Domani e ora Festival Certaldo"},{"@type":"BreadcrumbList","@id":"https:\/\/www.intoscana.it\/it\/festival-certaldo-ambiente\/#breadcrumb","itemListElement":[{"@type":"ListItem","position":1,"name":"Home","item":"https:\/\/www.intoscana.it\/it\/"},{"@type":"ListItem","position":2,"name":"A Certaldo un festival per riflettere sull\u2019impatto dell\u2019uomo sull\u2019ambiente"}]},{"@type":"WebSite","@id":"https:\/\/www.intoscana.it\/it\/#website","url":"https:\/\/www.intoscana.it\/it\/","name":"intoscana","description":"","potentialAction":[{"@type":"SearchAction","target":{"@type":"EntryPoint","urlTemplate":"https:\/\/www.intoscana.it\/it\/?s={search_term_string}"},"query-input":{"@type":"PropertyValueSpecification","valueRequired":true,"valueName":"search_term_string"}}],"inLanguage":"it-IT"},{"@type":"Person","@id":"https:\/\/www.intoscana.it\/it\/#\/schema\/person\/9223810753230f20bd670fdd322661f8","name":"Redazione","url":"https:\/\/www.intoscana.it\/it\/author\/redazione\/"}]}},"_links":{"self":[{"href":"https:\/\/www.intoscana.it\/it\/wp-json\/wp\/v2\/posts\/308271","targetHints":{"allow":["GET"]}}],"collection":[{"href":"https:\/\/www.intoscana.it\/it\/wp-json\/wp\/v2\/posts"}],"about":[{"href":"https:\/\/www.intoscana.it\/it\/wp-json\/wp\/v2\/types\/post"}],"author":[{"embeddable":true,"href":"https:\/\/www.intoscana.it\/it\/wp-json\/wp\/v2\/users\/525"}],"replies":[{"embeddable":true,"href":"https:\/\/www.intoscana.it\/it\/wp-json\/wp\/v2\/comments?post=308271"}],"version-history":[{"count":0,"href":"https:\/\/www.intoscana.it\/it\/wp-json\/wp\/v2\/posts\/308271\/revisions"}],"wp:featuredmedia":[{"embeddable":true,"href":"https:\/\/www.intoscana.it\/it\/wp-json\/wp\/v2\/media\/308273"}],"wp:attachment":[{"href":"https:\/\/www.intoscana.it\/it\/wp-json\/wp\/v2\/media?parent=308271"}],"wp:term":[{"taxonomy":"category","embeddable":true,"href":"https:\/\/www.intoscana.it\/it\/wp-json\/wp\/v2\/categories?post=308271"},{"taxonomy":"post_tag","embeddable":true,"href":"https:\/\/www.intoscana.it\/it\/wp-json\/wp\/v2\/tags?post=308271"}],"curies":[{"name":"wp","href":"https:\/\/api.w.org\/{rel}","templated":true}]}}