{"id":308342,"date":"2023-10-05T11:06:52","date_gmt":"2023-10-05T09:06:52","guid":{"rendered":"https:\/\/www.intoscana.it\/it\/?p=308342"},"modified":"2023-10-05T11:58:21","modified_gmt":"2023-10-05T09:58:21","slug":"next-generation-fest-e-arti-connettono-i-giovani-e-il-mondo-del-lavoro-con-la-job-week","status":"publish","type":"post","link":"https:\/\/www.intoscana.it\/it\/next-generation-fest-e-arti-connettono-i-giovani-e-il-mondo-del-lavoro-con-la-job-week\/","title":{"rendered":"Next Generation Fest e Arti connettono i giovani e il mondo del lavoro con la &#8220;Job Week&#8221;"},"content":{"rendered":"<p>La seconda edizione del <strong><a href=\"https:\/\/www.intoscana.it\/it\/articolo\/giovanisi-il-21-ottobre-la-ii-edizione-del-next-generation-fest\/\" target=\"_blank\" rel=\"noopener\">Next Generation Fest<\/a>,<\/strong> che si terr\u00e0 al nuovo<strong> Teatro del Maggio a Firenze<\/strong> il prossimo<strong> 21 ottobre,<\/strong> sar\u00e0 anche<strong> un grande hub<\/strong> per facilitare<strong> il contatto tra Generazione Z e mondo del lavoro<\/strong>.<strong>U<\/strong><\/p>\n<p>Nel corso dell\u2019evento organizzato da <strong>Regione Toscana e Giovanis\u00ec,<\/strong> negli spazi adiacenti al mainstage ci sar\u00e0 l\u2019<strong>Ngf Job, spazio dell\u2019Agenzia regionale per l\u2019impiego,<\/strong> che promuover\u00e0 incontri tra giovani in cerca di lavoro, precedentemente selezionati, e imprese toscane, per un primo colloquio conoscitivo.<\/p>\n<p>Inoltre grazie alla partnership con l<strong>\u2019Agenzia regionale toscana per l\u2019impiego<\/strong> la settimana che precede l&#8217;evento saranno giorni densi di appuntamenti dedicati al<strong> matching tra domanda e offerta.<\/strong><\/p>\n<p><strong>Dal 16 ottobre infatti prender\u00e0 il via la \u201cJob Week\u201d<\/strong> itinerante di Arti nei centri per l\u2019impiego <strong>in tutte le province toscane.<\/strong><\/p>\n<p>Sono in programma giornate dedicate alla presentazione dei <strong>servizi (Open Day),<\/strong> o alla <strong>raccolta dei curricula (Carrer Day),<\/strong> fino allo svolgimento di colloqui con addetti delle aziende<strong> (Recruiting Day).<\/strong><\/p>\n<p><em>\u201cTanta voglia di sognare, di divertirsi, di condividere passioni ed emozioni. Ma anche tanta concretezza. Vogliamo che sia questo il Next Generation Fest\u201d, <\/em><strong>osserva il presidente Eugenio Giani, che sottolinea: <\/strong><em>\u201cGrazie a Giovanis\u00ec e alla nostra Agenzia regionale per l\u2019impiego, la Toscana si \u00e8 dotata di strumenti sempre pi\u00f9 efficienti per favorire il dialogo tra ragazze e ragazzi e tessuto produttivo. Ngf sar\u00e0 l\u2019occasione per rendere sempre pi\u00f9 visibile questo impegno che siamo decisi a continuare a rafforzare\u201d.<\/em><\/p>\n<p><em>\u201cLa settimana che precede la giornata del 21 ottobre sar\u00e0 preziosa per tante ragazze e tanti ragazzi toscani che potranno scoprire le varie opportunit\u00e0 e strumenti offerti dalla nostra Regione e dalla rete regionale dei servizi pubblici per l&#8217;impiego, ovviamente gratuitamente\u201d, <\/em><strong>aggiunge l\u2019assessora a istruzione, formazione, lavoro e universit\u00e0 Alessandra Nardini<\/strong><em>. \u201cSiamo impegnati su pi\u00f9 fronti, sono numerosissimi i percorsi formativi che si sono avviati o si stanno avviando &#8211; prosegue l\u2019assessora -. Questa fase \u00e8 davvero ricca di opportunit\u00e0 e risorse: penso al nuovo Patto per il Lavoro, al nuovo programma di politiche attive Gol finanziato dal Pnrr e ai percorsi attivati o che si attiveranno grazie alle risorse del nuovo settennato del Fondo Sociale Europeo. Stiamo rivolgendo particolare attenzione alle giovani generazioni, con l&#8217;obiettivo di prevenire il fenomeno dei Neet, ragazze e ragazzi non impegnati in percorsi di studio o formazione, n\u00e9 occupati dal punto di vista lavorativo. Alle giovani generazioni, rispetto alle quali rifiutiamo l&#8217;urticante narrazione che troppo spesso li descrive come svogliati, disinteressati e fannulloni, vogliamo garantire la possibilit\u00e0, il diritto, di realizzarsi e di guardare con fiducia al futuro\u201d.<\/em><\/p>\n<h3>Le tappe della \u201cJob Week\u201d<\/h3>\n<p>Primo appuntamento il <strong>16 ottobre<\/strong> nell\u2019area di <strong>Arezzo-Siena<\/strong>: nei Centri per l\u2019impiego dei rispettivi capoluoghi, dalle 9 alle 14, focus sugli scenari dell\u2019innovazione digitale, analizzando l\u2019impatto dell\u2019Intelligenza Artificiale nel panorama delle nuove professioni.<\/p>\n<p><strong>Il 17 ottobre<\/strong> sar\u00e0 la volta dei <strong>Centri per l\u2019Impiego delle province di Firenze e Prato,<\/strong> con appuntamenti mattutini e pomeridiani dedicati all\u2019uso degli strumenti digitali per valorizzare le competenze e agevolare l\u2019inserimento nel mercato del lavoro 2.0, dal personal branding sui social network al colloquio di selezione.<\/p>\n<p><strong>Il 18 ottobre a Pisa e Massa Carrara<\/strong> le aziende del territorio incontreranno i giovani,<strong> il 19 ottobre Lucca<\/strong> proporr\u00e0 un approfondimento sulle opportunit\u00e0 nei settori della green economy e dell\u2019innovazione, mentre nella stessa data a Pistoia gli operatori forniranno consulenza sul servizio Eures per la mobilit\u00e0 professionale in Europa.<\/p>\n<p>Chiuderanno la Job Week gli eventi del <strong>20 ottobre a Livorno,<\/strong> sulle sfide e le opportunit\u00e0 della logistica, e a<strong> Grosseto,<\/strong> dedicati a lavoro, formazione, tirocini.<\/p>\n<p>E\u2019 ancora possibile partecipare alla seconda edizione del <strong>Next Generation Fest.<\/strong> Le iscrizioni, gratuite, restano aperte attraverso l\u2019apposito<a href=\"https:\/\/giovanisi.it\/nextgenerationfest\/\" target=\"_blank\" rel=\"noopener\"><strong> modulo on line.<\/strong><\/a><\/p>\n","protected":false},"excerpt":{"rendered":"<p>Al Next Generation Fest sar\u00e0 presente un\u2019area gestita da Arti per i colloqui con le aziende, la settimana prima viaggio nei centri per l\u2019impiego per scoprire i loro servizi e incontrare le imprese che offrono occupazione<\/p>\n","protected":false},"author":525,"featured_media":194396,"comment_status":"open","ping_status":"open","sticky":false,"template":"","format":"standard","meta":{"_acf_changed":false,"footnotes":""},"categories":[494],"tags":[6547,151],"class_list":["post-308342","post","type-post","status-publish","format-standard","has-post-thumbnail","hentry","category-attualita","tag-next-generation-fest","tag-regione-toscana"],"acf":[],"yoast_head":"<!-- This site is optimized with the Yoast SEO Premium plugin v24.2 (Yoast SEO v25.6) - https:\/\/yoast.com\/wordpress\/plugins\/seo\/ -->\n<title>Next Generation Fest e Arti connettono i giovani e il mondo del lavoro con la &quot;Job Week&quot; - intoscana<\/title>\n<meta name=\"description\" content=\"Al Next Generation Fest ci sar\u00e0 un\u2019area gestita da Arti per i colloqui con le aziende, la settimana prima viaggio nei centri per l\u2019impiego\" \/>\n<meta name=\"robots\" content=\"index, follow, max-snippet:-1, max-image-preview:large, max-video-preview:-1\" \/>\n<link rel=\"canonical\" href=\"https:\/\/www.intoscana.it\/it\/next-generation-fest-e-arti-connettono-i-giovani-e-il-mondo-del-lavoro-con-la-job-week\/\" \/>\n<meta property=\"og:locale\" content=\"it_IT\" \/>\n<meta property=\"og:type\" content=\"article\" \/>\n<meta property=\"og:title\" content=\"Next Generation Fest e Arti connettono i giovani e il mondo del lavoro con la &quot;Job Week&quot;\" \/>\n<meta property=\"og:description\" content=\"Al Next Generation Fest ci sar\u00e0 un\u2019area gestita da Arti per i colloqui con le aziende, la settimana prima viaggio nei centri per l\u2019impiego\" \/>\n<meta property=\"og:url\" content=\"https:\/\/www.intoscana.it\/it\/next-generation-fest-e-arti-connettono-i-giovani-e-il-mondo-del-lavoro-con-la-job-week\/\" \/>\n<meta property=\"og:site_name\" content=\"intoscana\" \/>\n<meta property=\"article:publisher\" content=\"https:\/\/www.facebook.com\/intoscana.it\" \/>\n<meta property=\"article:published_time\" content=\"2023-10-05T09:06:52+00:00\" \/>\n<meta property=\"article:modified_time\" content=\"2023-10-05T09:58:21+00:00\" \/>\n<meta property=\"og:image\" content=\"https:\/\/www.intoscana.it\/wp-content\/uploads\/studenti-campus-giardino-scaled.jpg\" \/>\n\t<meta property=\"og:image:width\" content=\"2048\" \/>\n\t<meta property=\"og:image:height\" content=\"1365\" \/>\n\t<meta property=\"og:image:type\" content=\"image\/jpeg\" \/>\n<meta name=\"author\" content=\"Redazione\" \/>\n<meta name=\"twitter:card\" content=\"summary_large_image\" \/>\n<meta name=\"twitter:creator\" content=\"@intoscana\" \/>\n<meta name=\"twitter:site\" content=\"@intoscana\" \/>\n<meta name=\"twitter:label1\" content=\"Written by\" \/>\n\t<meta name=\"twitter:data1\" content=\"Redazione\" \/>\n\t<meta name=\"twitter:label2\" content=\"Est. reading time\" \/>\n\t<meta name=\"twitter:data2\" content=\"3 minuti\" \/>\n<script type=\"application\/ld+json\" class=\"yoast-schema-graph\">{\"@context\":\"https:\/\/schema.org\",\"@graph\":[{\"@type\":\"WebPage\",\"@id\":\"https:\/\/www.intoscana.it\/it\/next-generation-fest-e-arti-connettono-i-giovani-e-il-mondo-del-lavoro-con-la-job-week\/\",\"url\":\"https:\/\/www.intoscana.it\/it\/next-generation-fest-e-arti-connettono-i-giovani-e-il-mondo-del-lavoro-con-la-job-week\/\",\"name\":\"Next Generation Fest e Arti connettono i giovani e il mondo del lavoro con la \\\"Job Week\\\" - intoscana\",\"isPartOf\":{\"@id\":\"https:\/\/www.intoscana.it\/it\/#website\"},\"primaryImageOfPage\":{\"@id\":\"https:\/\/www.intoscana.it\/it\/next-generation-fest-e-arti-connettono-i-giovani-e-il-mondo-del-lavoro-con-la-job-week\/#primaryimage\"},\"image\":{\"@id\":\"https:\/\/www.intoscana.it\/it\/next-generation-fest-e-arti-connettono-i-giovani-e-il-mondo-del-lavoro-con-la-job-week\/#primaryimage\"},\"thumbnailUrl\":\"https:\/\/www.intoscana.it\/wp-content\/uploads\/studenti-campus-giardino-scaled.jpg\",\"datePublished\":\"2023-10-05T09:06:52+00:00\",\"dateModified\":\"2023-10-05T09:58:21+00:00\",\"author\":{\"@id\":\"https:\/\/www.intoscana.it\/it\/#\/schema\/person\/9223810753230f20bd670fdd322661f8\"},\"description\":\"Al Next Generation Fest ci sar\u00e0 un\u2019area gestita da Arti per i colloqui con le aziende, la settimana prima viaggio nei centri per l\u2019impiego\",\"breadcrumb\":{\"@id\":\"https:\/\/www.intoscana.it\/it\/next-generation-fest-e-arti-connettono-i-giovani-e-il-mondo-del-lavoro-con-la-job-week\/#breadcrumb\"},\"inLanguage\":\"it-IT\",\"potentialAction\":[{\"@type\":\"ReadAction\",\"target\":[\"https:\/\/www.intoscana.it\/it\/next-generation-fest-e-arti-connettono-i-giovani-e-il-mondo-del-lavoro-con-la-job-week\/\"]}]},{\"@type\":\"ImageObject\",\"inLanguage\":\"it-IT\",\"@id\":\"https:\/\/www.intoscana.it\/it\/next-generation-fest-e-arti-connettono-i-giovani-e-il-mondo-del-lavoro-con-la-job-week\/#primaryimage\",\"url\":\"https:\/\/www.intoscana.it\/wp-content\/uploads\/studenti-campus-giardino-scaled.jpg\",\"contentUrl\":\"https:\/\/www.intoscana.it\/wp-content\/uploads\/studenti-campus-giardino-scaled.jpg\",\"width\":2048,\"height\":1365,\"caption\":\"Giovani lavoro\"},{\"@type\":\"BreadcrumbList\",\"@id\":\"https:\/\/www.intoscana.it\/it\/next-generation-fest-e-arti-connettono-i-giovani-e-il-mondo-del-lavoro-con-la-job-week\/#breadcrumb\",\"itemListElement\":[{\"@type\":\"ListItem\",\"position\":1,\"name\":\"Home\",\"item\":\"https:\/\/www.intoscana.it\/it\/\"},{\"@type\":\"ListItem\",\"position\":2,\"name\":\"Next Generation Fest e Arti connettono i giovani e il mondo del lavoro con la &#8220;Job Week&#8221;\"}]},{\"@type\":\"WebSite\",\"@id\":\"https:\/\/www.intoscana.it\/it\/#website\",\"url\":\"https:\/\/www.intoscana.it\/it\/\",\"name\":\"intoscana\",\"description\":\"\",\"potentialAction\":[{\"@type\":\"SearchAction\",\"target\":{\"@type\":\"EntryPoint\",\"urlTemplate\":\"https:\/\/www.intoscana.it\/it\/?s={search_term_string}\"},\"query-input\":{\"@type\":\"PropertyValueSpecification\",\"valueRequired\":true,\"valueName\":\"search_term_string\"}}],\"inLanguage\":\"it-IT\"},{\"@type\":\"Person\",\"@id\":\"https:\/\/www.intoscana.it\/it\/#\/schema\/person\/9223810753230f20bd670fdd322661f8\",\"name\":\"Redazione\",\"url\":\"https:\/\/www.intoscana.it\/it\/author\/redazione\/\"}]}<\/script>\n<!-- \/ Yoast SEO Premium plugin. -->","yoast_head_json":{"title":"Next Generation Fest e Arti connettono i giovani e il mondo del lavoro con la \"Job Week\" - intoscana","description":"Al Next Generation Fest ci sar\u00e0 un\u2019area gestita da Arti per i colloqui con le aziende, la settimana prima viaggio nei centri per l\u2019impiego","robots":{"index":"index","follow":"follow","max-snippet":"max-snippet:-1","max-image-preview":"max-image-preview:large","max-video-preview":"max-video-preview:-1"},"canonical":"https:\/\/www.intoscana.it\/it\/next-generation-fest-e-arti-connettono-i-giovani-e-il-mondo-del-lavoro-con-la-job-week\/","og_locale":"it_IT","og_type":"article","og_title":"Next Generation Fest e Arti connettono i giovani e il mondo del lavoro con la \"Job Week\"","og_description":"Al Next Generation Fest ci sar\u00e0 un\u2019area gestita da Arti per i colloqui con le aziende, la settimana prima viaggio nei centri per l\u2019impiego","og_url":"https:\/\/www.intoscana.it\/it\/next-generation-fest-e-arti-connettono-i-giovani-e-il-mondo-del-lavoro-con-la-job-week\/","og_site_name":"intoscana","article_publisher":"https:\/\/www.facebook.com\/intoscana.it","article_published_time":"2023-10-05T09:06:52+00:00","article_modified_time":"2023-10-05T09:58:21+00:00","og_image":[{"width":2048,"height":1365,"url":"https:\/\/www.intoscana.it\/wp-content\/uploads\/studenti-campus-giardino-scaled.jpg","type":"image\/jpeg"}],"author":"Redazione","twitter_card":"summary_large_image","twitter_creator":"@intoscana","twitter_site":"@intoscana","twitter_misc":{"Written by":"Redazione","Est. reading time":"3 minuti"},"schema":{"@context":"https:\/\/schema.org","@graph":[{"@type":"WebPage","@id":"https:\/\/www.intoscana.it\/it\/next-generation-fest-e-arti-connettono-i-giovani-e-il-mondo-del-lavoro-con-la-job-week\/","url":"https:\/\/www.intoscana.it\/it\/next-generation-fest-e-arti-connettono-i-giovani-e-il-mondo-del-lavoro-con-la-job-week\/","name":"Next Generation Fest e Arti connettono i giovani e il mondo del lavoro con la \"Job Week\" - intoscana","isPartOf":{"@id":"https:\/\/www.intoscana.it\/it\/#website"},"primaryImageOfPage":{"@id":"https:\/\/www.intoscana.it\/it\/next-generation-fest-e-arti-connettono-i-giovani-e-il-mondo-del-lavoro-con-la-job-week\/#primaryimage"},"image":{"@id":"https:\/\/www.intoscana.it\/it\/next-generation-fest-e-arti-connettono-i-giovani-e-il-mondo-del-lavoro-con-la-job-week\/#primaryimage"},"thumbnailUrl":"https:\/\/www.intoscana.it\/wp-content\/uploads\/studenti-campus-giardino-scaled.jpg","datePublished":"2023-10-05T09:06:52+00:00","dateModified":"2023-10-05T09:58:21+00:00","author":{"@id":"https:\/\/www.intoscana.it\/it\/#\/schema\/person\/9223810753230f20bd670fdd322661f8"},"description":"Al Next Generation Fest ci sar\u00e0 un\u2019area gestita da Arti per i colloqui con le aziende, la settimana prima viaggio nei centri per l\u2019impiego","breadcrumb":{"@id":"https:\/\/www.intoscana.it\/it\/next-generation-fest-e-arti-connettono-i-giovani-e-il-mondo-del-lavoro-con-la-job-week\/#breadcrumb"},"inLanguage":"it-IT","potentialAction":[{"@type":"ReadAction","target":["https:\/\/www.intoscana.it\/it\/next-generation-fest-e-arti-connettono-i-giovani-e-il-mondo-del-lavoro-con-la-job-week\/"]}]},{"@type":"ImageObject","inLanguage":"it-IT","@id":"https:\/\/www.intoscana.it\/it\/next-generation-fest-e-arti-connettono-i-giovani-e-il-mondo-del-lavoro-con-la-job-week\/#primaryimage","url":"https:\/\/www.intoscana.it\/wp-content\/uploads\/studenti-campus-giardino-scaled.jpg","contentUrl":"https:\/\/www.intoscana.it\/wp-content\/uploads\/studenti-campus-giardino-scaled.jpg","width":2048,"height":1365,"caption":"Giovani lavoro"},{"@type":"BreadcrumbList","@id":"https:\/\/www.intoscana.it\/it\/next-generation-fest-e-arti-connettono-i-giovani-e-il-mondo-del-lavoro-con-la-job-week\/#breadcrumb","itemListElement":[{"@type":"ListItem","position":1,"name":"Home","item":"https:\/\/www.intoscana.it\/it\/"},{"@type":"ListItem","position":2,"name":"Next Generation Fest e Arti connettono i giovani e il mondo del lavoro con la &#8220;Job Week&#8221;"}]},{"@type":"WebSite","@id":"https:\/\/www.intoscana.it\/it\/#website","url":"https:\/\/www.intoscana.it\/it\/","name":"intoscana","description":"","potentialAction":[{"@type":"SearchAction","target":{"@type":"EntryPoint","urlTemplate":"https:\/\/www.intoscana.it\/it\/?s={search_term_string}"},"query-input":{"@type":"PropertyValueSpecification","valueRequired":true,"valueName":"search_term_string"}}],"inLanguage":"it-IT"},{"@type":"Person","@id":"https:\/\/www.intoscana.it\/it\/#\/schema\/person\/9223810753230f20bd670fdd322661f8","name":"Redazione","url":"https:\/\/www.intoscana.it\/it\/author\/redazione\/"}]}},"_links":{"self":[{"href":"https:\/\/www.intoscana.it\/it\/wp-json\/wp\/v2\/posts\/308342","targetHints":{"allow":["GET"]}}],"collection":[{"href":"https:\/\/www.intoscana.it\/it\/wp-json\/wp\/v2\/posts"}],"about":[{"href":"https:\/\/www.intoscana.it\/it\/wp-json\/wp\/v2\/types\/post"}],"author":[{"embeddable":true,"href":"https:\/\/www.intoscana.it\/it\/wp-json\/wp\/v2\/users\/525"}],"replies":[{"embeddable":true,"href":"https:\/\/www.intoscana.it\/it\/wp-json\/wp\/v2\/comments?post=308342"}],"version-history":[{"count":0,"href":"https:\/\/www.intoscana.it\/it\/wp-json\/wp\/v2\/posts\/308342\/revisions"}],"wp:featuredmedia":[{"embeddable":true,"href":"https:\/\/www.intoscana.it\/it\/wp-json\/wp\/v2\/media\/194396"}],"wp:attachment":[{"href":"https:\/\/www.intoscana.it\/it\/wp-json\/wp\/v2\/media?parent=308342"}],"wp:term":[{"taxonomy":"category","embeddable":true,"href":"https:\/\/www.intoscana.it\/it\/wp-json\/wp\/v2\/categories?post=308342"},{"taxonomy":"post_tag","embeddable":true,"href":"https:\/\/www.intoscana.it\/it\/wp-json\/wp\/v2\/tags?post=308342"}],"curies":[{"name":"wp","href":"https:\/\/api.w.org\/{rel}","templated":true}]}}