{"id":308405,"date":"2023-10-05T15:01:29","date_gmt":"2023-10-05T13:01:29","guid":{"rendered":"https:\/\/www.intoscana.it\/it\/?p=308405"},"modified":"2023-10-06T09:57:39","modified_gmt":"2023-10-06T07:57:39","slug":"pisa-capitale-del-futuro-con-internet-festival-centinaia-di-eventi-fino-a-domenica","status":"publish","type":"post","link":"https:\/\/www.intoscana.it\/it\/pisa-capitale-del-futuro-con-internet-festival-centinaia-di-eventi-fino-a-domenica\/","title":{"rendered":"Pisa capitale del futuro con Internet Festival: tutti gli eventi di venerd\u00ec 7 ottobre"},"content":{"rendered":"<p>Entra nel vivo il programma della tredicesima edizione di<strong> Internet Festival<\/strong> il festival che con<strong> incontri, conferenze, laboratori e spettacoli<\/strong> animer\u00e0 la citt\u00e0 di Pisa <strong>da gioved\u00ec 5 a domenica 8 ottobre<\/strong> trasformandola, ancora per una volta, nella<strong> capitale italiana della l\u2019innovazione digitale.<\/strong><\/p>\n<h3>Tutti gli eventi di venerd\u00ec 6 ottobre<\/h3>\n<p><strong>Venerd\u00ec 6 ottobre<\/strong> apertura della giornata all\u2019insegna dei diritti in rete alla <strong>Scuola Superiore Sant\u2019Anna<\/strong> che ospiter\u00e0 gli appuntamenti della sezione<strong><em> Artificial Law,<\/em><\/strong> curata da <strong>Fernanda Faini.<\/strong> Due sessioni di incontri (ore 9-13; 15-18) in cui si parler\u00e0 di intelligenza artificiale generativa e diritti della persona, del ruolo del diritto tra necessit\u00e0 di protezione giuridica ed esigenza di valorizzazione economica, di sovranit\u00e0 digitale tra poteri pubblici e poteri privati, senza perdere di vista il tema della tutela della propriet\u00e0 intellettuale nell\u2019era delle macchine e degli NFT. Tra gli ospiti <strong>Ginevra Cerrina Feroni,<\/strong> vice presidente del Garante per la protezione dei dati personali, e <strong>Guido Scorza,<\/strong> giurista e docente in materia di diritto delle nuove tecnologie.<\/p>\n<p>Nella seconda giornata di <strong>IF2023<\/strong> torna il <strong>Cybersecurity Day,<\/strong> appuntamento ormai tradizionale a cura dell\u2019Istituto di Informatica e Telematica del <strong>CNR (CNR-IIT),<\/strong> in collaborazione con Camera di Commercio Toscana Nord Ovest (Camera di Commercio, ore 9.15-17.45).<\/p>\n<p>Sempre nella giornata di <strong>venerd\u00ec 6,<\/strong> l\u2019Unione Industriali Pisana ospita nella sua sede l\u2019evento Quarta rivoluzione industriale e Intelligenza Artificiale, un\u2019occasione per affrontare il tema delle metamorfosi delle culture del lavoro, che coinvolger\u00e0 \u2013 tra gli altri \u2013 il sociologo del lavoro <strong>Daniele Marini (<\/strong>ore 15). Sulla stessa \u2018lunghezza d\u2019onda\u2019 l\u2019incontro promosso dagli studenti del Corso di laurea magistrale in Ingegneria informatica-Intelligenza artificiale dal titolo Come l\u2019intelligenza artificiale cambier\u00e0 le imprese, condotto dal giornalista <strong>Marco Viviani<\/strong> (Centro Congressi Le Benedettine, ore 17).<\/p>\n<p>Tra gli ospiti del festival<strong> filosofi di fama mondiale<\/strong> come <strong>Eric Sadin, Pascal Chabot, Adriano Fabris,<\/strong> e scienziate come<strong> Alessandra Sciutti,<\/strong> una delle pi\u00f9 note tecnologhe nell\u2019ambito della robotica, e Alice Avallone, a capo dell\u2019osservatorio di antropologia digitale Be Unsocial, sono tra i protagonisti dei <strong>Dialoghi tra filosofia &amp; innovazione,<\/strong> condotti da <strong>Eleonora Chioda<\/strong>, in programma alla Gipsoteca di Arte Antica (ore 16-19). Incontri per riflettere sui nuovi paradigmi del lavoro e dell\u2019etica legati alla tecnologia.<\/p>\n<p>Alle ore 19 all\u2019ExWide, prende il via l\u2019appuntamento quotidiano con <strong><em>Si salvi chi sa!,<\/em><\/strong> una serie di conversazione tematiche con aperitivo finale che coinvolger\u00e0 come prime ospiti <strong>la filosofa Ilaria Gaspari e la scrittrice Licia Troisi,<\/strong> affiancate nel ruolo di moderatore da Cristiano Carriero. Un dialogo a pi\u00f9 voci per conoscere posizioni e opinioni diverse su uno degli interrogativi che animano il dibattito pi\u00f9 attuale: dobbiamo avere paura della IA o dobbiamo soltanto imparare a sfruttarne al meglio le potenzialit\u00e0?<\/p>\n<div class=\"titleimg\">\n<figure id=\"post-308364 media-308364\" class=\"align-none\"><img decoding=\"async\" src=\"https:\/\/www.intoscana.it\/wp-content\/uploads\/6ad58f28-3b64-4119-9710-c48ba3e2f599-2.jpg\" alt=\"\" \/><\/figure>\n<div class=\"titleimg\"><em>Internet Festival 2023 a Pisa, l\u2019inaugurazione &#8211; \u00a9 Salvatore Bruno<\/em><\/div>\n<\/div>\n<h3><strong>Regione e innovazione<\/strong><\/h3>\n<p>Proseguono poi gli appuntamenti firmati <strong>Regione Toscana<\/strong>. Alla<strong> Scuola Normale Superiore<\/strong> grande attesa per <strong>Toscana Digitale, Toscana Diffusa<\/strong>, una mattinata di confronti per misurare lo stato degli investimenti pubblici sulle infrastrutture digitali e il piano delle antenne con il <strong>presidente della Regione Eugenio Giani, l\u2019assessore Stefano Ciuoffo,<\/strong> rappresentanti del governo del territorio, tra cui<strong> il presidente di Anci Toscana, Matteo Biffoni<\/strong> (ore 9.30-12.30) e di aziende leader di settore come Tim con Francesca Petriacci e Vodafone con Maria Piccolo.<\/p>\n<p><strong>Il bando per l\u2019innovazione delle imprese<\/strong> sar\u00e0 al centro di un panel specifico che coinvolger\u00e0<strong> l\u2019assessore regionale Leonardo Marras<\/strong> ed esperti di tecnologie per la transizione digitale (ore 11.30); mentre l\u2019assessora all\u2019istruzione Alessandra Nardini esplorer\u00e0 opportunit\u00e0, rischi e regole dell\u2019intelligenza artificiale generativa, insieme a <strong>Fosca Giannotti, Dino Pedreschi, Marco Malvaldi, Luca De Biase e Brando Benifei<\/strong> (ore 15.30).<\/p>\n<p><strong>I droni saranno protagonisti di vari focus<\/strong> in cui si parler\u00e0 di prevenzione dei rischi idrogeologici, di monitoraggio di borghi e siti archeologici, e del cosiddetto drone delivery, il trasporto di beni e prodotti salvavita.<\/p>\n<p>Per l\u2019incontro <strong>Futuri desiderabili,<\/strong> alle Benedettine, riflettori puntati sui prossimi 30 anni, con il <strong>presidente del Consiglio regionale Antonio Mazzeo<\/strong> e il Comitato Scientifico di <strong>Toscana 2050<\/strong> (ore 15.30).<\/p>\n<h3>Arte, musica, teatro e fumetto<\/h3>\n<p><strong>In piazza XX Settembre<\/strong> prosegue la proiezione della mostra, a cura di <strong>Carolina Ciuti e Lorenzo Guasti,<\/strong> con protagonisti quattro affermati artisti &#8211;<strong> Seraf\u00edn \u00c1lvarez, Marion Balac, Alessandro Bavari e Andrea Ciulu<\/strong> \u2013 e le loro \u2018visioni\u2019, tra digital art, intelligenza artificiale generativa e interrogativi sociali.<\/p>\n<p>A partire dalle 12 prende il via<strong> Go, Check\u2026Click!<\/strong> la sfida interattiva a squadre che vedr\u00e0 affrontarsi per le vie di Pisa giocatori impegnati a conquistare pi\u00f9 checkpoint possibili a colpi di foto creative (ore 12-18). Nel pomeriggio, spazio agli incontri dedicati alle nuove frontiere della fotografia professionale tra droni e intelligenza artificiale (ore 16 e 17).<\/p>\n<p><strong>Al Cinema Arsenale doppio<\/strong> appuntamento all\u2019insegna del fumetto. Si parte con Il futuro del fumetto e dell\u2019audiovisivo nell\u2019era delle IA, un\u2019occasione per parlare delle prospettive di questa forma artistica attraverso le testimonianze dei fumettisti <strong>LRNZ e Massimo Giacon,<\/strong> dell\u2019artista visivo <strong>Francesco D\u2019Isa e del regista Alberto Puliafito<\/strong> (ore 18.30).<\/p>\n<p>A seguire, alle 20.30, occhi puntati sullo schermo per la proiezione di <strong>Evangelion:<\/strong> 1.0 you are (not) alone di Hideaki Anno. Primo dei quattro capitoli che compongono la tetralogia Rebuild of Evangelion, basata sul manga di Yoshiyuki Sadamoto e sulla serie anime <strong>Neon Genesis Evangelion<\/strong>, che hanno segnato la storia del fumetto e dell\u2019animazione mondiale. La proiezione sar\u00e0 introdotta da Fabio Gadducci (eventi sono in collaborazione con la rassegna Fumetti &amp; Popcorn).<\/p>\n<p><strong>Al Teatro Sant\u2019Andrea<\/strong> va in scena lo spettacolo teatrale <strong><em>Breve storia dell\u2019intelligenza,<\/em> <\/strong>curato dai<strong> Sacchi di Sabbia e Davide Barbafiera<\/strong> insieme con le persone in detenzione nella Casa Circondariale \u201cDon Bosco\u201d, un viaggio attraverso i secoli di intelligenza umana tra ironia e riflessione (ore 21).<\/p>\n<p>Al <strong>Caracol Contemporanea Casa del Popolo<\/strong> attesa per la performance tra musica elettronica e arte visiva di <strong>Francesco D\u2019Abbraccio, aka Lorem e Morgana:<\/strong> potr\u00e0 l\u2019Intelligenza Artificiale risultare pi\u00f9 umana e poetica? Completano il programma della serata le performance di live coding di <strong>Lixt, Gambit, Guido Segni e il dj-set di Kevin Smuggles<\/strong> (ore 22).<\/p>\n<p><strong>T-Tour, installazioni e Hackaton<\/strong><\/p>\n<p>Prosegue a ritmo serrato il programma della sezione <strong>T-Tour al Centro Congressi Le Benedettine<\/strong>, dove trovano spazio anche installazioni come BLUR M3 NOT, a cura di Sheldon.studio e CNR-IFC, con la collaborazione del Fablab Pisa e il Centro Piaggio dell\u2019Universit\u00e0 di Pisa, dedicata al fenomeno della dipendenza da web; oppure <strong>Guerra? Pace? a cura di Emergency Pisa;<\/strong> o ancora Engine, un\u2019esperienza immersiva di realt\u00e0 virtuale per comprendere la violenza di genere. Giovani protagonisti anche nell\u2019hackaton C(o)De-Challenge of Developers 2023 organizzata da RjcSoft che, dopo il successo dello scorso anno, si conferma un\u2019opportunit\u00e0 a livello internazionale come dimostrano le candidature arrivate da tutto il mondo e la partecipazione alla finale di squadre provenienti da Marocco, Corea del Sud e Norvegia.<\/p>\n<figure id=\"post-308366 media-308366\" class=\"align-none\"><img decoding=\"async\" src=\"https:\/\/www.intoscana.it\/wp-content\/uploads\/386598507_730893222414967_3401530314868215000_n.jpg\" alt=\"\" \/><\/figure>\n<div class=\"titleimg\">Internet Festival 2023 a Pisa, l\u2019inaugurazione &#8211; \u00a9 Salvatore Bruno<\/div>\n","protected":false},"excerpt":{"rendered":"<p>Dalla musica all&#8217;arte, dall&#8217;intelligenza artificiale agli eventi della Regione sul futuro della Toscana digitale, tutti gli eventi di venerd\u00ec 7 ottobre a Pisa<\/p>\n","protected":false},"author":525,"featured_media":308406,"comment_status":"open","ping_status":"open","sticky":false,"template":"","format":"standard","meta":{"_acf_changed":false,"footnotes":""},"categories":[475],"tags":[176,203,151],"class_list":["post-308405","post","type-post","status-publish","format-standard","has-post-thumbnail","hentry","category-innovazione","tag-internet-festival","tag-pisa","tag-regione-toscana"],"acf":[],"yoast_head":"<!-- This site is optimized with the Yoast SEO Premium plugin v24.2 (Yoast SEO v25.6) - https:\/\/yoast.com\/wordpress\/plugins\/seo\/ -->\n<title>Pisa capitale del futuro con Internet Festival: tutti gli eventi di venerd\u00ec 7 ottobre - intoscana<\/title>\n<meta name=\"description\" content=\"Dalla musica all&#039;arte, dall&#039;intelligenza artificiale agli eventi della Regione sulla Toscana digitale, gli eventi di venerd\u00ec 7 ottobre\" \/>\n<meta name=\"robots\" content=\"index, follow, max-snippet:-1, max-image-preview:large, max-video-preview:-1\" \/>\n<link rel=\"canonical\" href=\"https:\/\/www.intoscana.it\/it\/pisa-capitale-del-futuro-con-internet-festival-centinaia-di-eventi-fino-a-domenica\/\" \/>\n<meta property=\"og:locale\" content=\"it_IT\" \/>\n<meta property=\"og:type\" content=\"article\" \/>\n<meta property=\"og:title\" content=\"Pisa capitale del futuro con Internet Festival: tutti gli eventi di venerd\u00ec 7 ottobre\" \/>\n<meta property=\"og:description\" content=\"Dalla musica all&#039;arte, dall&#039;intelligenza artificiale agli eventi della Regione sulla Toscana digitale, gli eventi di venerd\u00ec 7 ottobre\" \/>\n<meta property=\"og:url\" content=\"https:\/\/www.intoscana.it\/it\/pisa-capitale-del-futuro-con-internet-festival-centinaia-di-eventi-fino-a-domenica\/\" \/>\n<meta property=\"og:site_name\" content=\"intoscana\" \/>\n<meta property=\"article:publisher\" content=\"https:\/\/www.facebook.com\/intoscana.it\" \/>\n<meta property=\"article:published_time\" content=\"2023-10-05T13:01:29+00:00\" \/>\n<meta property=\"article:modified_time\" content=\"2023-10-06T07:57:39+00:00\" \/>\n<meta property=\"og:image\" content=\"https:\/\/www.intoscana.it\/wp-content\/uploads\/INAUGURAZIONE-.jpg\" \/>\n\t<meta property=\"og:image:width\" content=\"1920\" \/>\n\t<meta property=\"og:image:height\" content=\"1280\" \/>\n\t<meta property=\"og:image:type\" content=\"image\/jpeg\" \/>\n<meta name=\"author\" content=\"Redazione\" \/>\n<meta name=\"twitter:card\" content=\"summary_large_image\" \/>\n<meta name=\"twitter:creator\" content=\"@intoscana\" \/>\n<meta name=\"twitter:site\" content=\"@intoscana\" \/>\n<meta name=\"twitter:label1\" content=\"Written by\" \/>\n\t<meta name=\"twitter:data1\" content=\"Redazione\" \/>\n\t<meta name=\"twitter:label2\" content=\"Est. reading time\" \/>\n\t<meta name=\"twitter:data2\" content=\"6 minuti\" \/>\n<script type=\"application\/ld+json\" class=\"yoast-schema-graph\">{\"@context\":\"https:\/\/schema.org\",\"@graph\":[{\"@type\":\"WebPage\",\"@id\":\"https:\/\/www.intoscana.it\/it\/pisa-capitale-del-futuro-con-internet-festival-centinaia-di-eventi-fino-a-domenica\/\",\"url\":\"https:\/\/www.intoscana.it\/it\/pisa-capitale-del-futuro-con-internet-festival-centinaia-di-eventi-fino-a-domenica\/\",\"name\":\"Pisa capitale del futuro con Internet Festival: tutti gli eventi di venerd\u00ec 7 ottobre - intoscana\",\"isPartOf\":{\"@id\":\"https:\/\/www.intoscana.it\/it\/#website\"},\"primaryImageOfPage\":{\"@id\":\"https:\/\/www.intoscana.it\/it\/pisa-capitale-del-futuro-con-internet-festival-centinaia-di-eventi-fino-a-domenica\/#primaryimage\"},\"image\":{\"@id\":\"https:\/\/www.intoscana.it\/it\/pisa-capitale-del-futuro-con-internet-festival-centinaia-di-eventi-fino-a-domenica\/#primaryimage\"},\"thumbnailUrl\":\"https:\/\/www.intoscana.it\/wp-content\/uploads\/INAUGURAZIONE-.jpg\",\"datePublished\":\"2023-10-05T13:01:29+00:00\",\"dateModified\":\"2023-10-06T07:57:39+00:00\",\"author\":{\"@id\":\"https:\/\/www.intoscana.it\/it\/#\/schema\/person\/9223810753230f20bd670fdd322661f8\"},\"description\":\"Dalla musica all'arte, dall'intelligenza artificiale agli eventi della Regione sulla Toscana digitale, gli eventi di venerd\u00ec 7 ottobre\",\"breadcrumb\":{\"@id\":\"https:\/\/www.intoscana.it\/it\/pisa-capitale-del-futuro-con-internet-festival-centinaia-di-eventi-fino-a-domenica\/#breadcrumb\"},\"inLanguage\":\"it-IT\",\"potentialAction\":[{\"@type\":\"ReadAction\",\"target\":[\"https:\/\/www.intoscana.it\/it\/pisa-capitale-del-futuro-con-internet-festival-centinaia-di-eventi-fino-a-domenica\/\"]}]},{\"@type\":\"ImageObject\",\"inLanguage\":\"it-IT\",\"@id\":\"https:\/\/www.intoscana.it\/it\/pisa-capitale-del-futuro-con-internet-festival-centinaia-di-eventi-fino-a-domenica\/#primaryimage\",\"url\":\"https:\/\/www.intoscana.it\/wp-content\/uploads\/INAUGURAZIONE-.jpg\",\"contentUrl\":\"https:\/\/www.intoscana.it\/wp-content\/uploads\/INAUGURAZIONE-.jpg\",\"width\":1920,\"height\":1280,\"caption\":\"Internet Festival 2023 a Pisa, l'inaugurazione\"},{\"@type\":\"BreadcrumbList\",\"@id\":\"https:\/\/www.intoscana.it\/it\/pisa-capitale-del-futuro-con-internet-festival-centinaia-di-eventi-fino-a-domenica\/#breadcrumb\",\"itemListElement\":[{\"@type\":\"ListItem\",\"position\":1,\"name\":\"Home\",\"item\":\"https:\/\/www.intoscana.it\/it\/\"},{\"@type\":\"ListItem\",\"position\":2,\"name\":\"Pisa capitale del futuro con Internet Festival: tutti gli eventi di venerd\u00ec 7 ottobre\"}]},{\"@type\":\"WebSite\",\"@id\":\"https:\/\/www.intoscana.it\/it\/#website\",\"url\":\"https:\/\/www.intoscana.it\/it\/\",\"name\":\"intoscana\",\"description\":\"\",\"potentialAction\":[{\"@type\":\"SearchAction\",\"target\":{\"@type\":\"EntryPoint\",\"urlTemplate\":\"https:\/\/www.intoscana.it\/it\/?s={search_term_string}\"},\"query-input\":{\"@type\":\"PropertyValueSpecification\",\"valueRequired\":true,\"valueName\":\"search_term_string\"}}],\"inLanguage\":\"it-IT\"},{\"@type\":\"Person\",\"@id\":\"https:\/\/www.intoscana.it\/it\/#\/schema\/person\/9223810753230f20bd670fdd322661f8\",\"name\":\"Redazione\",\"url\":\"https:\/\/www.intoscana.it\/it\/author\/redazione\/\"}]}<\/script>\n<!-- \/ Yoast SEO Premium plugin. -->","yoast_head_json":{"title":"Pisa capitale del futuro con Internet Festival: tutti gli eventi di venerd\u00ec 7 ottobre - intoscana","description":"Dalla musica all'arte, dall'intelligenza artificiale agli eventi della Regione sulla Toscana digitale, gli eventi di venerd\u00ec 7 ottobre","robots":{"index":"index","follow":"follow","max-snippet":"max-snippet:-1","max-image-preview":"max-image-preview:large","max-video-preview":"max-video-preview:-1"},"canonical":"https:\/\/www.intoscana.it\/it\/pisa-capitale-del-futuro-con-internet-festival-centinaia-di-eventi-fino-a-domenica\/","og_locale":"it_IT","og_type":"article","og_title":"Pisa capitale del futuro con Internet Festival: tutti gli eventi di venerd\u00ec 7 ottobre","og_description":"Dalla musica all'arte, dall'intelligenza artificiale agli eventi della Regione sulla Toscana digitale, gli eventi di venerd\u00ec 7 ottobre","og_url":"https:\/\/www.intoscana.it\/it\/pisa-capitale-del-futuro-con-internet-festival-centinaia-di-eventi-fino-a-domenica\/","og_site_name":"intoscana","article_publisher":"https:\/\/www.facebook.com\/intoscana.it","article_published_time":"2023-10-05T13:01:29+00:00","article_modified_time":"2023-10-06T07:57:39+00:00","og_image":[{"width":1920,"height":1280,"url":"https:\/\/www.intoscana.it\/wp-content\/uploads\/INAUGURAZIONE-.jpg","type":"image\/jpeg"}],"author":"Redazione","twitter_card":"summary_large_image","twitter_creator":"@intoscana","twitter_site":"@intoscana","twitter_misc":{"Written by":"Redazione","Est. reading time":"6 minuti"},"schema":{"@context":"https:\/\/schema.org","@graph":[{"@type":"WebPage","@id":"https:\/\/www.intoscana.it\/it\/pisa-capitale-del-futuro-con-internet-festival-centinaia-di-eventi-fino-a-domenica\/","url":"https:\/\/www.intoscana.it\/it\/pisa-capitale-del-futuro-con-internet-festival-centinaia-di-eventi-fino-a-domenica\/","name":"Pisa capitale del futuro con Internet Festival: tutti gli eventi di venerd\u00ec 7 ottobre - intoscana","isPartOf":{"@id":"https:\/\/www.intoscana.it\/it\/#website"},"primaryImageOfPage":{"@id":"https:\/\/www.intoscana.it\/it\/pisa-capitale-del-futuro-con-internet-festival-centinaia-di-eventi-fino-a-domenica\/#primaryimage"},"image":{"@id":"https:\/\/www.intoscana.it\/it\/pisa-capitale-del-futuro-con-internet-festival-centinaia-di-eventi-fino-a-domenica\/#primaryimage"},"thumbnailUrl":"https:\/\/www.intoscana.it\/wp-content\/uploads\/INAUGURAZIONE-.jpg","datePublished":"2023-10-05T13:01:29+00:00","dateModified":"2023-10-06T07:57:39+00:00","author":{"@id":"https:\/\/www.intoscana.it\/it\/#\/schema\/person\/9223810753230f20bd670fdd322661f8"},"description":"Dalla musica all'arte, dall'intelligenza artificiale agli eventi della Regione sulla Toscana digitale, gli eventi di venerd\u00ec 7 ottobre","breadcrumb":{"@id":"https:\/\/www.intoscana.it\/it\/pisa-capitale-del-futuro-con-internet-festival-centinaia-di-eventi-fino-a-domenica\/#breadcrumb"},"inLanguage":"it-IT","potentialAction":[{"@type":"ReadAction","target":["https:\/\/www.intoscana.it\/it\/pisa-capitale-del-futuro-con-internet-festival-centinaia-di-eventi-fino-a-domenica\/"]}]},{"@type":"ImageObject","inLanguage":"it-IT","@id":"https:\/\/www.intoscana.it\/it\/pisa-capitale-del-futuro-con-internet-festival-centinaia-di-eventi-fino-a-domenica\/#primaryimage","url":"https:\/\/www.intoscana.it\/wp-content\/uploads\/INAUGURAZIONE-.jpg","contentUrl":"https:\/\/www.intoscana.it\/wp-content\/uploads\/INAUGURAZIONE-.jpg","width":1920,"height":1280,"caption":"Internet Festival 2023 a Pisa, l'inaugurazione"},{"@type":"BreadcrumbList","@id":"https:\/\/www.intoscana.it\/it\/pisa-capitale-del-futuro-con-internet-festival-centinaia-di-eventi-fino-a-domenica\/#breadcrumb","itemListElement":[{"@type":"ListItem","position":1,"name":"Home","item":"https:\/\/www.intoscana.it\/it\/"},{"@type":"ListItem","position":2,"name":"Pisa capitale del futuro con Internet Festival: tutti gli eventi di venerd\u00ec 7 ottobre"}]},{"@type":"WebSite","@id":"https:\/\/www.intoscana.it\/it\/#website","url":"https:\/\/www.intoscana.it\/it\/","name":"intoscana","description":"","potentialAction":[{"@type":"SearchAction","target":{"@type":"EntryPoint","urlTemplate":"https:\/\/www.intoscana.it\/it\/?s={search_term_string}"},"query-input":{"@type":"PropertyValueSpecification","valueRequired":true,"valueName":"search_term_string"}}],"inLanguage":"it-IT"},{"@type":"Person","@id":"https:\/\/www.intoscana.it\/it\/#\/schema\/person\/9223810753230f20bd670fdd322661f8","name":"Redazione","url":"https:\/\/www.intoscana.it\/it\/author\/redazione\/"}]}},"_links":{"self":[{"href":"https:\/\/www.intoscana.it\/it\/wp-json\/wp\/v2\/posts\/308405","targetHints":{"allow":["GET"]}}],"collection":[{"href":"https:\/\/www.intoscana.it\/it\/wp-json\/wp\/v2\/posts"}],"about":[{"href":"https:\/\/www.intoscana.it\/it\/wp-json\/wp\/v2\/types\/post"}],"author":[{"embeddable":true,"href":"https:\/\/www.intoscana.it\/it\/wp-json\/wp\/v2\/users\/525"}],"replies":[{"embeddable":true,"href":"https:\/\/www.intoscana.it\/it\/wp-json\/wp\/v2\/comments?post=308405"}],"version-history":[{"count":0,"href":"https:\/\/www.intoscana.it\/it\/wp-json\/wp\/v2\/posts\/308405\/revisions"}],"wp:featuredmedia":[{"embeddable":true,"href":"https:\/\/www.intoscana.it\/it\/wp-json\/wp\/v2\/media\/308406"}],"wp:attachment":[{"href":"https:\/\/www.intoscana.it\/it\/wp-json\/wp\/v2\/media?parent=308405"}],"wp:term":[{"taxonomy":"category","embeddable":true,"href":"https:\/\/www.intoscana.it\/it\/wp-json\/wp\/v2\/categories?post=308405"},{"taxonomy":"post_tag","embeddable":true,"href":"https:\/\/www.intoscana.it\/it\/wp-json\/wp\/v2\/tags?post=308405"}],"curies":[{"name":"wp","href":"https:\/\/api.w.org\/{rel}","templated":true}]}}