{"id":308423,"date":"2023-10-05T15:31:05","date_gmt":"2023-10-05T13:31:05","guid":{"rendered":"https:\/\/www.intoscana.it\/it\/?p=308423"},"modified":"2023-10-05T17:15:35","modified_gmt":"2023-10-05T15:15:35","slug":"internet-festival-al-via-tra-droni-antincendio-e-robot-sensibili","status":"publish","type":"post","link":"https:\/\/www.intoscana.it\/it\/internet-festival-al-via-tra-droni-antincendio-e-robot-sensibili\/","title":{"rendered":"Internet Festival al via tra droni antincendio e robot &#8220;sensibili&#8221;"},"content":{"rendered":"<p style=\"font-weight: 400;\">Droni in grado di salvare i boschi, robot che imparano a gestire le emozioni degli umani, opere d\u2019arte immersive, paesaggi sonori, sfilate di moda prodotte con l\u2019aiuto dell\u2019AI, visori per cavalcare le onde dal divano di casa, filosofi e sociologi in veste di timonieri per aiutarci nella navigazione del mare\u00a0<strong>#artificiale.<\/strong><\/p>\n<p style=\"font-weight: 400;\">\u00c8 questo l\u2019hashtag della 13\/a edizione di\u00a0<strong>Internet Festival \u2013 Forme di Futuro,\u00a0<\/strong>al via da oggi a <strong>Pisa<\/strong>, con centinaia di eventi aperti al pubblico, relatori da tutto il mondo e\u00a0<strong>20 sedi diffuse <\/strong>in citt\u00e0 fino a<strong> domenica 8 ottobre<\/strong>.<\/p>\n<p style=\"font-weight: 400;\">L\u2019apertura stamani con il presidente della Regione Toscana, <strong>Eugenio Giani<\/strong>, il presidente del Consiglio regionale,\u00a0<strong>Antonio Mazzeo<\/strong>, gli assessori regionali a Innovazione e Istruzione,\u00a0<strong>Stefano Ciuoffo e Alessandra Nardini<\/strong>.<\/p>\n<p style=\"font-weight: 400;\">\u201c<em>Non dobbiamo dimenticare che Pisa \u00e8 il luogo da dove per la prima volta il 30 aprile del 1986 dal Cnr part\u00ec il segnale che segn\u00f2 l&#8217;arrivo di Internet in Italia e quindi per questo la citt\u00e0 di Pisa \u00e8 ancora oggi un simbolo<\/em>&#8211; ha detto <strong>il presidente Giani<\/strong> &#8211;<em>Oggi Internet \u00e8 imprescindibile per tutto ci\u00f2 che significa: le informazioni in tempo reale, i collegamenti, il mondo dei social ed \u00e8 per questo che in Toscana vogliamo continuare ad investire sull\u2019infrastruttura digitale che \u00e8 uno dei motori principali dello sviluppo. Internet Festival, organizzato dalla Regione Toscana attraverso Fondazione Sistema Toscana, \u00e8 ormai un appuntamento fisso molto importante ed \u00e8 il modo con cui ogni anno andiamo a fare una panoramica sulle opportunit\u00e0 che la rivoluzione digitale ci offre<\/em>\u201d.<\/p>\n<figure id=\"post-308376 media-308376\" class=\"align-none\"><img decoding=\"async\" src=\"https:\/\/www.intoscana.it\/wp-content\/uploads\/PHOTO-2023-10-05-13-31-59_1.jpg\" alt=\"\" \/><\/figure>\n<div class=\"titleimg\">Internet Festival 2023, al via la XIII edizione<\/div>\n<p style=\"font-weight: 400;\">Presenti al taglio del nastro il sindaco di Pisa<strong>, Michele Conti\u00a0<\/strong>e il presidente della provincia,\u00a0<strong>Massimiliano Angori<\/strong>\u00a0\u2013 con i rappresentanti di<strong>\u00a0Universit\u00e0 di Pisa\u00a0<\/strong>con il rettore<strong>\u00a0Riccardo Zucchi<\/strong>,\u00a0<strong>Scuola Superiore Sant\u2019Anna<\/strong>\u00a0con la rettrice<strong>\u00a0Sabina Nuti, Scuola Normale Superiore\u00a0<\/strong>con il direttore<strong>\u00a0Luigi Ambrosio<\/strong>,\u00a0con<strong>\u00a0Anna Vaccarelli\u00a0<\/strong>dell\u2019Istituto di Informatica e Telematica del<strong>\u00a0CNR e Registro .it,<\/strong>\u00a0<strong>Cristina Martelli<\/strong>\u00a0segretario generale della<strong>\u00a0<\/strong>Camera di Commercio Toscana Nord-Ovest,\u00a0<strong>Francesco Palumbo<\/strong>\u00a0direttore di\u00a0<strong>Fondazione Sistema Toscana,\u00a0<\/strong>oltre al direttore del festival\u00a0<strong>Claudio Giua<\/strong>.<\/p>\n<p style=\"font-weight: 400;\">Tutti riuniti alle Logge dei Banchi, luogo iconico del festival e sede di installazioni interattive, digital art e spazi dove informarsi sui processi innovativi che stanno trasformando la nostra vita quotidiana.<\/p>\n<h3>I protagonisti di Internet Festival<\/h3>\n<p style=\"font-weight: 400;\"><span style=\"font-weight: 400;\">Tra gli ospiti di questa edizione esperti di diritto come\u00a0<strong>Guido Scorza<\/strong>, giurista e docente in materia di diritto delle nuove tecnologie, e\u00a0<strong>Ginevra Cerrina Feroni<\/strong>, vice presidente del Garante per la protezione dei dati personali, protagonisti della sezione<strong> Artificial Law<\/strong>, a cura dalla giurista Fernanda Faini, con la moderazione della giornalista Federica Meta (Scuola Superiore Sant\u2019Anna, venerd\u00ec 6 ore ore 9-13; 15-18).<\/span><\/p>\n<p style=\"font-weight: 400;\"><span style=\"font-weight: 400;\">Ma anche filosofi come <strong>Eric Sadin, Pascal Chabot<\/strong>,\u00a0<strong>Adriano Fabris,\u00a0<\/strong>chiamati a riflettere sui nuovi paradigmi del lavoro e dell\u2019etica legati alla tecnologia insieme a scienziate come\u00a0<strong>Alessandra Sciutti<\/strong>, una delle pi\u00f9 note tecnologhe nell\u2019ambito della robotica,\u00a0<strong>Alice Avallone<\/strong>, esperta di small data, a capo dell\u2019osservatorio di antropologia digitale Be Unsocial (Gipsoteca, venerd\u00ec 6 ore 16-19).<\/span><\/p>\n<p style=\"font-weight: 400;\"><span style=\"font-weight: 400;\">Lo scrittore <strong>Marco Malvaldi<\/strong>\u00a0che interverr\u00e0 con\u00a0<strong>Fosca Giannotti<\/strong> nel panel dedicato a <mark>Opportunit\u00e0, rischi e regole dell\u2019intelligenza artificiale generativa<\/mark> (Scuola Normale, venerd\u00ec 6 ore 15.30 &#8211; 17.30).<\/span><\/p>\n<p style=\"font-weight: 400;\">L\u2019esperta di comunicazione\u00a0<strong>Laura Carrer<\/strong>, giornalista specializzata in tecnologie di sorveglianza, intersezione tra genere e tecnologia, privacy, social network e giustizia penale, sar\u00e0 al centro del panel Giustizia sociale &amp; tecnologia insieme a\u00a0<strong>Vera Gheno<\/strong>, linguista, saggista e traduttrice,\u00a0<strong>Oyidiya Oji Palino<\/strong>,\u00a0attivista dell\u2019European Network Against Racism Aisbl (ENAR), per un focus sull\u2019utilizzo dei\u00a0<strong>dati biometrici<\/strong>, il riconoscimento facciale e le discriminazioni intrinseche al sistema (Gipsoteca, sabato 7 ore 15-19.30).<\/p>\n<p style=\"font-weight: 400;\">Attesi personaggi dello spettacolo come\u00a0<strong>Sabina Guzzanti<\/strong>\u00a0e\u00a0<strong>Carlo Amleto,\u00a0<\/strong>in arrivo a Pisa domenica 8 ottobre (Cinema Arsenale, ore 18-22.30). Sempre domenica in programma un\u00a0<strong>omaggio a Michela Murgia\u00a0<\/strong>con un dialogo tra Giulia Paganelli, in arte EvaStaiZitta, antropologa e attivista, e Loredana Lipperini, scrittrice e grande amica dell\u2019autrice recentemente scomparsa, per riflettere sul concetto di artificio da un altro punto di vista: quello delle relazioni sociali e interpersonali (Gipsoteca, ore 17).<\/p>\n<h3>Cyberlavoro, una giornata ad hoc<\/h3>\n<p style=\"font-weight: 400;\">Torna anche il\u00a0<strong>Cybersecurity Day<\/strong>, appuntamento tradizionale a cura dell\u2019Istituto di Informatica e Telematica del CNR (CNR-IIT), in collaborazione con Camera di Commercio Toscana Nord Ovest (Camera di Commercio, venerd\u00ec 6 ore 9.15-17.45). Sempre nella giornata di venerd\u00ec 6, l\u2019Unione Industriali Pisana ospita nella sua sede l\u2019evento\u00a0<strong>Quarta rivoluzione industriale e Intelligenza Artificiale<\/strong>, un\u2019occasione per affrontare il tema delle metamorfosi delle culture del lavoro.<\/p>\n<p style=\"font-weight: 400;\">L&#8217;iniziativa coinvolger\u00e0 \u2013 tra gli altri \u2013 il sociologo del lavoro <strong>Daniele Marini\u00a0<\/strong>(ore 15). Sulla stessa \u2018lunghezza d\u2019onda\u2019 l\u2019incontro promosso dagli studenti del Corso di laurea magistrale in Ingegneria informatica-Intelligenza artificiale dal titolo\u00a0<strong>Come l\u2019intelligenza artificiale cambier\u00e0 le imprese<\/strong>, condotto dal giornalista Marco Viviani (Centro Congressi Le Benedettine, ore 17).<\/p>\n<p style=\"font-weight: 400;\">Domenica 8 ottobre, alle ore 15, alla Gipsoteca di Arte Antica, Francesca Franceschi esplorer\u00e0 il mondo delle donne innovatrici toscane con alcune delle protagoniste individuate con la collaborazione di CNA Pisa e Confcommercio Pisa. All&#8217;evento interverr\u00e0 anche\u00a0<strong>Cristina Manetti<\/strong>, Capo Gabinetto del presidente della Regione Toscana.<\/p>\n<h3 style=\"font-weight: 400;\"><strong>Digital art, performance e aperitivi virtuosi<\/strong><\/h3>\n<p style=\"font-weight: 400;\">Internet Festival porta a Pisa il concept artist di Alien Covenant,\u00a0<strong>Alessandro Bavari,\u00a0<\/strong>al centro di una mostra di digital art in piazza XX Settembre insieme a\u00a0<strong>Seraf\u00edn \u00c1lvarez, Marion Balac, e Andrea Ciulu,\u00a0<\/strong>a cura di Carolina Ciuti e Lorenzo Guasti. Ogni sera alle 19 all\u2019ExWide, invece, aperitivo con la scienza intitolato\u00a0<strong>Si salvi chi sa!<\/strong>, con ospiti quali la filosofa\u00a0<strong>Ilaria Gaspari<\/strong>\u00a0e la scrittrice\u00a0<strong>Licia Troisi<\/strong>\u00a0(venerd\u00ec 6), la fondatrice della piattaforma Lifeed\u00a0<strong>Riccarda Zezza<\/strong>\u00a0(sabato 7), il rapper\u00a0<strong>Vipra<\/strong>\u00a0insieme alla linguista\u00a0<strong>Beatrice Cristalli<\/strong>\u00a0(domenica 8).<\/p>\n<p style=\"font-weight: 400;\">Di futuro del fumetto si parler\u00e0 al Cinema Arsenale con i\u00a0<strong>fumettisti LRNZ e Massimo Giacon<\/strong>, dell\u2019artista visivo\u00a0<strong>Francesco D\u2019Isa<\/strong>\u00a0e del regista\u00a0<strong>Alberto Puliafito<\/strong>\u00a0(venerd\u00ec 6 ore 18.30), mentre al\u00a0<strong>Teatro Sant\u2019Andrea<\/strong>\u00a0andr\u00e0 in scena lo spettacolo teatrale\u00a0<strong>Breve storia dell\u2019intelligenza<\/strong>, a cura dei Sacchi di Sabbia e Davide Barbafiera insieme con le persone in detenzione nella Casa Circondariale \u201cDon Bosco\u201d, un viaggio attraverso i secoli di intelligenza umana tra ironia e riflessione (ore 21).<\/p>\n<p style=\"font-weight: 400;\">A infiammare le serate di IF2023 musica elettronica e arti visive, con la performance di\u00a0<strong>Francesco D\u2019Abbraccio, aka Lorem e Morgana,\u00a0<\/strong>seguito da\u00a0<strong>live coding<\/strong>\u00a0di\u00a0<strong>Lixt, Gambit, Guido Segni e dj-set di Kevin Smuggles<\/strong>\u00a0(Caracol Contemporanea Casa del Popolo, venerd\u00ec 6 ore 22), e il closing party Technomagia \u2013 Paradisi Artificiali (Deposito Pontecorvo, dalle ore 22 alle 5.30 del mattino).<\/p>\n<h3 style=\"font-weight: 400;\"><strong>T-tour, installazioni &amp; hackaton<\/strong><\/h3>\n<p style=\"font-weight: 400;\">Per tutta la durata del festival bambini e ragazzi delle scuole sperimenteranno cosa significa l\u2019innovazione digitale grazie al ricco programma dei\u00a0<strong>T-Tour<\/strong>\u00a0al\u00a0<strong>Centro Congressi Le Benedettine<\/strong>, dove trovano spazio anche installazioni come\u00a0<strong>BLUR M3 NOT<\/strong>, a cura di Sheldon.studio e CNR-IFC, con la collaborazione del Fablab Pisa e il Centro Piaggio dell\u2019Universit\u00e0 di Pisa, dedicata al fenomeno della dipendenza da web. O ancora <strong>Guerra? Pace?<\/strong> a cura di Emergency Pisa e pure <strong>Engine<\/strong>, un\u2019esperienza immersiva di realt\u00e0 virtuale per comprendere la violenza di genere.<\/p>\n<p style=\"font-weight: 400;\">Giovani protagonisti anche nell\u2019<strong>hackaton C(o)De-Challenge of Developers 2023<\/strong>\u00a0organizzata da RjcSoft che, dopo il successo dello scorso anno, si conferma un\u2019opportunit\u00e0 a livello internazionale come dimostrano le candidature arrivate da tutto il mondo e la partecipazione alla finale di squadre provenienti da Marocco, Corea del Sud e Norvegia.<\/p>\n<p style=\"font-weight: 400;\">L\u2019intera citt\u00e0 di Pisa sar\u00e0 inoltre coinvolta grazie al contest\u00a0<strong>Go, Check\u2026Click!<\/strong>\u00a0la sfida interattiva a squadre che vedr\u00e0 affrontarsi per le vie di Pisa giocatori impegnati a conquistare pi\u00f9 checkpoint possibili a colpi di foto creative.<\/p>\n","protected":false},"excerpt":{"rendered":"<p>La 13esima edizione della kermesse con centinaia di eventi fino a domenica 8 ottobre. Giani: \u201cRegione impegnata a cogliere le opportunit\u00e0 del digitale\u201d<\/p>\n","protected":false},"author":525,"featured_media":308377,"comment_status":"open","ping_status":"open","sticky":false,"template":"","format":"standard","meta":{"_acf_changed":false,"footnotes":""},"categories":[475],"tags":[176],"class_list":["post-308423","post","type-post","status-publish","format-standard","has-post-thumbnail","hentry","category-innovazione","tag-internet-festival"],"acf":[],"yoast_head":"<!-- This site is optimized with the Yoast SEO Premium plugin v24.2 (Yoast SEO v25.6) - https:\/\/yoast.com\/wordpress\/plugins\/seo\/ -->\n<title>Internet Festival al via tra droni antincendio e robot &quot;sensibili&quot; - intoscana<\/title>\n<meta name=\"description\" content=\"Forme di Futuro per la 13esima edizione della kermesse con centinaia di eventi aperti al pubblico fino a domenica 8 ottobre\" \/>\n<meta name=\"robots\" content=\"index, follow, max-snippet:-1, max-image-preview:large, max-video-preview:-1\" \/>\n<link rel=\"canonical\" href=\"https:\/\/www.intoscana.it\/it\/internet-festival-al-via-tra-droni-antincendio-e-robot-sensibili\/\" \/>\n<meta property=\"og:locale\" content=\"it_IT\" \/>\n<meta property=\"og:type\" content=\"article\" \/>\n<meta property=\"og:title\" content=\"Internet Festival al via tra droni antincendio e robot &quot;sensibili&quot;\" \/>\n<meta property=\"og:description\" content=\"Forme di Futuro per la 13esima edizione della kermesse con centinaia di eventi aperti al pubblico fino a domenica 8 ottobre\" \/>\n<meta property=\"og:url\" content=\"https:\/\/www.intoscana.it\/it\/internet-festival-al-via-tra-droni-antincendio-e-robot-sensibili\/\" \/>\n<meta property=\"og:site_name\" content=\"intoscana\" \/>\n<meta property=\"article:publisher\" content=\"https:\/\/www.facebook.com\/intoscana.it\" \/>\n<meta property=\"article:published_time\" content=\"2023-10-05T13:31:05+00:00\" \/>\n<meta property=\"article:modified_time\" content=\"2023-10-05T15:15:35+00:00\" \/>\n<meta property=\"og:image\" content=\"https:\/\/www.intoscana.it\/wp-content\/uploads\/PHOTO-2023-10-05-13-31-59.jpg\" \/>\n\t<meta property=\"og:image:width\" content=\"2040\" \/>\n\t<meta property=\"og:image:height\" content=\"1360\" \/>\n\t<meta property=\"og:image:type\" content=\"image\/jpeg\" \/>\n<meta name=\"author\" content=\"Redazione\" \/>\n<meta name=\"twitter:card\" content=\"summary_large_image\" \/>\n<meta name=\"twitter:creator\" content=\"@intoscana\" \/>\n<meta name=\"twitter:site\" content=\"@intoscana\" \/>\n<meta name=\"twitter:label1\" content=\"Written by\" \/>\n\t<meta name=\"twitter:data1\" content=\"Redazione\" \/>\n\t<meta name=\"twitter:label2\" content=\"Est. reading time\" \/>\n\t<meta name=\"twitter:data2\" content=\"6 minuti\" \/>\n<script type=\"application\/ld+json\" class=\"yoast-schema-graph\">{\"@context\":\"https:\/\/schema.org\",\"@graph\":[{\"@type\":\"WebPage\",\"@id\":\"https:\/\/www.intoscana.it\/it\/internet-festival-al-via-tra-droni-antincendio-e-robot-sensibili\/\",\"url\":\"https:\/\/www.intoscana.it\/it\/internet-festival-al-via-tra-droni-antincendio-e-robot-sensibili\/\",\"name\":\"Internet Festival al via tra droni antincendio e robot \\\"sensibili\\\" - intoscana\",\"isPartOf\":{\"@id\":\"https:\/\/www.intoscana.it\/it\/#website\"},\"primaryImageOfPage\":{\"@id\":\"https:\/\/www.intoscana.it\/it\/internet-festival-al-via-tra-droni-antincendio-e-robot-sensibili\/#primaryimage\"},\"image\":{\"@id\":\"https:\/\/www.intoscana.it\/it\/internet-festival-al-via-tra-droni-antincendio-e-robot-sensibili\/#primaryimage\"},\"thumbnailUrl\":\"https:\/\/www.intoscana.it\/wp-content\/uploads\/PHOTO-2023-10-05-13-31-59.jpg\",\"datePublished\":\"2023-10-05T13:31:05+00:00\",\"dateModified\":\"2023-10-05T15:15:35+00:00\",\"author\":{\"@id\":\"https:\/\/www.intoscana.it\/it\/#\/schema\/person\/9223810753230f20bd670fdd322661f8\"},\"description\":\"Forme di Futuro per la 13esima edizione della kermesse con centinaia di eventi aperti al pubblico fino a domenica 8 ottobre\",\"breadcrumb\":{\"@id\":\"https:\/\/www.intoscana.it\/it\/internet-festival-al-via-tra-droni-antincendio-e-robot-sensibili\/#breadcrumb\"},\"inLanguage\":\"it-IT\",\"potentialAction\":[{\"@type\":\"ReadAction\",\"target\":[\"https:\/\/www.intoscana.it\/it\/internet-festival-al-via-tra-droni-antincendio-e-robot-sensibili\/\"]}]},{\"@type\":\"ImageObject\",\"inLanguage\":\"it-IT\",\"@id\":\"https:\/\/www.intoscana.it\/it\/internet-festival-al-via-tra-droni-antincendio-e-robot-sensibili\/#primaryimage\",\"url\":\"https:\/\/www.intoscana.it\/wp-content\/uploads\/PHOTO-2023-10-05-13-31-59.jpg\",\"contentUrl\":\"https:\/\/www.intoscana.it\/wp-content\/uploads\/PHOTO-2023-10-05-13-31-59.jpg\",\"width\":2040,\"height\":1360,\"caption\":\"Internet Festival 2023, taglio del nastro\"},{\"@type\":\"BreadcrumbList\",\"@id\":\"https:\/\/www.intoscana.it\/it\/internet-festival-al-via-tra-droni-antincendio-e-robot-sensibili\/#breadcrumb\",\"itemListElement\":[{\"@type\":\"ListItem\",\"position\":1,\"name\":\"Home\",\"item\":\"https:\/\/www.intoscana.it\/it\/\"},{\"@type\":\"ListItem\",\"position\":2,\"name\":\"Internet Festival al via tra droni antincendio e robot &#8220;sensibili&#8221;\"}]},{\"@type\":\"WebSite\",\"@id\":\"https:\/\/www.intoscana.it\/it\/#website\",\"url\":\"https:\/\/www.intoscana.it\/it\/\",\"name\":\"intoscana\",\"description\":\"\",\"potentialAction\":[{\"@type\":\"SearchAction\",\"target\":{\"@type\":\"EntryPoint\",\"urlTemplate\":\"https:\/\/www.intoscana.it\/it\/?s={search_term_string}\"},\"query-input\":{\"@type\":\"PropertyValueSpecification\",\"valueRequired\":true,\"valueName\":\"search_term_string\"}}],\"inLanguage\":\"it-IT\"},{\"@type\":\"Person\",\"@id\":\"https:\/\/www.intoscana.it\/it\/#\/schema\/person\/9223810753230f20bd670fdd322661f8\",\"name\":\"Redazione\",\"url\":\"https:\/\/www.intoscana.it\/it\/author\/redazione\/\"}]}<\/script>\n<!-- \/ Yoast SEO Premium plugin. -->","yoast_head_json":{"title":"Internet Festival al via tra droni antincendio e robot \"sensibili\" - intoscana","description":"Forme di Futuro per la 13esima edizione della kermesse con centinaia di eventi aperti al pubblico fino a domenica 8 ottobre","robots":{"index":"index","follow":"follow","max-snippet":"max-snippet:-1","max-image-preview":"max-image-preview:large","max-video-preview":"max-video-preview:-1"},"canonical":"https:\/\/www.intoscana.it\/it\/internet-festival-al-via-tra-droni-antincendio-e-robot-sensibili\/","og_locale":"it_IT","og_type":"article","og_title":"Internet Festival al via tra droni antincendio e robot \"sensibili\"","og_description":"Forme di Futuro per la 13esima edizione della kermesse con centinaia di eventi aperti al pubblico fino a domenica 8 ottobre","og_url":"https:\/\/www.intoscana.it\/it\/internet-festival-al-via-tra-droni-antincendio-e-robot-sensibili\/","og_site_name":"intoscana","article_publisher":"https:\/\/www.facebook.com\/intoscana.it","article_published_time":"2023-10-05T13:31:05+00:00","article_modified_time":"2023-10-05T15:15:35+00:00","og_image":[{"width":2040,"height":1360,"url":"https:\/\/www.intoscana.it\/wp-content\/uploads\/PHOTO-2023-10-05-13-31-59.jpg","type":"image\/jpeg"}],"author":"Redazione","twitter_card":"summary_large_image","twitter_creator":"@intoscana","twitter_site":"@intoscana","twitter_misc":{"Written by":"Redazione","Est. reading time":"6 minuti"},"schema":{"@context":"https:\/\/schema.org","@graph":[{"@type":"WebPage","@id":"https:\/\/www.intoscana.it\/it\/internet-festival-al-via-tra-droni-antincendio-e-robot-sensibili\/","url":"https:\/\/www.intoscana.it\/it\/internet-festival-al-via-tra-droni-antincendio-e-robot-sensibili\/","name":"Internet Festival al via tra droni antincendio e robot \"sensibili\" - intoscana","isPartOf":{"@id":"https:\/\/www.intoscana.it\/it\/#website"},"primaryImageOfPage":{"@id":"https:\/\/www.intoscana.it\/it\/internet-festival-al-via-tra-droni-antincendio-e-robot-sensibili\/#primaryimage"},"image":{"@id":"https:\/\/www.intoscana.it\/it\/internet-festival-al-via-tra-droni-antincendio-e-robot-sensibili\/#primaryimage"},"thumbnailUrl":"https:\/\/www.intoscana.it\/wp-content\/uploads\/PHOTO-2023-10-05-13-31-59.jpg","datePublished":"2023-10-05T13:31:05+00:00","dateModified":"2023-10-05T15:15:35+00:00","author":{"@id":"https:\/\/www.intoscana.it\/it\/#\/schema\/person\/9223810753230f20bd670fdd322661f8"},"description":"Forme di Futuro per la 13esima edizione della kermesse con centinaia di eventi aperti al pubblico fino a domenica 8 ottobre","breadcrumb":{"@id":"https:\/\/www.intoscana.it\/it\/internet-festival-al-via-tra-droni-antincendio-e-robot-sensibili\/#breadcrumb"},"inLanguage":"it-IT","potentialAction":[{"@type":"ReadAction","target":["https:\/\/www.intoscana.it\/it\/internet-festival-al-via-tra-droni-antincendio-e-robot-sensibili\/"]}]},{"@type":"ImageObject","inLanguage":"it-IT","@id":"https:\/\/www.intoscana.it\/it\/internet-festival-al-via-tra-droni-antincendio-e-robot-sensibili\/#primaryimage","url":"https:\/\/www.intoscana.it\/wp-content\/uploads\/PHOTO-2023-10-05-13-31-59.jpg","contentUrl":"https:\/\/www.intoscana.it\/wp-content\/uploads\/PHOTO-2023-10-05-13-31-59.jpg","width":2040,"height":1360,"caption":"Internet Festival 2023, taglio del nastro"},{"@type":"BreadcrumbList","@id":"https:\/\/www.intoscana.it\/it\/internet-festival-al-via-tra-droni-antincendio-e-robot-sensibili\/#breadcrumb","itemListElement":[{"@type":"ListItem","position":1,"name":"Home","item":"https:\/\/www.intoscana.it\/it\/"},{"@type":"ListItem","position":2,"name":"Internet Festival al via tra droni antincendio e robot &#8220;sensibili&#8221;"}]},{"@type":"WebSite","@id":"https:\/\/www.intoscana.it\/it\/#website","url":"https:\/\/www.intoscana.it\/it\/","name":"intoscana","description":"","potentialAction":[{"@type":"SearchAction","target":{"@type":"EntryPoint","urlTemplate":"https:\/\/www.intoscana.it\/it\/?s={search_term_string}"},"query-input":{"@type":"PropertyValueSpecification","valueRequired":true,"valueName":"search_term_string"}}],"inLanguage":"it-IT"},{"@type":"Person","@id":"https:\/\/www.intoscana.it\/it\/#\/schema\/person\/9223810753230f20bd670fdd322661f8","name":"Redazione","url":"https:\/\/www.intoscana.it\/it\/author\/redazione\/"}]}},"_links":{"self":[{"href":"https:\/\/www.intoscana.it\/it\/wp-json\/wp\/v2\/posts\/308423","targetHints":{"allow":["GET"]}}],"collection":[{"href":"https:\/\/www.intoscana.it\/it\/wp-json\/wp\/v2\/posts"}],"about":[{"href":"https:\/\/www.intoscana.it\/it\/wp-json\/wp\/v2\/types\/post"}],"author":[{"embeddable":true,"href":"https:\/\/www.intoscana.it\/it\/wp-json\/wp\/v2\/users\/525"}],"replies":[{"embeddable":true,"href":"https:\/\/www.intoscana.it\/it\/wp-json\/wp\/v2\/comments?post=308423"}],"version-history":[{"count":0,"href":"https:\/\/www.intoscana.it\/it\/wp-json\/wp\/v2\/posts\/308423\/revisions"}],"wp:featuredmedia":[{"embeddable":true,"href":"https:\/\/www.intoscana.it\/it\/wp-json\/wp\/v2\/media\/308377"}],"wp:attachment":[{"href":"https:\/\/www.intoscana.it\/it\/wp-json\/wp\/v2\/media?parent=308423"}],"wp:term":[{"taxonomy":"category","embeddable":true,"href":"https:\/\/www.intoscana.it\/it\/wp-json\/wp\/v2\/categories?post=308423"},{"taxonomy":"post_tag","embeddable":true,"href":"https:\/\/www.intoscana.it\/it\/wp-json\/wp\/v2\/tags?post=308423"}],"curies":[{"name":"wp","href":"https:\/\/api.w.org\/{rel}","templated":true}]}}