{"id":308579,"date":"2023-10-06T17:21:05","date_gmt":"2023-10-06T15:21:05","guid":{"rendered":"https:\/\/www.intoscana.it\/it\/?p=308579"},"modified":"2023-10-06T17:24:39","modified_gmt":"2023-10-06T15:24:39","slug":"connettivita-sempre-piu-veloce-in-toscana-obiettivo-completare-il-4g","status":"publish","type":"post","link":"https:\/\/www.intoscana.it\/it\/connettivita-sempre-piu-veloce-in-toscana-obiettivo-completare-il-4g\/","title":{"rendered":"Connettivit\u00e0 sempre pi\u00f9 veloce in Toscana: obiettivo completare il 4G"},"content":{"rendered":"<p>\u201c<em>La connettivit\u00e0 \u00e8 fondamentale, ma ancor prima di guardare al 5G guardiamo a completare il 4G. Oggi, nonostante il lavoro che sta andando avanti anche grazie all\u2019impegno dell\u2019assessore Ciuoffo e degli uffici competenti, ancora in troppi comuni\u00a0 vi sono problemi di rete<\/em>\u201d lo ha sottolineato il presidente della Regione <strong>Eugenio Giani <\/strong>a una delle sessioni di \u201c<em>Toscana Digitale<\/em>\u201d.<\/p>\n<p>\u00c8 stato l&#8217;evento di apertura nella Sala Azzurra della <strong>Scuola Normale di Pisa<\/strong> della seconda giornata\u00a0 dell\u2019<strong>Internet Festival<\/strong>. L\u2019intera mattinata ha messo al centro lo stato di attuazione degli interventi per l\u2019<strong>infrastrutturazione delle reti digitali<\/strong> su tutto il territorio regionale. Con un focus sulle <strong>aree bianche<\/strong> (ovvero quelle a \u201c<em>fallimento di mercato<\/em>\u201d) e nelle <strong>aree grigie<\/strong>, dove le <strong>connessioni<\/strong> corrono <strong>pi\u00f9 lentamente<\/strong>.<\/p>\n<h3>Giani: prioritaria la connettivit\u00e0 nei territori<\/h3>\n<p>\u201c<em>Vogliano una Toscana protagonista nella rete di connettivit\u00e0 per consentire in ogni punto della regione di essere raggiunti e di comunicare. Speriamo di poter fare con risorse dal Pnrr, dalle risorse europee, altrimenti ci metteremo risorse regionali &#8211; <\/em>ha aggiunto il presidente &#8211; <em>anche perch\u00e9 questo si lega all\u2019obbiettivo della Toscana diffusa che ci siamo dati<\/em>\u201d.<\/p>\n<p>\u201c<em>Noi non vogliamo la concentrazione nelle grandi citt\u00e0, lo spopolamento<\/em> \u2013 ha concluso &#8211;<em>, vogliamo che il territorio abbia i suoi presidi le sue basi di lavoro, di scuola, di servizi, di sanit\u00e0, e in tutto questo \u00e8 fondamentale la connettivit\u00e0\u201d.<\/em><\/p>\n<h3>Ciuoffo: connettivit\u00e0 sempre pi\u00f9 veloce ma&#8230;<\/h3>\n<p><mark>La rete va sempre pi\u00f9 veloce anche nella Toscana diffusa<\/mark>. Ma \u201c<em>si sta impiegando troppo tempo<\/em>\u201d, aveva detto poco prima l\u2019assessore all\u2019innovazione <strong>Stefano Ciuoffo<\/strong> nel panel precedente con dirigenti delle principali compagnie di connettivit\u00e0 e telefonia del Paese che si stanno occupando di cablare il territorio regionale.<\/p>\n<h3>Il punto sulle aree bianche in Toscana<\/h3>\n<p>Per quanto riguarda le <strong>aree bianche<\/strong>, il piano da <strong>71 milioni<\/strong> di euro di risorse europee della precedente programmazione per portare la fibra a <strong>670mila cittadini<\/strong> toscani e<strong> 460 mila unit\u00e0 immobiliari<\/strong>, \u00e8 \u201c<em>scivolato<\/em> \u2013 ha ricordato Ciuoffo \u2013 d<strong>al 2022 al 2025<\/strong>\u201d. Ad oggi i comuni in cui sono stati completati gli interventi sono <strong>186 e 256.276 le unit\u00e0 immobiliari<\/strong> raggiunte da servizi in banda larga.<\/p>\n<p>Sul fronte del <strong>Piano Italia a 1 Giga<\/strong>, per<strong> le aree grigie<\/strong> (assenza di rete a velocit\u00e0 di almeno 300 Mbit\/s in download) e a valere sui <strong>fondi Pnrr<\/strong>, \u00e8 previsto un un investimento di <strong>255 milioni di euro<\/strong> e sono interessati<strong> 549.188 civici<\/strong>.\u00a0Ad oggi sono <strong>16.839 i civici connessi<\/strong>, mentre <strong>61.607 quelli in lavorazione<\/strong>.<\/p>\n<h3>Toscana al lavoro per essere sempre pi\u00f9 veloce<\/h3>\n<p>Infine il 5G, \u201c<em>Piano Italia 5G<\/em>\u201d, finanziato con <strong>fondi Pnrr<\/strong> e gestito a livello nazionale da Infratel Italia. Suddiviso in due tipologie di interventi, sono <strong>810 le postazioni<\/strong> da realizzare o su cui intervenire. Ad oggi sono <strong>83 i siti<\/strong> realizzati e <strong>170 quelli in lavorazione<\/strong>.<\/p>\n<p>\u201c<em>Siamo in corsa, le cose si stanno realizzando, stiamo raggiungendo i traguardi che sono sul tavolo. Sta partendo la copertura del 5G &#8211; <\/em>ha evidenziato Ciuoffo-. P<em>aghiamo ritardi e divari enormi, e li paghiamo in termini materiali e in termini culturali, sul fronte delle infrastrutture e delle competenze<\/em>\u201d.<\/p>\n<h3>Criticit\u00e0 su ripristini e propriet\u00e0 delle reti<\/h3>\n<p>E poi non c\u2019\u00e8 soltanto la rapidit\u00e0 dei lavori. <strong>L\u2019assessore Ciuoffo<\/strong> non si sottrae a mettere in evidenza le altre <strong>criticit\u00e0 emerse<\/strong> in questi anni come i ripristini delle <strong>sedi stradali<\/strong>, ad esempio, o la <strong>propriet\u00e0 delle reti<\/strong>. Su quest\u2019ultimo punto ha osservato: \u201c<em>Reti e dati sono una partita che riguarda la democrazia, su cui ci deve essere una riflessione responsabile da parte di tutti. Sulle aree bianche avevamo lucidamente individuato il tema della propriet\u00e0 pubblica. Mentre si \u00e8 deciso di cedere per quanto riguarda le aree grigie e credo che ne pagheremo le conseguenze in futuro<\/em>\u201d.<\/p>\n<p>L\u2019assessore si \u00e8 detto convinto che &#8220;<em>alcuni elementi in uno stato avanzato e democratico come il nostro devono essere patrimonio della collettivit\u00e0 e non di interlocutori privati, per quanto autorevoli e solidi<\/em>\u201d.<\/p>\n","protected":false},"excerpt":{"rendered":"<p>Per l&#8217;assessore Ciuoffo si sta impiegando troppo tempo per coprire l&#8217;intero territorio: il punto sulle aree bianche e grigie e sul lavoro da fare<\/p>\n","protected":false},"author":525,"featured_media":276597,"comment_status":"open","ping_status":"open","sticky":false,"template":"","format":"standard","meta":{"_acf_changed":false,"footnotes":""},"categories":[475],"tags":[176,1639],"class_list":["post-308579","post","type-post","status-publish","format-standard","has-post-thumbnail","hentry","category-innovazione","tag-internet-festival","tag-toscana-digitale"],"acf":[],"yoast_head":"<!-- This site is optimized with the Yoast SEO Premium plugin v24.2 (Yoast SEO v25.6) - https:\/\/yoast.com\/wordpress\/plugins\/seo\/ -->\n<title>Connettivit\u00e0 sempre pi\u00f9 veloce in Toscana: obiettivo completare il 4G - intoscana<\/title>\n<meta name=\"description\" content=\"Per l&#039;assessore Ciuoffo si sta impiegando troppo tempo per coprire l&#039;intero territorio: il punto su aree bianche e grigie e su lavoro da fare\" \/>\n<meta name=\"robots\" content=\"index, follow, max-snippet:-1, max-image-preview:large, max-video-preview:-1\" \/>\n<link rel=\"canonical\" href=\"https:\/\/www.intoscana.it\/it\/connettivita-sempre-piu-veloce-in-toscana-obiettivo-completare-il-4g\/\" \/>\n<meta property=\"og:locale\" content=\"it_IT\" \/>\n<meta property=\"og:type\" content=\"article\" \/>\n<meta property=\"og:title\" content=\"Connettivit\u00e0 sempre pi\u00f9 veloce in Toscana: obiettivo completare il 4G\" \/>\n<meta property=\"og:description\" content=\"Per l&#039;assessore Ciuoffo si sta impiegando troppo tempo per coprire l&#039;intero territorio: il punto su aree bianche e grigie e su lavoro da fare\" \/>\n<meta property=\"og:url\" content=\"https:\/\/www.intoscana.it\/it\/connettivita-sempre-piu-veloce-in-toscana-obiettivo-completare-il-4g\/\" \/>\n<meta property=\"og:site_name\" content=\"intoscana\" \/>\n<meta property=\"article:publisher\" content=\"https:\/\/www.facebook.com\/intoscana.it\" \/>\n<meta property=\"article:published_time\" content=\"2023-10-06T15:21:05+00:00\" \/>\n<meta property=\"article:modified_time\" content=\"2023-10-06T15:24:39+00:00\" \/>\n<meta property=\"og:image\" content=\"https:\/\/www.intoscana.it\/wp-content\/uploads\/AdobeStock_486455548-1-scaled.jpeg\" \/>\n\t<meta property=\"og:image:width\" content=\"2048\" \/>\n\t<meta property=\"og:image:height\" content=\"1365\" \/>\n\t<meta property=\"og:image:type\" content=\"image\/jpeg\" \/>\n<meta name=\"author\" content=\"Redazione\" \/>\n<meta name=\"twitter:card\" content=\"summary_large_image\" \/>\n<meta name=\"twitter:creator\" content=\"@intoscana\" \/>\n<meta name=\"twitter:site\" content=\"@intoscana\" \/>\n<meta name=\"twitter:label1\" content=\"Written by\" \/>\n\t<meta name=\"twitter:data1\" content=\"Redazione\" \/>\n\t<meta name=\"twitter:label2\" content=\"Est. reading time\" \/>\n\t<meta name=\"twitter:data2\" content=\"3 minuti\" \/>\n<script type=\"application\/ld+json\" class=\"yoast-schema-graph\">{\"@context\":\"https:\/\/schema.org\",\"@graph\":[{\"@type\":\"WebPage\",\"@id\":\"https:\/\/www.intoscana.it\/it\/connettivita-sempre-piu-veloce-in-toscana-obiettivo-completare-il-4g\/\",\"url\":\"https:\/\/www.intoscana.it\/it\/connettivita-sempre-piu-veloce-in-toscana-obiettivo-completare-il-4g\/\",\"name\":\"Connettivit\u00e0 sempre pi\u00f9 veloce in Toscana: obiettivo completare il 4G - intoscana\",\"isPartOf\":{\"@id\":\"https:\/\/www.intoscana.it\/it\/#website\"},\"primaryImageOfPage\":{\"@id\":\"https:\/\/www.intoscana.it\/it\/connettivita-sempre-piu-veloce-in-toscana-obiettivo-completare-il-4g\/#primaryimage\"},\"image\":{\"@id\":\"https:\/\/www.intoscana.it\/it\/connettivita-sempre-piu-veloce-in-toscana-obiettivo-completare-il-4g\/#primaryimage\"},\"thumbnailUrl\":\"https:\/\/www.intoscana.it\/wp-content\/uploads\/AdobeStock_486455548-1-scaled-e1773846636120.jpeg\",\"datePublished\":\"2023-10-06T15:21:05+00:00\",\"dateModified\":\"2023-10-06T15:24:39+00:00\",\"author\":{\"@id\":\"https:\/\/www.intoscana.it\/it\/#\/schema\/person\/9223810753230f20bd670fdd322661f8\"},\"description\":\"Per l'assessore Ciuoffo si sta impiegando troppo tempo per coprire l'intero territorio: il punto su aree bianche e grigie e su lavoro da fare\",\"breadcrumb\":{\"@id\":\"https:\/\/www.intoscana.it\/it\/connettivita-sempre-piu-veloce-in-toscana-obiettivo-completare-il-4g\/#breadcrumb\"},\"inLanguage\":\"it-IT\",\"potentialAction\":[{\"@type\":\"ReadAction\",\"target\":[\"https:\/\/www.intoscana.it\/it\/connettivita-sempre-piu-veloce-in-toscana-obiettivo-completare-il-4g\/\"]}]},{\"@type\":\"ImageObject\",\"inLanguage\":\"it-IT\",\"@id\":\"https:\/\/www.intoscana.it\/it\/connettivita-sempre-piu-veloce-in-toscana-obiettivo-completare-il-4g\/#primaryimage\",\"url\":\"https:\/\/www.intoscana.it\/wp-content\/uploads\/AdobeStock_486455548-1-scaled-e1773846636120.jpeg\",\"contentUrl\":\"https:\/\/www.intoscana.it\/wp-content\/uploads\/AdobeStock_486455548-1-scaled-e1773846636120.jpeg\",\"width\":2048,\"height\":1164},{\"@type\":\"BreadcrumbList\",\"@id\":\"https:\/\/www.intoscana.it\/it\/connettivita-sempre-piu-veloce-in-toscana-obiettivo-completare-il-4g\/#breadcrumb\",\"itemListElement\":[{\"@type\":\"ListItem\",\"position\":1,\"name\":\"Home\",\"item\":\"https:\/\/www.intoscana.it\/it\/\"},{\"@type\":\"ListItem\",\"position\":2,\"name\":\"Connettivit\u00e0 sempre pi\u00f9 veloce in Toscana: obiettivo completare il 4G\"}]},{\"@type\":\"WebSite\",\"@id\":\"https:\/\/www.intoscana.it\/it\/#website\",\"url\":\"https:\/\/www.intoscana.it\/it\/\",\"name\":\"intoscana\",\"description\":\"\",\"potentialAction\":[{\"@type\":\"SearchAction\",\"target\":{\"@type\":\"EntryPoint\",\"urlTemplate\":\"https:\/\/www.intoscana.it\/it\/?s={search_term_string}\"},\"query-input\":{\"@type\":\"PropertyValueSpecification\",\"valueRequired\":true,\"valueName\":\"search_term_string\"}}],\"inLanguage\":\"it-IT\"},{\"@type\":\"Person\",\"@id\":\"https:\/\/www.intoscana.it\/it\/#\/schema\/person\/9223810753230f20bd670fdd322661f8\",\"name\":\"Redazione\",\"url\":\"https:\/\/www.intoscana.it\/it\/author\/redazione\/\"}]}<\/script>\n<!-- \/ Yoast SEO Premium plugin. -->","yoast_head_json":{"title":"Connettivit\u00e0 sempre pi\u00f9 veloce in Toscana: obiettivo completare il 4G - intoscana","description":"Per l'assessore Ciuoffo si sta impiegando troppo tempo per coprire l'intero territorio: il punto su aree bianche e grigie e su lavoro da fare","robots":{"index":"index","follow":"follow","max-snippet":"max-snippet:-1","max-image-preview":"max-image-preview:large","max-video-preview":"max-video-preview:-1"},"canonical":"https:\/\/www.intoscana.it\/it\/connettivita-sempre-piu-veloce-in-toscana-obiettivo-completare-il-4g\/","og_locale":"it_IT","og_type":"article","og_title":"Connettivit\u00e0 sempre pi\u00f9 veloce in Toscana: obiettivo completare il 4G","og_description":"Per l'assessore Ciuoffo si sta impiegando troppo tempo per coprire l'intero territorio: il punto su aree bianche e grigie e su lavoro da fare","og_url":"https:\/\/www.intoscana.it\/it\/connettivita-sempre-piu-veloce-in-toscana-obiettivo-completare-il-4g\/","og_site_name":"intoscana","article_publisher":"https:\/\/www.facebook.com\/intoscana.it","article_published_time":"2023-10-06T15:21:05+00:00","article_modified_time":"2023-10-06T15:24:39+00:00","og_image":[{"width":2048,"height":1365,"url":"https:\/\/www.intoscana.it\/wp-content\/uploads\/AdobeStock_486455548-1-scaled.jpeg","type":"image\/jpeg"}],"author":"Redazione","twitter_card":"summary_large_image","twitter_creator":"@intoscana","twitter_site":"@intoscana","twitter_misc":{"Written by":"Redazione","Est. reading time":"3 minuti"},"schema":{"@context":"https:\/\/schema.org","@graph":[{"@type":"WebPage","@id":"https:\/\/www.intoscana.it\/it\/connettivita-sempre-piu-veloce-in-toscana-obiettivo-completare-il-4g\/","url":"https:\/\/www.intoscana.it\/it\/connettivita-sempre-piu-veloce-in-toscana-obiettivo-completare-il-4g\/","name":"Connettivit\u00e0 sempre pi\u00f9 veloce in Toscana: obiettivo completare il 4G - intoscana","isPartOf":{"@id":"https:\/\/www.intoscana.it\/it\/#website"},"primaryImageOfPage":{"@id":"https:\/\/www.intoscana.it\/it\/connettivita-sempre-piu-veloce-in-toscana-obiettivo-completare-il-4g\/#primaryimage"},"image":{"@id":"https:\/\/www.intoscana.it\/it\/connettivita-sempre-piu-veloce-in-toscana-obiettivo-completare-il-4g\/#primaryimage"},"thumbnailUrl":"https:\/\/www.intoscana.it\/wp-content\/uploads\/AdobeStock_486455548-1-scaled-e1773846636120.jpeg","datePublished":"2023-10-06T15:21:05+00:00","dateModified":"2023-10-06T15:24:39+00:00","author":{"@id":"https:\/\/www.intoscana.it\/it\/#\/schema\/person\/9223810753230f20bd670fdd322661f8"},"description":"Per l'assessore Ciuoffo si sta impiegando troppo tempo per coprire l'intero territorio: il punto su aree bianche e grigie e su lavoro da fare","breadcrumb":{"@id":"https:\/\/www.intoscana.it\/it\/connettivita-sempre-piu-veloce-in-toscana-obiettivo-completare-il-4g\/#breadcrumb"},"inLanguage":"it-IT","potentialAction":[{"@type":"ReadAction","target":["https:\/\/www.intoscana.it\/it\/connettivita-sempre-piu-veloce-in-toscana-obiettivo-completare-il-4g\/"]}]},{"@type":"ImageObject","inLanguage":"it-IT","@id":"https:\/\/www.intoscana.it\/it\/connettivita-sempre-piu-veloce-in-toscana-obiettivo-completare-il-4g\/#primaryimage","url":"https:\/\/www.intoscana.it\/wp-content\/uploads\/AdobeStock_486455548-1-scaled-e1773846636120.jpeg","contentUrl":"https:\/\/www.intoscana.it\/wp-content\/uploads\/AdobeStock_486455548-1-scaled-e1773846636120.jpeg","width":2048,"height":1164},{"@type":"BreadcrumbList","@id":"https:\/\/www.intoscana.it\/it\/connettivita-sempre-piu-veloce-in-toscana-obiettivo-completare-il-4g\/#breadcrumb","itemListElement":[{"@type":"ListItem","position":1,"name":"Home","item":"https:\/\/www.intoscana.it\/it\/"},{"@type":"ListItem","position":2,"name":"Connettivit\u00e0 sempre pi\u00f9 veloce in Toscana: obiettivo completare il 4G"}]},{"@type":"WebSite","@id":"https:\/\/www.intoscana.it\/it\/#website","url":"https:\/\/www.intoscana.it\/it\/","name":"intoscana","description":"","potentialAction":[{"@type":"SearchAction","target":{"@type":"EntryPoint","urlTemplate":"https:\/\/www.intoscana.it\/it\/?s={search_term_string}"},"query-input":{"@type":"PropertyValueSpecification","valueRequired":true,"valueName":"search_term_string"}}],"inLanguage":"it-IT"},{"@type":"Person","@id":"https:\/\/www.intoscana.it\/it\/#\/schema\/person\/9223810753230f20bd670fdd322661f8","name":"Redazione","url":"https:\/\/www.intoscana.it\/it\/author\/redazione\/"}]}},"_links":{"self":[{"href":"https:\/\/www.intoscana.it\/it\/wp-json\/wp\/v2\/posts\/308579","targetHints":{"allow":["GET"]}}],"collection":[{"href":"https:\/\/www.intoscana.it\/it\/wp-json\/wp\/v2\/posts"}],"about":[{"href":"https:\/\/www.intoscana.it\/it\/wp-json\/wp\/v2\/types\/post"}],"author":[{"embeddable":true,"href":"https:\/\/www.intoscana.it\/it\/wp-json\/wp\/v2\/users\/525"}],"replies":[{"embeddable":true,"href":"https:\/\/www.intoscana.it\/it\/wp-json\/wp\/v2\/comments?post=308579"}],"version-history":[{"count":0,"href":"https:\/\/www.intoscana.it\/it\/wp-json\/wp\/v2\/posts\/308579\/revisions"}],"wp:featuredmedia":[{"embeddable":true,"href":"https:\/\/www.intoscana.it\/it\/wp-json\/wp\/v2\/media\/276597"}],"wp:attachment":[{"href":"https:\/\/www.intoscana.it\/it\/wp-json\/wp\/v2\/media?parent=308579"}],"wp:term":[{"taxonomy":"category","embeddable":true,"href":"https:\/\/www.intoscana.it\/it\/wp-json\/wp\/v2\/categories?post=308579"},{"taxonomy":"post_tag","embeddable":true,"href":"https:\/\/www.intoscana.it\/it\/wp-json\/wp\/v2\/tags?post=308579"}],"curies":[{"name":"wp","href":"https:\/\/api.w.org\/{rel}","templated":true}]}}