{"id":308683,"date":"2023-10-07T15:49:32","date_gmt":"2023-10-07T13:49:32","guid":{"rendered":"https:\/\/www.intoscana.it\/it\/?p=308683"},"modified":"2023-10-07T15:49:32","modified_gmt":"2023-10-07T13:49:32","slug":"internet-festival-2023-donne-protagoniste-con-sabina-guzzanti-e-lomaggio-a-michela-murgia","status":"publish","type":"post","link":"https:\/\/www.intoscana.it\/it\/internet-festival-2023-donne-protagoniste-con-sabina-guzzanti-e-lomaggio-a-michela-murgia\/","title":{"rendered":"Internet Festival 2023, donne protagoniste con Sabina Guzzanti e l&#8217;omaggio a Michela Murgia"},"content":{"rendered":"<p style=\"font-weight: 400;\">Donne protagoniste dell\u2019ultima giornata di\u00a0<a href=\"https:\/\/www.internetfestival.it\/\" target=\"_blank\" rel=\"noopener\"><strong>Internet Festival<\/strong><\/a>, in corso a Pisa fino a <strong>domenica 8 ottobre.<\/strong> Imprenditrici innovative, ricercatrici, esperte di robotica, startupper ma anche antropologhe, scrittrici e volti televisivi: ci saranno\u00a0 giornalista <strong>Loredana Lipperini<\/strong>, chiamata a intervenire in un intenso\u00a0omaggio a<strong> Michela Murgia<\/strong>, la capo di gabinetto della Regione Toscana <strong>Cristina Manetti <\/strong>e\u00a0 <strong>Sabina Guzzanti.<\/strong><\/p>\n<h3><em>Il programma dell&#8217;ultima giornata<\/em><\/h3>\n<p style=\"font-weight: 400;\"><strong>La Toscana delle donne innovatrici<\/strong> \u00e8 il titolo dell&#8217;evento in programma alla Gipsoteca d\u2019Arte Antica<strong>\u00a0<\/strong>dalle ore 15.<strong> <mark><\/strong>Un incontro dedicato al fondamentale contributo delle donne nell\u2019innovazione digitale con testimonianze che arrivano dal mondo della medicina, della moda, della scuola, della scienza e del sociale.<\/mark> Con <strong>Cristina Manetti <\/strong>ci saranno la startupper<strong>\u00a0Lucia Arcarisi,\u00a0<\/strong>l\u2019esperta di biorobotica<strong>\u00a0Gioia Lucarini,\u00a0<\/strong>l\u2019imprenditrice\u00a0<strong>Valentina Del Prete,\u00a0<\/strong>la presidente del Comitato Imprenditoria femminile della Camera di Commercio di Pisa<strong>\u00a0Valeria Di Bartolomeo.<\/strong><\/p>\n<p style=\"font-weight: 400;\">Al femminile anche l\u2019omaggio a<strong> Michela Murgia\u00a0<\/strong>condotto da Leandra Borsci: <mark>un dialogo tra Giulia Paganelli, in arte EvaStaiZitta, antropologa e attivista, e Loredana Lipperini, grande amica dell\u2019autrice recentemente scomparsa, per riflettere sul concetto di artificio da un altro punto di vista: quello delle relazioni sociali e interpersonali (Gipsoteca, ore 17).<\/mark><\/p>\n<p style=\"font-weight: 400;\">Al\u00a0<strong>Cinema Arsenale\u00a0<\/strong>grande attesa per\u00a0<strong>Sabina Guzzanti<\/strong>\u00a0che presenta il suo nuovo romanzo<strong>\u00a0<em>ANonniMus. Vecchi rivoluzionari contro giovani robot<\/em><\/strong><em>.\u00a0<\/em>Una storia, tra ironia e scenari distopici, che racconta un futuro prossimo in cui gli esseri umani sono ancora in grado di decidere delle proprie vite. <mark>Una commedia che ruota attorno a temi di grande attualit\u00e0 come l\u2019avvento dell\u2019Intelligenza Artificiale e le problematiche che porta con s\u00e9, e il cosiddetto \u2018divario digitale\u2019.<\/mark> Conduce Antonio Capellupo (ore 18).<\/p>\n<p style=\"font-weight: 400;\">Alle 21 sale sul palco del Cinema Arsenale l\u2019attore e musicista <strong>Carlo Amleto,\u00a0<\/strong>per una performance dal titolo\u00a0<strong>Umanizzare l\u2019artificiale<\/strong>. All\u2019<strong>ExWide<\/strong>\u00a0ultimo appuntamento con\u00a0<strong>Si salvi chi sa!<\/strong>, le conversazione tematiche con aperitivo finale che si concludono con un dialogo dedicato alle sfide lanciate dall\u2019IA ai processi creativi, tra\u00a0<strong>Beatrice Cristalli<\/strong>, formatrice e linguista, e il rapper\u00a0<strong>Vipra\u00a0<\/strong>(ore 19).<\/p>\n<h3><em>Sport e intelligenza artificiale<\/em><\/h3>\n<p style=\"font-weight: 400;\">\u00a0Al\u00a0Centro Congressi<strong> Le Benedettine<\/strong>\u00a0riflettori puntati sul legame tra sport e intelligenza artificiale, al centro di due panel tematici dedicati al calcio e non solo. Nel primo (ore 16),\u00a0<strong>L\u2019innovazione digitale nello sport<\/strong>, si parla delle pi\u00f9 innovative tecnologie per connettere artificialit\u00e0 e realt\u00e0 con\u00a0<strong>Emanuele Gragnani<\/strong>,<strong>\u00a0Gianluca Galliani<\/strong>\u00a0e\u00a0<strong>Guido Geminiani<\/strong>, CEO di\u00a0<strong>Impersive<\/strong>, societ\u00e0 che realizza video immersivi grazie ai quali \u00e8 possibile provare esperienze esclusive in prima persona, come prendere un caff\u00e8 con\u00a0<strong>Totti<\/strong>, giocare con\u00a0<strong>Martin Castrogiovanni<\/strong>, o salire a bordo di\u00a0<strong>Luna Rossa<\/strong>\u00a0durante una regata.<\/p>\n<p style=\"font-weight: 400;\">A seguire,\u00a0<strong>Comunicare il calcio alla Generazione Z<\/strong><strong>,<\/strong> un\u2019occasione per riflettere su come <mark>i social siano diventati il vero campo di sfida per le societ\u00e0 sportive, sempre pi\u00f9 impegnate in campagne di marketing e di gamification ideate per sviluppare nuovi meccanismi di affiliazione e di supporto.<\/mark> Tra i relatori alcuni rappresentanti delle societ\u00e0 calcistiche professioniste di Serie A e B (ore 17). Entrambi gli appuntamenti saranno moderati da <strong>Dario Focardi<\/strong><\/p>\n<h3><em>Parola d&#8217;ordine, sostenibilit\u00e0<\/em><\/h3>\n<p style=\"font-weight: 400;\">Alle\u00a0<strong>Logge dei Banchi\u00a0<\/strong>appuntamento da non perdere con la presentazione di\u00a0<strong>Ecosistema Urbano<\/strong>,\u00a0a cura di\u00a0<strong>Legambiente<\/strong>. Si tratta del primo studio a livello mondiale che raccoglie i dati ambientali delle citt\u00e0 per fornire un\u00a0criterio di valutazione della sostenibilit\u00e0. Il rapporto raccoglie ogni anno informazioni su 125 parametri ambientali per un corpus totale di oltre 125mila dati. Ne parleranno\u00a0<strong>Mirko Laurenti<\/strong>\u00a0di Legambiente,\u00a0<strong>Sonia Paone<\/strong>\u00a0dell\u2019Universit\u00e0 di Pisa, il giornalista\u00a0<strong>Gabriele Masiero<\/strong>\u00a0e, nel ruolo di moderatore,\u00a0<strong>Yuri Galletti<\/strong>\u00a0(ore 16).<\/p>\n<h3><em>Libri, le presentazioni in programma<\/em><\/h3>\n<p style=\"font-weight: 400;\">Gli ultimi appuntamenti della sezione Book &amp; Book prendono il via alle ore 11 nella sede di <strong>OpenPi\u00a0<\/strong>con<strong>\u00a0Paolo Gallina<\/strong>\u00a0che presenta\u00a0<strong><em>La protoarte dei robot. Quando arte, Robotica e IA<\/em><\/strong><em>\u00a0<strong>si intrecciano<\/strong><\/em>, un saggio che esplora i punti di contatto tra robotica e arte, tra il rigore della scienza e la liberta\u0300 dell\u2019azione pittorica, moderato<em>\u00a0<\/em>da\u00a0<strong>Franz Russo<\/strong>\u00a0(ore 11); a seguire ritorna a Pisa\u00a0<strong>Antonio Pavolini<\/strong>, autore di<em>\u00a0<\/em><strong><em>Stiamo sprecando Internet<\/em><\/strong><em>,<\/em>\u00a0che porta a IF2023 un\u2019importante riflessione sull\u2019ascesa di Internet tra aspettative deluse, manipolazioni e un potenziale ancora in larga parte da comprendere ed esprimere (ore 12)<em>.<\/em><\/p>\n<p style=\"font-weight: 400;\">Nel pomeriggio spazio a\u00a0<strong><em>Confessioni di un\u2019influencer pentita<\/em>\u00a0<\/strong>con\u00a0<strong>Federica Micoli<\/strong>\u00a0che, intervistata da\u00a0<strong>Matteo Pelliti<\/strong>, racconta il suo <mark>viaggio di andata e ritorno negli inferi dei social, dalla popolarit\u00e0 all\u2019ansia da like, dalla ricerca ossessiva di contenuti originali da pubblicare alla paura di perdere follower, fino alla scoperta di un modo diverso di vivere le piattaforme social (ore 16).<\/mark> La presentazione di <strong><em>La rivoluzione informatica. Conoscenza, consapevolezza e potere nella societ\u00e0 digitale<\/em><\/strong><em>\u00a0<\/em>di\u00a0<strong>Enrico Nardelli,<\/strong>\u00a0con<strong>\u00a0Fabio Gadducci<\/strong>\u00a0sar\u00e0 l\u2019occasione per discutere sull\u2019importante ruolo che riveste l\u2019informatica nell\u2019attuale societ\u00e0 digitale (ore 17).<\/p>\n<h3><em>Musica, gli appuntamenti sul palco dell&#8217;Internet Festival<\/em><\/h3>\n<p style=\"font-weight: 400;\">Al <strong>Cinema Lumi\u00e8re<\/strong>\u00a0arriva<strong>\u00a0Frontal,\u00a0<\/strong>il quintetto guidato da\u00a0<strong>Simone Graziano<\/strong>, uno dei migliori pianisti e compositori del panorama italiano, con alcuni tra i pi\u00f9 significativi talenti del jazz nostrano come\u00a0<strong>Gabriele Evangelista<\/strong>\u00a0al contrabbasso,\u00a0<strong>Stefano Tamborrino<\/strong>\u00a0alla batteria e\u00a0<strong>Dan Kinzelman<\/strong>\u00a0al sax tenore. Ad affiancarli sul palco<strong>\u00a0Clap! Clap!\u00a0<\/strong>nome d\u2019arte di Cristiano Crisci, produttore e performer di fama internazionale, da oltre un decennio tra i produttori italiani di musica elettronica piu\u0300 audaci (ore 21.30 &#8211; evento<strong>\u00a0<\/strong>in collaborazione con\u00a0<strong>Pisa Jazz<\/strong>\u00a0e\u00a0<strong>Toscana Produzione Musica\u00a0<\/strong>&#8211; ingresso \u20ac 3, prenotazioni su\u00a0<a href=\"https:\/\/oooh.events\/\" data-saferedirecturl=\"https:\/\/www.google.com\/url?q=https:\/\/oooh.events\/&amp;source=gmail&amp;ust=1696762582100000&amp;usg=AOvVaw3tceSaTQzJr5WEr1VY3WiH\">https:\/\/oooh.events\/<\/a>). Da segnalare la performance di\u00a0<strong>Abdullah Qadim Haqq aka The Ancient\u00a0<\/strong>che\u00a0si esibir\u00e0 in un live painting alle Logge dei Banchi (ore 18), affiancato dall\u2019ultimo\u00a0live set electro di<strong>\u00a0CEM3340 aka Christian Lisco\u00a0<\/strong>(Curtis Electronix).<\/p>\n","protected":false},"excerpt":{"rendered":"<p>Esperienze femminili a confronto nell&#8217;incontro con Cristina Manetti dedicato alle innovatrici, poi le presentazioni di libri e tanta musica: il programma dell&#8217;ultima giornata<\/p>\n","protected":false},"author":525,"featured_media":68827,"comment_status":"open","ping_status":"open","sticky":false,"template":"","format":"standard","meta":{"_acf_changed":false,"footnotes":""},"categories":[475],"tags":[411,176],"class_list":["post-308683","post","type-post","status-publish","format-standard","has-post-thumbnail","hentry","category-innovazione","tag-donne","tag-internet-festival"],"acf":[],"yoast_head":"<!-- This site is optimized with the Yoast SEO Premium plugin v24.2 (Yoast SEO v25.6) - https:\/\/yoast.com\/wordpress\/plugins\/seo\/ -->\n<title>Internet Festival 2023, donne protagoniste con Sabina Guzzanti e l&#039;omaggio a Michela Murgia - intoscana<\/title>\n<meta name=\"description\" content=\"Esperienze femminili a confronto nell&#039;incontro con Cristina Manetti dedicato alle innovatrici, poi le presentazioni di libri e tanta musica: il programma dell&#039;ultima giornata\" \/>\n<meta name=\"robots\" content=\"index, follow, max-snippet:-1, max-image-preview:large, max-video-preview:-1\" \/>\n<link rel=\"canonical\" href=\"https:\/\/www.intoscana.it\/it\/internet-festival-2023-donne-protagoniste-con-sabina-guzzanti-e-lomaggio-a-michela-murgia\/\" \/>\n<meta property=\"og:locale\" content=\"it_IT\" \/>\n<meta property=\"og:type\" content=\"article\" \/>\n<meta property=\"og:title\" content=\"Internet Festival 2023, donne protagoniste con Sabina Guzzanti e l&#039;omaggio a Michela Murgia\" \/>\n<meta property=\"og:description\" content=\"Esperienze femminili a confronto nell&#039;incontro con Cristina Manetti dedicato alle innovatrici, poi le presentazioni di libri e tanta musica: il programma dell&#039;ultima giornata\" \/>\n<meta property=\"og:url\" content=\"https:\/\/www.intoscana.it\/it\/internet-festival-2023-donne-protagoniste-con-sabina-guzzanti-e-lomaggio-a-michela-murgia\/\" \/>\n<meta property=\"og:site_name\" content=\"intoscana\" \/>\n<meta property=\"article:publisher\" content=\"https:\/\/www.facebook.com\/intoscana.it\" \/>\n<meta property=\"article:published_time\" content=\"2023-10-07T13:49:32+00:00\" \/>\n<meta property=\"og:image\" content=\"https:\/\/www.intoscana.it\/wp-content\/uploads\/Sabina-Guzzanti-La-Trattativa-Venezia-71.jpg\" \/>\n\t<meta property=\"og:image:width\" content=\"1000\" \/>\n\t<meta property=\"og:image:height\" content=\"665\" \/>\n\t<meta property=\"og:image:type\" content=\"image\/jpeg\" \/>\n<meta name=\"author\" content=\"Redazione\" \/>\n<meta name=\"twitter:card\" content=\"summary_large_image\" \/>\n<meta name=\"twitter:creator\" content=\"@intoscana\" \/>\n<meta name=\"twitter:site\" content=\"@intoscana\" \/>\n<meta name=\"twitter:label1\" content=\"Written by\" \/>\n\t<meta name=\"twitter:data1\" content=\"Redazione\" \/>\n\t<meta name=\"twitter:label2\" content=\"Est. reading time\" \/>\n\t<meta name=\"twitter:data2\" content=\"5 minuti\" \/>\n<script type=\"application\/ld+json\" class=\"yoast-schema-graph\">{\"@context\":\"https:\/\/schema.org\",\"@graph\":[{\"@type\":\"WebPage\",\"@id\":\"https:\/\/www.intoscana.it\/it\/internet-festival-2023-donne-protagoniste-con-sabina-guzzanti-e-lomaggio-a-michela-murgia\/\",\"url\":\"https:\/\/www.intoscana.it\/it\/internet-festival-2023-donne-protagoniste-con-sabina-guzzanti-e-lomaggio-a-michela-murgia\/\",\"name\":\"Internet Festival 2023, donne protagoniste con Sabina Guzzanti e l'omaggio a Michela Murgia - intoscana\",\"isPartOf\":{\"@id\":\"https:\/\/www.intoscana.it\/it\/#website\"},\"primaryImageOfPage\":{\"@id\":\"https:\/\/www.intoscana.it\/it\/internet-festival-2023-donne-protagoniste-con-sabina-guzzanti-e-lomaggio-a-michela-murgia\/#primaryimage\"},\"image\":{\"@id\":\"https:\/\/www.intoscana.it\/it\/internet-festival-2023-donne-protagoniste-con-sabina-guzzanti-e-lomaggio-a-michela-murgia\/#primaryimage\"},\"thumbnailUrl\":\"https:\/\/www.intoscana.it\/wp-content\/uploads\/Sabina-Guzzanti-La-Trattativa-Venezia-71.jpg\",\"datePublished\":\"2023-10-07T13:49:32+00:00\",\"author\":{\"@id\":\"https:\/\/www.intoscana.it\/it\/#\/schema\/person\/9223810753230f20bd670fdd322661f8\"},\"description\":\"Esperienze femminili a confronto nell'incontro con Cristina Manetti dedicato alle innovatrici, poi le presentazioni di libri e tanta musica: il programma dell'ultima giornata\",\"breadcrumb\":{\"@id\":\"https:\/\/www.intoscana.it\/it\/internet-festival-2023-donne-protagoniste-con-sabina-guzzanti-e-lomaggio-a-michela-murgia\/#breadcrumb\"},\"inLanguage\":\"it-IT\",\"potentialAction\":[{\"@type\":\"ReadAction\",\"target\":[\"https:\/\/www.intoscana.it\/it\/internet-festival-2023-donne-protagoniste-con-sabina-guzzanti-e-lomaggio-a-michela-murgia\/\"]}]},{\"@type\":\"ImageObject\",\"inLanguage\":\"it-IT\",\"@id\":\"https:\/\/www.intoscana.it\/it\/internet-festival-2023-donne-protagoniste-con-sabina-guzzanti-e-lomaggio-a-michela-murgia\/#primaryimage\",\"url\":\"https:\/\/www.intoscana.it\/wp-content\/uploads\/Sabina-Guzzanti-La-Trattativa-Venezia-71.jpg\",\"contentUrl\":\"https:\/\/www.intoscana.it\/wp-content\/uploads\/Sabina-Guzzanti-La-Trattativa-Venezia-71.jpg\",\"width\":1000,\"height\":665},{\"@type\":\"BreadcrumbList\",\"@id\":\"https:\/\/www.intoscana.it\/it\/internet-festival-2023-donne-protagoniste-con-sabina-guzzanti-e-lomaggio-a-michela-murgia\/#breadcrumb\",\"itemListElement\":[{\"@type\":\"ListItem\",\"position\":1,\"name\":\"Home\",\"item\":\"https:\/\/www.intoscana.it\/it\/\"},{\"@type\":\"ListItem\",\"position\":2,\"name\":\"Internet Festival 2023, donne protagoniste con Sabina Guzzanti e l&#8217;omaggio a Michela Murgia\"}]},{\"@type\":\"WebSite\",\"@id\":\"https:\/\/www.intoscana.it\/it\/#website\",\"url\":\"https:\/\/www.intoscana.it\/it\/\",\"name\":\"intoscana\",\"description\":\"\",\"potentialAction\":[{\"@type\":\"SearchAction\",\"target\":{\"@type\":\"EntryPoint\",\"urlTemplate\":\"https:\/\/www.intoscana.it\/it\/?s={search_term_string}\"},\"query-input\":{\"@type\":\"PropertyValueSpecification\",\"valueRequired\":true,\"valueName\":\"search_term_string\"}}],\"inLanguage\":\"it-IT\"},{\"@type\":\"Person\",\"@id\":\"https:\/\/www.intoscana.it\/it\/#\/schema\/person\/9223810753230f20bd670fdd322661f8\",\"name\":\"Redazione\",\"url\":\"https:\/\/www.intoscana.it\/it\/author\/redazione\/\"}]}<\/script>\n<!-- \/ Yoast SEO Premium plugin. -->","yoast_head_json":{"title":"Internet Festival 2023, donne protagoniste con Sabina Guzzanti e l'omaggio a Michela Murgia - intoscana","description":"Esperienze femminili a confronto nell'incontro con Cristina Manetti dedicato alle innovatrici, poi le presentazioni di libri e tanta musica: il programma dell'ultima giornata","robots":{"index":"index","follow":"follow","max-snippet":"max-snippet:-1","max-image-preview":"max-image-preview:large","max-video-preview":"max-video-preview:-1"},"canonical":"https:\/\/www.intoscana.it\/it\/internet-festival-2023-donne-protagoniste-con-sabina-guzzanti-e-lomaggio-a-michela-murgia\/","og_locale":"it_IT","og_type":"article","og_title":"Internet Festival 2023, donne protagoniste con Sabina Guzzanti e l'omaggio a Michela Murgia","og_description":"Esperienze femminili a confronto nell'incontro con Cristina Manetti dedicato alle innovatrici, poi le presentazioni di libri e tanta musica: il programma dell'ultima giornata","og_url":"https:\/\/www.intoscana.it\/it\/internet-festival-2023-donne-protagoniste-con-sabina-guzzanti-e-lomaggio-a-michela-murgia\/","og_site_name":"intoscana","article_publisher":"https:\/\/www.facebook.com\/intoscana.it","article_published_time":"2023-10-07T13:49:32+00:00","og_image":[{"width":1000,"height":665,"url":"https:\/\/www.intoscana.it\/wp-content\/uploads\/Sabina-Guzzanti-La-Trattativa-Venezia-71.jpg","type":"image\/jpeg"}],"author":"Redazione","twitter_card":"summary_large_image","twitter_creator":"@intoscana","twitter_site":"@intoscana","twitter_misc":{"Written by":"Redazione","Est. reading time":"5 minuti"},"schema":{"@context":"https:\/\/schema.org","@graph":[{"@type":"WebPage","@id":"https:\/\/www.intoscana.it\/it\/internet-festival-2023-donne-protagoniste-con-sabina-guzzanti-e-lomaggio-a-michela-murgia\/","url":"https:\/\/www.intoscana.it\/it\/internet-festival-2023-donne-protagoniste-con-sabina-guzzanti-e-lomaggio-a-michela-murgia\/","name":"Internet Festival 2023, donne protagoniste con Sabina Guzzanti e l'omaggio a Michela Murgia - intoscana","isPartOf":{"@id":"https:\/\/www.intoscana.it\/it\/#website"},"primaryImageOfPage":{"@id":"https:\/\/www.intoscana.it\/it\/internet-festival-2023-donne-protagoniste-con-sabina-guzzanti-e-lomaggio-a-michela-murgia\/#primaryimage"},"image":{"@id":"https:\/\/www.intoscana.it\/it\/internet-festival-2023-donne-protagoniste-con-sabina-guzzanti-e-lomaggio-a-michela-murgia\/#primaryimage"},"thumbnailUrl":"https:\/\/www.intoscana.it\/wp-content\/uploads\/Sabina-Guzzanti-La-Trattativa-Venezia-71.jpg","datePublished":"2023-10-07T13:49:32+00:00","author":{"@id":"https:\/\/www.intoscana.it\/it\/#\/schema\/person\/9223810753230f20bd670fdd322661f8"},"description":"Esperienze femminili a confronto nell'incontro con Cristina Manetti dedicato alle innovatrici, poi le presentazioni di libri e tanta musica: il programma dell'ultima giornata","breadcrumb":{"@id":"https:\/\/www.intoscana.it\/it\/internet-festival-2023-donne-protagoniste-con-sabina-guzzanti-e-lomaggio-a-michela-murgia\/#breadcrumb"},"inLanguage":"it-IT","potentialAction":[{"@type":"ReadAction","target":["https:\/\/www.intoscana.it\/it\/internet-festival-2023-donne-protagoniste-con-sabina-guzzanti-e-lomaggio-a-michela-murgia\/"]}]},{"@type":"ImageObject","inLanguage":"it-IT","@id":"https:\/\/www.intoscana.it\/it\/internet-festival-2023-donne-protagoniste-con-sabina-guzzanti-e-lomaggio-a-michela-murgia\/#primaryimage","url":"https:\/\/www.intoscana.it\/wp-content\/uploads\/Sabina-Guzzanti-La-Trattativa-Venezia-71.jpg","contentUrl":"https:\/\/www.intoscana.it\/wp-content\/uploads\/Sabina-Guzzanti-La-Trattativa-Venezia-71.jpg","width":1000,"height":665},{"@type":"BreadcrumbList","@id":"https:\/\/www.intoscana.it\/it\/internet-festival-2023-donne-protagoniste-con-sabina-guzzanti-e-lomaggio-a-michela-murgia\/#breadcrumb","itemListElement":[{"@type":"ListItem","position":1,"name":"Home","item":"https:\/\/www.intoscana.it\/it\/"},{"@type":"ListItem","position":2,"name":"Internet Festival 2023, donne protagoniste con Sabina Guzzanti e l&#8217;omaggio a Michela Murgia"}]},{"@type":"WebSite","@id":"https:\/\/www.intoscana.it\/it\/#website","url":"https:\/\/www.intoscana.it\/it\/","name":"intoscana","description":"","potentialAction":[{"@type":"SearchAction","target":{"@type":"EntryPoint","urlTemplate":"https:\/\/www.intoscana.it\/it\/?s={search_term_string}"},"query-input":{"@type":"PropertyValueSpecification","valueRequired":true,"valueName":"search_term_string"}}],"inLanguage":"it-IT"},{"@type":"Person","@id":"https:\/\/www.intoscana.it\/it\/#\/schema\/person\/9223810753230f20bd670fdd322661f8","name":"Redazione","url":"https:\/\/www.intoscana.it\/it\/author\/redazione\/"}]}},"_links":{"self":[{"href":"https:\/\/www.intoscana.it\/it\/wp-json\/wp\/v2\/posts\/308683","targetHints":{"allow":["GET"]}}],"collection":[{"href":"https:\/\/www.intoscana.it\/it\/wp-json\/wp\/v2\/posts"}],"about":[{"href":"https:\/\/www.intoscana.it\/it\/wp-json\/wp\/v2\/types\/post"}],"author":[{"embeddable":true,"href":"https:\/\/www.intoscana.it\/it\/wp-json\/wp\/v2\/users\/525"}],"replies":[{"embeddable":true,"href":"https:\/\/www.intoscana.it\/it\/wp-json\/wp\/v2\/comments?post=308683"}],"version-history":[{"count":0,"href":"https:\/\/www.intoscana.it\/it\/wp-json\/wp\/v2\/posts\/308683\/revisions"}],"wp:featuredmedia":[{"embeddable":true,"href":"https:\/\/www.intoscana.it\/it\/wp-json\/wp\/v2\/media\/68827"}],"wp:attachment":[{"href":"https:\/\/www.intoscana.it\/it\/wp-json\/wp\/v2\/media?parent=308683"}],"wp:term":[{"taxonomy":"category","embeddable":true,"href":"https:\/\/www.intoscana.it\/it\/wp-json\/wp\/v2\/categories?post=308683"},{"taxonomy":"post_tag","embeddable":true,"href":"https:\/\/www.intoscana.it\/it\/wp-json\/wp\/v2\/tags?post=308683"}],"curies":[{"name":"wp","href":"https:\/\/api.w.org\/{rel}","templated":true}]}}