{"id":308813,"date":"2023-10-09T11:49:15","date_gmt":"2023-10-09T09:49:15","guid":{"rendered":"https:\/\/www.intoscana.it\/it\/?p=308813"},"modified":"2023-10-09T11:49:15","modified_gmt":"2023-10-09T09:49:15","slug":"chiusura-internet-festival","status":"publish","type":"post","link":"https:\/\/www.intoscana.it\/it\/chiusura-internet-festival\/","title":{"rendered":"Dal gender gap all&#8217;impresa digitale Internet Festival lancia cinque sfide all&#8217;Intelligenza artificiale"},"content":{"rendered":"<p style=\"font-weight: 400;\">Si \u00e8 chiusa ieri a Pisa la 13esima edizione di <strong>Internet Festival<\/strong>, la manifestazione che indaga l\u2019impatto del digitale sul quotidiano, <mark>lanciando cinque sfide all\u2019intelligenza artificiale: discriminazioni, democrazia, creativit\u00e0, giustizia sociale, produttivit\u00e0 e innovazione delle imprese.<\/mark> Quattro giorni di dibattiti, approfondimenti, concerti, attivit\u00e0 didattiche per le nuove generazioni, spettacoli, installazioni interattive ed esperienze immersive sull\u2019onda della parola chiave <strong>#artificiale <\/strong>con decine gli ospiti anche internazionali e centinaia di eventi a ingresso libero.<\/p>\n<h3>Dalla robotica alla cybersecurity<\/h3>\n<p style=\"font-weight: 400;\">Tra gli speaker la \u201csignora dei robot\u201d\u00a0<strong>Alessandra Sciutti<\/strong>, la poliedrica\u00a0<strong>Sabina Guzzanti<\/strong>, l\u2019esperta di tecnologie biometriche\u00a0<strong>Oyidiya Oji Palino<\/strong>, startupper, influencer della letteratura, filosofi come <strong>Ilaria Gaspari,<\/strong>\u00a0<strong>Eric Sadin<\/strong>\u00a0e\u00a0<strong>Pascal Chabot,<\/strong>\u00a0sociologi come\u00a0<strong>Adriano Fabris<\/strong>, la sociolinguista\u00a0<strong>Vera Gheno<\/strong>, la scrittrice fantasy\u00a0<strong>Licia Troisi<\/strong>, <a href=\"https:\/\/www.intoscana.it\/it\/dettaglio-video\/a-internet-festival-la-toscana-che-innova-grazie-al-talento-delle-donne\/\" target=\"_blank\" rel=\"noopener\">donne imprenditrici in settori hi-tech chiamate a raccolta da\u00a0<strong>Cristina Manetti<\/strong>,<\/a> capo di gabinetto della Regione Toscana per raccontare lo sguardo femminile sull\u2019innovazione.<\/p>\n<p style=\"font-weight: 400;\"><mark>Molto sentito l\u2019<strong>omaggio a Michela Murgia<\/strong>, con la giornalista\u00a0<strong>Loredana Lipperini<\/strong>, grande amica dell\u2019autrice recentemente scomparsa.<\/mark><\/p>\n<p style=\"font-weight: 400;\">Di diritti in rete si \u00e8 parlato con\u00a0<strong>Ginevra Cerrina Feroni<\/strong>, vicepresidente Garante per la protezione dei dati personali e\u00a0<strong>Guido Scorza,\u00a0<\/strong>giurista e docente in materia di diritto nelle nuove tecnologie, chiamati a intervenire nell\u2019ambito di Artificial Law, sezione curata da\u00a0<strong>Fernanda Faini<\/strong>. Si \u00e8 rinnovato l\u2019atteso appuntamento con il\u00a0<strong>Cybersecurity Day<\/strong>, tradizionale evento a cura dell\u2019Istituto di Informatica e Telematica del CNR (CNR-IIT), in collaborazione con Camera di Commercio della Toscana Nord-Ovest.<\/p>\n<figure id=\"post-308815 media-308815\" class=\"align-none\">\n<p><figure style=\"width: 5252px\" class=\"wp-caption alignnone\"><img loading=\"lazy\" decoding=\"async\" src=\"https:\/\/www.intoscana.it\/wp-content\/uploads\/IF23_lory_04-scaled.jpeg\" alt=\"\" width=\"5252\" height=\"5032\" \/><figcaption class=\"wp-caption-text\">Internet Festival 2023<\/figcaption><\/figure><\/figure>\n<h3 class=\"titleimg\">La Regione Toscana protagonista a Internet Festival<\/h3>\n<p style=\"font-weight: 400;\">Il presidente della Regione Toscana\u00a0<strong>Eugenio Giani<\/strong>\u00a0ha scelto Internet Festival come palco per lanciare l\u2019ingresso del\u00a0<strong>diritto di cittadinanza digitale<\/strong> nello Statuto regionale.<mark> \u201c<em>Dedicheremo un capitolo specifico nella legge sulla Toscana diffusa che vogliamo varare<\/em>\u201d, <\/mark>ha dichiarato. \u201c<em>La connettivit\u00e0 \u00e8 fondamentale, vogliamo una Toscana protagonista nella Rete per consentire in ogni punto della regione di essere raggiunti e di comunicare<\/em>\u201d, ha aggiunto l\u2019assessore all\u2019innovazione\u00a0<strong>Stefano Ciuoffo,\u00a0<\/strong>intervenuto insieme all\u2019assessora al welfare\u00a0<strong>Serena Spinelli.\u00a0<\/strong><\/p>\n<p style=\"font-weight: 400;\"><em>&#8220;L\u2019intelligenza artificiale \u00e8 una grande opportunit\u00e0, ma \u00e8 necessario promuovere una corretta regolamentazione per evitare i rischi che essa comporta<\/em>\u201d, ha aggiunto\u00a0<strong>Alessandra Nardini<\/strong>, assessore all\u2019istruzione, parlando insieme allo scrittore\u00a0<strong>Marco Malvaldi<\/strong>, alla docente della Scuola Normale Superiore\u00a0<strong>Fosca Giannotti\u00a0<\/strong>e al giornalista\u00a0<strong>Luca De Biase<\/strong>.<\/p>\n<p style=\"font-weight: 400;\">Internet Festival \u00e8 stato inoltre l\u2019occasione per la presentazione del bando di Regione Toscana per l\u2019impresa digitale, presentato dall\u2019assessore alle attivit\u00e0 produttive\u00a0<strong>Leonardo Marras<\/strong>. Numerose le dimostrazioni pratiche sui\u00a0<strong>droni<\/strong>, ad esempio per interventi in casi di emergenza, in collaborazione con ANCI Toscana, un progetto pioneristico che sta facendo scuola in Italia, presentato da\u00a0<strong>Gianluca Vannuccini<\/strong>\u00a0(direttore della Direzione Sistemi Informativi di Regione Toscana).<\/p>\n<p style=\"font-weight: 400;\">Il direttore delle Gallerie degli Uffizi\u00a0<strong>Eike Schmidt<\/strong>, lo chef stellato\u00a0<strong>Cristiano Tomei<\/strong>, il giornalista e docente dell\u2019Istituto Modartech\u00a0<strong>Matteo Min\u00e0<\/strong>, la presidente del Centro di Firenze per la moda italiana\u00a0<strong>Antonella Mansi<\/strong>, il sindaco di Pisa\u00a0<strong>Michele Conti<\/strong>, il professor\u00a0<strong>Paolo Dario<\/strong>, una delle figure storiche della robotica mondiale, sono alcune delle personalit\u00e0 coinvolte dal presidente del Consiglio regionale,\u00a0<strong>Antonio Mazzeo,<\/strong>\u00a0nell\u2019appuntamento dedicato al progetto\u00a0<strong>Toscana 2050<\/strong>. \u201c<em>Il futuro si costruisce insieme, c\u2019\u00e8 bisogno del contributo dell\u2019intelligenza collettiva<\/em>\u201d, ha commentato Mazzeo a margine dell\u2019incontro.<\/p>\n<h3>Dal cibo del futuro ai T-Tour<\/h3>\n<p style=\"font-weight: 400;\"><strong>Sold out per i T-Tour<\/strong>, le attivit\u00e0 dedicate a bambini e ragazzi delle scuole, arrivati da tutta Italia dal 4 ottobre. <mark>Tra le esperienze immersive vissute dalle nuove generazioni la possibilit\u00e0 di dipingere la Gioconda, veleggiare con Luna Rossa, calarsi nei panni di un soccorritore di <strong>Emergency<\/strong> <\/mark>grazie a speciali visori. Tra il Centro Congressi Le Benedettine e le Logge dei Banchi, diverse le installazioni interattive, elaborate da <strong>Accurat e SheldonStudio<\/strong>\u00a0su dati forniti dall\u2019<strong>Istituto di Fisiologia Clinica del CNR di Pisa<\/strong>\u00a0relativi a comportamenti e dipendenze giovanili, con particolare riferimento a quelli legati alla rete. Le Logge dei Banchi sono state inoltre\u00a0<strong>galleria d\u2019arte en plein air<\/strong>\u00a0grazie all\u2019esposizione sul ledwall delle opere di arte contemporanea di Alessandro Bavari, pioniere della digital art, Serafin Alvarez, Marion Balac, Andrea Ciulu.<\/p>\n<p style=\"font-weight: 400;\">A dare un assaggio del\u00a0<strong>cibo del futuro\u00a0<\/strong>la giovane imprenditrice agricola\u00a0<strong>Alessandra Mei<\/strong>, con il progetto \u201corto da spiaggia\u201d, l\u2019<strong>Universit\u00e0 di<\/strong>\u00a0<strong>Genova<\/strong>\u00a0con l\u2019esperienza didattica tra tecnologia e orticultura,\u00a0<strong>Niccol\u00f2 Pagliarani<\/strong>, ricercatore di soft robotics della Scuola Superiore Sant\u2019Anna di Pisa, ed Eugenio Azzinnari, ideatore di\u00a0<strong>Zia\u00a0Sofia\u00a0chef, la prima chef italiana creata dall\u2019intelligenza artificiale<\/strong> insieme a Ylenia La Porta.<\/p>\n<p style=\"font-weight: 400;\">Grande successo per gli eventi serali, con gli spettacoli di\u00a0<strong>Ishmael Ensemble<\/strong>, ultimo progetto di Pete Cunningham, producer eclettico della scena jazz britannica, il djset visionario e onirico di<strong>\u00a0Lorem<\/strong>\u00a0al Caracol e il closing party\u00a0<strong>Technomagie#2<\/strong>\u00a0(guest star Francois X) al Deposito Pontecorvo. Al Teatro Sant\u2019Andrea \u00e8 andato in scena lo spettacolo\u00a0<strong>Breve storia dell\u2019intelligenza<\/strong>, curato dai\u00a0<strong>Sacchi di Sabbia e Davide Barbafiera<\/strong>\u00a0insieme con le persone in detenzione nella\u00a0<strong>Casa Circondariale \u201cDon Bosco\u201d<\/strong>, un viaggio attraverso i secoli nell\u2019intelligenza umana tra ironia e riflessione.<\/p>\n","protected":false},"excerpt":{"rendered":"<p>Si \u00e8 chiusa ieri a Pisa la 13esima edizione della manifestazioni con centinaia di eventi a ingresso libero: tra i relatori la \u201csignora dei robot\u201d Alessandra Sciutti, la poliedrica Sabina Guzzanti, l\u2019esperta di tecnologie biometriche Oyidiya Oji Palino, startupper, innovatori, filosofi e\u00a0rappresentanti delle istituzioni<\/p>\n","protected":false},"author":525,"featured_media":308814,"comment_status":"open","ping_status":"open","sticky":false,"template":"","format":"standard","meta":{"_acf_changed":false,"footnotes":""},"categories":[475],"tags":[4506,176],"class_list":["post-308813","post","type-post","status-publish","format-standard","has-post-thumbnail","hentry","category-innovazione","tag-intelligenza-artificiale","tag-internet-festival"],"acf":[],"yoast_head":"<!-- This site is optimized with the Yoast SEO Premium plugin v24.2 (Yoast SEO v25.6) - https:\/\/yoast.com\/wordpress\/plugins\/seo\/ -->\n<title>Dal gender gap all&#039;impresa digitale Internet Festival lancia cinque sfide all&#039;Intelligenza artificiale - intoscana<\/title>\n<meta name=\"robots\" content=\"index, follow, max-snippet:-1, max-image-preview:large, max-video-preview:-1\" \/>\n<link rel=\"canonical\" href=\"https:\/\/www.intoscana.it\/it\/chiusura-internet-festival\/\" \/>\n<meta property=\"og:locale\" content=\"it_IT\" \/>\n<meta property=\"og:type\" content=\"article\" \/>\n<meta property=\"og:title\" content=\"Dal gender gap all&#039;impresa digitale Internet Festival lancia cinque sfide all&#039;Intelligenza artificiale\" \/>\n<meta property=\"og:description\" content=\"Si \u00e8 chiusa ieri a Pisa la 13esima edizione della manifestazioni con centinaia di eventi a ingresso libero: tra i relatori la \u201csignora dei robot\u201d Alessandra Sciutti, la poliedrica Sabina Guzzanti, l\u2019esperta di tecnologie biometriche Oyidiya Oji Palino, startupper, innovatori, filosofi e\u00a0rappresentanti delle istituzioni\" \/>\n<meta property=\"og:url\" content=\"https:\/\/www.intoscana.it\/it\/chiusura-internet-festival\/\" \/>\n<meta property=\"og:site_name\" content=\"intoscana\" \/>\n<meta property=\"article:publisher\" content=\"https:\/\/www.facebook.com\/intoscana.it\" \/>\n<meta property=\"article:published_time\" content=\"2023-10-09T09:49:15+00:00\" \/>\n<meta property=\"og:image\" content=\"https:\/\/www.intoscana.it\/wp-content\/uploads\/IF23_livepainting_11-scaled.jpeg\" \/>\n\t<meta property=\"og:image:width\" content=\"2048\" \/>\n\t<meta property=\"og:image:height\" content=\"1367\" \/>\n\t<meta property=\"og:image:type\" content=\"image\/jpeg\" \/>\n<meta name=\"author\" content=\"Redazione\" \/>\n<meta name=\"twitter:card\" content=\"summary_large_image\" \/>\n<meta name=\"twitter:creator\" content=\"@intoscana\" \/>\n<meta name=\"twitter:site\" content=\"@intoscana\" \/>\n<meta name=\"twitter:label1\" content=\"Written by\" \/>\n\t<meta name=\"twitter:data1\" content=\"Redazione\" \/>\n\t<meta name=\"twitter:label2\" content=\"Est. reading time\" \/>\n\t<meta name=\"twitter:data2\" content=\"4 minuti\" \/>\n<script type=\"application\/ld+json\" class=\"yoast-schema-graph\">{\"@context\":\"https:\/\/schema.org\",\"@graph\":[{\"@type\":\"WebPage\",\"@id\":\"https:\/\/www.intoscana.it\/it\/chiusura-internet-festival\/\",\"url\":\"https:\/\/www.intoscana.it\/it\/chiusura-internet-festival\/\",\"name\":\"Dal gender gap all'impresa digitale Internet Festival lancia cinque sfide all'Intelligenza artificiale - intoscana\",\"isPartOf\":{\"@id\":\"https:\/\/www.intoscana.it\/it\/#website\"},\"primaryImageOfPage\":{\"@id\":\"https:\/\/www.intoscana.it\/it\/chiusura-internet-festival\/#primaryimage\"},\"image\":{\"@id\":\"https:\/\/www.intoscana.it\/it\/chiusura-internet-festival\/#primaryimage\"},\"thumbnailUrl\":\"https:\/\/www.intoscana.it\/wp-content\/uploads\/IF23_livepainting_11-scaled.jpeg\",\"datePublished\":\"2023-10-09T09:49:15+00:00\",\"author\":{\"@id\":\"https:\/\/www.intoscana.it\/it\/#\/schema\/person\/9223810753230f20bd670fdd322661f8\"},\"breadcrumb\":{\"@id\":\"https:\/\/www.intoscana.it\/it\/chiusura-internet-festival\/#breadcrumb\"},\"inLanguage\":\"it-IT\",\"potentialAction\":[{\"@type\":\"ReadAction\",\"target\":[\"https:\/\/www.intoscana.it\/it\/chiusura-internet-festival\/\"]}]},{\"@type\":\"ImageObject\",\"inLanguage\":\"it-IT\",\"@id\":\"https:\/\/www.intoscana.it\/it\/chiusura-internet-festival\/#primaryimage\",\"url\":\"https:\/\/www.intoscana.it\/wp-content\/uploads\/IF23_livepainting_11-scaled.jpeg\",\"contentUrl\":\"https:\/\/www.intoscana.it\/wp-content\/uploads\/IF23_livepainting_11-scaled.jpeg\",\"width\":2048,\"height\":1367,\"caption\":\"Internet Festival 2023\"},{\"@type\":\"BreadcrumbList\",\"@id\":\"https:\/\/www.intoscana.it\/it\/chiusura-internet-festival\/#breadcrumb\",\"itemListElement\":[{\"@type\":\"ListItem\",\"position\":1,\"name\":\"Home\",\"item\":\"https:\/\/www.intoscana.it\/it\/\"},{\"@type\":\"ListItem\",\"position\":2,\"name\":\"Dal gender gap all&#8217;impresa digitale Internet Festival lancia cinque sfide all&#8217;Intelligenza artificiale\"}]},{\"@type\":\"WebSite\",\"@id\":\"https:\/\/www.intoscana.it\/it\/#website\",\"url\":\"https:\/\/www.intoscana.it\/it\/\",\"name\":\"intoscana\",\"description\":\"\",\"potentialAction\":[{\"@type\":\"SearchAction\",\"target\":{\"@type\":\"EntryPoint\",\"urlTemplate\":\"https:\/\/www.intoscana.it\/it\/?s={search_term_string}\"},\"query-input\":{\"@type\":\"PropertyValueSpecification\",\"valueRequired\":true,\"valueName\":\"search_term_string\"}}],\"inLanguage\":\"it-IT\"},{\"@type\":\"Person\",\"@id\":\"https:\/\/www.intoscana.it\/it\/#\/schema\/person\/9223810753230f20bd670fdd322661f8\",\"name\":\"Redazione\",\"url\":\"https:\/\/www.intoscana.it\/it\/author\/redazione\/\"}]}<\/script>\n<!-- \/ Yoast SEO Premium plugin. -->","yoast_head_json":{"title":"Dal gender gap all'impresa digitale Internet Festival lancia cinque sfide all'Intelligenza artificiale - intoscana","robots":{"index":"index","follow":"follow","max-snippet":"max-snippet:-1","max-image-preview":"max-image-preview:large","max-video-preview":"max-video-preview:-1"},"canonical":"https:\/\/www.intoscana.it\/it\/chiusura-internet-festival\/","og_locale":"it_IT","og_type":"article","og_title":"Dal gender gap all'impresa digitale Internet Festival lancia cinque sfide all'Intelligenza artificiale","og_description":"Si \u00e8 chiusa ieri a Pisa la 13esima edizione della manifestazioni con centinaia di eventi a ingresso libero: tra i relatori la \u201csignora dei robot\u201d Alessandra Sciutti, la poliedrica Sabina Guzzanti, l\u2019esperta di tecnologie biometriche Oyidiya Oji Palino, startupper, innovatori, filosofi e\u00a0rappresentanti delle istituzioni","og_url":"https:\/\/www.intoscana.it\/it\/chiusura-internet-festival\/","og_site_name":"intoscana","article_publisher":"https:\/\/www.facebook.com\/intoscana.it","article_published_time":"2023-10-09T09:49:15+00:00","og_image":[{"width":2048,"height":1367,"url":"https:\/\/www.intoscana.it\/wp-content\/uploads\/IF23_livepainting_11-scaled.jpeg","type":"image\/jpeg"}],"author":"Redazione","twitter_card":"summary_large_image","twitter_creator":"@intoscana","twitter_site":"@intoscana","twitter_misc":{"Written by":"Redazione","Est. reading time":"4 minuti"},"schema":{"@context":"https:\/\/schema.org","@graph":[{"@type":"WebPage","@id":"https:\/\/www.intoscana.it\/it\/chiusura-internet-festival\/","url":"https:\/\/www.intoscana.it\/it\/chiusura-internet-festival\/","name":"Dal gender gap all'impresa digitale Internet Festival lancia cinque sfide all'Intelligenza artificiale - intoscana","isPartOf":{"@id":"https:\/\/www.intoscana.it\/it\/#website"},"primaryImageOfPage":{"@id":"https:\/\/www.intoscana.it\/it\/chiusura-internet-festival\/#primaryimage"},"image":{"@id":"https:\/\/www.intoscana.it\/it\/chiusura-internet-festival\/#primaryimage"},"thumbnailUrl":"https:\/\/www.intoscana.it\/wp-content\/uploads\/IF23_livepainting_11-scaled.jpeg","datePublished":"2023-10-09T09:49:15+00:00","author":{"@id":"https:\/\/www.intoscana.it\/it\/#\/schema\/person\/9223810753230f20bd670fdd322661f8"},"breadcrumb":{"@id":"https:\/\/www.intoscana.it\/it\/chiusura-internet-festival\/#breadcrumb"},"inLanguage":"it-IT","potentialAction":[{"@type":"ReadAction","target":["https:\/\/www.intoscana.it\/it\/chiusura-internet-festival\/"]}]},{"@type":"ImageObject","inLanguage":"it-IT","@id":"https:\/\/www.intoscana.it\/it\/chiusura-internet-festival\/#primaryimage","url":"https:\/\/www.intoscana.it\/wp-content\/uploads\/IF23_livepainting_11-scaled.jpeg","contentUrl":"https:\/\/www.intoscana.it\/wp-content\/uploads\/IF23_livepainting_11-scaled.jpeg","width":2048,"height":1367,"caption":"Internet Festival 2023"},{"@type":"BreadcrumbList","@id":"https:\/\/www.intoscana.it\/it\/chiusura-internet-festival\/#breadcrumb","itemListElement":[{"@type":"ListItem","position":1,"name":"Home","item":"https:\/\/www.intoscana.it\/it\/"},{"@type":"ListItem","position":2,"name":"Dal gender gap all&#8217;impresa digitale Internet Festival lancia cinque sfide all&#8217;Intelligenza artificiale"}]},{"@type":"WebSite","@id":"https:\/\/www.intoscana.it\/it\/#website","url":"https:\/\/www.intoscana.it\/it\/","name":"intoscana","description":"","potentialAction":[{"@type":"SearchAction","target":{"@type":"EntryPoint","urlTemplate":"https:\/\/www.intoscana.it\/it\/?s={search_term_string}"},"query-input":{"@type":"PropertyValueSpecification","valueRequired":true,"valueName":"search_term_string"}}],"inLanguage":"it-IT"},{"@type":"Person","@id":"https:\/\/www.intoscana.it\/it\/#\/schema\/person\/9223810753230f20bd670fdd322661f8","name":"Redazione","url":"https:\/\/www.intoscana.it\/it\/author\/redazione\/"}]}},"_links":{"self":[{"href":"https:\/\/www.intoscana.it\/it\/wp-json\/wp\/v2\/posts\/308813","targetHints":{"allow":["GET"]}}],"collection":[{"href":"https:\/\/www.intoscana.it\/it\/wp-json\/wp\/v2\/posts"}],"about":[{"href":"https:\/\/www.intoscana.it\/it\/wp-json\/wp\/v2\/types\/post"}],"author":[{"embeddable":true,"href":"https:\/\/www.intoscana.it\/it\/wp-json\/wp\/v2\/users\/525"}],"replies":[{"embeddable":true,"href":"https:\/\/www.intoscana.it\/it\/wp-json\/wp\/v2\/comments?post=308813"}],"version-history":[{"count":0,"href":"https:\/\/www.intoscana.it\/it\/wp-json\/wp\/v2\/posts\/308813\/revisions"}],"wp:featuredmedia":[{"embeddable":true,"href":"https:\/\/www.intoscana.it\/it\/wp-json\/wp\/v2\/media\/308814"}],"wp:attachment":[{"href":"https:\/\/www.intoscana.it\/it\/wp-json\/wp\/v2\/media?parent=308813"}],"wp:term":[{"taxonomy":"category","embeddable":true,"href":"https:\/\/www.intoscana.it\/it\/wp-json\/wp\/v2\/categories?post=308813"},{"taxonomy":"post_tag","embeddable":true,"href":"https:\/\/www.intoscana.it\/it\/wp-json\/wp\/v2\/tags?post=308813"}],"curies":[{"name":"wp","href":"https:\/\/api.w.org\/{rel}","templated":true}]}}