{"id":309135,"date":"2023-10-11T09:47:43","date_gmt":"2023-10-11T07:47:43","guid":{"rendered":"https:\/\/www.intoscana.it\/it\/?p=309135"},"modified":"2023-10-19T10:17:23","modified_gmt":"2023-10-19T08:17:23","slug":"la-fine-e-il-principio-le-opere-di-paolo-chiappini-in-mostra-a-manifattura-tabacchi","status":"publish","type":"post","link":"https:\/\/www.intoscana.it\/it\/la-fine-e-il-principio-le-opere-di-paolo-chiappini-in-mostra-a-manifattura-tabacchi\/","title":{"rendered":"&#8220;La fine \u00e8 il principio&#8221; le opere di Paolo Chiappini in mostra a Manifattura Tabacchi"},"content":{"rendered":"<p><strong><em>\u201cLa fine \u00e8 il principio. Materiali di scavo tra palco e retropalco\u201d<\/em><\/strong>, \u00e8 il titolo della mostra personale di <strong>Paolo Chiappini<\/strong> curata da <strong>Sergio Tossi<\/strong> che aprir\u00e0 <strong>mercoled\u00ec 18 ottobre<\/strong> nell&#8217;edificio <strong>B9 della Manifattura Tabacchi<\/strong> a Firenze.<\/p>\n<p><strong>La passione di Chiappini<\/strong> per l&#8217;arte \u00e8<strong> una vocazione che \u00e8 restata sopita per anni,<\/strong> aspettando il momento giusto per manifestarsi.<\/p>\n<p>\u00c8 nata cos\u00ec la voglia di <strong>rimettersi in gioco<\/strong> e\u00a0animare uno spazio ancora dismesso della <strong>Manifattura Tabacchi.<\/strong><\/p>\n<p>In mostra per la prima volta<strong> 32 frammenti di esperienze eterogenee,<\/strong> impressi su <strong>tele, quinte teatrali, cartoni, manifesti e altri materiali.<\/strong><p><span class=\"citazione\">Paolo in queste serie di opere gioca con la materia, con la memoria, con lo sguardo sul mondo. E si mette in gioco con il proprio passato, la propria visione delle cose, l\u2019urgenza del proprio tempo<\/span><\/p><\/p>\n<p><strong>Cristina Giachi<\/strong>, Presidente della Commissione Cultura del Consiglio Regionale ha dichiarato:\u00a0<em>\u201cNel gesto artistico di Paolo Chiappini, e nella materia che usa, arriva il mondo, come nei suoi sacchi di caff\u00e8 che sono molto di pi\u00f9 della semplice iuta di cui sono fatti; come nel rame delle impronte, che \u00e8 vivo della vita di chi lascia l\u2019impronta e delle viti che il ramato cura e custodisce; come nel <strong>bianco, rosso e blu della bandiera americana<\/strong> che animano <strong>una nuova genesi d\u2019acqua, fuoco, spazio siderale.<\/strong> E poi i pesci, la nostra natura primordiale, il segno della funzione inestinguibile dell\u2019origine. Il lavoro di Paolo in queste serie di opere \u00e8 organizzato per gruppi e per temi. <strong>Gioca con la materia, con la memoria, con lo sguardo sul mondo.<\/strong> E si mette in gioco con il proprio passato, la propria visione delle cose, l\u2019urgenza del proprio tempo\u201d.<\/em><\/p>\n<figure id=\"post-310261 media-310261\" class=\"align-none\"><img decoding=\"async\" src=\"https:\/\/www.intoscana.it\/wp-content\/uploads\/IMG_6929-scaled.jpg\" alt=\"\" \/><\/figure>\n<div class=\"titleimg\"><em>Paolo Chiappini &#8211; \u00a9 Costanza Baldini<\/em><\/div>\n<p><strong>Il critico e collezionista Sergio Tossi<\/strong> ha detto: <em>\u201cRare volte il titolo di una mostra \u00e8 cos\u00ec esplicativo dei suoi contenuti e, soprattutto, dell\u2019ispirazione che l\u2019ha resa possibile. C\u2019\u00e8, immediata, <strong>questa idea di circolarit\u00e0 degli eventi, di momenti considerati conclusi che improvvisamente si ripresentano,<\/strong> con le inevitabili mutazioni date dallo scorrere del tempo, ma con pari carica emotiva, quando addirittura non superiore . La prima di queste passioni nasce in giovent\u00f9, ovviamente, ed \u00e8 una fase dirimente. <strong>Il teatro.<\/strong> Ecco il primo elemento circolare di questa mostra, quello che accoglie il visitatore, quasi l\u2019accompagna verso i tanti \u201cmateriali di scavo tra palco e retropalco\u201d che ritroveremo una volta salite le scale, girando attorno ai <strong>10 metri di un\u2019opera direttamente ispirata alla quinta teatrale dipinta nel 1972 per una Medea di Euripide<\/strong> portata in scena nei licei romani dalla <strong>Compagnia Teatro Sociale.<\/strong> A chiudere <strong>un omaggio al grande Alessandro Mendini ed al logo che disegn\u00f2 per il \u201cFestival della Creativit\u00e0\u201d,<\/strong> il grande evento che anim\u00f2 Firenze nei primi anni duemila, dovuto alla <strong>Fondazione Sistema Toscana, la \u201ccasa\u201d di Paolo Chiappini per sedici lunghi anni.<\/strong> Quel festival era una sua creatura, non poteva essere dimenticato ed \u00e8 un ringraziamento finale a tutti quelli che lo hanno coadiuvato nella sua realizzazione. Dunque una mostra costruita su livelli diversi, eclettica nei temi e nelle forme, usando quei \u201cmateriali di scavo\u201d della memoria, riaffiorati, impalpabili ma vivissimi, a descrivere questo inizio di carriera artistica, sopito per anni, e riemerso solo ed esclusivamente perch\u00e9 una fine l\u2019ha preceduto. Tutto va e tutto torna.\u201d\u00a0<\/em><\/p>\n<figure id=\"post-310262 media-310262\" class=\"align-none\"><img decoding=\"async\" src=\"https:\/\/www.intoscana.it\/wp-content\/uploads\/IMG_6930-scaled.jpg\" alt=\"\" \/><\/figure>\n<div class=\"titleimg\"><em>Paolo Chiappini &#8211; \u00a9 Costanza Baldini<\/em><\/div>\n<h3>Chi \u00e8 Paolo Chiappini<\/h3>\n<p><strong>Paolo Chiappini<\/strong>, nato a Siena nel 1952, \u00e8 contradaiolo dell\u2019Oca. <strong>Roma diventa presto la sua citt\u00e0 d\u2019adozione.<\/strong> Nei primi anni Settanta vive a fondo la mitica <strong>avanguardia teatrale dell\u2019 Off romano<\/strong> e nel 1974 la sua compagnia teatrale viene chiamata al<strong> Festival dei Due Mondi di Spoleto.<\/strong><\/p>\n<p>La svolta quando la famiglia acquista l\u2019<strong>azienda agricola di Poggio Bonelli, a Castelnuovo Berardenga.<\/strong> Anni trascorsi tra le vigne e la cantina, i banchi del consiglio comunale, la passione e la militanza politica. Poi oltre tre lustri di direzione della <a href=\"https:\/\/www.fondazionesistematoscana.it\/\" target=\"_blank\" rel=\"noopener\" class=\"broken_link\"><strong>Fondazione Sistema Toscana,<\/strong><\/a> cui si deve tra l\u2019altro il lancio e il successo del <strong>Festival della Creativit\u00e0, Internet Festival e La Compagnia-Casa del Cinema e dei Festival internazionali.<\/strong><\/p>\n<p>Oggi fa parte della Deputazione generale della <strong>Fondazione Monte dei Paschi<\/strong> e si dedica alle sue antiche passioni. Uno dei ruoli a cui tiene di pi\u00f9 \u00e8 quello di cambusiere di <strong>Ocean Bird,<\/strong> la barca a vela che ha fatto il giro del mondo.<\/p>\n<p>Attratto da sempre da tutte le espressioni di arte contemporanea, ha iniziato con i fondali e le quinte teatrali, dedicandosi negli anni anche ad opere e quadri per il collezionismo privato, parte dei quali approdano oggi alla <strong>Manifattura Tabacchi.<\/strong><\/p>\n<p><strong>La fine \u00e8 il principio<\/strong> <strong>Materiale di scavo tra palco e retropalco<\/strong><br \/>\n<strong>Mostra a cura di Sergio Tossi<\/strong><br \/>\n<strong>Progetto di allestimento di Luigi Formicola<\/strong><br \/>\n<strong>Durata mostra: 18 ottobre \u2013 31 ottobre 2023<\/strong><br \/>\n<strong>Orari: h.16-19.30, Marted\u00ec- Domenica<\/strong><\/p>\n<div class=\"titleimg\">\n<figure id=\"post-310260 media-310260\" class=\"align-none\"><img decoding=\"async\" src=\"https:\/\/www.intoscana.it\/wp-content\/uploads\/IMG_6928-scaled-e1697702053395.jpg\" alt=\"\" \/><\/figure>\n<div class=\"titleimg\">Paolo Chiappini &#8211; \u00a9 Costanza Baldini<\/div>\n<\/div>\n","protected":false},"excerpt":{"rendered":"<p>Fino al 31 ottobre esposte per la prima volta le opere dell&#8217;artista senese: 32 frammenti di esperienze eterogenee, impressi su tele, quinte teatrali, cartoni, manifesti e altri materiali<\/p>\n","protected":false},"author":525,"featured_media":309141,"comment_status":"open","ping_status":"open","sticky":false,"template":"","format":"standard","meta":{"_acf_changed":false,"footnotes":""},"categories":[493],"tags":[227,4474,202,222],"class_list":["post-309135","post","type-post","status-publish","format-standard","has-post-thumbnail","hentry","category-cultura","tag-arte-contemporanea","tag-eventi","tag-firenze","tag-mostre"],"acf":[],"yoast_head":"<!-- This site is optimized with the Yoast SEO Premium plugin v24.2 (Yoast SEO v25.6) - https:\/\/yoast.com\/wordpress\/plugins\/seo\/ -->\n<title>&quot;La fine \u00e8 il principio&quot; le opere di Paolo Chiappini in mostra a Manifattura Tabacchi - intoscana<\/title>\n<meta name=\"description\" content=\"Dal 18 al 31 ottobre per la prima volta esposte le opere dell&#039;artista senese: 32 frammenti di esperienze eterogenee\" \/>\n<meta name=\"robots\" content=\"index, follow, max-snippet:-1, max-image-preview:large, max-video-preview:-1\" \/>\n<link rel=\"canonical\" href=\"https:\/\/www.intoscana.it\/it\/la-fine-e-il-principio-le-opere-di-paolo-chiappini-in-mostra-a-manifattura-tabacchi\/\" \/>\n<meta property=\"og:locale\" content=\"it_IT\" \/>\n<meta property=\"og:type\" content=\"article\" \/>\n<meta property=\"og:title\" content=\"&quot;La fine \u00e8 il principio&quot; le opere di Paolo Chiappini in mostra a Manifattura Tabacchi\" \/>\n<meta property=\"og:description\" content=\"Dal 18 al 31 ottobre per la prima volta esposte le opere dell&#039;artista senese: 32 frammenti di esperienze eterogenee\" \/>\n<meta property=\"og:url\" content=\"https:\/\/www.intoscana.it\/it\/la-fine-e-il-principio-le-opere-di-paolo-chiappini-in-mostra-a-manifattura-tabacchi\/\" \/>\n<meta property=\"og:site_name\" content=\"intoscana\" \/>\n<meta property=\"article:publisher\" content=\"https:\/\/www.facebook.com\/intoscana.it\" \/>\n<meta property=\"article:published_time\" content=\"2023-10-11T07:47:43+00:00\" \/>\n<meta property=\"article:modified_time\" content=\"2023-10-19T08:17:23+00:00\" \/>\n<meta property=\"og:image\" content=\"https:\/\/www.intoscana.it\/wp-content\/uploads\/Paolo-Chiappini.jpg\" \/>\n\t<meta property=\"og:image:width\" content=\"960\" \/>\n\t<meta property=\"og:image:height\" content=\"960\" \/>\n\t<meta property=\"og:image:type\" content=\"image\/jpeg\" \/>\n<meta name=\"author\" content=\"Redazione\" \/>\n<meta name=\"twitter:card\" content=\"summary_large_image\" \/>\n<meta name=\"twitter:creator\" content=\"@intoscana\" \/>\n<meta name=\"twitter:site\" content=\"@intoscana\" \/>\n<meta name=\"twitter:label1\" content=\"Written by\" \/>\n\t<meta name=\"twitter:data1\" content=\"Redazione\" \/>\n\t<meta name=\"twitter:label2\" content=\"Est. reading time\" \/>\n\t<meta name=\"twitter:data2\" content=\"4 minuti\" \/>\n<script type=\"application\/ld+json\" class=\"yoast-schema-graph\">{\"@context\":\"https:\/\/schema.org\",\"@graph\":[{\"@type\":\"WebPage\",\"@id\":\"https:\/\/www.intoscana.it\/it\/la-fine-e-il-principio-le-opere-di-paolo-chiappini-in-mostra-a-manifattura-tabacchi\/\",\"url\":\"https:\/\/www.intoscana.it\/it\/la-fine-e-il-principio-le-opere-di-paolo-chiappini-in-mostra-a-manifattura-tabacchi\/\",\"name\":\"\\\"La fine \u00e8 il principio\\\" le opere di Paolo Chiappini in mostra a Manifattura Tabacchi - intoscana\",\"isPartOf\":{\"@id\":\"https:\/\/www.intoscana.it\/it\/#website\"},\"primaryImageOfPage\":{\"@id\":\"https:\/\/www.intoscana.it\/it\/la-fine-e-il-principio-le-opere-di-paolo-chiappini-in-mostra-a-manifattura-tabacchi\/#primaryimage\"},\"image\":{\"@id\":\"https:\/\/www.intoscana.it\/it\/la-fine-e-il-principio-le-opere-di-paolo-chiappini-in-mostra-a-manifattura-tabacchi\/#primaryimage\"},\"thumbnailUrl\":\"https:\/\/www.intoscana.it\/wp-content\/uploads\/Paolo-Chiappini.jpg\",\"datePublished\":\"2023-10-11T07:47:43+00:00\",\"dateModified\":\"2023-10-19T08:17:23+00:00\",\"author\":{\"@id\":\"https:\/\/www.intoscana.it\/it\/#\/schema\/person\/9223810753230f20bd670fdd322661f8\"},\"description\":\"Dal 18 al 31 ottobre per la prima volta esposte le opere dell'artista senese: 32 frammenti di esperienze eterogenee\",\"breadcrumb\":{\"@id\":\"https:\/\/www.intoscana.it\/it\/la-fine-e-il-principio-le-opere-di-paolo-chiappini-in-mostra-a-manifattura-tabacchi\/#breadcrumb\"},\"inLanguage\":\"it-IT\",\"potentialAction\":[{\"@type\":\"ReadAction\",\"target\":[\"https:\/\/www.intoscana.it\/it\/la-fine-e-il-principio-le-opere-di-paolo-chiappini-in-mostra-a-manifattura-tabacchi\/\"]}]},{\"@type\":\"ImageObject\",\"inLanguage\":\"it-IT\",\"@id\":\"https:\/\/www.intoscana.it\/it\/la-fine-e-il-principio-le-opere-di-paolo-chiappini-in-mostra-a-manifattura-tabacchi\/#primaryimage\",\"url\":\"https:\/\/www.intoscana.it\/wp-content\/uploads\/Paolo-Chiappini.jpg\",\"contentUrl\":\"https:\/\/www.intoscana.it\/wp-content\/uploads\/Paolo-Chiappini.jpg\",\"width\":960,\"height\":960,\"caption\":\"Paolo Chiappini\"},{\"@type\":\"BreadcrumbList\",\"@id\":\"https:\/\/www.intoscana.it\/it\/la-fine-e-il-principio-le-opere-di-paolo-chiappini-in-mostra-a-manifattura-tabacchi\/#breadcrumb\",\"itemListElement\":[{\"@type\":\"ListItem\",\"position\":1,\"name\":\"Home\",\"item\":\"https:\/\/www.intoscana.it\/it\/\"},{\"@type\":\"ListItem\",\"position\":2,\"name\":\"&#8220;La fine \u00e8 il principio&#8221; le opere di Paolo Chiappini in mostra a Manifattura Tabacchi\"}]},{\"@type\":\"WebSite\",\"@id\":\"https:\/\/www.intoscana.it\/it\/#website\",\"url\":\"https:\/\/www.intoscana.it\/it\/\",\"name\":\"intoscana\",\"description\":\"\",\"potentialAction\":[{\"@type\":\"SearchAction\",\"target\":{\"@type\":\"EntryPoint\",\"urlTemplate\":\"https:\/\/www.intoscana.it\/it\/?s={search_term_string}\"},\"query-input\":{\"@type\":\"PropertyValueSpecification\",\"valueRequired\":true,\"valueName\":\"search_term_string\"}}],\"inLanguage\":\"it-IT\"},{\"@type\":\"Person\",\"@id\":\"https:\/\/www.intoscana.it\/it\/#\/schema\/person\/9223810753230f20bd670fdd322661f8\",\"name\":\"Redazione\",\"url\":\"https:\/\/www.intoscana.it\/it\/author\/redazione\/\"}]}<\/script>\n<!-- \/ Yoast SEO Premium plugin. -->","yoast_head_json":{"title":"\"La fine \u00e8 il principio\" le opere di Paolo Chiappini in mostra a Manifattura Tabacchi - intoscana","description":"Dal 18 al 31 ottobre per la prima volta esposte le opere dell'artista senese: 32 frammenti di esperienze eterogenee","robots":{"index":"index","follow":"follow","max-snippet":"max-snippet:-1","max-image-preview":"max-image-preview:large","max-video-preview":"max-video-preview:-1"},"canonical":"https:\/\/www.intoscana.it\/it\/la-fine-e-il-principio-le-opere-di-paolo-chiappini-in-mostra-a-manifattura-tabacchi\/","og_locale":"it_IT","og_type":"article","og_title":"\"La fine \u00e8 il principio\" le opere di Paolo Chiappini in mostra a Manifattura Tabacchi","og_description":"Dal 18 al 31 ottobre per la prima volta esposte le opere dell'artista senese: 32 frammenti di esperienze eterogenee","og_url":"https:\/\/www.intoscana.it\/it\/la-fine-e-il-principio-le-opere-di-paolo-chiappini-in-mostra-a-manifattura-tabacchi\/","og_site_name":"intoscana","article_publisher":"https:\/\/www.facebook.com\/intoscana.it","article_published_time":"2023-10-11T07:47:43+00:00","article_modified_time":"2023-10-19T08:17:23+00:00","og_image":[{"width":960,"height":960,"url":"https:\/\/www.intoscana.it\/wp-content\/uploads\/Paolo-Chiappini.jpg","type":"image\/jpeg"}],"author":"Redazione","twitter_card":"summary_large_image","twitter_creator":"@intoscana","twitter_site":"@intoscana","twitter_misc":{"Written by":"Redazione","Est. reading time":"4 minuti"},"schema":{"@context":"https:\/\/schema.org","@graph":[{"@type":"WebPage","@id":"https:\/\/www.intoscana.it\/it\/la-fine-e-il-principio-le-opere-di-paolo-chiappini-in-mostra-a-manifattura-tabacchi\/","url":"https:\/\/www.intoscana.it\/it\/la-fine-e-il-principio-le-opere-di-paolo-chiappini-in-mostra-a-manifattura-tabacchi\/","name":"\"La fine \u00e8 il principio\" le opere di Paolo Chiappini in mostra a Manifattura Tabacchi - intoscana","isPartOf":{"@id":"https:\/\/www.intoscana.it\/it\/#website"},"primaryImageOfPage":{"@id":"https:\/\/www.intoscana.it\/it\/la-fine-e-il-principio-le-opere-di-paolo-chiappini-in-mostra-a-manifattura-tabacchi\/#primaryimage"},"image":{"@id":"https:\/\/www.intoscana.it\/it\/la-fine-e-il-principio-le-opere-di-paolo-chiappini-in-mostra-a-manifattura-tabacchi\/#primaryimage"},"thumbnailUrl":"https:\/\/www.intoscana.it\/wp-content\/uploads\/Paolo-Chiappini.jpg","datePublished":"2023-10-11T07:47:43+00:00","dateModified":"2023-10-19T08:17:23+00:00","author":{"@id":"https:\/\/www.intoscana.it\/it\/#\/schema\/person\/9223810753230f20bd670fdd322661f8"},"description":"Dal 18 al 31 ottobre per la prima volta esposte le opere dell'artista senese: 32 frammenti di esperienze eterogenee","breadcrumb":{"@id":"https:\/\/www.intoscana.it\/it\/la-fine-e-il-principio-le-opere-di-paolo-chiappini-in-mostra-a-manifattura-tabacchi\/#breadcrumb"},"inLanguage":"it-IT","potentialAction":[{"@type":"ReadAction","target":["https:\/\/www.intoscana.it\/it\/la-fine-e-il-principio-le-opere-di-paolo-chiappini-in-mostra-a-manifattura-tabacchi\/"]}]},{"@type":"ImageObject","inLanguage":"it-IT","@id":"https:\/\/www.intoscana.it\/it\/la-fine-e-il-principio-le-opere-di-paolo-chiappini-in-mostra-a-manifattura-tabacchi\/#primaryimage","url":"https:\/\/www.intoscana.it\/wp-content\/uploads\/Paolo-Chiappini.jpg","contentUrl":"https:\/\/www.intoscana.it\/wp-content\/uploads\/Paolo-Chiappini.jpg","width":960,"height":960,"caption":"Paolo Chiappini"},{"@type":"BreadcrumbList","@id":"https:\/\/www.intoscana.it\/it\/la-fine-e-il-principio-le-opere-di-paolo-chiappini-in-mostra-a-manifattura-tabacchi\/#breadcrumb","itemListElement":[{"@type":"ListItem","position":1,"name":"Home","item":"https:\/\/www.intoscana.it\/it\/"},{"@type":"ListItem","position":2,"name":"&#8220;La fine \u00e8 il principio&#8221; le opere di Paolo Chiappini in mostra a Manifattura Tabacchi"}]},{"@type":"WebSite","@id":"https:\/\/www.intoscana.it\/it\/#website","url":"https:\/\/www.intoscana.it\/it\/","name":"intoscana","description":"","potentialAction":[{"@type":"SearchAction","target":{"@type":"EntryPoint","urlTemplate":"https:\/\/www.intoscana.it\/it\/?s={search_term_string}"},"query-input":{"@type":"PropertyValueSpecification","valueRequired":true,"valueName":"search_term_string"}}],"inLanguage":"it-IT"},{"@type":"Person","@id":"https:\/\/www.intoscana.it\/it\/#\/schema\/person\/9223810753230f20bd670fdd322661f8","name":"Redazione","url":"https:\/\/www.intoscana.it\/it\/author\/redazione\/"}]}},"_links":{"self":[{"href":"https:\/\/www.intoscana.it\/it\/wp-json\/wp\/v2\/posts\/309135","targetHints":{"allow":["GET"]}}],"collection":[{"href":"https:\/\/www.intoscana.it\/it\/wp-json\/wp\/v2\/posts"}],"about":[{"href":"https:\/\/www.intoscana.it\/it\/wp-json\/wp\/v2\/types\/post"}],"author":[{"embeddable":true,"href":"https:\/\/www.intoscana.it\/it\/wp-json\/wp\/v2\/users\/525"}],"replies":[{"embeddable":true,"href":"https:\/\/www.intoscana.it\/it\/wp-json\/wp\/v2\/comments?post=309135"}],"version-history":[{"count":0,"href":"https:\/\/www.intoscana.it\/it\/wp-json\/wp\/v2\/posts\/309135\/revisions"}],"wp:featuredmedia":[{"embeddable":true,"href":"https:\/\/www.intoscana.it\/it\/wp-json\/wp\/v2\/media\/309141"}],"wp:attachment":[{"href":"https:\/\/www.intoscana.it\/it\/wp-json\/wp\/v2\/media?parent=309135"}],"wp:term":[{"taxonomy":"category","embeddable":true,"href":"https:\/\/www.intoscana.it\/it\/wp-json\/wp\/v2\/categories?post=309135"},{"taxonomy":"post_tag","embeddable":true,"href":"https:\/\/www.intoscana.it\/it\/wp-json\/wp\/v2\/tags?post=309135"}],"curies":[{"name":"wp","href":"https:\/\/api.w.org\/{rel}","templated":true}]}}