{"id":309162,"date":"2023-10-11T11:18:52","date_gmt":"2023-10-11T09:18:52","guid":{"rendered":"https:\/\/www.intoscana.it\/it\/?p=309162"},"modified":"2023-10-11T12:11:37","modified_gmt":"2023-10-11T10:11:37","slug":"pitti-uomo-105-luca-magliano","status":"publish","type":"post","link":"https:\/\/www.intoscana.it\/it\/pitti-uomo-105-luca-magliano\/","title":{"rendered":"Aspettando Pitti Uomo n.105, in passerella &#8220;torna&#8221; Luca Magliano: \u00e8 lui il primo special guest designer"},"content":{"rendered":"<p>Iniziano i preparativi per la prossima edizione di <strong>Pitti Uomo a Firenze<\/strong>. La blasonata kermesse della moda sar\u00e0 protagonista a Firenze dal 9 al 12 gennaio 2024. In vista del taglio del nastro per l&#8217;edizione 105 \u00e8 stato annunciato il primo special guest designer.<\/p>\n<p>Si tratta di <strong>Luca Magliano<\/strong>, anima del brand &#8220;<strong>Magliano<\/strong>&#8220;, da lui fondato nel 2017 con sede a Bologna. Classe 1987, Luca Magliano \u00e8 un designer di origini bolognesi. Il palco di Pitti per lui \u00e8 un ritorno, fu infatti vincitore di Who\u2019s Next 2017 e fu Pitti Italics nel 2018 con la sfilata dal titolo \u201cGuardaroba per Uomo Innamorato\u201d. A gennaio torner\u00e0 per organizzare una super sfilata, la location per\u00f2 \u00e8 ancora top secret .<\/p>\n<p>\u201cCi sono almeno tre buoni motivi \u2013 ha detto <strong>Lapo Cianchi,<\/strong> direttore comunicazione e eventi di Pitti Immagine &#8211; per cui abbiamo proposto a Magliano di sfilare a Firenze, d\u2019accordo con Camera della Moda, come guest designer della prossima edizione di Pitti Uomo. Il primo \u00e8 che <mark>Luca si distingue per la capacit\u00e0 di modellare in maniera originale i canoni culturali e sociali di solito associati alla moda italiana <\/mark>: un elemento centrale in questo senso \u00e8 la sua inclinazione verso un lavoro realmente collettivo. Il secondo \u00e8 che ci sembra interessante, quando possibile, scandire periodicamente il tempo \u2013 la carriera, l\u2019evoluzione stilistica &#8211; dei designer che hanno esordito pubblicamente a Pitti Uomo \u00a0e che si sono poi affermati a livello internazionale. Il terzo \u00e8 che ci piace la persona, la sua generosit\u00e0 e il suo entusiasmo, la sua colta semplicit\u00e0. Da vero emiliano\u201d.<\/p>\n<p>Dal 2018 Magliano presenta regolarmente le proprie collezioni in passerella durante la settimana della moda di Milano. Gran parte dell\u2019immaginario del marchio \u00e8 alimentato dal concetto di \u201cprovincia\u201d, un sistema diffuso di paesaggi bellissimi e di aree periferiche, dove le persone parlano il dialetto e dove accadono cose magiche. <mark>Magliano permea gli elementi fondamentali dell&#8217;abbigliamento maschile con una peculiare attitudine dark, insolita e scompigliata, per renderlo un codice genderless del tutto naturale. Il suo design \u00e8 minimale e al tempo stesso caotico, il suo stile rappresenta la quintessenza dell\u2019italianit\u00e0 <\/mark>.<br \/>\nNel 2023 il brand ha ricevuto il premio LVMH Karl Lagerfeld.<\/p>\n<p>\u201cPitti \u00e8 dove il nostro progetto si \u00e8 manifestato per la prima volta cinque anni fa, con quella enorme montagna di rose rosse che a pensarci adesso mi d\u00e0 un gran senso di vertigine e di tenerezza &#8211;<strong> ha raccontato il designer<\/strong> &#8211; come guardarsi allo specchio dopo tempo e ritrovare le cose importanti, anche se intanto \u00e8 successo di tutto. Questo ritorno a casa, da persone a cui vuoi bene e che stimi, mi riempie di gioia. E\u2019 l\u2019occasione ideale per immaginarci al futuro, pi\u00f9 Magliano che mai.\u201d<\/p>\n","protected":false},"excerpt":{"rendered":"<p>Classe 1987, Luca Magliano \u00e8 un designer di origini bolognesi. Nel 2017 proprio a Pitti present\u00f2 per la prima volta il suo brand, da allora \u00e8 una presenza fissa sulle passerelle della settimana della moda di Milano<\/p>\n","protected":false},"author":503,"featured_media":309165,"comment_status":"open","ping_status":"open","sticky":false,"template":"","format":"standard","meta":{"_acf_changed":false,"footnotes":""},"categories":[9],"tags":[388,189,403,364],"class_list":["post-309162","post","type-post","status-publish","format-standard","has-post-thumbnail","hentry","category-made-in-toscana","tag-eventi-a-firenze","tag-moda","tag-pitti-immagine","tag-pitti-uomo"],"acf":[],"yoast_head":"<!-- This site is optimized with the Yoast SEO Premium plugin v24.2 (Yoast SEO v25.6) - https:\/\/yoast.com\/wordpress\/plugins\/seo\/ -->\n<title>Pitti Uomo, in passerella &quot;torna&quot; Luca Magliano: \u00e8 lui il primo special guest designer<\/title>\n<meta name=\"description\" content=\"Classe 1987, Luca Magliano \u00e8 un designer di origini bolognesi. Nel 2017 proprio a Pitti present\u00f2 per la prima volta il suo brand\" \/>\n<meta name=\"robots\" content=\"index, follow, max-snippet:-1, max-image-preview:large, max-video-preview:-1\" \/>\n<link rel=\"canonical\" href=\"https:\/\/www.intoscana.it\/it\/pitti-uomo-105-luca-magliano\/\" \/>\n<meta property=\"og:locale\" content=\"it_IT\" \/>\n<meta property=\"og:type\" content=\"article\" \/>\n<meta property=\"og:title\" content=\"Aspettando Pitti Uomo n.105, in passerella &quot;torna&quot; Luca Magliano: \u00e8 lui il primo special guest designer\" \/>\n<meta property=\"og:description\" content=\"Classe 1987, Luca Magliano \u00e8 un designer di origini bolognesi. Nel 2017 proprio a Pitti present\u00f2 per la prima volta il suo brand\" \/>\n<meta property=\"og:url\" content=\"https:\/\/www.intoscana.it\/it\/pitti-uomo-105-luca-magliano\/\" \/>\n<meta property=\"og:site_name\" content=\"intoscana\" \/>\n<meta property=\"article:publisher\" content=\"https:\/\/www.facebook.com\/intoscana.it\" \/>\n<meta property=\"article:published_time\" content=\"2023-10-11T09:18:52+00:00\" \/>\n<meta property=\"article:modified_time\" content=\"2023-10-11T10:11:37+00:00\" \/>\n<meta property=\"og:image\" content=\"https:\/\/www.intoscana.it\/wp-content\/uploads\/magliano-2-1666617531.jpeg\" \/>\n\t<meta property=\"og:image:width\" content=\"980\" \/>\n\t<meta property=\"og:image:height\" content=\"653\" \/>\n\t<meta property=\"og:image:type\" content=\"image\/jpeg\" \/>\n<meta name=\"author\" content=\"Giulia Rafanelli\" \/>\n<meta name=\"twitter:card\" content=\"summary_large_image\" \/>\n<meta name=\"twitter:creator\" content=\"@intoscana\" \/>\n<meta name=\"twitter:site\" content=\"@intoscana\" \/>\n<meta name=\"twitter:label1\" content=\"Written by\" \/>\n\t<meta name=\"twitter:data1\" content=\"Giulia Rafanelli\" \/>\n\t<meta name=\"twitter:label2\" content=\"Est. reading time\" \/>\n\t<meta name=\"twitter:data2\" content=\"2 minuti\" \/>\n<script type=\"application\/ld+json\" class=\"yoast-schema-graph\">{\"@context\":\"https:\/\/schema.org\",\"@graph\":[{\"@type\":\"WebPage\",\"@id\":\"https:\/\/www.intoscana.it\/it\/pitti-uomo-105-luca-magliano\/\",\"url\":\"https:\/\/www.intoscana.it\/it\/pitti-uomo-105-luca-magliano\/\",\"name\":\"Pitti Uomo, in passerella \\\"torna\\\" Luca Magliano: \u00e8 lui il primo special guest designer\",\"isPartOf\":{\"@id\":\"https:\/\/www.intoscana.it\/it\/#website\"},\"primaryImageOfPage\":{\"@id\":\"https:\/\/www.intoscana.it\/it\/pitti-uomo-105-luca-magliano\/#primaryimage\"},\"image\":{\"@id\":\"https:\/\/www.intoscana.it\/it\/pitti-uomo-105-luca-magliano\/#primaryimage\"},\"thumbnailUrl\":\"https:\/\/www.intoscana.it\/wp-content\/uploads\/magliano-2-1666617531.jpeg\",\"datePublished\":\"2023-10-11T09:18:52+00:00\",\"dateModified\":\"2023-10-11T10:11:37+00:00\",\"author\":{\"@id\":\"https:\/\/www.intoscana.it\/it\/#\/schema\/person\/333569b367b301e30262defcea56c939\"},\"description\":\"Classe 1987, Luca Magliano \u00e8 un designer di origini bolognesi. Nel 2017 proprio a Pitti present\u00f2 per la prima volta il suo brand\",\"breadcrumb\":{\"@id\":\"https:\/\/www.intoscana.it\/it\/pitti-uomo-105-luca-magliano\/#breadcrumb\"},\"inLanguage\":\"it-IT\",\"potentialAction\":[{\"@type\":\"ReadAction\",\"target\":[\"https:\/\/www.intoscana.it\/it\/pitti-uomo-105-luca-magliano\/\"]}]},{\"@type\":\"ImageObject\",\"inLanguage\":\"it-IT\",\"@id\":\"https:\/\/www.intoscana.it\/it\/pitti-uomo-105-luca-magliano\/#primaryimage\",\"url\":\"https:\/\/www.intoscana.it\/wp-content\/uploads\/magliano-2-1666617531.jpeg\",\"contentUrl\":\"https:\/\/www.intoscana.it\/wp-content\/uploads\/magliano-2-1666617531.jpeg\",\"width\":980,\"height\":653,\"caption\":\"Magliano primavera estate 2023\"},{\"@type\":\"BreadcrumbList\",\"@id\":\"https:\/\/www.intoscana.it\/it\/pitti-uomo-105-luca-magliano\/#breadcrumb\",\"itemListElement\":[{\"@type\":\"ListItem\",\"position\":1,\"name\":\"Home\",\"item\":\"https:\/\/www.intoscana.it\/it\/\"},{\"@type\":\"ListItem\",\"position\":2,\"name\":\"Aspettando Pitti Uomo n.105, in passerella &#8220;torna&#8221; Luca Magliano: \u00e8 lui il primo special guest designer\"}]},{\"@type\":\"WebSite\",\"@id\":\"https:\/\/www.intoscana.it\/it\/#website\",\"url\":\"https:\/\/www.intoscana.it\/it\/\",\"name\":\"intoscana\",\"description\":\"\",\"potentialAction\":[{\"@type\":\"SearchAction\",\"target\":{\"@type\":\"EntryPoint\",\"urlTemplate\":\"https:\/\/www.intoscana.it\/it\/?s={search_term_string}\"},\"query-input\":{\"@type\":\"PropertyValueSpecification\",\"valueRequired\":true,\"valueName\":\"search_term_string\"}}],\"inLanguage\":\"it-IT\"},{\"@type\":\"Person\",\"@id\":\"https:\/\/www.intoscana.it\/it\/#\/schema\/person\/333569b367b301e30262defcea56c939\",\"name\":\"Giulia Rafanelli\",\"url\":\"https:\/\/www.intoscana.it\/it\/author\/giulia-rafanelli\/\"}]}<\/script>\n<!-- \/ Yoast SEO Premium plugin. -->","yoast_head_json":{"title":"Pitti Uomo, in passerella \"torna\" Luca Magliano: \u00e8 lui il primo special guest designer","description":"Classe 1987, Luca Magliano \u00e8 un designer di origini bolognesi. Nel 2017 proprio a Pitti present\u00f2 per la prima volta il suo brand","robots":{"index":"index","follow":"follow","max-snippet":"max-snippet:-1","max-image-preview":"max-image-preview:large","max-video-preview":"max-video-preview:-1"},"canonical":"https:\/\/www.intoscana.it\/it\/pitti-uomo-105-luca-magliano\/","og_locale":"it_IT","og_type":"article","og_title":"Aspettando Pitti Uomo n.105, in passerella \"torna\" Luca Magliano: \u00e8 lui il primo special guest designer","og_description":"Classe 1987, Luca Magliano \u00e8 un designer di origini bolognesi. Nel 2017 proprio a Pitti present\u00f2 per la prima volta il suo brand","og_url":"https:\/\/www.intoscana.it\/it\/pitti-uomo-105-luca-magliano\/","og_site_name":"intoscana","article_publisher":"https:\/\/www.facebook.com\/intoscana.it","article_published_time":"2023-10-11T09:18:52+00:00","article_modified_time":"2023-10-11T10:11:37+00:00","og_image":[{"width":980,"height":653,"url":"https:\/\/www.intoscana.it\/wp-content\/uploads\/magliano-2-1666617531.jpeg","type":"image\/jpeg"}],"author":"Giulia Rafanelli","twitter_card":"summary_large_image","twitter_creator":"@intoscana","twitter_site":"@intoscana","twitter_misc":{"Written by":"Giulia Rafanelli","Est. reading time":"2 minuti"},"schema":{"@context":"https:\/\/schema.org","@graph":[{"@type":"WebPage","@id":"https:\/\/www.intoscana.it\/it\/pitti-uomo-105-luca-magliano\/","url":"https:\/\/www.intoscana.it\/it\/pitti-uomo-105-luca-magliano\/","name":"Pitti Uomo, in passerella \"torna\" Luca Magliano: \u00e8 lui il primo special guest designer","isPartOf":{"@id":"https:\/\/www.intoscana.it\/it\/#website"},"primaryImageOfPage":{"@id":"https:\/\/www.intoscana.it\/it\/pitti-uomo-105-luca-magliano\/#primaryimage"},"image":{"@id":"https:\/\/www.intoscana.it\/it\/pitti-uomo-105-luca-magliano\/#primaryimage"},"thumbnailUrl":"https:\/\/www.intoscana.it\/wp-content\/uploads\/magliano-2-1666617531.jpeg","datePublished":"2023-10-11T09:18:52+00:00","dateModified":"2023-10-11T10:11:37+00:00","author":{"@id":"https:\/\/www.intoscana.it\/it\/#\/schema\/person\/333569b367b301e30262defcea56c939"},"description":"Classe 1987, Luca Magliano \u00e8 un designer di origini bolognesi. Nel 2017 proprio a Pitti present\u00f2 per la prima volta il suo brand","breadcrumb":{"@id":"https:\/\/www.intoscana.it\/it\/pitti-uomo-105-luca-magliano\/#breadcrumb"},"inLanguage":"it-IT","potentialAction":[{"@type":"ReadAction","target":["https:\/\/www.intoscana.it\/it\/pitti-uomo-105-luca-magliano\/"]}]},{"@type":"ImageObject","inLanguage":"it-IT","@id":"https:\/\/www.intoscana.it\/it\/pitti-uomo-105-luca-magliano\/#primaryimage","url":"https:\/\/www.intoscana.it\/wp-content\/uploads\/magliano-2-1666617531.jpeg","contentUrl":"https:\/\/www.intoscana.it\/wp-content\/uploads\/magliano-2-1666617531.jpeg","width":980,"height":653,"caption":"Magliano primavera estate 2023"},{"@type":"BreadcrumbList","@id":"https:\/\/www.intoscana.it\/it\/pitti-uomo-105-luca-magliano\/#breadcrumb","itemListElement":[{"@type":"ListItem","position":1,"name":"Home","item":"https:\/\/www.intoscana.it\/it\/"},{"@type":"ListItem","position":2,"name":"Aspettando Pitti Uomo n.105, in passerella &#8220;torna&#8221; Luca Magliano: \u00e8 lui il primo special guest designer"}]},{"@type":"WebSite","@id":"https:\/\/www.intoscana.it\/it\/#website","url":"https:\/\/www.intoscana.it\/it\/","name":"intoscana","description":"","potentialAction":[{"@type":"SearchAction","target":{"@type":"EntryPoint","urlTemplate":"https:\/\/www.intoscana.it\/it\/?s={search_term_string}"},"query-input":{"@type":"PropertyValueSpecification","valueRequired":true,"valueName":"search_term_string"}}],"inLanguage":"it-IT"},{"@type":"Person","@id":"https:\/\/www.intoscana.it\/it\/#\/schema\/person\/333569b367b301e30262defcea56c939","name":"Giulia Rafanelli","url":"https:\/\/www.intoscana.it\/it\/author\/giulia-rafanelli\/"}]}},"_links":{"self":[{"href":"https:\/\/www.intoscana.it\/it\/wp-json\/wp\/v2\/posts\/309162","targetHints":{"allow":["GET"]}}],"collection":[{"href":"https:\/\/www.intoscana.it\/it\/wp-json\/wp\/v2\/posts"}],"about":[{"href":"https:\/\/www.intoscana.it\/it\/wp-json\/wp\/v2\/types\/post"}],"author":[{"embeddable":true,"href":"https:\/\/www.intoscana.it\/it\/wp-json\/wp\/v2\/users\/503"}],"replies":[{"embeddable":true,"href":"https:\/\/www.intoscana.it\/it\/wp-json\/wp\/v2\/comments?post=309162"}],"version-history":[{"count":0,"href":"https:\/\/www.intoscana.it\/it\/wp-json\/wp\/v2\/posts\/309162\/revisions"}],"wp:featuredmedia":[{"embeddable":true,"href":"https:\/\/www.intoscana.it\/it\/wp-json\/wp\/v2\/media\/309165"}],"wp:attachment":[{"href":"https:\/\/www.intoscana.it\/it\/wp-json\/wp\/v2\/media?parent=309162"}],"wp:term":[{"taxonomy":"category","embeddable":true,"href":"https:\/\/www.intoscana.it\/it\/wp-json\/wp\/v2\/categories?post=309162"},{"taxonomy":"post_tag","embeddable":true,"href":"https:\/\/www.intoscana.it\/it\/wp-json\/wp\/v2\/tags?post=309162"}],"curies":[{"name":"wp","href":"https:\/\/api.w.org\/{rel}","templated":true}]}}