{"id":309346,"date":"2023-10-12T12:11:32","date_gmt":"2023-10-12T10:11:32","guid":{"rendered":"https:\/\/www.intoscana.it\/it\/?p=309346"},"modified":"2023-10-21T14:49:26","modified_gmt":"2023-10-21T12:49:26","slug":"cantautori-creator-istituzioni-e-idoli-teen-sul-palco-del-next-generation-fest","status":"publish","type":"post","link":"https:\/\/www.intoscana.it\/it\/cantautori-creator-istituzioni-e-idoli-teen-sul-palco-del-next-generation-fest\/","title":{"rendered":"Cantautori, creator, volti tv, idoli teen e istituzioni sul palco del Next Generation Fest"},"content":{"rendered":"<p><strong>Cantautori, content creator, rappresentanti delle Istituzioni, volti tv e idoli teen<\/strong> tutti su uno stesso palco.<\/p>\n<p><strong>Al Teatro del Maggio Musicale Fiorentino<\/strong> torna <strong>Next Generation Fest,<\/strong> evento organizzato dalla P<strong>residenza della Regione Toscana e Giovanis\u00ec,<\/strong> progetto regionale per l\u2019autonomia dei giovani, e finanziato interamente dalla Presidenza del Consiglio dei Ministri (Dipartimento per le Politiche Giovanili e il Servizio civile universale).<\/p>\n<p><strong>Una maratona di 13 ore,<\/strong> dalle 10 di mattina alle 11 di sera, tra <strong>live performance, testimonianze, interviste per ispirare la GenZ<\/strong>. L\u2019ingresso \u00e8 libero, con prenotazione online sul sito <a href=\"https:\/\/giovanisi.it\/nextgenerationfest\/\" target=\"_blank\" rel=\"noopener\"><strong>giovanisi.it.<\/strong><\/a><\/p>\n<h3>Gli ospiti del Next Generation Fest 2023<\/h3>\n<p><strong>Oltre 60 gli speaker<\/strong> che si alterneranno sul main stage, tra cui il cantante<strong> Ermal Meta,<\/strong> la ballerina e coreografa<strong> Elena D\u2019Amario<\/strong>, l\u2019attore e conduttore tv<strong> Claudio Bisio,<\/strong> la conduttrice e creator <strong>Aurora Ramazzotti<\/strong>, lo chef e volto tv <strong>Alessandro Borghese<\/strong>, la scrittrice e autrice <strong>Carlotta Vagnoli.<\/strong><\/p>\n<p><strong>E poi Andrea Moccia,<\/strong> fondatore e direttore editoriale di Geopop, la star di TikTok da 10 milioni di follower e conduttrice radiofonica<strong> Jessica Brugali,<\/strong> il biologo molecolare <strong>Sammy Basso,<\/strong> i cantanti e idoli teen<strong> Leo Gassman, gIANMARIA, Olly e Sethu<\/strong>, l\u2019attrice e comica <strong>Michela Giraud,<\/strong> ma anche il reparto corse &#8211; racing team dell\u2019Universit\u00e0 di Firenze e dell\u2019Universit\u00e0 di Pisa, il Ministro per lo sport e i giovani <strong>Andrea Abodi.<\/strong><\/p>\n<p>Ci saranno anche il Commissario Straordinario Agenzia Italiana per la Giovent\u00f9 <strong>Federica Celestini Campanari,<\/strong> il presidente della Regione Toscana <strong>Eugenio Giani<\/strong> e il giovane portavoce <strong>Bernard Dika,<\/strong> che ha contribuito a ideare la manifestazione.<\/p>\n<p>Si alterneranno alla conduzione <strong>Veronica Maffei<\/strong>, giornalista, <strong>Gabriele Vagnato<\/strong>, comico e creator e la cestista <strong>Valentina Vignali.<\/strong><\/p>\n<figure id=\"post-309347 media-309347\" class=\"align-none\"><img decoding=\"async\" src=\"https:\/\/www.intoscana.it\/wp-content\/uploads\/Alessandro-Borghese-scaled.jpeg\" alt=\"\" \/><\/figure>\n<div class=\"titleimg\"><em>Alessandro Borghese<\/em><\/div>\n<p>Sar\u00e0 un evento unico nel panorama nazionale, reso possibile anche grazie al grande <strong>successo della prima edizione, nel 2022,<\/strong> che vide la partecipazione di 5000 ragazze e ragazzi.<\/p>\n<p><strong>L\u2019edizione 2023 di Next Generation Fest<\/strong> si inserisce nella programmazione dell\u2019Anno europeo delle competenze, promosso dalla<strong> Commissione Europea,<\/strong> che ha tra gli obiettivi quello di abbinare le aspirazioni e le competenze delle persone in cerca di occupazione con le opportunit\u00e0 offerte dal mercato del lavoro.<\/p>\n<p>Ma <strong>Next Generation Fest 2023<\/strong> sar\u00e0 anche l\u2019occasione per celebrare il<strong> 75^ anniversario della Costituzione italiana:<\/strong> per questo al Maggio si parler\u00e0 di diritto al lavoro, di libert\u00e0 individuali, dei diritti inviolabili dell\u2019uomo e di sviluppo della cultura.<\/p>\n<p>Per la giornata il Teatro del Maggio Musicale Fiorentino ospiter\u00e0 anche <strong>NGF Village,<\/strong> palco pi\u00f9 intimo che accoglier\u00e0 alcuni ospiti per interviste e foto, ma anche rappresentanti delle istituzioni e della societ\u00e0 civile, pronti a dare il proprio contributo motivazionale.<\/p>\n<p>Un\u2019altra area sar\u00e0 dedicata a <strong>NGF Expo, con stand di enti regionali, nazionali e europei<\/strong> per informarsi su bandi e opportunit\u00e0, mentre al match tra giovani e imprese penser\u00e0 NGF Job a cura di Arti (Agenzia Regionale Toscana per l\u2019Impiego). A disposizione durante l\u2019intera durata della manifestazione <strong>food truck con prodotti locali.<\/strong><\/p>\n<p>L\u2019evento \u00e8 organizzato in collaborazione con<strong> Fondazione Sistema Toscana e Teatro del Maggio Fiorentino,<\/strong> sotto l\u2019alto patrocinio del Parlamento europeo. Numerosi i partner: Agenzia Italiana per la Giovent\u00f9, Consiglio Nazionale dei Giovani, Banca d\u2019Italia con il progetto per l&#8217;educazione finanziaria<strong><em> \u201cL\u2019Economia per tutti\u201d,<\/em> <\/strong>Arti \u2013 Agenzia Regionale Toscana per l\u2019impiego, Treedom e Search on Media Group. L\u2019iniziativa gode della Media Partnership di Rai, Ansa, Qn La Nazione, Luce!, <strong>intoscana,<\/strong> Il Tirreno. Con il patrocinio di <strong>Rai Toscana.<\/strong><\/p>\n<figure id=\"post-309353 media-309353\" class=\"align-none\"><img decoding=\"async\" src=\"https:\/\/www.intoscana.it\/wp-content\/uploads\/Locandina-Next-Generation-Fest.jpg\" alt=\"\" \/><\/figure>\n","protected":false},"excerpt":{"rendered":"<p>Sabato 21 ottobre 2023 al Teatro del Maggio Fiorentino torna l\u2019evento organizzato dalla Presidenza della Regione Toscana e Giovanis\u00ec: oltre 60 ospiti tra cui Ermal Meta, Leo Gassman, Claudio Bisio, Aurora Ramazzotti, Andrea Abodi, Eugenio Giani per 13 ore di live<\/p>\n","protected":false},"author":525,"featured_media":310664,"comment_status":"open","ping_status":"open","sticky":false,"template":"","format":"standard","meta":{"_acf_changed":false,"footnotes":""},"categories":[494],"tags":[244,6547,151],"class_list":["post-309346","post","type-post","status-publish","format-standard","has-post-thumbnail","hentry","category-attualita","tag-giovanisi","tag-next-generation-fest","tag-regione-toscana"],"acf":[],"yoast_head":"<!-- This site is optimized with the Yoast SEO Premium plugin v24.2 (Yoast SEO v25.6) - https:\/\/yoast.com\/wordpress\/plugins\/seo\/ -->\n<title>Cantautori, creator, volti tv, idoli teen e istituzioni sul palco del Next Generation Fest - intoscana<\/title>\n<meta name=\"description\" content=\"Sabato 21 ottobre 2023 al Teatro del Maggio Fiorentino a Firenze la 2\/a edizione dell\u2019evento organizzato dalla Regione Toscana\" \/>\n<meta name=\"robots\" content=\"index, follow, max-snippet:-1, max-image-preview:large, max-video-preview:-1\" \/>\n<link rel=\"canonical\" href=\"https:\/\/www.intoscana.it\/it\/cantautori-creator-istituzioni-e-idoli-teen-sul-palco-del-next-generation-fest\/\" \/>\n<meta property=\"og:locale\" content=\"it_IT\" \/>\n<meta property=\"og:type\" content=\"article\" \/>\n<meta property=\"og:title\" content=\"Cantautori, creator, volti tv, idoli teen e istituzioni sul palco del Next Generation Fest\" \/>\n<meta property=\"og:description\" content=\"Sabato 21 ottobre 2023 al Teatro del Maggio Fiorentino a Firenze la 2\/a edizione dell\u2019evento organizzato dalla Regione Toscana\" \/>\n<meta property=\"og:url\" content=\"https:\/\/www.intoscana.it\/it\/cantautori-creator-istituzioni-e-idoli-teen-sul-palco-del-next-generation-fest\/\" \/>\n<meta property=\"og:site_name\" content=\"intoscana\" \/>\n<meta property=\"article:publisher\" content=\"https:\/\/www.facebook.com\/intoscana.it\" \/>\n<meta property=\"article:published_time\" content=\"2023-10-12T10:11:32+00:00\" \/>\n<meta property=\"article:modified_time\" content=\"2023-10-21T12:49:26+00:00\" \/>\n<meta property=\"og:image\" content=\"https:\/\/www.intoscana.it\/wp-content\/uploads\/PLR_5295-scaled.jpg\" \/>\n\t<meta property=\"og:image:width\" content=\"2048\" \/>\n\t<meta property=\"og:image:height\" content=\"1365\" \/>\n\t<meta property=\"og:image:type\" content=\"image\/jpeg\" \/>\n<meta name=\"author\" content=\"Redazione\" \/>\n<meta name=\"twitter:card\" content=\"summary_large_image\" \/>\n<meta name=\"twitter:creator\" content=\"@intoscana\" \/>\n<meta name=\"twitter:site\" content=\"@intoscana\" \/>\n<meta name=\"twitter:label1\" content=\"Written by\" \/>\n\t<meta name=\"twitter:data1\" content=\"Redazione\" \/>\n\t<meta name=\"twitter:label2\" content=\"Est. reading time\" \/>\n\t<meta name=\"twitter:data2\" content=\"3 minuti\" \/>\n<script type=\"application\/ld+json\" class=\"yoast-schema-graph\">{\"@context\":\"https:\/\/schema.org\",\"@graph\":[{\"@type\":\"WebPage\",\"@id\":\"https:\/\/www.intoscana.it\/it\/cantautori-creator-istituzioni-e-idoli-teen-sul-palco-del-next-generation-fest\/\",\"url\":\"https:\/\/www.intoscana.it\/it\/cantautori-creator-istituzioni-e-idoli-teen-sul-palco-del-next-generation-fest\/\",\"name\":\"Cantautori, creator, volti tv, idoli teen e istituzioni sul palco del Next Generation Fest - intoscana\",\"isPartOf\":{\"@id\":\"https:\/\/www.intoscana.it\/it\/#website\"},\"primaryImageOfPage\":{\"@id\":\"https:\/\/www.intoscana.it\/it\/cantautori-creator-istituzioni-e-idoli-teen-sul-palco-del-next-generation-fest\/#primaryimage\"},\"image\":{\"@id\":\"https:\/\/www.intoscana.it\/it\/cantautori-creator-istituzioni-e-idoli-teen-sul-palco-del-next-generation-fest\/#primaryimage\"},\"thumbnailUrl\":\"https:\/\/www.intoscana.it\/wp-content\/uploads\/PLR_5295-scaled.jpg\",\"datePublished\":\"2023-10-12T10:11:32+00:00\",\"dateModified\":\"2023-10-21T12:49:26+00:00\",\"author\":{\"@id\":\"https:\/\/www.intoscana.it\/it\/#\/schema\/person\/9223810753230f20bd670fdd322661f8\"},\"description\":\"Sabato 21 ottobre 2023 al Teatro del Maggio Fiorentino a Firenze la 2\/a edizione dell\u2019evento organizzato dalla Regione Toscana\",\"breadcrumb\":{\"@id\":\"https:\/\/www.intoscana.it\/it\/cantautori-creator-istituzioni-e-idoli-teen-sul-palco-del-next-generation-fest\/#breadcrumb\"},\"inLanguage\":\"it-IT\",\"potentialAction\":[{\"@type\":\"ReadAction\",\"target\":[\"https:\/\/www.intoscana.it\/it\/cantautori-creator-istituzioni-e-idoli-teen-sul-palco-del-next-generation-fest\/\"]}]},{\"@type\":\"ImageObject\",\"inLanguage\":\"it-IT\",\"@id\":\"https:\/\/www.intoscana.it\/it\/cantautori-creator-istituzioni-e-idoli-teen-sul-palco-del-next-generation-fest\/#primaryimage\",\"url\":\"https:\/\/www.intoscana.it\/wp-content\/uploads\/PLR_5295-scaled.jpg\",\"contentUrl\":\"https:\/\/www.intoscana.it\/wp-content\/uploads\/PLR_5295-scaled.jpg\",\"width\":2048,\"height\":1365,\"caption\":\"Matteo Paolillo\"},{\"@type\":\"BreadcrumbList\",\"@id\":\"https:\/\/www.intoscana.it\/it\/cantautori-creator-istituzioni-e-idoli-teen-sul-palco-del-next-generation-fest\/#breadcrumb\",\"itemListElement\":[{\"@type\":\"ListItem\",\"position\":1,\"name\":\"Home\",\"item\":\"https:\/\/www.intoscana.it\/it\/\"},{\"@type\":\"ListItem\",\"position\":2,\"name\":\"Cantautori, creator, volti tv, idoli teen e istituzioni sul palco del Next Generation Fest\"}]},{\"@type\":\"WebSite\",\"@id\":\"https:\/\/www.intoscana.it\/it\/#website\",\"url\":\"https:\/\/www.intoscana.it\/it\/\",\"name\":\"intoscana\",\"description\":\"\",\"potentialAction\":[{\"@type\":\"SearchAction\",\"target\":{\"@type\":\"EntryPoint\",\"urlTemplate\":\"https:\/\/www.intoscana.it\/it\/?s={search_term_string}\"},\"query-input\":{\"@type\":\"PropertyValueSpecification\",\"valueRequired\":true,\"valueName\":\"search_term_string\"}}],\"inLanguage\":\"it-IT\"},{\"@type\":\"Person\",\"@id\":\"https:\/\/www.intoscana.it\/it\/#\/schema\/person\/9223810753230f20bd670fdd322661f8\",\"name\":\"Redazione\",\"url\":\"https:\/\/www.intoscana.it\/it\/author\/redazione\/\"}]}<\/script>\n<!-- \/ Yoast SEO Premium plugin. -->","yoast_head_json":{"title":"Cantautori, creator, volti tv, idoli teen e istituzioni sul palco del Next Generation Fest - intoscana","description":"Sabato 21 ottobre 2023 al Teatro del Maggio Fiorentino a Firenze la 2\/a edizione dell\u2019evento organizzato dalla Regione Toscana","robots":{"index":"index","follow":"follow","max-snippet":"max-snippet:-1","max-image-preview":"max-image-preview:large","max-video-preview":"max-video-preview:-1"},"canonical":"https:\/\/www.intoscana.it\/it\/cantautori-creator-istituzioni-e-idoli-teen-sul-palco-del-next-generation-fest\/","og_locale":"it_IT","og_type":"article","og_title":"Cantautori, creator, volti tv, idoli teen e istituzioni sul palco del Next Generation Fest","og_description":"Sabato 21 ottobre 2023 al Teatro del Maggio Fiorentino a Firenze la 2\/a edizione dell\u2019evento organizzato dalla Regione Toscana","og_url":"https:\/\/www.intoscana.it\/it\/cantautori-creator-istituzioni-e-idoli-teen-sul-palco-del-next-generation-fest\/","og_site_name":"intoscana","article_publisher":"https:\/\/www.facebook.com\/intoscana.it","article_published_time":"2023-10-12T10:11:32+00:00","article_modified_time":"2023-10-21T12:49:26+00:00","og_image":[{"width":2048,"height":1365,"url":"https:\/\/www.intoscana.it\/wp-content\/uploads\/PLR_5295-scaled.jpg","type":"image\/jpeg"}],"author":"Redazione","twitter_card":"summary_large_image","twitter_creator":"@intoscana","twitter_site":"@intoscana","twitter_misc":{"Written by":"Redazione","Est. reading time":"3 minuti"},"schema":{"@context":"https:\/\/schema.org","@graph":[{"@type":"WebPage","@id":"https:\/\/www.intoscana.it\/it\/cantautori-creator-istituzioni-e-idoli-teen-sul-palco-del-next-generation-fest\/","url":"https:\/\/www.intoscana.it\/it\/cantautori-creator-istituzioni-e-idoli-teen-sul-palco-del-next-generation-fest\/","name":"Cantautori, creator, volti tv, idoli teen e istituzioni sul palco del Next Generation Fest - intoscana","isPartOf":{"@id":"https:\/\/www.intoscana.it\/it\/#website"},"primaryImageOfPage":{"@id":"https:\/\/www.intoscana.it\/it\/cantautori-creator-istituzioni-e-idoli-teen-sul-palco-del-next-generation-fest\/#primaryimage"},"image":{"@id":"https:\/\/www.intoscana.it\/it\/cantautori-creator-istituzioni-e-idoli-teen-sul-palco-del-next-generation-fest\/#primaryimage"},"thumbnailUrl":"https:\/\/www.intoscana.it\/wp-content\/uploads\/PLR_5295-scaled.jpg","datePublished":"2023-10-12T10:11:32+00:00","dateModified":"2023-10-21T12:49:26+00:00","author":{"@id":"https:\/\/www.intoscana.it\/it\/#\/schema\/person\/9223810753230f20bd670fdd322661f8"},"description":"Sabato 21 ottobre 2023 al Teatro del Maggio Fiorentino a Firenze la 2\/a edizione dell\u2019evento organizzato dalla Regione Toscana","breadcrumb":{"@id":"https:\/\/www.intoscana.it\/it\/cantautori-creator-istituzioni-e-idoli-teen-sul-palco-del-next-generation-fest\/#breadcrumb"},"inLanguage":"it-IT","potentialAction":[{"@type":"ReadAction","target":["https:\/\/www.intoscana.it\/it\/cantautori-creator-istituzioni-e-idoli-teen-sul-palco-del-next-generation-fest\/"]}]},{"@type":"ImageObject","inLanguage":"it-IT","@id":"https:\/\/www.intoscana.it\/it\/cantautori-creator-istituzioni-e-idoli-teen-sul-palco-del-next-generation-fest\/#primaryimage","url":"https:\/\/www.intoscana.it\/wp-content\/uploads\/PLR_5295-scaled.jpg","contentUrl":"https:\/\/www.intoscana.it\/wp-content\/uploads\/PLR_5295-scaled.jpg","width":2048,"height":1365,"caption":"Matteo Paolillo"},{"@type":"BreadcrumbList","@id":"https:\/\/www.intoscana.it\/it\/cantautori-creator-istituzioni-e-idoli-teen-sul-palco-del-next-generation-fest\/#breadcrumb","itemListElement":[{"@type":"ListItem","position":1,"name":"Home","item":"https:\/\/www.intoscana.it\/it\/"},{"@type":"ListItem","position":2,"name":"Cantautori, creator, volti tv, idoli teen e istituzioni sul palco del Next Generation Fest"}]},{"@type":"WebSite","@id":"https:\/\/www.intoscana.it\/it\/#website","url":"https:\/\/www.intoscana.it\/it\/","name":"intoscana","description":"","potentialAction":[{"@type":"SearchAction","target":{"@type":"EntryPoint","urlTemplate":"https:\/\/www.intoscana.it\/it\/?s={search_term_string}"},"query-input":{"@type":"PropertyValueSpecification","valueRequired":true,"valueName":"search_term_string"}}],"inLanguage":"it-IT"},{"@type":"Person","@id":"https:\/\/www.intoscana.it\/it\/#\/schema\/person\/9223810753230f20bd670fdd322661f8","name":"Redazione","url":"https:\/\/www.intoscana.it\/it\/author\/redazione\/"}]}},"_links":{"self":[{"href":"https:\/\/www.intoscana.it\/it\/wp-json\/wp\/v2\/posts\/309346","targetHints":{"allow":["GET"]}}],"collection":[{"href":"https:\/\/www.intoscana.it\/it\/wp-json\/wp\/v2\/posts"}],"about":[{"href":"https:\/\/www.intoscana.it\/it\/wp-json\/wp\/v2\/types\/post"}],"author":[{"embeddable":true,"href":"https:\/\/www.intoscana.it\/it\/wp-json\/wp\/v2\/users\/525"}],"replies":[{"embeddable":true,"href":"https:\/\/www.intoscana.it\/it\/wp-json\/wp\/v2\/comments?post=309346"}],"version-history":[{"count":0,"href":"https:\/\/www.intoscana.it\/it\/wp-json\/wp\/v2\/posts\/309346\/revisions"}],"wp:featuredmedia":[{"embeddable":true,"href":"https:\/\/www.intoscana.it\/it\/wp-json\/wp\/v2\/media\/310664"}],"wp:attachment":[{"href":"https:\/\/www.intoscana.it\/it\/wp-json\/wp\/v2\/media?parent=309346"}],"wp:term":[{"taxonomy":"category","embeddable":true,"href":"https:\/\/www.intoscana.it\/it\/wp-json\/wp\/v2\/categories?post=309346"},{"taxonomy":"post_tag","embeddable":true,"href":"https:\/\/www.intoscana.it\/it\/wp-json\/wp\/v2\/tags?post=309346"}],"curies":[{"name":"wp","href":"https:\/\/api.w.org\/{rel}","templated":true}]}}