{"id":309409,"date":"2023-10-12T16:37:06","date_gmt":"2023-10-12T14:37:06","guid":{"rendered":"https:\/\/www.intoscana.it\/it\/?p=309409"},"modified":"2023-10-12T17:08:14","modified_gmt":"2023-10-12T15:08:14","slug":"il-mandela-forum-riparte-tra-concerti-sport-e-arrampicata-indoor","status":"publish","type":"post","link":"https:\/\/www.intoscana.it\/it\/il-mandela-forum-riparte-tra-concerti-sport-e-arrampicata-indoor\/","title":{"rendered":"Il Mandela Forum riparte tra concerti, sport e arrampicata indoor"},"content":{"rendered":"<p>La stagione del <strong>Nelson Mandela Forum<\/strong> riparte tra concerti, sport e parete d&#8217;arrampicata indoor. Un&#8217;annata di novit\u00e0 e grandi ritorni per <strong>l&#8217;impianto pi\u00f9 grande in Toscana<\/strong> per dimensioni e il quinto in Italia. Il via sabato 14 ottobre con il primo dei <strong>due concerti dei Pooh<\/strong>: l&#8217;inizio di una stagione di spettacoli che si concluder\u00e0 il 2 maggio 2024 con le tre date dei <strong>Pinguini Tattici Nucleari<\/strong>.<\/p>\n<p>Nel corso di questi sette mesi sono attesi sul palco del Mandela Forum <strong>Ligabue<\/strong> (17\/10), il<strong> Cirque du Soleil<\/strong> (dall&#8217;8 al 12\/11), <strong>Giorgia<\/strong> (23\/11), <strong>Elodie<\/strong> (5\/12) <strong>Antonello Venditti e Francesco De Gregori<\/strong> (19\/12) <strong>Laura Pausini<\/strong> (22 e 23\/12), <strong>Claudio Baglioni<\/strong> (8 e 9\/02), <strong>Annalisa<\/strong> (6\/04), i <strong>Me contro Te<\/strong> (13 e 14\/04), <strong>Dave Matthews Band<\/strong> (20\/04) e tanti altri artisti. Dal 25 dicembre al 7 gennaio in scena gli spettacoli di <strong>El Circo Nacional de Cuba<\/strong>.<\/p>\n<h3>Prevendite a pieno ritmo, un calendario infinito<\/h3>\n<p>La nuova stagione si annuncia propizia. Il presidente del Mandela Forum <strong>Giuseppe Malgeri<\/strong>: &#8220;<em>Alcuni di questi spettacoli hanno esaurito tutti i posti gi\u00e0 in prevendita<\/em> &#8211; ha spiegato -.<em> Stiamo lavorando per arricchire il calendario, ma gi\u00e0 adesso possiamo dire che sar\u00e0 una stagione intensa per noi<\/em>&#8220;.<\/p>\n<figure id=\"post-309418 media-309418\" class=\"align-none\"><img decoding=\"async\" src=\"https:\/\/www.intoscana.it\/wp-content\/uploads\/La-palestra-di-arrampicata-del-Nelson-Mandela-Forum-e1697121281527.jpeg\" alt=\"\" \/><\/figure>\n<div class=\"titleimg\">La palestra di arrampicata del Nelson Mandela Forum<\/div>\n<h3>Riapre la palestra di arrampicata indoor<\/h3>\n<p>Al palasport di Firenze, dopo la pausa per il Covid: qui era stato allestito l&#8217;hub per le vaccinazioni, riparte anche lo sport. \u00c8 stata presentata la nuova <strong>palestra di arrampicata indoor<\/strong>, chiusa nel periodo della pandemia e completamente ristrutturata con nuovi pareti e sistemi di sicurezza.<\/p>\n<p>&#8220;<em>Da sempre il Mandela non \u00e8 solo musica e teatro, ma anche sport &#8211;<\/em> ha proseguito Malgeri -. <em>Finalmente riusciamo a riaprire la parete di arrampicata che per noi \u00e8 il cuore pulsante della nostra struttura perch\u00e9 ne consente un&#8217;attivit\u00e0 quotidiana con nuovi percorsi e livelli di difficolt\u00e0 diversi<\/em>&#8220;.<\/p>\n<p>Grande la soddisfazione dell&#8217;assessore allo Sport del comune di Firenze <strong>Cosimo Guccione<\/strong>: &#8220;<em>Questa \u00e8 una giornata bellissima perch\u00e9 finalmente si torna alla normalit\u00e0<\/em> &#8211; ha detto -. <em>Uno spazio per i tanti giovani che vogliono avvicinarsi a questo sport che adesso \u00e8 diventato anche disciplina olimpica<\/em>&#8220;. La palestra sar\u00e0 gestita dal <strong>Club alpino italiano<\/strong> (Cai) di Firenze.<\/p>\n","protected":false},"excerpt":{"rendered":"<p>Il via sabato 14 ottobre con il primo dei due concerti dei Pooh: una lunga stagione di spettacoli che si concluder\u00e0 il 2 maggio 2024 con le tre date dei Pinguini Tattici Nucleari<\/p>\n","protected":false},"author":554,"featured_media":309415,"comment_status":"open","ping_status":"open","sticky":false,"template":"","format":"standard","meta":{"_acf_changed":false,"footnotes":""},"categories":[494],"tags":[362,167,159],"class_list":["post-309409","post","type-post","status-publish","format-standard","has-post-thumbnail","hentry","category-attualita","tag-mandela-forum","tag-musica","tag-sport"],"acf":[],"yoast_head":"<!-- This site is optimized with the Yoast SEO Premium plugin v24.2 (Yoast SEO v25.6) - https:\/\/yoast.com\/wordpress\/plugins\/seo\/ -->\n<title>Il Mandela Forum riparte tra concerti, sport e arrampicata indoor - intoscana<\/title>\n<meta name=\"description\" content=\"Il via sabato 14 ottobre con il primo dei due concerti dei Pooh: gran finale il 2 maggio 2024 con le tre date dei Pinguini Tattici Nucleari.\" \/>\n<meta name=\"robots\" content=\"index, follow, max-snippet:-1, max-image-preview:large, max-video-preview:-1\" \/>\n<link rel=\"canonical\" href=\"https:\/\/www.intoscana.it\/it\/il-mandela-forum-riparte-tra-concerti-sport-e-arrampicata-indoor\/\" \/>\n<meta property=\"og:locale\" content=\"it_IT\" \/>\n<meta property=\"og:type\" content=\"article\" \/>\n<meta property=\"og:title\" content=\"Il Mandela Forum riparte tra concerti, sport e arrampicata indoor\" \/>\n<meta property=\"og:description\" content=\"Il via sabato 14 ottobre con il primo dei due concerti dei Pooh: gran finale il 2 maggio 2024 con le tre date dei Pinguini Tattici Nucleari.\" \/>\n<meta property=\"og:url\" content=\"https:\/\/www.intoscana.it\/it\/il-mandela-forum-riparte-tra-concerti-sport-e-arrampicata-indoor\/\" \/>\n<meta property=\"og:site_name\" content=\"intoscana\" \/>\n<meta property=\"article:publisher\" content=\"https:\/\/www.facebook.com\/intoscana.it\" \/>\n<meta property=\"article:published_time\" content=\"2023-10-12T14:37:06+00:00\" \/>\n<meta property=\"article:modified_time\" content=\"2023-10-12T15:08:14+00:00\" \/>\n<meta property=\"og:image\" content=\"https:\/\/www.intoscana.it\/wp-content\/uploads\/Linterno-del-Mandela-Forum.jpeg\" \/>\n\t<meta property=\"og:image:width\" content=\"640\" \/>\n\t<meta property=\"og:image:height\" content=\"429\" \/>\n\t<meta property=\"og:image:type\" content=\"image\/jpeg\" \/>\n<meta name=\"author\" content=\"Raffaella Galamini\" \/>\n<meta name=\"twitter:card\" content=\"summary_large_image\" \/>\n<meta name=\"twitter:creator\" content=\"@orio\" \/>\n<meta name=\"twitter:site\" content=\"@intoscana\" \/>\n<meta name=\"twitter:label1\" content=\"Written by\" \/>\n\t<meta name=\"twitter:data1\" content=\"Raffaella Galamini\" \/>\n\t<meta name=\"twitter:label2\" content=\"Est. reading time\" \/>\n\t<meta name=\"twitter:data2\" content=\"2 minuti\" \/>\n<script type=\"application\/ld+json\" class=\"yoast-schema-graph\">{\"@context\":\"https:\/\/schema.org\",\"@graph\":[{\"@type\":\"WebPage\",\"@id\":\"https:\/\/www.intoscana.it\/it\/il-mandela-forum-riparte-tra-concerti-sport-e-arrampicata-indoor\/\",\"url\":\"https:\/\/www.intoscana.it\/it\/il-mandela-forum-riparte-tra-concerti-sport-e-arrampicata-indoor\/\",\"name\":\"Il Mandela Forum riparte tra concerti, sport e arrampicata indoor - intoscana\",\"isPartOf\":{\"@id\":\"https:\/\/www.intoscana.it\/it\/#website\"},\"primaryImageOfPage\":{\"@id\":\"https:\/\/www.intoscana.it\/it\/il-mandela-forum-riparte-tra-concerti-sport-e-arrampicata-indoor\/#primaryimage\"},\"image\":{\"@id\":\"https:\/\/www.intoscana.it\/it\/il-mandela-forum-riparte-tra-concerti-sport-e-arrampicata-indoor\/#primaryimage\"},\"thumbnailUrl\":\"https:\/\/www.intoscana.it\/wp-content\/uploads\/Linterno-del-Mandela-Forum.jpeg\",\"datePublished\":\"2023-10-12T14:37:06+00:00\",\"dateModified\":\"2023-10-12T15:08:14+00:00\",\"author\":{\"@id\":\"https:\/\/www.intoscana.it\/it\/#\/schema\/person\/9eb9daa846a49fe51af39a73d9d1986b\"},\"description\":\"Il via sabato 14 ottobre con il primo dei due concerti dei Pooh: gran finale il 2 maggio 2024 con le tre date dei Pinguini Tattici Nucleari.\",\"breadcrumb\":{\"@id\":\"https:\/\/www.intoscana.it\/it\/il-mandela-forum-riparte-tra-concerti-sport-e-arrampicata-indoor\/#breadcrumb\"},\"inLanguage\":\"it-IT\",\"potentialAction\":[{\"@type\":\"ReadAction\",\"target\":[\"https:\/\/www.intoscana.it\/it\/il-mandela-forum-riparte-tra-concerti-sport-e-arrampicata-indoor\/\"]}]},{\"@type\":\"ImageObject\",\"inLanguage\":\"it-IT\",\"@id\":\"https:\/\/www.intoscana.it\/it\/il-mandela-forum-riparte-tra-concerti-sport-e-arrampicata-indoor\/#primaryimage\",\"url\":\"https:\/\/www.intoscana.it\/wp-content\/uploads\/Linterno-del-Mandela-Forum.jpeg\",\"contentUrl\":\"https:\/\/www.intoscana.it\/wp-content\/uploads\/Linterno-del-Mandela-Forum.jpeg\",\"width\":640,\"height\":429},{\"@type\":\"BreadcrumbList\",\"@id\":\"https:\/\/www.intoscana.it\/it\/il-mandela-forum-riparte-tra-concerti-sport-e-arrampicata-indoor\/#breadcrumb\",\"itemListElement\":[{\"@type\":\"ListItem\",\"position\":1,\"name\":\"Home\",\"item\":\"https:\/\/www.intoscana.it\/it\/\"},{\"@type\":\"ListItem\",\"position\":2,\"name\":\"Il Mandela Forum riparte tra concerti, sport e arrampicata indoor\"}]},{\"@type\":\"WebSite\",\"@id\":\"https:\/\/www.intoscana.it\/it\/#website\",\"url\":\"https:\/\/www.intoscana.it\/it\/\",\"name\":\"intoscana\",\"description\":\"\",\"potentialAction\":[{\"@type\":\"SearchAction\",\"target\":{\"@type\":\"EntryPoint\",\"urlTemplate\":\"https:\/\/www.intoscana.it\/it\/?s={search_term_string}\"},\"query-input\":{\"@type\":\"PropertyValueSpecification\",\"valueRequired\":true,\"valueName\":\"search_term_string\"}}],\"inLanguage\":\"it-IT\"},{\"@type\":\"Person\",\"@id\":\"https:\/\/www.intoscana.it\/it\/#\/schema\/person\/9eb9daa846a49fe51af39a73d9d1986b\",\"name\":\"Raffaella Galamini\",\"sameAs\":[\"https:\/\/x.com\/orio\"],\"url\":\"https:\/\/www.intoscana.it\/it\/author\/r-galamini\/\"}]}<\/script>\n<!-- \/ Yoast SEO Premium plugin. -->","yoast_head_json":{"title":"Il Mandela Forum riparte tra concerti, sport e arrampicata indoor - intoscana","description":"Il via sabato 14 ottobre con il primo dei due concerti dei Pooh: gran finale il 2 maggio 2024 con le tre date dei Pinguini Tattici Nucleari.","robots":{"index":"index","follow":"follow","max-snippet":"max-snippet:-1","max-image-preview":"max-image-preview:large","max-video-preview":"max-video-preview:-1"},"canonical":"https:\/\/www.intoscana.it\/it\/il-mandela-forum-riparte-tra-concerti-sport-e-arrampicata-indoor\/","og_locale":"it_IT","og_type":"article","og_title":"Il Mandela Forum riparte tra concerti, sport e arrampicata indoor","og_description":"Il via sabato 14 ottobre con il primo dei due concerti dei Pooh: gran finale il 2 maggio 2024 con le tre date dei Pinguini Tattici Nucleari.","og_url":"https:\/\/www.intoscana.it\/it\/il-mandela-forum-riparte-tra-concerti-sport-e-arrampicata-indoor\/","og_site_name":"intoscana","article_publisher":"https:\/\/www.facebook.com\/intoscana.it","article_published_time":"2023-10-12T14:37:06+00:00","article_modified_time":"2023-10-12T15:08:14+00:00","og_image":[{"width":640,"height":429,"url":"https:\/\/www.intoscana.it\/wp-content\/uploads\/Linterno-del-Mandela-Forum.jpeg","type":"image\/jpeg"}],"author":"Raffaella Galamini","twitter_card":"summary_large_image","twitter_creator":"@orio","twitter_site":"@intoscana","twitter_misc":{"Written by":"Raffaella Galamini","Est. reading time":"2 minuti"},"schema":{"@context":"https:\/\/schema.org","@graph":[{"@type":"WebPage","@id":"https:\/\/www.intoscana.it\/it\/il-mandela-forum-riparte-tra-concerti-sport-e-arrampicata-indoor\/","url":"https:\/\/www.intoscana.it\/it\/il-mandela-forum-riparte-tra-concerti-sport-e-arrampicata-indoor\/","name":"Il Mandela Forum riparte tra concerti, sport e arrampicata indoor - intoscana","isPartOf":{"@id":"https:\/\/www.intoscana.it\/it\/#website"},"primaryImageOfPage":{"@id":"https:\/\/www.intoscana.it\/it\/il-mandela-forum-riparte-tra-concerti-sport-e-arrampicata-indoor\/#primaryimage"},"image":{"@id":"https:\/\/www.intoscana.it\/it\/il-mandela-forum-riparte-tra-concerti-sport-e-arrampicata-indoor\/#primaryimage"},"thumbnailUrl":"https:\/\/www.intoscana.it\/wp-content\/uploads\/Linterno-del-Mandela-Forum.jpeg","datePublished":"2023-10-12T14:37:06+00:00","dateModified":"2023-10-12T15:08:14+00:00","author":{"@id":"https:\/\/www.intoscana.it\/it\/#\/schema\/person\/9eb9daa846a49fe51af39a73d9d1986b"},"description":"Il via sabato 14 ottobre con il primo dei due concerti dei Pooh: gran finale il 2 maggio 2024 con le tre date dei Pinguini Tattici Nucleari.","breadcrumb":{"@id":"https:\/\/www.intoscana.it\/it\/il-mandela-forum-riparte-tra-concerti-sport-e-arrampicata-indoor\/#breadcrumb"},"inLanguage":"it-IT","potentialAction":[{"@type":"ReadAction","target":["https:\/\/www.intoscana.it\/it\/il-mandela-forum-riparte-tra-concerti-sport-e-arrampicata-indoor\/"]}]},{"@type":"ImageObject","inLanguage":"it-IT","@id":"https:\/\/www.intoscana.it\/it\/il-mandela-forum-riparte-tra-concerti-sport-e-arrampicata-indoor\/#primaryimage","url":"https:\/\/www.intoscana.it\/wp-content\/uploads\/Linterno-del-Mandela-Forum.jpeg","contentUrl":"https:\/\/www.intoscana.it\/wp-content\/uploads\/Linterno-del-Mandela-Forum.jpeg","width":640,"height":429},{"@type":"BreadcrumbList","@id":"https:\/\/www.intoscana.it\/it\/il-mandela-forum-riparte-tra-concerti-sport-e-arrampicata-indoor\/#breadcrumb","itemListElement":[{"@type":"ListItem","position":1,"name":"Home","item":"https:\/\/www.intoscana.it\/it\/"},{"@type":"ListItem","position":2,"name":"Il Mandela Forum riparte tra concerti, sport e arrampicata indoor"}]},{"@type":"WebSite","@id":"https:\/\/www.intoscana.it\/it\/#website","url":"https:\/\/www.intoscana.it\/it\/","name":"intoscana","description":"","potentialAction":[{"@type":"SearchAction","target":{"@type":"EntryPoint","urlTemplate":"https:\/\/www.intoscana.it\/it\/?s={search_term_string}"},"query-input":{"@type":"PropertyValueSpecification","valueRequired":true,"valueName":"search_term_string"}}],"inLanguage":"it-IT"},{"@type":"Person","@id":"https:\/\/www.intoscana.it\/it\/#\/schema\/person\/9eb9daa846a49fe51af39a73d9d1986b","name":"Raffaella Galamini","sameAs":["https:\/\/x.com\/orio"],"url":"https:\/\/www.intoscana.it\/it\/author\/r-galamini\/"}]}},"_links":{"self":[{"href":"https:\/\/www.intoscana.it\/it\/wp-json\/wp\/v2\/posts\/309409","targetHints":{"allow":["GET"]}}],"collection":[{"href":"https:\/\/www.intoscana.it\/it\/wp-json\/wp\/v2\/posts"}],"about":[{"href":"https:\/\/www.intoscana.it\/it\/wp-json\/wp\/v2\/types\/post"}],"author":[{"embeddable":true,"href":"https:\/\/www.intoscana.it\/it\/wp-json\/wp\/v2\/users\/554"}],"replies":[{"embeddable":true,"href":"https:\/\/www.intoscana.it\/it\/wp-json\/wp\/v2\/comments?post=309409"}],"version-history":[{"count":0,"href":"https:\/\/www.intoscana.it\/it\/wp-json\/wp\/v2\/posts\/309409\/revisions"}],"wp:featuredmedia":[{"embeddable":true,"href":"https:\/\/www.intoscana.it\/it\/wp-json\/wp\/v2\/media\/309415"}],"wp:attachment":[{"href":"https:\/\/www.intoscana.it\/it\/wp-json\/wp\/v2\/media?parent=309409"}],"wp:term":[{"taxonomy":"category","embeddable":true,"href":"https:\/\/www.intoscana.it\/it\/wp-json\/wp\/v2\/categories?post=309409"},{"taxonomy":"post_tag","embeddable":true,"href":"https:\/\/www.intoscana.it\/it\/wp-json\/wp\/v2\/tags?post=309409"}],"curies":[{"name":"wp","href":"https:\/\/api.w.org\/{rel}","templated":true}]}}