{"id":309504,"date":"2023-10-13T15:21:41","date_gmt":"2023-10-13T13:21:41","guid":{"rendered":"https:\/\/www.intoscana.it\/it\/?p=309504"},"modified":"2023-10-13T15:21:41","modified_gmt":"2023-10-13T13:21:41","slug":"30-anni-teatrino-dei-fondi-san-miniato","status":"publish","type":"post","link":"https:\/\/www.intoscana.it\/it\/30-anni-teatrino-dei-fondi-san-miniato\/","title":{"rendered":"Il Teatrino dei Fondi di San Miniato compie 30 anni. Giani: \u201cCultura diffusa \u00e8 essenza di toscanit\u00e0\u201d"},"content":{"rendered":"<p>\u201c<mark><em>La cultura diffusa \u00e8 l\u2019essenza della toscanit\u00e0 e il Teatrino dei Fondi \u00e8 una delle pi\u00f9 evidenti declinazioni di questo<\/em><\/mark>\u201d. A dirlo \u00e8 stato il presidente della Regione Toscana <strong>Eugenio Giani<\/strong> nel corso della conferenza stampa che si \u00e8 svolta oggi, venerd\u00ec 13 ottobre a Palazzo Sacrati Strozzi a Firenze, per celebrare i <strong>trent\u2019anni<\/strong> di attivit\u00e0 della compagnia. Il 2023, infatti, segna un importante traguardo di trent&#8217;anni di spettacoli per le nuove generazioni e per le famiglie, spettacoli di prosa, legati spesso all\u2019impegno civile, di formazione teatrale, di iniziative nelle scuole e di attenzione alle situazioni di fragilit\u00e0. Questa ricorrenza verr\u00e0 celebrata con <strong>tre giorni di eventi<\/strong> da venerd\u00ec 20 a domenica 22 ottobre.<\/p>\n<p>Il <strong>Teatrino dei Fondi<\/strong> \u00e8 \u201c<em>un\u2019esperienza culturale nata dal chiostro di un antico convento di San Miniato, che si \u00e8 radicata e diffusa tanto da coinvolgere altri quattro teatri, espandendosi in altre due splendide citt\u00e0 storiche come Montalcino e Fucecchio. Dunque un insieme vincente di spettacolo dal vivo, arte, storia, tradizione, innovazione, amore per il territorio e sguardo al futuro<\/em> &#8211; ha continuato il presidente Giani &#8211;<em>. Un\u2019esperienza positiva che in 30 anni di attivit\u00e0 ha dato tanto e che ci auguriamo possa crescere ancora e continuare ad incantarci e stupirci<\/em>\u201d.<\/p>\n<h3>I festeggiamenti<\/h3>\n<p>I festeggiamenti per il trentennale iniziano con una tre giorni a San Miniato. <strong>Venerd\u00ec 20 ottobre<\/strong> alle ore 21:30 inaugura la stagione di prosa del Quaranthana Teatro Comunale di San Miniato la nuovissima produzione Batracomiomachia, per l\u2019interpretazione e la regia di Andrea Macaluso, con le musiche di Nicola Pedroni e il sound design di Marco Mantovani. In scena con una grande prova di attore, attraverso parole e suoni, Andrea Macaluso evoca la battaglia dei topi e delle rane, un testo, tradotto da Leopardi all\u2019et\u00e0 di diciassette anni, dell\u2019antichit\u00e0 greca che rappresenta un esempio di parodia, forse la pi\u00f9 antica di tutti i tempi.<\/p>\n<p>Secondo appuntamento sar\u00e0 <strong>sabato 21 ottobre<\/strong> alle 17:00, all\u2019Auditorium dell\u2019Hotel San Miniato, dove ci sar\u00e0 un incontro con alcune delle personalit\u00e0 significative per la compagnia, a partire da Andrea Mancini, uno dei fondatori. Con l\u2019occasione sar\u00e0 presentato il nuovo libro Teatrino dei Fondi. Una fantastica sinfonia teatrale di Massimo Marino, saggista e critico, edito da Titivillus Mostre Editoria.<\/p>\n<p>A seguire, sempre sabato 21 ottobre, presso la Torre degli Stipendiari (via Augusto Conti, San Miniato) sar\u00e0 inaugurata la mostra I colori dell\u2019invenzione. Un\u2019avventura lunga trent\u2019anni con immagini, video e scenografie per ripercorrere la storia del Teatrino.<\/p>\n<p>Il terzo giorno dei celebrazioni, <strong>domenica 22 ottobre<\/strong> ore 17:00, sar\u00e0 dedicato alle nuove generazioni. Apre la rassegna Sognare Teatro Famiglie al Quaranthana Teatro Comunale di San Miniato I colori dell\u2019arcobaleno con Serena Cercignano, testo e regia di Enrico Falaschi, uno spettacolo che, con un grande librone pop-up realizzato a partire dalle bellissime illustrazioni di Sara Flori, racconta il viaggio esperienziale di Enza, che attraverso una serie di incontri e di prove andr\u00e0 in cerca dei colori perduti dell\u2019arcobaleno e dei valori simboleggiati da ciascun colore.<\/p>\n<p>Nel corso dell\u2019anno ci saranno altri momenti per condividere le celebrazioni per il trentennale.<\/p>\n<h3>La storia del Teatrino dei Fondi<\/h3>\n<p>Il Teatrino dei Fondi di San Miniato \u00e8 una realt\u00e0 partita nel 1993 dalla cripta della chiesa di San Domenico, in centro a <strong>San Miniato<\/strong>, approdata nella frazione di Corazzano in una ex scuola, tra colli, pievi romaniche, a creare spettacoli con le antenne sempre allertate a cogliere i fermenti della societ\u00e0 e le sue trasformazioni. Dal <strong>Teatro Quaranthana<\/strong> di Corazzano organizza stagioni e rassegne in giro per i territori. Dal 2014 si aggiunge la gestione del <strong>Nuovo Teatro Pacini di Fucecchio<\/strong>, uno spazio multidisciplinare e intergenerazionale.<\/p>\n<p>Dal 2021, inoltre, il Teatrino approda in Val d\u2019Orcia, con la direzione artistica e organizzativa del <strong>Teatro degli Astrusi di Montalcino<\/strong> e del piccolissimo<strong> teatrino della Grancia di Montisi<\/strong> dal 2021.<\/p>\n<p>Il Teatrino dei Fondi, oggi, nel 2023, con la direzione artistica di <strong>Enrico Falaschi<\/strong>, ha ben solide radici nel suo territorio, ma volge lo sguardo sempre verso l\u2019orizzonte. \u00c8 una residenza artistica e culturale della Regione Toscana ed \u00e8 Impresa di produzione di teatro d&#8217;innovazione nell\u2019ambito del Teatro per l\u2019infanzia e per la giovent\u00f9 del Fondo nazionale per lo spettacolo dal vivo del MiC (Ministero della Cultura).<\/p>\n","protected":false},"excerpt":{"rendered":"<p>Spettacoli, mostre e presentazioni: per festeggiare questo importante traguardo sono in programma tre giorni di eventi da venerd\u00ec 20 a domenica 22 ottobre<\/p>\n","protected":false},"author":483,"featured_media":309506,"comment_status":"open","ping_status":"open","sticky":false,"template":"","format":"standard","meta":{"_acf_changed":false,"footnotes":""},"categories":[493],"tags":[4492,236],"class_list":["post-309504","post","type-post","status-publish","format-standard","has-post-thumbnail","hentry","category-cultura","tag-san-miniato","tag-teatro"],"acf":[],"yoast_head":"<!-- This site is optimized with the Yoast SEO Premium plugin v24.2 (Yoast SEO v25.6) - https:\/\/yoast.com\/wordpress\/plugins\/seo\/ -->\n<title>Il Teatrino dei Fondi di San Miniato compie 30 anni. Giani: \u201cCultura diffusa \u00e8 essenza di toscanit\u00e0\u201d - intoscana<\/title>\n<meta name=\"description\" content=\"Il Teatrino dei Fondi di San Miniato compie 30 anni. Per festeggiare sono in programma tre giorni di eventi dal 20 al 22 ottobre\" \/>\n<meta name=\"robots\" content=\"index, follow, max-snippet:-1, max-image-preview:large, max-video-preview:-1\" \/>\n<link rel=\"canonical\" href=\"https:\/\/www.intoscana.it\/it\/30-anni-teatrino-dei-fondi-san-miniato\/\" \/>\n<meta property=\"og:locale\" content=\"it_IT\" \/>\n<meta property=\"og:type\" content=\"article\" \/>\n<meta property=\"og:title\" content=\"Il Teatrino dei Fondi di San Miniato compie 30 anni. Giani: \u201cCultura diffusa \u00e8 essenza di toscanit\u00e0\u201d\" \/>\n<meta property=\"og:description\" content=\"Il Teatrino dei Fondi di San Miniato compie 30 anni. Per festeggiare sono in programma tre giorni di eventi dal 20 al 22 ottobre\" \/>\n<meta property=\"og:url\" content=\"https:\/\/www.intoscana.it\/it\/30-anni-teatrino-dei-fondi-san-miniato\/\" \/>\n<meta property=\"og:site_name\" content=\"intoscana\" \/>\n<meta property=\"article:publisher\" content=\"https:\/\/www.facebook.com\/intoscana.it\" \/>\n<meta property=\"article:published_time\" content=\"2023-10-13T13:21:41+00:00\" \/>\n<meta property=\"og:image\" content=\"https:\/\/www.intoscana.it\/wp-content\/uploads\/30-anni-teatrino-dei-fondi-san-miniato.jpeg\" \/>\n\t<meta property=\"og:image:width\" content=\"1195\" \/>\n\t<meta property=\"og:image:height\" content=\"713\" \/>\n\t<meta property=\"og:image:type\" content=\"image\/jpeg\" \/>\n<meta name=\"author\" content=\"Marta Mancini\" \/>\n<meta name=\"twitter:card\" content=\"summary_large_image\" \/>\n<meta name=\"twitter:creator\" content=\"@intoscana\" \/>\n<meta name=\"twitter:site\" content=\"@intoscana\" \/>\n<meta name=\"twitter:label1\" content=\"Written by\" \/>\n\t<meta name=\"twitter:data1\" content=\"Marta Mancini\" \/>\n\t<meta name=\"twitter:label2\" content=\"Est. reading time\" \/>\n\t<meta name=\"twitter:data2\" content=\"3 minuti\" \/>\n<script type=\"application\/ld+json\" class=\"yoast-schema-graph\">{\"@context\":\"https:\/\/schema.org\",\"@graph\":[{\"@type\":\"WebPage\",\"@id\":\"https:\/\/www.intoscana.it\/it\/30-anni-teatrino-dei-fondi-san-miniato\/\",\"url\":\"https:\/\/www.intoscana.it\/it\/30-anni-teatrino-dei-fondi-san-miniato\/\",\"name\":\"Il Teatrino dei Fondi di San Miniato compie 30 anni. Giani: \u201cCultura diffusa \u00e8 essenza di toscanit\u00e0\u201d - intoscana\",\"isPartOf\":{\"@id\":\"https:\/\/www.intoscana.it\/it\/#website\"},\"primaryImageOfPage\":{\"@id\":\"https:\/\/www.intoscana.it\/it\/30-anni-teatrino-dei-fondi-san-miniato\/#primaryimage\"},\"image\":{\"@id\":\"https:\/\/www.intoscana.it\/it\/30-anni-teatrino-dei-fondi-san-miniato\/#primaryimage\"},\"thumbnailUrl\":\"https:\/\/www.intoscana.it\/wp-content\/uploads\/30-anni-teatrino-dei-fondi-san-miniato.jpeg\",\"datePublished\":\"2023-10-13T13:21:41+00:00\",\"author\":{\"@id\":\"https:\/\/www.intoscana.it\/it\/#\/schema\/person\/ba955c49c389f39a8208f182b0652479\"},\"description\":\"Il Teatrino dei Fondi di San Miniato compie 30 anni. Per festeggiare sono in programma tre giorni di eventi dal 20 al 22 ottobre\",\"breadcrumb\":{\"@id\":\"https:\/\/www.intoscana.it\/it\/30-anni-teatrino-dei-fondi-san-miniato\/#breadcrumb\"},\"inLanguage\":\"it-IT\",\"potentialAction\":[{\"@type\":\"ReadAction\",\"target\":[\"https:\/\/www.intoscana.it\/it\/30-anni-teatrino-dei-fondi-san-miniato\/\"]}]},{\"@type\":\"ImageObject\",\"inLanguage\":\"it-IT\",\"@id\":\"https:\/\/www.intoscana.it\/it\/30-anni-teatrino-dei-fondi-san-miniato\/#primaryimage\",\"url\":\"https:\/\/www.intoscana.it\/wp-content\/uploads\/30-anni-teatrino-dei-fondi-san-miniato.jpeg\",\"contentUrl\":\"https:\/\/www.intoscana.it\/wp-content\/uploads\/30-anni-teatrino-dei-fondi-san-miniato.jpeg\",\"width\":1195,\"height\":713,\"caption\":\"Il Teatrino dei Fondi di San Miniato compie trent'anni\"},{\"@type\":\"BreadcrumbList\",\"@id\":\"https:\/\/www.intoscana.it\/it\/30-anni-teatrino-dei-fondi-san-miniato\/#breadcrumb\",\"itemListElement\":[{\"@type\":\"ListItem\",\"position\":1,\"name\":\"Home\",\"item\":\"https:\/\/www.intoscana.it\/it\/\"},{\"@type\":\"ListItem\",\"position\":2,\"name\":\"Il Teatrino dei Fondi di San Miniato compie 30 anni. Giani: \u201cCultura diffusa \u00e8 essenza di toscanit\u00e0\u201d\"}]},{\"@type\":\"WebSite\",\"@id\":\"https:\/\/www.intoscana.it\/it\/#website\",\"url\":\"https:\/\/www.intoscana.it\/it\/\",\"name\":\"intoscana\",\"description\":\"\",\"potentialAction\":[{\"@type\":\"SearchAction\",\"target\":{\"@type\":\"EntryPoint\",\"urlTemplate\":\"https:\/\/www.intoscana.it\/it\/?s={search_term_string}\"},\"query-input\":{\"@type\":\"PropertyValueSpecification\",\"valueRequired\":true,\"valueName\":\"search_term_string\"}}],\"inLanguage\":\"it-IT\"},{\"@type\":\"Person\",\"@id\":\"https:\/\/www.intoscana.it\/it\/#\/schema\/person\/ba955c49c389f39a8208f182b0652479\",\"name\":\"Marta Mancini\",\"url\":\"https:\/\/www.intoscana.it\/it\/author\/marta-mancini\/\"}]}<\/script>\n<!-- \/ Yoast SEO Premium plugin. -->","yoast_head_json":{"title":"Il Teatrino dei Fondi di San Miniato compie 30 anni. Giani: \u201cCultura diffusa \u00e8 essenza di toscanit\u00e0\u201d - intoscana","description":"Il Teatrino dei Fondi di San Miniato compie 30 anni. Per festeggiare sono in programma tre giorni di eventi dal 20 al 22 ottobre","robots":{"index":"index","follow":"follow","max-snippet":"max-snippet:-1","max-image-preview":"max-image-preview:large","max-video-preview":"max-video-preview:-1"},"canonical":"https:\/\/www.intoscana.it\/it\/30-anni-teatrino-dei-fondi-san-miniato\/","og_locale":"it_IT","og_type":"article","og_title":"Il Teatrino dei Fondi di San Miniato compie 30 anni. Giani: \u201cCultura diffusa \u00e8 essenza di toscanit\u00e0\u201d","og_description":"Il Teatrino dei Fondi di San Miniato compie 30 anni. Per festeggiare sono in programma tre giorni di eventi dal 20 al 22 ottobre","og_url":"https:\/\/www.intoscana.it\/it\/30-anni-teatrino-dei-fondi-san-miniato\/","og_site_name":"intoscana","article_publisher":"https:\/\/www.facebook.com\/intoscana.it","article_published_time":"2023-10-13T13:21:41+00:00","og_image":[{"width":1195,"height":713,"url":"https:\/\/www.intoscana.it\/wp-content\/uploads\/30-anni-teatrino-dei-fondi-san-miniato.jpeg","type":"image\/jpeg"}],"author":"Marta Mancini","twitter_card":"summary_large_image","twitter_creator":"@intoscana","twitter_site":"@intoscana","twitter_misc":{"Written by":"Marta Mancini","Est. reading time":"3 minuti"},"schema":{"@context":"https:\/\/schema.org","@graph":[{"@type":"WebPage","@id":"https:\/\/www.intoscana.it\/it\/30-anni-teatrino-dei-fondi-san-miniato\/","url":"https:\/\/www.intoscana.it\/it\/30-anni-teatrino-dei-fondi-san-miniato\/","name":"Il Teatrino dei Fondi di San Miniato compie 30 anni. Giani: \u201cCultura diffusa \u00e8 essenza di toscanit\u00e0\u201d - intoscana","isPartOf":{"@id":"https:\/\/www.intoscana.it\/it\/#website"},"primaryImageOfPage":{"@id":"https:\/\/www.intoscana.it\/it\/30-anni-teatrino-dei-fondi-san-miniato\/#primaryimage"},"image":{"@id":"https:\/\/www.intoscana.it\/it\/30-anni-teatrino-dei-fondi-san-miniato\/#primaryimage"},"thumbnailUrl":"https:\/\/www.intoscana.it\/wp-content\/uploads\/30-anni-teatrino-dei-fondi-san-miniato.jpeg","datePublished":"2023-10-13T13:21:41+00:00","author":{"@id":"https:\/\/www.intoscana.it\/it\/#\/schema\/person\/ba955c49c389f39a8208f182b0652479"},"description":"Il Teatrino dei Fondi di San Miniato compie 30 anni. Per festeggiare sono in programma tre giorni di eventi dal 20 al 22 ottobre","breadcrumb":{"@id":"https:\/\/www.intoscana.it\/it\/30-anni-teatrino-dei-fondi-san-miniato\/#breadcrumb"},"inLanguage":"it-IT","potentialAction":[{"@type":"ReadAction","target":["https:\/\/www.intoscana.it\/it\/30-anni-teatrino-dei-fondi-san-miniato\/"]}]},{"@type":"ImageObject","inLanguage":"it-IT","@id":"https:\/\/www.intoscana.it\/it\/30-anni-teatrino-dei-fondi-san-miniato\/#primaryimage","url":"https:\/\/www.intoscana.it\/wp-content\/uploads\/30-anni-teatrino-dei-fondi-san-miniato.jpeg","contentUrl":"https:\/\/www.intoscana.it\/wp-content\/uploads\/30-anni-teatrino-dei-fondi-san-miniato.jpeg","width":1195,"height":713,"caption":"Il Teatrino dei Fondi di San Miniato compie trent'anni"},{"@type":"BreadcrumbList","@id":"https:\/\/www.intoscana.it\/it\/30-anni-teatrino-dei-fondi-san-miniato\/#breadcrumb","itemListElement":[{"@type":"ListItem","position":1,"name":"Home","item":"https:\/\/www.intoscana.it\/it\/"},{"@type":"ListItem","position":2,"name":"Il Teatrino dei Fondi di San Miniato compie 30 anni. Giani: \u201cCultura diffusa \u00e8 essenza di toscanit\u00e0\u201d"}]},{"@type":"WebSite","@id":"https:\/\/www.intoscana.it\/it\/#website","url":"https:\/\/www.intoscana.it\/it\/","name":"intoscana","description":"","potentialAction":[{"@type":"SearchAction","target":{"@type":"EntryPoint","urlTemplate":"https:\/\/www.intoscana.it\/it\/?s={search_term_string}"},"query-input":{"@type":"PropertyValueSpecification","valueRequired":true,"valueName":"search_term_string"}}],"inLanguage":"it-IT"},{"@type":"Person","@id":"https:\/\/www.intoscana.it\/it\/#\/schema\/person\/ba955c49c389f39a8208f182b0652479","name":"Marta Mancini","url":"https:\/\/www.intoscana.it\/it\/author\/marta-mancini\/"}]}},"_links":{"self":[{"href":"https:\/\/www.intoscana.it\/it\/wp-json\/wp\/v2\/posts\/309504","targetHints":{"allow":["GET"]}}],"collection":[{"href":"https:\/\/www.intoscana.it\/it\/wp-json\/wp\/v2\/posts"}],"about":[{"href":"https:\/\/www.intoscana.it\/it\/wp-json\/wp\/v2\/types\/post"}],"author":[{"embeddable":true,"href":"https:\/\/www.intoscana.it\/it\/wp-json\/wp\/v2\/users\/483"}],"replies":[{"embeddable":true,"href":"https:\/\/www.intoscana.it\/it\/wp-json\/wp\/v2\/comments?post=309504"}],"version-history":[{"count":0,"href":"https:\/\/www.intoscana.it\/it\/wp-json\/wp\/v2\/posts\/309504\/revisions"}],"wp:featuredmedia":[{"embeddable":true,"href":"https:\/\/www.intoscana.it\/it\/wp-json\/wp\/v2\/media\/309506"}],"wp:attachment":[{"href":"https:\/\/www.intoscana.it\/it\/wp-json\/wp\/v2\/media?parent=309504"}],"wp:term":[{"taxonomy":"category","embeddable":true,"href":"https:\/\/www.intoscana.it\/it\/wp-json\/wp\/v2\/categories?post=309504"},{"taxonomy":"post_tag","embeddable":true,"href":"https:\/\/www.intoscana.it\/it\/wp-json\/wp\/v2\/tags?post=309504"}],"curies":[{"name":"wp","href":"https:\/\/api.w.org\/{rel}","templated":true}]}}