{"id":309558,"date":"2023-10-14T10:10:03","date_gmt":"2023-10-14T08:10:03","guid":{"rendered":"https:\/\/www.intoscana.it\/it\/?p=309558"},"modified":"2023-10-14T16:31:06","modified_gmt":"2023-10-14T14:31:06","slug":"protezione-civile-esercitazione-garfagnana","status":"publish","type":"post","link":"https:\/\/www.intoscana.it\/it\/protezione-civile-esercitazione-garfagnana\/","title":{"rendered":"Protezione Civile: in Garfagnana la prima esercitazione per salvare i fragili nelle emergenze"},"content":{"rendered":"<p>Si \u00e8 tenuta a Castelnuovo Garfagnana la prima esercitazione nazionale della <strong>Protezione Civile<\/strong> per la gestione dei <strong>soggetti fragili<\/strong> nelle situazioni di emergenza. Ieri in tre grandi aeree del comune, si sono radunate donne incinte, mamme che allattavano i loro piccoli, anziani, disabili, per un&#8217;esercitazione lunga e dettagliata che \u00e8 iniziata alle 10.30 e si \u00e8 conclusa alle 16 su <mark>cosa fare durante un terremoto o un\u2019emergenza, come raccogliersi in gruppi, come proteggersi e aiutarsi l\u2019un l\u2019altro.<\/mark><\/p>\n<h3>Il modello Toscana per le emergenze<\/h3>\n<p>\u00c8 il <strong>\u201cmodello Toscana\u201d<\/strong> per la gestione dei fragili durante le emergenze, che ha come obiettivo definire nuove procedure che possano fare scuola in Toscana e nel resto del Paese.<\/p>\n<div>\n<p><em>\u201cIl fatto che il <strong>Dipartimento Nazionale della Protezione civile<\/strong> abbia proposto alla nostra Regione lo svolgimento di un\u2019esercitazione cos\u00ec importante ci fa onore<\/em> \u2013 ha sottolineato il presidente della Toscana, <strong>Eugenio Giani,<\/strong> che ha partecipato alla giornata a Castelnuovo &#8211; <em>e dimostra quanto il nostro territorio, i nostri comuni e il nostro sistema di Protezione civile sia efficiente e tale da poter mettere in pratica una procedura delicata che richiede molta preparazione e<strong> competenze<\/strong>. Oggi la realt\u00e0 di Castelnuovo ci ha consentito di sperimentare una cosa importantissima alla quale hanno preso parte le persone pi\u00f9 fragili fragili della popolazione e <mark>abbiamo dimostrato di essere in grado di offrire, in caso di calamit\u00e0 naturale, davvero un intervento di supporto agile, efficiente ed incisivo\u201d.<\/mark><\/em><\/p>\n<h3>Un sistema al servizio delle esigenze dei pi\u00f9 fragili<\/h3>\n<p>Il fulcro dell&#8217;esercitazione \u00e8 stato il <strong>Centro Operativo Comunale di Castelnuovo,<\/strong> che ha testato la sua operativit\u00e0 con la verifica di 34 aree di attesa. Le persone fragili vengono assiste secondo un piano comunale, &#8220;su misura&#8221;, inoltre sono state testate nuove procedure per individuare in una condizione di emergenza i <strong>soggetti fragili:<\/strong> dove sono, quali gravi esigenze ha ciascuno, quale assistenza anche con pres\u00ecdi sanitari o tecnici (se va via l&#8217;elettricit\u00e0) ai malati gravi nelle case e cos\u00ec via.<br \/>\nHanno partecipato i medici delle Asl e le squadre Svei (Scheda di valutazione esigenze immediate), composte dai volontari di Misericordie, Anpas e Croce Rossa, e gli infermieri delle Asl.<\/p>\n<p><em>\u201cSiamo molto orgogliosi di questa collaborazione con il Dipartimento Nazionale della Protezione Civile<\/em> &#8211; ha sottolineato l\u2019assessora alla protezione civile della Toscana,<strong> Monia Monni<\/strong> &#8211; <em>che dando seguito alle direttive europee per la prima volta mette in campo una estesa esercitazione, che servir\u00e0 a mettere a punto una procedura che poi diventer\u00e0 il modello per tutto il Paese. <mark>Una esercitazione dedicata ai soggetti fragili, che negli scenari catastrofici, ovviamente, sono maggiormente in difficolt\u00e0, poich\u00e9 possono avere esigenze particolari,<\/mark> per le quali fino ad oggi non esisteva una risposta specifica e che invece era necessario che ci fosse perch\u00e9 tutti devono essere tutelati e messi al sicuro in caso di emergenza. E questa risposta nasce dalla Toscana\u201d.<\/em><\/p>\n<\/div>\n","protected":false},"excerpt":{"rendered":"<p>A Castelnuovo ieri si \u00e8 tenuto il test per la gestione di anziani, disabili, donne incinta o con bambini piccoli: il &#8220;modello Toscana&#8221; far\u00e0 scuola nel resto d&#8217;Italia<\/p>\n","protected":false},"author":525,"featured_media":309559,"comment_status":"open","ping_status":"open","sticky":false,"template":"","format":"standard","meta":{"_acf_changed":false,"footnotes":""},"categories":[494],"tags":[158,4437,3471],"class_list":["post-309558","post","type-post","status-publish","format-standard","has-post-thumbnail","hentry","category-attualita","tag-eugenio-giani","tag-garfagnana","tag-protezione-civile"],"acf":[],"yoast_head":"<!-- This site is optimized with the Yoast SEO Premium plugin v24.2 (Yoast SEO v25.6) - https:\/\/yoast.com\/wordpress\/plugins\/seo\/ -->\n<title>Protezione Civile: in Garfagnana la prima esercitazione per salvare i fragili nelle emergenze - intoscana<\/title>\n<meta name=\"description\" content=\"Ieri a Castelnuobo Garfagnana si \u00e8 tenuta la prima esercitazione della Protezione civile per salvare i fragili nelle emergenze, dai disabili alle donne in gravidanza.\" \/>\n<meta name=\"robots\" content=\"index, follow, max-snippet:-1, max-image-preview:large, max-video-preview:-1\" \/>\n<link rel=\"canonical\" href=\"https:\/\/www.intoscana.it\/it\/protezione-civile-esercitazione-garfagnana\/\" \/>\n<meta property=\"og:locale\" content=\"it_IT\" \/>\n<meta property=\"og:type\" content=\"article\" \/>\n<meta property=\"og:title\" content=\"Protezione Civile: in Garfagnana la prima esercitazione per salvare i fragili nelle emergenze\" \/>\n<meta property=\"og:description\" content=\"Ieri a Castelnuobo Garfagnana si \u00e8 tenuta la prima esercitazione della Protezione civile per salvare i fragili nelle emergenze, dai disabili alle donne in gravidanza.\" \/>\n<meta property=\"og:url\" content=\"https:\/\/www.intoscana.it\/it\/protezione-civile-esercitazione-garfagnana\/\" \/>\n<meta property=\"og:site_name\" content=\"intoscana\" \/>\n<meta property=\"article:publisher\" content=\"https:\/\/www.facebook.com\/intoscana.it\" \/>\n<meta property=\"article:published_time\" content=\"2023-10-14T08:10:03+00:00\" \/>\n<meta property=\"article:modified_time\" content=\"2023-10-14T14:31:06+00:00\" \/>\n<meta property=\"og:image\" content=\"https:\/\/www.intoscana.it\/wp-content\/uploads\/384246928_713240034172137_6454490280781408741_n.jpeg\" \/>\n\t<meta property=\"og:image:width\" content=\"2048\" \/>\n\t<meta property=\"og:image:height\" content=\"1542\" \/>\n\t<meta property=\"og:image:type\" content=\"image\/jpeg\" \/>\n<meta name=\"author\" content=\"Redazione\" \/>\n<meta name=\"twitter:card\" content=\"summary_large_image\" \/>\n<meta name=\"twitter:creator\" content=\"@intoscana\" \/>\n<meta name=\"twitter:site\" content=\"@intoscana\" \/>\n<meta name=\"twitter:label1\" content=\"Written by\" \/>\n\t<meta name=\"twitter:data1\" content=\"Redazione\" \/>\n\t<meta name=\"twitter:label2\" content=\"Est. reading time\" \/>\n\t<meta name=\"twitter:data2\" content=\"2 minuti\" \/>\n<script type=\"application\/ld+json\" class=\"yoast-schema-graph\">{\"@context\":\"https:\/\/schema.org\",\"@graph\":[{\"@type\":\"WebPage\",\"@id\":\"https:\/\/www.intoscana.it\/it\/protezione-civile-esercitazione-garfagnana\/\",\"url\":\"https:\/\/www.intoscana.it\/it\/protezione-civile-esercitazione-garfagnana\/\",\"name\":\"Protezione Civile: in Garfagnana la prima esercitazione per salvare i fragili nelle emergenze - intoscana\",\"isPartOf\":{\"@id\":\"https:\/\/www.intoscana.it\/it\/#website\"},\"primaryImageOfPage\":{\"@id\":\"https:\/\/www.intoscana.it\/it\/protezione-civile-esercitazione-garfagnana\/#primaryimage\"},\"image\":{\"@id\":\"https:\/\/www.intoscana.it\/it\/protezione-civile-esercitazione-garfagnana\/#primaryimage\"},\"thumbnailUrl\":\"https:\/\/www.intoscana.it\/wp-content\/uploads\/384246928_713240034172137_6454490280781408741_n.jpeg\",\"datePublished\":\"2023-10-14T08:10:03+00:00\",\"dateModified\":\"2023-10-14T14:31:06+00:00\",\"author\":{\"@id\":\"https:\/\/www.intoscana.it\/it\/#\/schema\/person\/9223810753230f20bd670fdd322661f8\"},\"description\":\"Ieri a Castelnuobo Garfagnana si \u00e8 tenuta la prima esercitazione della Protezione civile per salvare i fragili nelle emergenze, dai disabili alle donne in gravidanza.\",\"breadcrumb\":{\"@id\":\"https:\/\/www.intoscana.it\/it\/protezione-civile-esercitazione-garfagnana\/#breadcrumb\"},\"inLanguage\":\"it-IT\",\"potentialAction\":[{\"@type\":\"ReadAction\",\"target\":[\"https:\/\/www.intoscana.it\/it\/protezione-civile-esercitazione-garfagnana\/\"]}]},{\"@type\":\"ImageObject\",\"inLanguage\":\"it-IT\",\"@id\":\"https:\/\/www.intoscana.it\/it\/protezione-civile-esercitazione-garfagnana\/#primaryimage\",\"url\":\"https:\/\/www.intoscana.it\/wp-content\/uploads\/384246928_713240034172137_6454490280781408741_n.jpeg\",\"contentUrl\":\"https:\/\/www.intoscana.it\/wp-content\/uploads\/384246928_713240034172137_6454490280781408741_n.jpeg\",\"width\":2048,\"height\":1542,\"caption\":\"L'esercitazione della Protezione Civile in Garfagnana\"},{\"@type\":\"BreadcrumbList\",\"@id\":\"https:\/\/www.intoscana.it\/it\/protezione-civile-esercitazione-garfagnana\/#breadcrumb\",\"itemListElement\":[{\"@type\":\"ListItem\",\"position\":1,\"name\":\"Home\",\"item\":\"https:\/\/www.intoscana.it\/it\/\"},{\"@type\":\"ListItem\",\"position\":2,\"name\":\"Protezione Civile: in Garfagnana la prima esercitazione per salvare i fragili nelle emergenze\"}]},{\"@type\":\"WebSite\",\"@id\":\"https:\/\/www.intoscana.it\/it\/#website\",\"url\":\"https:\/\/www.intoscana.it\/it\/\",\"name\":\"intoscana\",\"description\":\"\",\"potentialAction\":[{\"@type\":\"SearchAction\",\"target\":{\"@type\":\"EntryPoint\",\"urlTemplate\":\"https:\/\/www.intoscana.it\/it\/?s={search_term_string}\"},\"query-input\":{\"@type\":\"PropertyValueSpecification\",\"valueRequired\":true,\"valueName\":\"search_term_string\"}}],\"inLanguage\":\"it-IT\"},{\"@type\":\"Person\",\"@id\":\"https:\/\/www.intoscana.it\/it\/#\/schema\/person\/9223810753230f20bd670fdd322661f8\",\"name\":\"Redazione\",\"url\":\"https:\/\/www.intoscana.it\/it\/author\/redazione\/\"}]}<\/script>\n<!-- \/ Yoast SEO Premium plugin. -->","yoast_head_json":{"title":"Protezione Civile: in Garfagnana la prima esercitazione per salvare i fragili nelle emergenze - intoscana","description":"Ieri a Castelnuobo Garfagnana si \u00e8 tenuta la prima esercitazione della Protezione civile per salvare i fragili nelle emergenze, dai disabili alle donne in gravidanza.","robots":{"index":"index","follow":"follow","max-snippet":"max-snippet:-1","max-image-preview":"max-image-preview:large","max-video-preview":"max-video-preview:-1"},"canonical":"https:\/\/www.intoscana.it\/it\/protezione-civile-esercitazione-garfagnana\/","og_locale":"it_IT","og_type":"article","og_title":"Protezione Civile: in Garfagnana la prima esercitazione per salvare i fragili nelle emergenze","og_description":"Ieri a Castelnuobo Garfagnana si \u00e8 tenuta la prima esercitazione della Protezione civile per salvare i fragili nelle emergenze, dai disabili alle donne in gravidanza.","og_url":"https:\/\/www.intoscana.it\/it\/protezione-civile-esercitazione-garfagnana\/","og_site_name":"intoscana","article_publisher":"https:\/\/www.facebook.com\/intoscana.it","article_published_time":"2023-10-14T08:10:03+00:00","article_modified_time":"2023-10-14T14:31:06+00:00","og_image":[{"width":2048,"height":1542,"url":"https:\/\/www.intoscana.it\/wp-content\/uploads\/384246928_713240034172137_6454490280781408741_n.jpeg","type":"image\/jpeg"}],"author":"Redazione","twitter_card":"summary_large_image","twitter_creator":"@intoscana","twitter_site":"@intoscana","twitter_misc":{"Written by":"Redazione","Est. reading time":"2 minuti"},"schema":{"@context":"https:\/\/schema.org","@graph":[{"@type":"WebPage","@id":"https:\/\/www.intoscana.it\/it\/protezione-civile-esercitazione-garfagnana\/","url":"https:\/\/www.intoscana.it\/it\/protezione-civile-esercitazione-garfagnana\/","name":"Protezione Civile: in Garfagnana la prima esercitazione per salvare i fragili nelle emergenze - intoscana","isPartOf":{"@id":"https:\/\/www.intoscana.it\/it\/#website"},"primaryImageOfPage":{"@id":"https:\/\/www.intoscana.it\/it\/protezione-civile-esercitazione-garfagnana\/#primaryimage"},"image":{"@id":"https:\/\/www.intoscana.it\/it\/protezione-civile-esercitazione-garfagnana\/#primaryimage"},"thumbnailUrl":"https:\/\/www.intoscana.it\/wp-content\/uploads\/384246928_713240034172137_6454490280781408741_n.jpeg","datePublished":"2023-10-14T08:10:03+00:00","dateModified":"2023-10-14T14:31:06+00:00","author":{"@id":"https:\/\/www.intoscana.it\/it\/#\/schema\/person\/9223810753230f20bd670fdd322661f8"},"description":"Ieri a Castelnuobo Garfagnana si \u00e8 tenuta la prima esercitazione della Protezione civile per salvare i fragili nelle emergenze, dai disabili alle donne in gravidanza.","breadcrumb":{"@id":"https:\/\/www.intoscana.it\/it\/protezione-civile-esercitazione-garfagnana\/#breadcrumb"},"inLanguage":"it-IT","potentialAction":[{"@type":"ReadAction","target":["https:\/\/www.intoscana.it\/it\/protezione-civile-esercitazione-garfagnana\/"]}]},{"@type":"ImageObject","inLanguage":"it-IT","@id":"https:\/\/www.intoscana.it\/it\/protezione-civile-esercitazione-garfagnana\/#primaryimage","url":"https:\/\/www.intoscana.it\/wp-content\/uploads\/384246928_713240034172137_6454490280781408741_n.jpeg","contentUrl":"https:\/\/www.intoscana.it\/wp-content\/uploads\/384246928_713240034172137_6454490280781408741_n.jpeg","width":2048,"height":1542,"caption":"L'esercitazione della Protezione Civile in Garfagnana"},{"@type":"BreadcrumbList","@id":"https:\/\/www.intoscana.it\/it\/protezione-civile-esercitazione-garfagnana\/#breadcrumb","itemListElement":[{"@type":"ListItem","position":1,"name":"Home","item":"https:\/\/www.intoscana.it\/it\/"},{"@type":"ListItem","position":2,"name":"Protezione Civile: in Garfagnana la prima esercitazione per salvare i fragili nelle emergenze"}]},{"@type":"WebSite","@id":"https:\/\/www.intoscana.it\/it\/#website","url":"https:\/\/www.intoscana.it\/it\/","name":"intoscana","description":"","potentialAction":[{"@type":"SearchAction","target":{"@type":"EntryPoint","urlTemplate":"https:\/\/www.intoscana.it\/it\/?s={search_term_string}"},"query-input":{"@type":"PropertyValueSpecification","valueRequired":true,"valueName":"search_term_string"}}],"inLanguage":"it-IT"},{"@type":"Person","@id":"https:\/\/www.intoscana.it\/it\/#\/schema\/person\/9223810753230f20bd670fdd322661f8","name":"Redazione","url":"https:\/\/www.intoscana.it\/it\/author\/redazione\/"}]}},"_links":{"self":[{"href":"https:\/\/www.intoscana.it\/it\/wp-json\/wp\/v2\/posts\/309558","targetHints":{"allow":["GET"]}}],"collection":[{"href":"https:\/\/www.intoscana.it\/it\/wp-json\/wp\/v2\/posts"}],"about":[{"href":"https:\/\/www.intoscana.it\/it\/wp-json\/wp\/v2\/types\/post"}],"author":[{"embeddable":true,"href":"https:\/\/www.intoscana.it\/it\/wp-json\/wp\/v2\/users\/525"}],"replies":[{"embeddable":true,"href":"https:\/\/www.intoscana.it\/it\/wp-json\/wp\/v2\/comments?post=309558"}],"version-history":[{"count":0,"href":"https:\/\/www.intoscana.it\/it\/wp-json\/wp\/v2\/posts\/309558\/revisions"}],"wp:featuredmedia":[{"embeddable":true,"href":"https:\/\/www.intoscana.it\/it\/wp-json\/wp\/v2\/media\/309559"}],"wp:attachment":[{"href":"https:\/\/www.intoscana.it\/it\/wp-json\/wp\/v2\/media?parent=309558"}],"wp:term":[{"taxonomy":"category","embeddable":true,"href":"https:\/\/www.intoscana.it\/it\/wp-json\/wp\/v2\/categories?post=309558"},{"taxonomy":"post_tag","embeddable":true,"href":"https:\/\/www.intoscana.it\/it\/wp-json\/wp\/v2\/tags?post=309558"}],"curies":[{"name":"wp","href":"https:\/\/api.w.org\/{rel}","templated":true}]}}