{"id":309688,"date":"2023-10-16T11:05:28","date_gmt":"2023-10-16T09:05:28","guid":{"rendered":"https:\/\/www.intoscana.it\/it\/?p=309688"},"modified":"2023-10-16T14:26:02","modified_gmt":"2023-10-16T12:26:02","slug":"i-supertecnici-degli-istituti-tecnologici-della-toscana-protagonisti-del-next-generation-fest","status":"publish","type":"post","link":"https:\/\/www.intoscana.it\/it\/i-supertecnici-degli-istituti-tecnologici-della-toscana-protagonisti-del-next-generation-fest\/","title":{"rendered":"I supertecnici degli Istituti Tecnologici della Toscana protagonisti del Next Generation Fest 2023"},"content":{"rendered":"<p>Tra i protagonisti il prossimo<strong> 21 ottobre a Firenze<\/strong> del <a href=\"https:\/\/www.intoscana.it\/it\/articolo\/giovanisi-il-21-ottobre-la-ii-edizione-del-next-generation-fest\/\" target=\"_blank\" rel=\"noopener\"><strong>Next Generation Fest 2023,<\/strong><\/a> ci saranno anche i supertecnici degli Istituti tecnologici superiori toscani: in tante e tanti, gi\u00e0 con diploma o ancora studenti, saranno protagonisti dell&#8217;evento al <strong>Teatro del Maggio. <\/strong><\/p>\n<p><strong>La scaletta del main stage riserver\u00e0 loro un momento particolare<\/strong>, con <strong>un saluto del presidente Eugenio Giani.<\/strong> Poi, nello stand (a cura della di Regione Toscana) dell\u2019<strong>area Expo<\/strong> dedicato al sistema regionale dell\u2019<strong>Istruzione tecnologica superiore<\/strong>, potranno ritirare<strong> un attestato di riconoscimento in qualit\u00e0 di \u201cambasciatori\u201d<\/strong> di questa opportunit\u00e0 formativa, firmato dal Presidente stesso e dall\u2019<strong>assessora istruzione, formazione e lavoro Alessandra Nardini.<\/strong><\/p>\n<p><em>\u201cPer celebrare l\u2019anno europeo delle competenze promosso dalla Commissione Ue, abbiamo scelto di aprire una grande vetrina su questa eccellenza che in Toscana si articola in un sistema di 9 fondazioni da cui ogni anno escono numerose ragazze e ragazzi che in poco tempo iniziano a lavorare\u201d, <\/em><strong>spiega il presidente Giani. \u201c<\/strong><em>In questi anni \u00a0la Regione Toscana con Giovanis\u00ec ha investito molto sulle Its Academy e continuer\u00e0 a farlo perch\u00e9 sono una risorsa preziosa per accrescere le competenze dei nostri giovani e creare ponti tra formazione e tessuto produttivo. Il Next Generation Fest sar\u00e0 un\u2019occasione fondamentale per fare conoscere sempre di pi\u00f9 questa realt\u00e0\u201d.<\/em><\/p>\n<p><strong>Gli Istituti Tecnologici Superiori \u2013 ridefiniti Its Academy<\/strong> dopo la riforma dello scorso anno \u2013 sono Istituti ad alta specializzazione tecnologica rivolti a giovani diplomate e diplomati dai 18 ai 35 anni.<\/p>\n<p>Rappresentano<strong> un segmento del sistema terziario di istruzione tecnologica superiore, non universitaria.<\/strong> Co-finanziati dal Fondo sociale europeo 2021-2027 e realizzati nell\u2019ambito di <strong>Giovanisi,<\/strong> abbracciano tutte le aree tecnologiche considerate \u201cstrategiche\u201d per lo sviluppo economico e la competitivit\u00e0 del Paese e della Toscana energia e ambiente, nautica, tecnologie per la vita, informatica, turismo, beni e attivit\u00e0 culturali, agroalimentare, moda, meccanica, edilizia e servizi alle imprese.<\/p>\n<p>Per l\u2019anno formativo in avvio durante questo autunno, la Toscana ha messo in campo l\u2019offerta formativa pi\u00f9 vasta di sempre: <strong>51 percorsi, ad alcuni dei quali \u00e8 ancora possibile candidarsi.<\/strong><\/p>\n<p>Dal <strong>monitoraggio Indire 2023,<\/strong> relativo ai percorsi conclusi nel 2021, emerge che<strong> l\u201986,5% dei diplomati ha trovato lavoro a un anno dal diploma,<\/strong> di questi il 93,6% in un\u2019area coerente con il percorso concluso.<\/p>\n<p><em>\u201cLa vastit\u00e0 dell\u2019offerta riguarda sia il numero di percorsi cofinanziati, sia la diffusione territoriale\u201d,<\/em> <strong>osserva l\u2019assessora Alessandra Nardini,<\/strong> che ricorda l\u2019entit\u00e0 dell\u2019impegno economico della Regione sul 2023\/2024: 10 milioni di euro grazie alle risorse del nuovo settennato del Fondo Sociale Europeo Fse+ 21-27<em>. \u201cMai prima di ora \u2013 aggiunge l\u2019assessora \u2013 in un anno formativo si erano stanziate cos\u00ec tante risorse, per cofinanziare cos\u00ec tanti percorsi. Per la prima volta inoltre sono coinvolte tutti i territori provinciali, inclusa Massa Carrara che finora non aveva avuto percorsi Its\u201d. \u201cGli Its \u2013 conclude \u2013 sono un grande investimento, una scelta fatta per favorire la buona occupazione, a partire da quella giovanile, e superare il mismatch, il disallineamento domanda-offerta perch\u00e9 si formano quei profili altamente qualificati che il mondo delle imprese richiede. Siamo impegnati per farli conoscere sempre di pi\u00f9, e sono certa che il Next Generation Fest sar\u00e0 una grande occasione per suscitare interesse attorno a questa grande opportunit\u00e0 formativa\u201d.<\/em><\/p>\n<p>Il <strong>Next Generation Festival 2023<\/strong> \u00e8 organizzato dalla <strong>Regione Toscana \u2013 Giovanis\u00ec,<\/strong> con la collaborazione di Fondazione Sistema Toscana e il Teatro del Maggio Musicale Fiorentino, e finanziato interamente dalla <strong>Presidenza del Consiglio dei Ministri \u2013 Dipartimento per le Politiche Giovanili<\/strong> e il Servizio civile universale.<\/p>\n","protected":false},"excerpt":{"rendered":"<p>Gli Istituti Tecnologici Superiori \u2013 ridefiniti Its Academy dopo la riforma dello scorso anno \u2013 sono Istituti ad alta specializzazione tecnologica rivolti a giovani diplomate e diplomati dai 18 ai 35 anni<\/p>\n","protected":false},"author":525,"featured_media":309689,"comment_status":"open","ping_status":"open","sticky":false,"template":"","format":"standard","meta":{"_acf_changed":false,"footnotes":""},"categories":[475],"tags":[244,6547,151],"class_list":["post-309688","post","type-post","status-publish","format-standard","has-post-thumbnail","hentry","category-innovazione","tag-giovanisi","tag-next-generation-fest","tag-regione-toscana"],"acf":[],"yoast_head":"<!-- This site is optimized with the Yoast SEO Premium plugin v24.2 (Yoast SEO v25.6) - https:\/\/yoast.com\/wordpress\/plugins\/seo\/ -->\n<title>I supertecnici degli Istituti Tecnologici della Toscana protagonisti del Next Generation Fest 2023 - intoscana<\/title>\n<meta name=\"description\" content=\"Gli Istituti Tecnologici Superiori sono Istituti ad alta specializzazione tecnologica rivolti a giovani diplomati dai 18 ai 35 anni\" \/>\n<meta name=\"robots\" content=\"index, follow, max-snippet:-1, max-image-preview:large, max-video-preview:-1\" \/>\n<link rel=\"canonical\" href=\"https:\/\/www.intoscana.it\/it\/i-supertecnici-degli-istituti-tecnologici-della-toscana-protagonisti-del-next-generation-fest\/\" \/>\n<meta property=\"og:locale\" content=\"it_IT\" \/>\n<meta property=\"og:type\" content=\"article\" \/>\n<meta property=\"og:title\" content=\"I supertecnici degli Istituti Tecnologici della Toscana protagonisti del Next Generation Fest 2023\" \/>\n<meta property=\"og:description\" content=\"Gli Istituti Tecnologici Superiori sono Istituti ad alta specializzazione tecnologica rivolti a giovani diplomati dai 18 ai 35 anni\" \/>\n<meta property=\"og:url\" content=\"https:\/\/www.intoscana.it\/it\/i-supertecnici-degli-istituti-tecnologici-della-toscana-protagonisti-del-next-generation-fest\/\" \/>\n<meta property=\"og:site_name\" content=\"intoscana\" \/>\n<meta property=\"article:publisher\" content=\"https:\/\/www.facebook.com\/intoscana.it\" \/>\n<meta property=\"article:published_time\" content=\"2023-10-16T09:05:28+00:00\" \/>\n<meta property=\"article:modified_time\" content=\"2023-10-16T12:26:02+00:00\" \/>\n<meta property=\"og:image\" content=\"https:\/\/www.intoscana.it\/wp-content\/uploads\/ITS.jpeg\" \/>\n\t<meta property=\"og:image:width\" content=\"796\" \/>\n\t<meta property=\"og:image:height\" content=\"445\" \/>\n\t<meta property=\"og:image:type\" content=\"image\/jpeg\" \/>\n<meta name=\"author\" content=\"Redazione\" \/>\n<meta name=\"twitter:card\" content=\"summary_large_image\" \/>\n<meta name=\"twitter:creator\" content=\"@intoscana\" \/>\n<meta name=\"twitter:site\" content=\"@intoscana\" \/>\n<meta name=\"twitter:label1\" content=\"Written by\" \/>\n\t<meta name=\"twitter:data1\" content=\"Redazione\" \/>\n\t<meta name=\"twitter:label2\" content=\"Est. reading time\" \/>\n\t<meta name=\"twitter:data2\" content=\"3 minuti\" \/>\n<script type=\"application\/ld+json\" class=\"yoast-schema-graph\">{\"@context\":\"https:\/\/schema.org\",\"@graph\":[{\"@type\":\"WebPage\",\"@id\":\"https:\/\/www.intoscana.it\/it\/i-supertecnici-degli-istituti-tecnologici-della-toscana-protagonisti-del-next-generation-fest\/\",\"url\":\"https:\/\/www.intoscana.it\/it\/i-supertecnici-degli-istituti-tecnologici-della-toscana-protagonisti-del-next-generation-fest\/\",\"name\":\"I supertecnici degli Istituti Tecnologici della Toscana protagonisti del Next Generation Fest 2023 - intoscana\",\"isPartOf\":{\"@id\":\"https:\/\/www.intoscana.it\/it\/#website\"},\"primaryImageOfPage\":{\"@id\":\"https:\/\/www.intoscana.it\/it\/i-supertecnici-degli-istituti-tecnologici-della-toscana-protagonisti-del-next-generation-fest\/#primaryimage\"},\"image\":{\"@id\":\"https:\/\/www.intoscana.it\/it\/i-supertecnici-degli-istituti-tecnologici-della-toscana-protagonisti-del-next-generation-fest\/#primaryimage\"},\"thumbnailUrl\":\"https:\/\/www.intoscana.it\/wp-content\/uploads\/ITS.jpeg\",\"datePublished\":\"2023-10-16T09:05:28+00:00\",\"dateModified\":\"2023-10-16T12:26:02+00:00\",\"author\":{\"@id\":\"https:\/\/www.intoscana.it\/it\/#\/schema\/person\/9223810753230f20bd670fdd322661f8\"},\"description\":\"Gli Istituti Tecnologici Superiori sono Istituti ad alta specializzazione tecnologica rivolti a giovani diplomati dai 18 ai 35 anni\",\"breadcrumb\":{\"@id\":\"https:\/\/www.intoscana.it\/it\/i-supertecnici-degli-istituti-tecnologici-della-toscana-protagonisti-del-next-generation-fest\/#breadcrumb\"},\"inLanguage\":\"it-IT\",\"potentialAction\":[{\"@type\":\"ReadAction\",\"target\":[\"https:\/\/www.intoscana.it\/it\/i-supertecnici-degli-istituti-tecnologici-della-toscana-protagonisti-del-next-generation-fest\/\"]}]},{\"@type\":\"ImageObject\",\"inLanguage\":\"it-IT\",\"@id\":\"https:\/\/www.intoscana.it\/it\/i-supertecnici-degli-istituti-tecnologici-della-toscana-protagonisti-del-next-generation-fest\/#primaryimage\",\"url\":\"https:\/\/www.intoscana.it\/wp-content\/uploads\/ITS.jpeg\",\"contentUrl\":\"https:\/\/www.intoscana.it\/wp-content\/uploads\/ITS.jpeg\",\"width\":796,\"height\":445},{\"@type\":\"BreadcrumbList\",\"@id\":\"https:\/\/www.intoscana.it\/it\/i-supertecnici-degli-istituti-tecnologici-della-toscana-protagonisti-del-next-generation-fest\/#breadcrumb\",\"itemListElement\":[{\"@type\":\"ListItem\",\"position\":1,\"name\":\"Home\",\"item\":\"https:\/\/www.intoscana.it\/it\/\"},{\"@type\":\"ListItem\",\"position\":2,\"name\":\"I supertecnici degli Istituti Tecnologici della Toscana protagonisti del Next Generation Fest 2023\"}]},{\"@type\":\"WebSite\",\"@id\":\"https:\/\/www.intoscana.it\/it\/#website\",\"url\":\"https:\/\/www.intoscana.it\/it\/\",\"name\":\"intoscana\",\"description\":\"\",\"potentialAction\":[{\"@type\":\"SearchAction\",\"target\":{\"@type\":\"EntryPoint\",\"urlTemplate\":\"https:\/\/www.intoscana.it\/it\/?s={search_term_string}\"},\"query-input\":{\"@type\":\"PropertyValueSpecification\",\"valueRequired\":true,\"valueName\":\"search_term_string\"}}],\"inLanguage\":\"it-IT\"},{\"@type\":\"Person\",\"@id\":\"https:\/\/www.intoscana.it\/it\/#\/schema\/person\/9223810753230f20bd670fdd322661f8\",\"name\":\"Redazione\",\"url\":\"https:\/\/www.intoscana.it\/it\/author\/redazione\/\"}]}<\/script>\n<!-- \/ Yoast SEO Premium plugin. -->","yoast_head_json":{"title":"I supertecnici degli Istituti Tecnologici della Toscana protagonisti del Next Generation Fest 2023 - intoscana","description":"Gli Istituti Tecnologici Superiori sono Istituti ad alta specializzazione tecnologica rivolti a giovani diplomati dai 18 ai 35 anni","robots":{"index":"index","follow":"follow","max-snippet":"max-snippet:-1","max-image-preview":"max-image-preview:large","max-video-preview":"max-video-preview:-1"},"canonical":"https:\/\/www.intoscana.it\/it\/i-supertecnici-degli-istituti-tecnologici-della-toscana-protagonisti-del-next-generation-fest\/","og_locale":"it_IT","og_type":"article","og_title":"I supertecnici degli Istituti Tecnologici della Toscana protagonisti del Next Generation Fest 2023","og_description":"Gli Istituti Tecnologici Superiori sono Istituti ad alta specializzazione tecnologica rivolti a giovani diplomati dai 18 ai 35 anni","og_url":"https:\/\/www.intoscana.it\/it\/i-supertecnici-degli-istituti-tecnologici-della-toscana-protagonisti-del-next-generation-fest\/","og_site_name":"intoscana","article_publisher":"https:\/\/www.facebook.com\/intoscana.it","article_published_time":"2023-10-16T09:05:28+00:00","article_modified_time":"2023-10-16T12:26:02+00:00","og_image":[{"width":796,"height":445,"url":"https:\/\/www.intoscana.it\/wp-content\/uploads\/ITS.jpeg","type":"image\/jpeg"}],"author":"Redazione","twitter_card":"summary_large_image","twitter_creator":"@intoscana","twitter_site":"@intoscana","twitter_misc":{"Written by":"Redazione","Est. reading time":"3 minuti"},"schema":{"@context":"https:\/\/schema.org","@graph":[{"@type":"WebPage","@id":"https:\/\/www.intoscana.it\/it\/i-supertecnici-degli-istituti-tecnologici-della-toscana-protagonisti-del-next-generation-fest\/","url":"https:\/\/www.intoscana.it\/it\/i-supertecnici-degli-istituti-tecnologici-della-toscana-protagonisti-del-next-generation-fest\/","name":"I supertecnici degli Istituti Tecnologici della Toscana protagonisti del Next Generation Fest 2023 - intoscana","isPartOf":{"@id":"https:\/\/www.intoscana.it\/it\/#website"},"primaryImageOfPage":{"@id":"https:\/\/www.intoscana.it\/it\/i-supertecnici-degli-istituti-tecnologici-della-toscana-protagonisti-del-next-generation-fest\/#primaryimage"},"image":{"@id":"https:\/\/www.intoscana.it\/it\/i-supertecnici-degli-istituti-tecnologici-della-toscana-protagonisti-del-next-generation-fest\/#primaryimage"},"thumbnailUrl":"https:\/\/www.intoscana.it\/wp-content\/uploads\/ITS.jpeg","datePublished":"2023-10-16T09:05:28+00:00","dateModified":"2023-10-16T12:26:02+00:00","author":{"@id":"https:\/\/www.intoscana.it\/it\/#\/schema\/person\/9223810753230f20bd670fdd322661f8"},"description":"Gli Istituti Tecnologici Superiori sono Istituti ad alta specializzazione tecnologica rivolti a giovani diplomati dai 18 ai 35 anni","breadcrumb":{"@id":"https:\/\/www.intoscana.it\/it\/i-supertecnici-degli-istituti-tecnologici-della-toscana-protagonisti-del-next-generation-fest\/#breadcrumb"},"inLanguage":"it-IT","potentialAction":[{"@type":"ReadAction","target":["https:\/\/www.intoscana.it\/it\/i-supertecnici-degli-istituti-tecnologici-della-toscana-protagonisti-del-next-generation-fest\/"]}]},{"@type":"ImageObject","inLanguage":"it-IT","@id":"https:\/\/www.intoscana.it\/it\/i-supertecnici-degli-istituti-tecnologici-della-toscana-protagonisti-del-next-generation-fest\/#primaryimage","url":"https:\/\/www.intoscana.it\/wp-content\/uploads\/ITS.jpeg","contentUrl":"https:\/\/www.intoscana.it\/wp-content\/uploads\/ITS.jpeg","width":796,"height":445},{"@type":"BreadcrumbList","@id":"https:\/\/www.intoscana.it\/it\/i-supertecnici-degli-istituti-tecnologici-della-toscana-protagonisti-del-next-generation-fest\/#breadcrumb","itemListElement":[{"@type":"ListItem","position":1,"name":"Home","item":"https:\/\/www.intoscana.it\/it\/"},{"@type":"ListItem","position":2,"name":"I supertecnici degli Istituti Tecnologici della Toscana protagonisti del Next Generation Fest 2023"}]},{"@type":"WebSite","@id":"https:\/\/www.intoscana.it\/it\/#website","url":"https:\/\/www.intoscana.it\/it\/","name":"intoscana","description":"","potentialAction":[{"@type":"SearchAction","target":{"@type":"EntryPoint","urlTemplate":"https:\/\/www.intoscana.it\/it\/?s={search_term_string}"},"query-input":{"@type":"PropertyValueSpecification","valueRequired":true,"valueName":"search_term_string"}}],"inLanguage":"it-IT"},{"@type":"Person","@id":"https:\/\/www.intoscana.it\/it\/#\/schema\/person\/9223810753230f20bd670fdd322661f8","name":"Redazione","url":"https:\/\/www.intoscana.it\/it\/author\/redazione\/"}]}},"_links":{"self":[{"href":"https:\/\/www.intoscana.it\/it\/wp-json\/wp\/v2\/posts\/309688","targetHints":{"allow":["GET"]}}],"collection":[{"href":"https:\/\/www.intoscana.it\/it\/wp-json\/wp\/v2\/posts"}],"about":[{"href":"https:\/\/www.intoscana.it\/it\/wp-json\/wp\/v2\/types\/post"}],"author":[{"embeddable":true,"href":"https:\/\/www.intoscana.it\/it\/wp-json\/wp\/v2\/users\/525"}],"replies":[{"embeddable":true,"href":"https:\/\/www.intoscana.it\/it\/wp-json\/wp\/v2\/comments?post=309688"}],"version-history":[{"count":0,"href":"https:\/\/www.intoscana.it\/it\/wp-json\/wp\/v2\/posts\/309688\/revisions"}],"wp:featuredmedia":[{"embeddable":true,"href":"https:\/\/www.intoscana.it\/it\/wp-json\/wp\/v2\/media\/309689"}],"wp:attachment":[{"href":"https:\/\/www.intoscana.it\/it\/wp-json\/wp\/v2\/media?parent=309688"}],"wp:term":[{"taxonomy":"category","embeddable":true,"href":"https:\/\/www.intoscana.it\/it\/wp-json\/wp\/v2\/categories?post=309688"},{"taxonomy":"post_tag","embeddable":true,"href":"https:\/\/www.intoscana.it\/it\/wp-json\/wp\/v2\/tags?post=309688"}],"curies":[{"name":"wp","href":"https:\/\/api.w.org\/{rel}","templated":true}]}}