{"id":309704,"date":"2023-10-16T11:51:57","date_gmt":"2023-10-16T09:51:57","guid":{"rendered":"https:\/\/www.intoscana.it\/it\/?p=309704"},"modified":"2023-10-16T13:35:48","modified_gmt":"2023-10-16T11:35:48","slug":"dalla-musica-allarte-paolo-conte-in-mostra-agli-uffizi-con-nostalgia-di-un-golf-un-dolcissimo-golf-di-lana-blu","status":"publish","type":"post","link":"https:\/\/www.intoscana.it\/it\/dalla-musica-allarte-paolo-conte-in-mostra-agli-uffizi-con-nostalgia-di-un-golf-un-dolcissimo-golf-di-lana-blu\/","title":{"rendered":"Dalla musica all&#8217;arte Paolo Conte in mostra agli Uffizi con &#8220;Nostalgia di un golf, un dolcissimo golf di lana blu&#8221;"},"content":{"rendered":"<p>Per la prima volta le opere del cantautore di fama mondiale <strong>Paolo Conte<\/strong> saranno ospitate nelle<strong> sale dell&#8217;arte grafica<\/strong> delle<strong> Gallerie degli Uffizi a Firenze\u00a0<\/strong>da poco inaugurate al primo piano.<\/p>\n<p><strong><em>&#8220;Nostalgia di un golf, un dolcissimo golf di lana blu&#8221;<\/em> <\/strong>\u00e8 il titolo della mostra che il museo fiorentino organizza per celebrare la carriera nella grafica del musicista, con una selezione di <strong>69 disegni,<\/strong> tra i quali<strong> molti inediti e mai esposti finora,<\/strong> realizzati dal Maestro<strong> dagli anni Settanta ad oggi.<\/strong><\/p>\n<p><strong>Il direttore degli Uffizi Eike Schmidt<\/strong> ha detto: \u201c<em>Tanti artisti sono stati musicisti e compositori di talento (uno fra tutti: Leonardo) e nella collezione di autoritratti degli Uffizi vediamo che alcuni pittori si sono raffigurati con gli strumenti che suonavano, e che evidentemente costituivano un complemento cos\u00ec importante della loro personalit\u00e0 da doverli presentare accanto alla propria effigie. Cos\u00ec, anche <strong>la mostra di Paolo Conte vuole testimoniare la doppia anima artistica del grande musicista,<\/strong> e portare all\u2019attenzione del pubblico questo aspetto forse meno noto, ma non meno fondamentale della sua creativit\u00e0. Gli siamo infinitamente grati per il dono del suo<strong> Autoritratto di un pirla,<\/strong> infine, che nella bizzarria autoflagellante del titolo ci ricorda subito la suprema ironia,<strong> la forza irriverente dei titoli e dei testi delle sue canzoni\u201d.<\/strong><\/em><\/p>\n<figure id=\"post-309716 media-309716\" class=\"align-none\"><img decoding=\"async\" src=\"https:\/\/www.intoscana.it\/wp-content\/uploads\/Paolo-conte-Trombonista-inchiostro-nero-e-acquarellature-policrome-a-gouche-1999-2000-scaled.jpg\" alt=\"\" \/><\/figure>\n<div class=\"titleimg\"><em>Paolo Conte, Trombonista- inchiostro nero e acquarellature policrome a gouche- 1999-2000<\/em><\/div>\n<p>Sin dagli esordi del suo lunghissimo viaggio musicale,<strong> il celebre cantautore astigiano si \u00e8 dedicato con identica passione anche all\u2019arte,<\/strong>\u00a0 illustrando spesso in prima persona <strong>le copertine dei suoi album.<\/strong><p><span class=\"citazione\">Ho gi\u00e0 avuto occasione di confessare che il vizio della pittura e del disegno sia nella mia vita pi\u00f9 antico di quello per la musica e le canzoni. La composizione musicale manovra su di me in forma di eccitazione, mentre pittura e disegno mi danno calma e leggerezza<\/span><\/p><\/p>\n<p>I soggetti, cos\u00ec come i testi delle sue canzoni, raccontano in maniera pungente e suggestiva <strong>frammenti di vita,<\/strong> e come istantanee colgono l\u2019essenza di contesti narrativi pi\u00f9 ampi.<\/p>\n<p>Nella moltitudine di <strong>personaggi, oggetti, panorami urbani e visioni oniriche<\/strong> che colorano il dinamico universo delle sue opere, \u00e8 possibile individuare una <strong>originale elaborazione di influenze moderniste ed espressioniste,<\/strong> rappresentate attraverso una grande variet\u00e0 di tecniche (pennarelli, pastelli, acquarello).<\/p>\n<p>Nelle scelte visuali, cos\u00ec come in quelle musicali, <strong>Conte trae ispirazione dall\u2019esplosione artistica delle avanguardie del primo Novecento<\/strong>, che considera come il principale e necessario punto di riferimento per ogni tipo di espressione artistica.<\/p>\n<figure id=\"post-309720 media-309720\" class=\"align-none\"><img decoding=\"async\" src=\"https:\/\/www.intoscana.it\/wp-content\/uploads\/Paolo-conte-Lettore-di-musica-acquarellature-policrome-a-gouche-1988-scaled.jpg\" alt=\"\" \/><\/figure>\n<div class=\"titleimg\"><em>Paolo Conte, Lettore di musica \u2013 acquarellature policrome a gouche- 1988<\/em><\/div>\n<p>La sua <strong>percezione \u201cjazz\u201d dell\u2019arte<\/strong> emerge con grande pienezza nell\u2019<strong>opera multimediale Razmataz,<\/strong> da lui stesso definita<strong> una \u201cstoryboard sonorizzata\u201d:<\/strong> formata da una raccolta di disegni, accompagnati da musica e dialoghi, racconta un incontro-scontro tra diverse culture in una fumosa, caotica e seducente Parigi anni anni Venti.<\/p>\n<p><strong>L\u2019artista Paolo Conte ha dichiarato<\/strong>: <em>\u201cHo gi\u00e0 avuto occasione di confessare che <strong>il vizio della pittura e del disegno sia nella mia vita pi\u00f9 antico di quello per la musica e le canzoni,<\/strong> confessando anche che la composizione musicale manovra su di me in forma di eccitazione, mentre <strong>pittura e disegno mi danno calma e leggerezza.<\/strong> Dopo le mostre tenute in occasione della pubblicazione del mio<strong> lavoro multimediale Razmataz<\/strong> nel cui corrispondente dvd erano state montate 1800 mie illustrazioni, la mia frequentazione delle belle arti si \u00e8 fermata, anche per la legittima preoccupazione che quel tanto di notoriet\u00e0 acquisita come canzonettista potesse indurre a pensare che ne volessi approfittare per affrancarmi ad un\u2019altra diversa ribalta. Cos\u00ec, allora, <strong>i miei lavori sono tornati nei miei cassetti, appunto come la nostalgia di un dolcissimo golf di lana blu.<\/strong> Ora, accettando l\u2019onorevole invito di <strong>Eike Schmidt,<\/strong> un po\u2019 dei miei lavori su carta si ripresenta al pubblico e agli appassionati nella prestigiosa <strong>Galleria degli Uffizi\u201d.<\/strong><\/em><\/p>\n<p>Il <strong>7 gennaio, al termine dell\u2019esposizione,<\/strong> Paolo Conte doner\u00e0 al museo l\u2019<strong><em>Autoritratto di un pirla,<\/em> <\/strong>del 1978, entrando cos\u00ec a far parte della pi\u00f9 vasta e prestigiosa collezione di autoritratti d\u2019artista al mondo.<\/p>\n<figure id=\"post-309708 media-309708\" class=\"align-none\"><img decoding=\"async\" src=\"https:\/\/www.intoscana.it\/wp-content\/uploads\/Paolo-conte-Autoritratto-di-un-pirla-1978-scaled.jpg\" alt=\"\" \/><\/figure>\n<div class=\"titleimg\"><em>Paolo Conte, Autoritratto di un pirla, 1978<\/em><\/div>\n<p>&nbsp;<\/p>\n","protected":false},"excerpt":{"rendered":"<p>Esposti fino al 6 gennaio 69 disegni, in gran parte inediti, realizzati dagli anni Settanta nelle sale dell\u2019arte grafica appena inaugurate. Al termine della mostra il Maestro doner\u00e0 l\u2019 \u2018Autoritratto di un pirla\u2019<\/p>\n","protected":false},"author":525,"featured_media":309706,"comment_status":"open","ping_status":"open","sticky":false,"template":"","format":"standard","meta":{"_acf_changed":false,"footnotes":""},"categories":[493],"tags":[4474,202,222,207],"class_list":["post-309704","post","type-post","status-publish","format-standard","has-post-thumbnail","hentry","category-cultura","tag-eventi","tag-firenze","tag-mostre","tag-uffizi"],"acf":[],"yoast_head":"<!-- This site is optimized with the Yoast SEO Premium plugin v24.2 (Yoast SEO v25.6) - https:\/\/yoast.com\/wordpress\/plugins\/seo\/ -->\n<title>Dalla musica all&#039;arte Paolo Conte in mostra agli Uffizi con &quot;Nostalgia di un golf, un dolcissimo golf di lana blu&quot; - intoscana<\/title>\n<meta name=\"description\" content=\"Esposti fino al 6 gennaio 69 disegni, in gran parte inediti, realizzati dagli anni Settanta \u00ecnelle sale dell\u2019arte grafica appena inaugurate\" \/>\n<meta name=\"robots\" content=\"index, follow, max-snippet:-1, max-image-preview:large, max-video-preview:-1\" \/>\n<link rel=\"canonical\" href=\"https:\/\/www.intoscana.it\/it\/dalla-musica-allarte-paolo-conte-in-mostra-agli-uffizi-con-nostalgia-di-un-golf-un-dolcissimo-golf-di-lana-blu\/\" \/>\n<meta property=\"og:locale\" content=\"it_IT\" \/>\n<meta property=\"og:type\" content=\"article\" \/>\n<meta property=\"og:title\" content=\"Dalla musica all&#039;arte Paolo Conte in mostra agli Uffizi con &quot;Nostalgia di un golf, un dolcissimo golf di lana blu&quot;\" \/>\n<meta property=\"og:description\" content=\"Esposti fino al 6 gennaio 69 disegni, in gran parte inediti, realizzati dagli anni Settanta \u00ecnelle sale dell\u2019arte grafica appena inaugurate\" \/>\n<meta property=\"og:url\" content=\"https:\/\/www.intoscana.it\/it\/dalla-musica-allarte-paolo-conte-in-mostra-agli-uffizi-con-nostalgia-di-un-golf-un-dolcissimo-golf-di-lana-blu\/\" \/>\n<meta property=\"og:site_name\" content=\"intoscana\" \/>\n<meta property=\"article:publisher\" content=\"https:\/\/www.facebook.com\/intoscana.it\" \/>\n<meta property=\"article:published_time\" content=\"2023-10-16T09:51:57+00:00\" \/>\n<meta property=\"article:modified_time\" content=\"2023-10-16T11:35:48+00:00\" \/>\n<meta property=\"og:image\" content=\"https:\/\/www.intoscana.it\/wp-content\/uploads\/Conte-e-Schmidt-2.jpeg\" \/>\n\t<meta property=\"og:image:width\" content=\"2048\" \/>\n\t<meta property=\"og:image:height\" content=\"1536\" \/>\n\t<meta property=\"og:image:type\" content=\"image\/jpeg\" \/>\n<meta name=\"author\" content=\"Redazione\" \/>\n<meta name=\"twitter:card\" content=\"summary_large_image\" \/>\n<meta name=\"twitter:creator\" content=\"@intoscana\" \/>\n<meta name=\"twitter:site\" content=\"@intoscana\" \/>\n<meta name=\"twitter:label1\" content=\"Written by\" \/>\n\t<meta name=\"twitter:data1\" content=\"Redazione\" \/>\n\t<meta name=\"twitter:label2\" content=\"Est. reading time\" \/>\n\t<meta name=\"twitter:data2\" content=\"3 minuti\" \/>\n<script type=\"application\/ld+json\" class=\"yoast-schema-graph\">{\"@context\":\"https:\/\/schema.org\",\"@graph\":[{\"@type\":\"WebPage\",\"@id\":\"https:\/\/www.intoscana.it\/it\/dalla-musica-allarte-paolo-conte-in-mostra-agli-uffizi-con-nostalgia-di-un-golf-un-dolcissimo-golf-di-lana-blu\/\",\"url\":\"https:\/\/www.intoscana.it\/it\/dalla-musica-allarte-paolo-conte-in-mostra-agli-uffizi-con-nostalgia-di-un-golf-un-dolcissimo-golf-di-lana-blu\/\",\"name\":\"Dalla musica all'arte Paolo Conte in mostra agli Uffizi con \\\"Nostalgia di un golf, un dolcissimo golf di lana blu\\\" - intoscana\",\"isPartOf\":{\"@id\":\"https:\/\/www.intoscana.it\/it\/#website\"},\"primaryImageOfPage\":{\"@id\":\"https:\/\/www.intoscana.it\/it\/dalla-musica-allarte-paolo-conte-in-mostra-agli-uffizi-con-nostalgia-di-un-golf-un-dolcissimo-golf-di-lana-blu\/#primaryimage\"},\"image\":{\"@id\":\"https:\/\/www.intoscana.it\/it\/dalla-musica-allarte-paolo-conte-in-mostra-agli-uffizi-con-nostalgia-di-un-golf-un-dolcissimo-golf-di-lana-blu\/#primaryimage\"},\"thumbnailUrl\":\"https:\/\/www.intoscana.it\/wp-content\/uploads\/Conte-e-Schmidt-2.jpeg\",\"datePublished\":\"2023-10-16T09:51:57+00:00\",\"dateModified\":\"2023-10-16T11:35:48+00:00\",\"author\":{\"@id\":\"https:\/\/www.intoscana.it\/it\/#\/schema\/person\/9223810753230f20bd670fdd322661f8\"},\"description\":\"Esposti fino al 6 gennaio 69 disegni, in gran parte inediti, realizzati dagli anni Settanta \u00ecnelle sale dell\u2019arte grafica appena inaugurate\",\"breadcrumb\":{\"@id\":\"https:\/\/www.intoscana.it\/it\/dalla-musica-allarte-paolo-conte-in-mostra-agli-uffizi-con-nostalgia-di-un-golf-un-dolcissimo-golf-di-lana-blu\/#breadcrumb\"},\"inLanguage\":\"it-IT\",\"potentialAction\":[{\"@type\":\"ReadAction\",\"target\":[\"https:\/\/www.intoscana.it\/it\/dalla-musica-allarte-paolo-conte-in-mostra-agli-uffizi-con-nostalgia-di-un-golf-un-dolcissimo-golf-di-lana-blu\/\"]}]},{\"@type\":\"ImageObject\",\"inLanguage\":\"it-IT\",\"@id\":\"https:\/\/www.intoscana.it\/it\/dalla-musica-allarte-paolo-conte-in-mostra-agli-uffizi-con-nostalgia-di-un-golf-un-dolcissimo-golf-di-lana-blu\/#primaryimage\",\"url\":\"https:\/\/www.intoscana.it\/wp-content\/uploads\/Conte-e-Schmidt-2.jpeg\",\"contentUrl\":\"https:\/\/www.intoscana.it\/wp-content\/uploads\/Conte-e-Schmidt-2.jpeg\",\"width\":2048,\"height\":1536},{\"@type\":\"BreadcrumbList\",\"@id\":\"https:\/\/www.intoscana.it\/it\/dalla-musica-allarte-paolo-conte-in-mostra-agli-uffizi-con-nostalgia-di-un-golf-un-dolcissimo-golf-di-lana-blu\/#breadcrumb\",\"itemListElement\":[{\"@type\":\"ListItem\",\"position\":1,\"name\":\"Home\",\"item\":\"https:\/\/www.intoscana.it\/it\/\"},{\"@type\":\"ListItem\",\"position\":2,\"name\":\"Dalla musica all&#8217;arte Paolo Conte in mostra agli Uffizi con &#8220;Nostalgia di un golf, un dolcissimo golf di lana blu&#8221;\"}]},{\"@type\":\"WebSite\",\"@id\":\"https:\/\/www.intoscana.it\/it\/#website\",\"url\":\"https:\/\/www.intoscana.it\/it\/\",\"name\":\"intoscana\",\"description\":\"\",\"potentialAction\":[{\"@type\":\"SearchAction\",\"target\":{\"@type\":\"EntryPoint\",\"urlTemplate\":\"https:\/\/www.intoscana.it\/it\/?s={search_term_string}\"},\"query-input\":{\"@type\":\"PropertyValueSpecification\",\"valueRequired\":true,\"valueName\":\"search_term_string\"}}],\"inLanguage\":\"it-IT\"},{\"@type\":\"Person\",\"@id\":\"https:\/\/www.intoscana.it\/it\/#\/schema\/person\/9223810753230f20bd670fdd322661f8\",\"name\":\"Redazione\",\"url\":\"https:\/\/www.intoscana.it\/it\/author\/redazione\/\"}]}<\/script>\n<!-- \/ Yoast SEO Premium plugin. -->","yoast_head_json":{"title":"Dalla musica all'arte Paolo Conte in mostra agli Uffizi con \"Nostalgia di un golf, un dolcissimo golf di lana blu\" - intoscana","description":"Esposti fino al 6 gennaio 69 disegni, in gran parte inediti, realizzati dagli anni Settanta \u00ecnelle sale dell\u2019arte grafica appena inaugurate","robots":{"index":"index","follow":"follow","max-snippet":"max-snippet:-1","max-image-preview":"max-image-preview:large","max-video-preview":"max-video-preview:-1"},"canonical":"https:\/\/www.intoscana.it\/it\/dalla-musica-allarte-paolo-conte-in-mostra-agli-uffizi-con-nostalgia-di-un-golf-un-dolcissimo-golf-di-lana-blu\/","og_locale":"it_IT","og_type":"article","og_title":"Dalla musica all'arte Paolo Conte in mostra agli Uffizi con \"Nostalgia di un golf, un dolcissimo golf di lana blu\"","og_description":"Esposti fino al 6 gennaio 69 disegni, in gran parte inediti, realizzati dagli anni Settanta \u00ecnelle sale dell\u2019arte grafica appena inaugurate","og_url":"https:\/\/www.intoscana.it\/it\/dalla-musica-allarte-paolo-conte-in-mostra-agli-uffizi-con-nostalgia-di-un-golf-un-dolcissimo-golf-di-lana-blu\/","og_site_name":"intoscana","article_publisher":"https:\/\/www.facebook.com\/intoscana.it","article_published_time":"2023-10-16T09:51:57+00:00","article_modified_time":"2023-10-16T11:35:48+00:00","og_image":[{"width":2048,"height":1536,"url":"https:\/\/www.intoscana.it\/wp-content\/uploads\/Conte-e-Schmidt-2.jpeg","type":"image\/jpeg"}],"author":"Redazione","twitter_card":"summary_large_image","twitter_creator":"@intoscana","twitter_site":"@intoscana","twitter_misc":{"Written by":"Redazione","Est. reading time":"3 minuti"},"schema":{"@context":"https:\/\/schema.org","@graph":[{"@type":"WebPage","@id":"https:\/\/www.intoscana.it\/it\/dalla-musica-allarte-paolo-conte-in-mostra-agli-uffizi-con-nostalgia-di-un-golf-un-dolcissimo-golf-di-lana-blu\/","url":"https:\/\/www.intoscana.it\/it\/dalla-musica-allarte-paolo-conte-in-mostra-agli-uffizi-con-nostalgia-di-un-golf-un-dolcissimo-golf-di-lana-blu\/","name":"Dalla musica all'arte Paolo Conte in mostra agli Uffizi con \"Nostalgia di un golf, un dolcissimo golf di lana blu\" - intoscana","isPartOf":{"@id":"https:\/\/www.intoscana.it\/it\/#website"},"primaryImageOfPage":{"@id":"https:\/\/www.intoscana.it\/it\/dalla-musica-allarte-paolo-conte-in-mostra-agli-uffizi-con-nostalgia-di-un-golf-un-dolcissimo-golf-di-lana-blu\/#primaryimage"},"image":{"@id":"https:\/\/www.intoscana.it\/it\/dalla-musica-allarte-paolo-conte-in-mostra-agli-uffizi-con-nostalgia-di-un-golf-un-dolcissimo-golf-di-lana-blu\/#primaryimage"},"thumbnailUrl":"https:\/\/www.intoscana.it\/wp-content\/uploads\/Conte-e-Schmidt-2.jpeg","datePublished":"2023-10-16T09:51:57+00:00","dateModified":"2023-10-16T11:35:48+00:00","author":{"@id":"https:\/\/www.intoscana.it\/it\/#\/schema\/person\/9223810753230f20bd670fdd322661f8"},"description":"Esposti fino al 6 gennaio 69 disegni, in gran parte inediti, realizzati dagli anni Settanta \u00ecnelle sale dell\u2019arte grafica appena inaugurate","breadcrumb":{"@id":"https:\/\/www.intoscana.it\/it\/dalla-musica-allarte-paolo-conte-in-mostra-agli-uffizi-con-nostalgia-di-un-golf-un-dolcissimo-golf-di-lana-blu\/#breadcrumb"},"inLanguage":"it-IT","potentialAction":[{"@type":"ReadAction","target":["https:\/\/www.intoscana.it\/it\/dalla-musica-allarte-paolo-conte-in-mostra-agli-uffizi-con-nostalgia-di-un-golf-un-dolcissimo-golf-di-lana-blu\/"]}]},{"@type":"ImageObject","inLanguage":"it-IT","@id":"https:\/\/www.intoscana.it\/it\/dalla-musica-allarte-paolo-conte-in-mostra-agli-uffizi-con-nostalgia-di-un-golf-un-dolcissimo-golf-di-lana-blu\/#primaryimage","url":"https:\/\/www.intoscana.it\/wp-content\/uploads\/Conte-e-Schmidt-2.jpeg","contentUrl":"https:\/\/www.intoscana.it\/wp-content\/uploads\/Conte-e-Schmidt-2.jpeg","width":2048,"height":1536},{"@type":"BreadcrumbList","@id":"https:\/\/www.intoscana.it\/it\/dalla-musica-allarte-paolo-conte-in-mostra-agli-uffizi-con-nostalgia-di-un-golf-un-dolcissimo-golf-di-lana-blu\/#breadcrumb","itemListElement":[{"@type":"ListItem","position":1,"name":"Home","item":"https:\/\/www.intoscana.it\/it\/"},{"@type":"ListItem","position":2,"name":"Dalla musica all&#8217;arte Paolo Conte in mostra agli Uffizi con &#8220;Nostalgia di un golf, un dolcissimo golf di lana blu&#8221;"}]},{"@type":"WebSite","@id":"https:\/\/www.intoscana.it\/it\/#website","url":"https:\/\/www.intoscana.it\/it\/","name":"intoscana","description":"","potentialAction":[{"@type":"SearchAction","target":{"@type":"EntryPoint","urlTemplate":"https:\/\/www.intoscana.it\/it\/?s={search_term_string}"},"query-input":{"@type":"PropertyValueSpecification","valueRequired":true,"valueName":"search_term_string"}}],"inLanguage":"it-IT"},{"@type":"Person","@id":"https:\/\/www.intoscana.it\/it\/#\/schema\/person\/9223810753230f20bd670fdd322661f8","name":"Redazione","url":"https:\/\/www.intoscana.it\/it\/author\/redazione\/"}]}},"_links":{"self":[{"href":"https:\/\/www.intoscana.it\/it\/wp-json\/wp\/v2\/posts\/309704","targetHints":{"allow":["GET"]}}],"collection":[{"href":"https:\/\/www.intoscana.it\/it\/wp-json\/wp\/v2\/posts"}],"about":[{"href":"https:\/\/www.intoscana.it\/it\/wp-json\/wp\/v2\/types\/post"}],"author":[{"embeddable":true,"href":"https:\/\/www.intoscana.it\/it\/wp-json\/wp\/v2\/users\/525"}],"replies":[{"embeddable":true,"href":"https:\/\/www.intoscana.it\/it\/wp-json\/wp\/v2\/comments?post=309704"}],"version-history":[{"count":0,"href":"https:\/\/www.intoscana.it\/it\/wp-json\/wp\/v2\/posts\/309704\/revisions"}],"wp:featuredmedia":[{"embeddable":true,"href":"https:\/\/www.intoscana.it\/it\/wp-json\/wp\/v2\/media\/309706"}],"wp:attachment":[{"href":"https:\/\/www.intoscana.it\/it\/wp-json\/wp\/v2\/media?parent=309704"}],"wp:term":[{"taxonomy":"category","embeddable":true,"href":"https:\/\/www.intoscana.it\/it\/wp-json\/wp\/v2\/categories?post=309704"},{"taxonomy":"post_tag","embeddable":true,"href":"https:\/\/www.intoscana.it\/it\/wp-json\/wp\/v2\/tags?post=309704"}],"curies":[{"name":"wp","href":"https:\/\/api.w.org\/{rel}","templated":true}]}}