{"id":309859,"date":"2023-10-17T10:13:38","date_gmt":"2023-10-17T08:13:38","guid":{"rendered":"https:\/\/www.intoscana.it\/it\/?p=309859"},"modified":"2023-10-17T10:39:02","modified_gmt":"2023-10-17T08:39:02","slug":"al-palazzo-pretorio-di-figline-valdarno-una-grande-mostra-celebra-lintellettuale-marsilio-ficino","status":"publish","type":"post","link":"https:\/\/www.intoscana.it\/it\/al-palazzo-pretorio-di-figline-valdarno-una-grande-mostra-celebra-lintellettuale-marsilio-ficino\/","title":{"rendered":"Al Palazzo Pretorio di Figline Valdarno una grande mostra celebra l&#8217;intellettuale Marsilio Ficino"},"content":{"rendered":"<p>Nel 2023 si terranno le celebrazioni per il <strong>590\u00b0 anniversario della nascita del pi\u00f9 illustre dei figlinesi: Marsilio Ficino <\/strong>(nato il 20 ottobre 1433).<\/p>\n<p>Per l&#8217;occasione verr\u00e0 aperta <strong>gioved\u00ec 19 ottobre alle ore 18 (proprio nel giorno della sua nascita)<\/strong>, la mostra <strong><em>\u201cMarsilio Ficino. Un umanista e l\u2019immaginario di un\u2019epoca\u201d,<\/em> <\/strong>organizzata a <strong>Palazzo Pretorio dal Comune di Figline e Incisa Valdarno<\/strong>, in collaborazione con il Sistema Museale del Chianti e del Valdarno Fiorentino e la sponsorizzazione di Unicoop, mentre MARE laboratorio sociale di innovazione sociale ha gestito per il Comune l&#8217;organizzazione generale della mostra.<\/p>\n<p>Hanno curato la mostra le storiche dell\u2019arte <strong>Annamaria Bernacchioni e Maria Maugeri e Daniele Conti<\/strong> dell\u2019<strong>Istituto Nazionale di Studi sul Rinascimento<\/strong>, che fanno parte anche del comitato scientifico insieme a <strong>Sebastiano Gentile<\/strong> dell\u2019Universit\u00e0 degli Studi di Cassino e del Lazio meridionale e a<strong> Silvia Scipioni,<\/strong> gi\u00e0 direttrice della Biblioteca Medicea Laurenziana di Firenze.<\/p>\n<figure id=\"post-309865 media-309865\" class=\"align-none\"><img decoding=\"async\" src=\"https:\/\/www.intoscana.it\/wp-content\/uploads\/Busto-marmoreo-di-Cosimo-il-Vecchio-1-scaled.jpg\" alt=\"\" \/><\/figure>\n<div class=\"titleimg\"><em>Busto marmoreo di Cosimo il Vecchio<\/em><\/div>\n<h3>La mostra<\/h3>\n<p>L\u2019esposizione comprende<strong> 18 opere d\u2019arte tra dipinti, sculture e manoscritti<\/strong> (a cui si aggiungono <strong>due installazioni multimediali<\/strong>) provenienti da tutta la Toscana e non solo, che ripercorre in sei sale tematiche<strong> la biografia, l\u2019opera e il pensiero di Ficino<\/strong>, ma anche il <strong>contesto storico<\/strong> in cui egli stesso visse.<\/p>\n<p>Tra di esse, si potranno ammirare gli <strong>splendidi manoscritti quattrocenteschi,<\/strong> provenienti dalla<strong> Biblioteca Medicea Laurenziana.<\/strong><\/p>\n<p>In mostra anche i dipinti raffiguranti personaggi e gli eventi che segnarono quell\u2019epoca, come il<strong><em> \u201cSupplizio di Savonarola\u201d<\/em><\/strong>, attribuito al pittore rinascimentale <strong>Filippo Dolciati<\/strong>, o i <strong>ritratti di Pico della Mirandola, Agnolo Poliziano, Girolamo Savonarola<\/strong> e quello dello stesso <strong>Ficino,<\/strong> proveniente dalla Collezione Giovanni Pratesi di Figline, realizzato da <strong>Giorgio Vasari.<\/strong><\/p>\n<p>E ancora la stupenda tela del pittore barocco <strong>Guido Cagnacci<\/strong>, intitolata \u201c<strong><em>Allegoria dell&#8217;Astrologia sferica\u201d<\/em> <\/strong>e concessa dalla Pinacoteca Civica di Forl\u00ec.<\/p>\n<p><strong>La mostra sar\u00e0 aperta fino al 14 gennaio 2024,<\/strong> <strong>ogni sabato e domenica (in orario 10-13 \/ 15-19) fino al 14 gennaio,<\/strong> ma \u00e8 prevista anche un\u2019apertura straordinaria per venerd\u00ec 10 novembre (dalle 15 alle 19) in occasione del festival <strong>Autumnia.<\/strong><\/p>\n<p><strong>Per le scuole primarie e secondarie<\/strong> \u00e8 possibile prenotare visite guidate dedicate e gratuite dal luned\u00ec al venerd\u00ec, mentre i gruppi di almeno 10 persone con guida abilitata potranno visitare la mostra anche al di fuori dell\u2019orario di apertura (previa prenotazione da effettuarsi con almeno una settimana d\u2019anticipo): in entrambi i casi \u00e8 necessario inviare una email a <strong>cultura@comunefiv.it. L\u2019ingresso \u00e8 gratuito.<\/strong><\/p>\n<h3>Gli eventi collaterali<\/h3>\n<p>Attorno alla mostra sono previsti anche molti altri eventi collaterali per rendere omaggio all\u2019<strong>intellettuale figlinese<\/strong>.<\/p>\n<p><strong>Sabato 21 ottobre,<\/strong> sempre a <strong>Palazzo Pretorio,<\/strong> si svolger\u00e0 la presentazione del Microstudio n\u00b065 <strong><em>\u201cL\u2019arte della medicina: corpo e mente in Marsilio Ficino\u201d<\/em><\/strong> scritto da Raphael Ebgi. Il Microstudio verr\u00e0 presentato dall\u2019autore stesso con Daniele Conti dell\u2019Istituto Nazionale di Studi sul Rinascimento.<\/p>\n<p><strong>Domenica 22<\/strong> invece arriva a Figline <strong>TAM TAM, il furgoncino che rende la cultura alla portata di tutti<\/strong>, trasformando gli spazi pubblici in luoghi pieni di creativit\u00e0 e di sperimentazione espressiva: protagonista del laboratorio sar\u00e0 proprio la fantastica figura di Ficino. L\u2019orario della sosta sar\u00e0 dalle 15 alle 17. Il laboratorio \u00e8 aperto a tutte e tutti, la partecipazione \u00e8 libera e gratuita.<\/p>\n<figure id=\"post-309862 media-309862\" class=\"align-none\"><img decoding=\"async\" src=\"https:\/\/www.intoscana.it\/wp-content\/uploads\/Congiura-de-Pazzi-scaled.jpg\" alt=\"\" \/><\/figure>\n<div class=\"titleimg\">Congiura de\u2019 Pazzi<\/div>\n","protected":false},"excerpt":{"rendered":"<p>Tra gli eventi collaterali per il 590\u00b0 anniversario dalla nascita sabato 21 ottobre, la presentazione del Microstudio n\u00b065 sul rapporto tra Ficino e la medicina e domenica 22 arriva a Figline TAM TAM, il furgoncino della cultura<\/p>\n","protected":false},"author":525,"featured_media":309866,"comment_status":"open","ping_status":"open","sticky":false,"template":"","format":"standard","meta":{"_acf_changed":false,"footnotes":""},"categories":[493],"tags":[6335,222],"class_list":["post-309859","post","type-post","status-publish","format-standard","has-post-thumbnail","hentry","category-cultura","tag-figline-valdarno","tag-mostre"],"acf":[],"yoast_head":"<!-- This site is optimized with the Yoast SEO Premium plugin v24.2 (Yoast SEO v25.6) - https:\/\/yoast.com\/wordpress\/plugins\/seo\/ -->\n<title>Al Palazzo Pretorio di Figline Valdarno una grande mostra celebra l&#039;intellettuale Marsilio Ficino - intoscana<\/title>\n<meta name=\"description\" content=\"Al Palazzo Pretorio di Figline Valdarno una grande mostra celebra l&#039;intellettuale Marsilio Ficino nell&#039;anniversario della sua nascita\" \/>\n<meta name=\"robots\" content=\"index, follow, max-snippet:-1, max-image-preview:large, max-video-preview:-1\" \/>\n<link rel=\"canonical\" href=\"https:\/\/www.intoscana.it\/it\/al-palazzo-pretorio-di-figline-valdarno-una-grande-mostra-celebra-lintellettuale-marsilio-ficino\/\" \/>\n<meta property=\"og:locale\" content=\"it_IT\" \/>\n<meta property=\"og:type\" content=\"article\" \/>\n<meta property=\"og:title\" content=\"Al Palazzo Pretorio di Figline Valdarno una grande mostra celebra l&#039;intellettuale Marsilio Ficino\" \/>\n<meta property=\"og:description\" content=\"Al Palazzo Pretorio di Figline Valdarno una grande mostra celebra l&#039;intellettuale Marsilio Ficino nell&#039;anniversario della sua nascita\" \/>\n<meta property=\"og:url\" content=\"https:\/\/www.intoscana.it\/it\/al-palazzo-pretorio-di-figline-valdarno-una-grande-mostra-celebra-lintellettuale-marsilio-ficino\/\" \/>\n<meta property=\"og:site_name\" content=\"intoscana\" \/>\n<meta property=\"article:publisher\" content=\"https:\/\/www.facebook.com\/intoscana.it\" \/>\n<meta property=\"article:published_time\" content=\"2023-10-17T08:13:38+00:00\" \/>\n<meta property=\"article:modified_time\" content=\"2023-10-17T08:39:02+00:00\" \/>\n<meta property=\"og:image\" content=\"https:\/\/www.intoscana.it\/wp-content\/uploads\/marsilio-ficino-orig.jpeg.jpeg\" \/>\n\t<meta property=\"og:image:width\" content=\"807\" \/>\n\t<meta property=\"og:image:height\" content=\"668\" \/>\n\t<meta property=\"og:image:type\" content=\"image\/jpeg\" \/>\n<meta name=\"author\" content=\"Redazione\" \/>\n<meta name=\"twitter:card\" content=\"summary_large_image\" \/>\n<meta name=\"twitter:creator\" content=\"@intoscana\" \/>\n<meta name=\"twitter:site\" content=\"@intoscana\" \/>\n<meta name=\"twitter:label1\" content=\"Written by\" \/>\n\t<meta name=\"twitter:data1\" content=\"Redazione\" \/>\n\t<meta name=\"twitter:label2\" content=\"Est. reading time\" \/>\n\t<meta name=\"twitter:data2\" content=\"3 minuti\" \/>\n<script type=\"application\/ld+json\" class=\"yoast-schema-graph\">{\"@context\":\"https:\/\/schema.org\",\"@graph\":[{\"@type\":\"WebPage\",\"@id\":\"https:\/\/www.intoscana.it\/it\/al-palazzo-pretorio-di-figline-valdarno-una-grande-mostra-celebra-lintellettuale-marsilio-ficino\/\",\"url\":\"https:\/\/www.intoscana.it\/it\/al-palazzo-pretorio-di-figline-valdarno-una-grande-mostra-celebra-lintellettuale-marsilio-ficino\/\",\"name\":\"Al Palazzo Pretorio di Figline Valdarno una grande mostra celebra l'intellettuale Marsilio Ficino - intoscana\",\"isPartOf\":{\"@id\":\"https:\/\/www.intoscana.it\/it\/#website\"},\"primaryImageOfPage\":{\"@id\":\"https:\/\/www.intoscana.it\/it\/al-palazzo-pretorio-di-figline-valdarno-una-grande-mostra-celebra-lintellettuale-marsilio-ficino\/#primaryimage\"},\"image\":{\"@id\":\"https:\/\/www.intoscana.it\/it\/al-palazzo-pretorio-di-figline-valdarno-una-grande-mostra-celebra-lintellettuale-marsilio-ficino\/#primaryimage\"},\"thumbnailUrl\":\"https:\/\/www.intoscana.it\/wp-content\/uploads\/marsilio-ficino-orig.jpeg.jpeg\",\"datePublished\":\"2023-10-17T08:13:38+00:00\",\"dateModified\":\"2023-10-17T08:39:02+00:00\",\"author\":{\"@id\":\"https:\/\/www.intoscana.it\/it\/#\/schema\/person\/9223810753230f20bd670fdd322661f8\"},\"description\":\"Al Palazzo Pretorio di Figline Valdarno una grande mostra celebra l'intellettuale Marsilio Ficino nell'anniversario della sua nascita\",\"breadcrumb\":{\"@id\":\"https:\/\/www.intoscana.it\/it\/al-palazzo-pretorio-di-figline-valdarno-una-grande-mostra-celebra-lintellettuale-marsilio-ficino\/#breadcrumb\"},\"inLanguage\":\"it-IT\",\"potentialAction\":[{\"@type\":\"ReadAction\",\"target\":[\"https:\/\/www.intoscana.it\/it\/al-palazzo-pretorio-di-figline-valdarno-una-grande-mostra-celebra-lintellettuale-marsilio-ficino\/\"]}]},{\"@type\":\"ImageObject\",\"inLanguage\":\"it-IT\",\"@id\":\"https:\/\/www.intoscana.it\/it\/al-palazzo-pretorio-di-figline-valdarno-una-grande-mostra-celebra-lintellettuale-marsilio-ficino\/#primaryimage\",\"url\":\"https:\/\/www.intoscana.it\/wp-content\/uploads\/marsilio-ficino-orig.jpeg.jpeg\",\"contentUrl\":\"https:\/\/www.intoscana.it\/wp-content\/uploads\/marsilio-ficino-orig.jpeg.jpeg\",\"width\":807,\"height\":668,\"caption\":\"Marsilio Ficino\"},{\"@type\":\"BreadcrumbList\",\"@id\":\"https:\/\/www.intoscana.it\/it\/al-palazzo-pretorio-di-figline-valdarno-una-grande-mostra-celebra-lintellettuale-marsilio-ficino\/#breadcrumb\",\"itemListElement\":[{\"@type\":\"ListItem\",\"position\":1,\"name\":\"Home\",\"item\":\"https:\/\/www.intoscana.it\/it\/\"},{\"@type\":\"ListItem\",\"position\":2,\"name\":\"Al Palazzo Pretorio di Figline Valdarno una grande mostra celebra l&#8217;intellettuale Marsilio Ficino\"}]},{\"@type\":\"WebSite\",\"@id\":\"https:\/\/www.intoscana.it\/it\/#website\",\"url\":\"https:\/\/www.intoscana.it\/it\/\",\"name\":\"intoscana\",\"description\":\"\",\"potentialAction\":[{\"@type\":\"SearchAction\",\"target\":{\"@type\":\"EntryPoint\",\"urlTemplate\":\"https:\/\/www.intoscana.it\/it\/?s={search_term_string}\"},\"query-input\":{\"@type\":\"PropertyValueSpecification\",\"valueRequired\":true,\"valueName\":\"search_term_string\"}}],\"inLanguage\":\"it-IT\"},{\"@type\":\"Person\",\"@id\":\"https:\/\/www.intoscana.it\/it\/#\/schema\/person\/9223810753230f20bd670fdd322661f8\",\"name\":\"Redazione\",\"url\":\"https:\/\/www.intoscana.it\/it\/author\/redazione\/\"}]}<\/script>\n<!-- \/ Yoast SEO Premium plugin. -->","yoast_head_json":{"title":"Al Palazzo Pretorio di Figline Valdarno una grande mostra celebra l'intellettuale Marsilio Ficino - intoscana","description":"Al Palazzo Pretorio di Figline Valdarno una grande mostra celebra l'intellettuale Marsilio Ficino nell'anniversario della sua nascita","robots":{"index":"index","follow":"follow","max-snippet":"max-snippet:-1","max-image-preview":"max-image-preview:large","max-video-preview":"max-video-preview:-1"},"canonical":"https:\/\/www.intoscana.it\/it\/al-palazzo-pretorio-di-figline-valdarno-una-grande-mostra-celebra-lintellettuale-marsilio-ficino\/","og_locale":"it_IT","og_type":"article","og_title":"Al Palazzo Pretorio di Figline Valdarno una grande mostra celebra l'intellettuale Marsilio Ficino","og_description":"Al Palazzo Pretorio di Figline Valdarno una grande mostra celebra l'intellettuale Marsilio Ficino nell'anniversario della sua nascita","og_url":"https:\/\/www.intoscana.it\/it\/al-palazzo-pretorio-di-figline-valdarno-una-grande-mostra-celebra-lintellettuale-marsilio-ficino\/","og_site_name":"intoscana","article_publisher":"https:\/\/www.facebook.com\/intoscana.it","article_published_time":"2023-10-17T08:13:38+00:00","article_modified_time":"2023-10-17T08:39:02+00:00","og_image":[{"width":807,"height":668,"url":"https:\/\/www.intoscana.it\/wp-content\/uploads\/marsilio-ficino-orig.jpeg.jpeg","type":"image\/jpeg"}],"author":"Redazione","twitter_card":"summary_large_image","twitter_creator":"@intoscana","twitter_site":"@intoscana","twitter_misc":{"Written by":"Redazione","Est. reading time":"3 minuti"},"schema":{"@context":"https:\/\/schema.org","@graph":[{"@type":"WebPage","@id":"https:\/\/www.intoscana.it\/it\/al-palazzo-pretorio-di-figline-valdarno-una-grande-mostra-celebra-lintellettuale-marsilio-ficino\/","url":"https:\/\/www.intoscana.it\/it\/al-palazzo-pretorio-di-figline-valdarno-una-grande-mostra-celebra-lintellettuale-marsilio-ficino\/","name":"Al Palazzo Pretorio di Figline Valdarno una grande mostra celebra l'intellettuale Marsilio Ficino - intoscana","isPartOf":{"@id":"https:\/\/www.intoscana.it\/it\/#website"},"primaryImageOfPage":{"@id":"https:\/\/www.intoscana.it\/it\/al-palazzo-pretorio-di-figline-valdarno-una-grande-mostra-celebra-lintellettuale-marsilio-ficino\/#primaryimage"},"image":{"@id":"https:\/\/www.intoscana.it\/it\/al-palazzo-pretorio-di-figline-valdarno-una-grande-mostra-celebra-lintellettuale-marsilio-ficino\/#primaryimage"},"thumbnailUrl":"https:\/\/www.intoscana.it\/wp-content\/uploads\/marsilio-ficino-orig.jpeg.jpeg","datePublished":"2023-10-17T08:13:38+00:00","dateModified":"2023-10-17T08:39:02+00:00","author":{"@id":"https:\/\/www.intoscana.it\/it\/#\/schema\/person\/9223810753230f20bd670fdd322661f8"},"description":"Al Palazzo Pretorio di Figline Valdarno una grande mostra celebra l'intellettuale Marsilio Ficino nell'anniversario della sua nascita","breadcrumb":{"@id":"https:\/\/www.intoscana.it\/it\/al-palazzo-pretorio-di-figline-valdarno-una-grande-mostra-celebra-lintellettuale-marsilio-ficino\/#breadcrumb"},"inLanguage":"it-IT","potentialAction":[{"@type":"ReadAction","target":["https:\/\/www.intoscana.it\/it\/al-palazzo-pretorio-di-figline-valdarno-una-grande-mostra-celebra-lintellettuale-marsilio-ficino\/"]}]},{"@type":"ImageObject","inLanguage":"it-IT","@id":"https:\/\/www.intoscana.it\/it\/al-palazzo-pretorio-di-figline-valdarno-una-grande-mostra-celebra-lintellettuale-marsilio-ficino\/#primaryimage","url":"https:\/\/www.intoscana.it\/wp-content\/uploads\/marsilio-ficino-orig.jpeg.jpeg","contentUrl":"https:\/\/www.intoscana.it\/wp-content\/uploads\/marsilio-ficino-orig.jpeg.jpeg","width":807,"height":668,"caption":"Marsilio Ficino"},{"@type":"BreadcrumbList","@id":"https:\/\/www.intoscana.it\/it\/al-palazzo-pretorio-di-figline-valdarno-una-grande-mostra-celebra-lintellettuale-marsilio-ficino\/#breadcrumb","itemListElement":[{"@type":"ListItem","position":1,"name":"Home","item":"https:\/\/www.intoscana.it\/it\/"},{"@type":"ListItem","position":2,"name":"Al Palazzo Pretorio di Figline Valdarno una grande mostra celebra l&#8217;intellettuale Marsilio Ficino"}]},{"@type":"WebSite","@id":"https:\/\/www.intoscana.it\/it\/#website","url":"https:\/\/www.intoscana.it\/it\/","name":"intoscana","description":"","potentialAction":[{"@type":"SearchAction","target":{"@type":"EntryPoint","urlTemplate":"https:\/\/www.intoscana.it\/it\/?s={search_term_string}"},"query-input":{"@type":"PropertyValueSpecification","valueRequired":true,"valueName":"search_term_string"}}],"inLanguage":"it-IT"},{"@type":"Person","@id":"https:\/\/www.intoscana.it\/it\/#\/schema\/person\/9223810753230f20bd670fdd322661f8","name":"Redazione","url":"https:\/\/www.intoscana.it\/it\/author\/redazione\/"}]}},"_links":{"self":[{"href":"https:\/\/www.intoscana.it\/it\/wp-json\/wp\/v2\/posts\/309859","targetHints":{"allow":["GET"]}}],"collection":[{"href":"https:\/\/www.intoscana.it\/it\/wp-json\/wp\/v2\/posts"}],"about":[{"href":"https:\/\/www.intoscana.it\/it\/wp-json\/wp\/v2\/types\/post"}],"author":[{"embeddable":true,"href":"https:\/\/www.intoscana.it\/it\/wp-json\/wp\/v2\/users\/525"}],"replies":[{"embeddable":true,"href":"https:\/\/www.intoscana.it\/it\/wp-json\/wp\/v2\/comments?post=309859"}],"version-history":[{"count":0,"href":"https:\/\/www.intoscana.it\/it\/wp-json\/wp\/v2\/posts\/309859\/revisions"}],"wp:featuredmedia":[{"embeddable":true,"href":"https:\/\/www.intoscana.it\/it\/wp-json\/wp\/v2\/media\/309866"}],"wp:attachment":[{"href":"https:\/\/www.intoscana.it\/it\/wp-json\/wp\/v2\/media?parent=309859"}],"wp:term":[{"taxonomy":"category","embeddable":true,"href":"https:\/\/www.intoscana.it\/it\/wp-json\/wp\/v2\/categories?post=309859"},{"taxonomy":"post_tag","embeddable":true,"href":"https:\/\/www.intoscana.it\/it\/wp-json\/wp\/v2\/tags?post=309859"}],"curies":[{"name":"wp","href":"https:\/\/api.w.org\/{rel}","templated":true}]}}