{"id":310427,"date":"2023-12-01T11:46:45","date_gmt":"2023-12-01T10:46:45","guid":{"rendered":"https:\/\/www.intoscana.it\/it\/?p=310427"},"modified":"2023-12-01T15:54:05","modified_gmt":"2023-12-01T14:54:05","slug":"dustin-hoffman-girera-a-lucca-un-film-con-il-regista-cult-peter-greenaway","status":"publish","type":"post","link":"https:\/\/www.intoscana.it\/it\/dustin-hoffman-girera-a-lucca-un-film-con-il-regista-cult-peter-greenaway\/","title":{"rendered":"Al via le riprese di &#8220;Lucca Mortis&#8221;, film di Peter Greenaway con Dustin Hoffman"},"content":{"rendered":"<p>L&#8217;attore due volte premio Oscar <strong>Dustin Hoffman<\/strong> sar\u00e0 tra pochi giorni a Lucca per girare da protagonista il nuovo attesissimo film del <strong>regista cult Peter Greenaway.\u00a0 <\/strong>Il titolo del film \u00e8 <strong><em>&#8220;Lucca Mortis&#8221;, <\/em><\/strong>\u00e8 prodotto da Facing East Entertainment e The Family Film, con il coordinamento logistico e il supporto del Comune di Lucca e dei vari assessorati coinvolti e racconter\u00e0 le vicende di uno scrittore newyorkese che si concede un anno sabbatico per visitare Lucca, alla ricerca delle sue lontane origini italiane. Il lungometraggio sar\u00e0 ambientato nel 2001, l\u2019anno dell\u2019attentato alle Torri gemelle, che saranno poste in<strong> parallelo con le torri di Lucca.<\/strong><\/p>\n<figure id=\"post-73802 media-73802\" class=\"align-none\"><img decoding=\"async\" src=\"https:\/\/www.intoscana.it\/wp-content\/uploads\/LUCCA-016-1.jpg\" alt=\"\" \/><\/figure>\n<div class=\"titleimg\"><em>Mura di Lucca<\/em><\/div>\n<p>&nbsp;<\/p>\n<p>A soli due mesi dalla fine dell&#8217;edizione 2023 del Lucca Film Festival, terminato lo scorso 1\u00b0 ottobre, il cinema torna al centro della vita culturale della citt\u00e0. Venerd\u00ec 1\u00b0 dicembre, nel corso di una conferenza stampa, \u00e8 stato annunciato l&#8217;inizio delle riprese, i primi giorni di dicembre, nel centro storico di Lucca e nelle sue storiche mura, del film di Peter Greenaway.<\/p>\n<p>Il regista si era innamorato della citt\u00e0 toscana dieci anni fa, quando era stato ospite della nona edizione del festival, che lo vedeva protagonista con l&#8217;opera multimediale The Towers | Lucca Hubris. Il lavoro dell\u2019artista inglese consisteva nell\u2019animazione dell&#8217;intera facciata della Chiesa di San Francesco, che per circa 35 minuti era diventata teatro di un evento sperimentale di \u201ccinema architettonico\u201d. Il progetto, che andava a coinvolgere le 130 torri di Lucca, che nel Duecento svettavano con la loro \u201conorevole arroganza\u201d, aveva gettato il seme di una sceneggiatura, facendo nascere nel regista il desiderio di girare un film proprio in quella fanstica location: l&#8217;installazione far\u00e0 infatti parte di una scena di <strong><em>Lucca mortis<\/em><\/strong>.<\/p>\n<div><\/div>\n<div>\n<figure id=\"post-317261 media-317261\" class=\"align-none\">\n<p><figure style=\"width: 2000px\" class=\"wp-caption alignnone\"><img loading=\"lazy\" decoding=\"async\" src=\"https:\/\/www.intoscana.it\/wp-content\/uploads\/Foto-proiezione-in-piazza-3.jpg\" alt=\"The Towers | Lucca Hubris\" width=\"2000\" height=\"1330\" \/><figcaption class=\"wp-caption-text\">The Towers | Lucca Hubris<\/figcaption><\/figure><\/figure>\n<\/div>\n<p>Il presidente del Lucca Film Festival, <strong>Nicola Borrell<\/strong>i si \u00e8 detto entusiasta: \u201c<em>A dieci anni dall\u2019installazione The Towers | Lucca Hubris, da cui tutto ebbe inizio, questo film rappresenta il coronamento di un percorso di amore e dedizione per il cinema e per il nostro territorio. Il pi\u00f9 importante film girato e ambientato completamente a Lucca, che porter\u00e0 alla citt\u00e0 uno straordinario ritorno economico, con investimenti per milioni di euro e una promozione turistica internazionale destinata a durare nel tempo. Ma soprattutto un film che mostra come la nostra citt\u00e0 sappia essere, per un artista, l\u2019ispirazione. Per Greenaway questa ispirazione non \u00e8 stata un fuoco fatuo, ma una fiamma viva, alimentata negli anni dalle idee e dal senso del ritornare \u2013 con noi, al Lucca film festival, negli scorsi anni. E questo \u00e8 ci\u00f2 che pi\u00f9 che mai ci fa capire quanto sia prezioso e importante il nostro lavoro<\/em>\u201d.<\/p>\n<p>Il commento del Presidente della Fondazione Cassa di Risparmio di Lucca, <em><strong>Marcello Bertocchini<\/strong><\/em>: \u201c<em>Peter Greenaway dieci anni fa ha regalato alla citt\u00e0 di Lucca una delle performance artistiche pi\u00f9 importanti che il territorio abbia mai conosciuto. Fu la Fondazione Cassa di Risparmio, assieme a Luca Film Festival, a presentare Lucca a questo grande regista, che da quel giorno ne \u00e8 rimasto fatalmente innamorato. Sapere che questo \u201cmatrimonio\u201c continua oggi e si traduce in una nuova importante occasione per la citt\u00e0 \u00e8 ovviamente un motivo di grande soddisfazione, che alimenta anche la nostra curiosit\u00e0 di sapere a cosa dar\u00e0 vita la sua mente visionaria<\/em>\u201d.<\/p>\n<p>La conferenza stampa per l&#8217;annuncio dell&#8217;inizio riprese del film, \u00e8 anche stata l&#8217;occazione per lanciare le date della v<strong>entesima edizione del Lucca Film Festival, che si svolger\u00e0 dal 21 al 29 settembre 2024<\/strong> e sar\u00e0 certamente all\u2019insegna di Lucca Mortis e del suo cast internazionale.<\/p>\n<p>Il sindaco <strong>Mario Pardini<\/strong> e l\u2019assessore al turismo <strong>Remo Santini<\/strong> hanno dichiarato: <em>\u201cL\u2019amministrazione ha facilitato l\u2019approdo del film a Lucca, supportando la produzione e la direzione organizzativa in ogni richiesta ed esigenza. Un confronto costante, che va avanti da molto tempo e che proseguir\u00e0 con una sinergia operativa nelle prossime settimane. Il merito va anche a Lucca film Festival che dieci anni fa ha portato per la prima volta Peter Greenway a Lucca dando inizio alla storia d\u2019amore tra il regista e la citt\u00e0\u201d.<\/em><\/p>\n<p>&nbsp;<\/p>\n<p>&nbsp;<\/p>\n<p>&nbsp;<\/p>\n","protected":false},"excerpt":{"rendered":"<p>Il regista si \u00e8 innamorato della citt\u00e0 toscana quando dieci anni fa fu ospite del Lucca Film Festival e da tempo sognava di poter girare un film tra gli scenari mozzafiato del centro storico e delle mura. L&#8217;inizio delle riprese previsto i primi giorni di dicembre.<\/p>\n","protected":false},"author":518,"featured_media":310429,"comment_status":"open","ping_status":"open","sticky":false,"template":"","format":"standard","meta":{"_acf_changed":false,"footnotes":""},"categories":[493],"tags":[188,170,6542],"class_list":["post-310427","post","type-post","status-publish","format-standard","has-post-thumbnail","hentry","category-cultura","tag-cinema","tag-lucca","tag-lucca-film-festival"],"acf":[],"yoast_head":"<!-- This site is optimized with the Yoast SEO Premium plugin v24.2 (Yoast SEO v25.6) - https:\/\/yoast.com\/wordpress\/plugins\/seo\/ -->\n<title>Al via le riprese di &quot;Lucca Mortis&quot;, film di Peter Greenaway con Dustin Hoffman - intoscana<\/title>\n<meta name=\"description\" content=\"Il regista si \u00e8 innamorato della citt\u00e0 toscana quando dieci anni fa fu ospite del Lucca Film Festival e da tempo sognava di girare qui\" \/>\n<meta name=\"robots\" content=\"index, follow, max-snippet:-1, max-image-preview:large, max-video-preview:-1\" \/>\n<link rel=\"canonical\" href=\"https:\/\/www.intoscana.it\/it\/dustin-hoffman-girera-a-lucca-un-film-con-il-regista-cult-peter-greenaway\/\" \/>\n<meta property=\"og:locale\" content=\"it_IT\" \/>\n<meta property=\"og:type\" content=\"article\" \/>\n<meta property=\"og:title\" content=\"Al via le riprese di &quot;Lucca Mortis&quot;, film di Peter Greenaway con Dustin Hoffman\" \/>\n<meta property=\"og:description\" content=\"Il regista si \u00e8 innamorato della citt\u00e0 toscana quando dieci anni fa fu ospite del Lucca Film Festival e da tempo sognava di girare qui\" \/>\n<meta property=\"og:url\" content=\"https:\/\/www.intoscana.it\/it\/dustin-hoffman-girera-a-lucca-un-film-con-il-regista-cult-peter-greenaway\/\" \/>\n<meta property=\"og:site_name\" content=\"intoscana\" \/>\n<meta property=\"article:publisher\" content=\"https:\/\/www.facebook.com\/intoscana.it\" \/>\n<meta property=\"article:published_time\" content=\"2023-12-01T10:46:45+00:00\" \/>\n<meta property=\"article:modified_time\" content=\"2023-12-01T14:54:05+00:00\" \/>\n<meta property=\"og:image\" content=\"https:\/\/www.intoscana.it\/wp-content\/uploads\/dustin-hoffmann-85-anni-cover.jpeg\" \/>\n\t<meta property=\"og:image:width\" content=\"1100\" \/>\n\t<meta property=\"og:image:height\" content=\"785\" \/>\n\t<meta property=\"og:image:type\" content=\"image\/jpeg\" \/>\n<meta name=\"author\" content=\"Costanza Baldini\" \/>\n<meta name=\"twitter:card\" content=\"summary_large_image\" \/>\n<meta name=\"twitter:creator\" content=\"@intoscana\" \/>\n<meta name=\"twitter:site\" content=\"@intoscana\" \/>\n<meta name=\"twitter:label1\" content=\"Written by\" \/>\n\t<meta name=\"twitter:data1\" content=\"Costanza Baldini\" \/>\n\t<meta name=\"twitter:label2\" content=\"Est. reading time\" \/>\n\t<meta name=\"twitter:data2\" content=\"3 minuti\" \/>\n<script type=\"application\/ld+json\" class=\"yoast-schema-graph\">{\"@context\":\"https:\/\/schema.org\",\"@graph\":[{\"@type\":\"WebPage\",\"@id\":\"https:\/\/www.intoscana.it\/it\/dustin-hoffman-girera-a-lucca-un-film-con-il-regista-cult-peter-greenaway\/\",\"url\":\"https:\/\/www.intoscana.it\/it\/dustin-hoffman-girera-a-lucca-un-film-con-il-regista-cult-peter-greenaway\/\",\"name\":\"Al via le riprese di \\\"Lucca Mortis\\\", film di Peter Greenaway con Dustin Hoffman - intoscana\",\"isPartOf\":{\"@id\":\"https:\/\/www.intoscana.it\/it\/#website\"},\"primaryImageOfPage\":{\"@id\":\"https:\/\/www.intoscana.it\/it\/dustin-hoffman-girera-a-lucca-un-film-con-il-regista-cult-peter-greenaway\/#primaryimage\"},\"image\":{\"@id\":\"https:\/\/www.intoscana.it\/it\/dustin-hoffman-girera-a-lucca-un-film-con-il-regista-cult-peter-greenaway\/#primaryimage\"},\"thumbnailUrl\":\"https:\/\/www.intoscana.it\/wp-content\/uploads\/dustin-hoffmann-85-anni-cover.jpeg\",\"datePublished\":\"2023-12-01T10:46:45+00:00\",\"dateModified\":\"2023-12-01T14:54:05+00:00\",\"author\":{\"@id\":\"https:\/\/www.intoscana.it\/it\/#\/schema\/person\/d469f35f09739bdf00bf5dd3f0647a82\"},\"description\":\"Il regista si \u00e8 innamorato della citt\u00e0 toscana quando dieci anni fa fu ospite del Lucca Film Festival e da tempo sognava di girare qui\",\"breadcrumb\":{\"@id\":\"https:\/\/www.intoscana.it\/it\/dustin-hoffman-girera-a-lucca-un-film-con-il-regista-cult-peter-greenaway\/#breadcrumb\"},\"inLanguage\":\"it-IT\",\"potentialAction\":[{\"@type\":\"ReadAction\",\"target\":[\"https:\/\/www.intoscana.it\/it\/dustin-hoffman-girera-a-lucca-un-film-con-il-regista-cult-peter-greenaway\/\"]}]},{\"@type\":\"ImageObject\",\"inLanguage\":\"it-IT\",\"@id\":\"https:\/\/www.intoscana.it\/it\/dustin-hoffman-girera-a-lucca-un-film-con-il-regista-cult-peter-greenaway\/#primaryimage\",\"url\":\"https:\/\/www.intoscana.it\/wp-content\/uploads\/dustin-hoffmann-85-anni-cover.jpeg\",\"contentUrl\":\"https:\/\/www.intoscana.it\/wp-content\/uploads\/dustin-hoffmann-85-anni-cover.jpeg\",\"width\":1100,\"height\":785},{\"@type\":\"BreadcrumbList\",\"@id\":\"https:\/\/www.intoscana.it\/it\/dustin-hoffman-girera-a-lucca-un-film-con-il-regista-cult-peter-greenaway\/#breadcrumb\",\"itemListElement\":[{\"@type\":\"ListItem\",\"position\":1,\"name\":\"Home\",\"item\":\"https:\/\/www.intoscana.it\/it\/\"},{\"@type\":\"ListItem\",\"position\":2,\"name\":\"Al via le riprese di &#8220;Lucca Mortis&#8221;, film di Peter Greenaway con Dustin Hoffman\"}]},{\"@type\":\"WebSite\",\"@id\":\"https:\/\/www.intoscana.it\/it\/#website\",\"url\":\"https:\/\/www.intoscana.it\/it\/\",\"name\":\"intoscana\",\"description\":\"\",\"potentialAction\":[{\"@type\":\"SearchAction\",\"target\":{\"@type\":\"EntryPoint\",\"urlTemplate\":\"https:\/\/www.intoscana.it\/it\/?s={search_term_string}\"},\"query-input\":{\"@type\":\"PropertyValueSpecification\",\"valueRequired\":true,\"valueName\":\"search_term_string\"}}],\"inLanguage\":\"it-IT\"},{\"@type\":\"Person\",\"@id\":\"https:\/\/www.intoscana.it\/it\/#\/schema\/person\/d469f35f09739bdf00bf5dd3f0647a82\",\"name\":\"Costanza Baldini\",\"url\":\"https:\/\/www.intoscana.it\/it\/author\/costanza-baldini\/\"}]}<\/script>\n<!-- \/ Yoast SEO Premium plugin. -->","yoast_head_json":{"title":"Al via le riprese di \"Lucca Mortis\", film di Peter Greenaway con Dustin Hoffman - intoscana","description":"Il regista si \u00e8 innamorato della citt\u00e0 toscana quando dieci anni fa fu ospite del Lucca Film Festival e da tempo sognava di girare qui","robots":{"index":"index","follow":"follow","max-snippet":"max-snippet:-1","max-image-preview":"max-image-preview:large","max-video-preview":"max-video-preview:-1"},"canonical":"https:\/\/www.intoscana.it\/it\/dustin-hoffman-girera-a-lucca-un-film-con-il-regista-cult-peter-greenaway\/","og_locale":"it_IT","og_type":"article","og_title":"Al via le riprese di \"Lucca Mortis\", film di Peter Greenaway con Dustin Hoffman","og_description":"Il regista si \u00e8 innamorato della citt\u00e0 toscana quando dieci anni fa fu ospite del Lucca Film Festival e da tempo sognava di girare qui","og_url":"https:\/\/www.intoscana.it\/it\/dustin-hoffman-girera-a-lucca-un-film-con-il-regista-cult-peter-greenaway\/","og_site_name":"intoscana","article_publisher":"https:\/\/www.facebook.com\/intoscana.it","article_published_time":"2023-12-01T10:46:45+00:00","article_modified_time":"2023-12-01T14:54:05+00:00","og_image":[{"width":1100,"height":785,"url":"https:\/\/www.intoscana.it\/wp-content\/uploads\/dustin-hoffmann-85-anni-cover.jpeg","type":"image\/jpeg"}],"author":"Costanza Baldini","twitter_card":"summary_large_image","twitter_creator":"@intoscana","twitter_site":"@intoscana","twitter_misc":{"Written by":"Costanza Baldini","Est. reading time":"3 minuti"},"schema":{"@context":"https:\/\/schema.org","@graph":[{"@type":"WebPage","@id":"https:\/\/www.intoscana.it\/it\/dustin-hoffman-girera-a-lucca-un-film-con-il-regista-cult-peter-greenaway\/","url":"https:\/\/www.intoscana.it\/it\/dustin-hoffman-girera-a-lucca-un-film-con-il-regista-cult-peter-greenaway\/","name":"Al via le riprese di \"Lucca Mortis\", film di Peter Greenaway con Dustin Hoffman - intoscana","isPartOf":{"@id":"https:\/\/www.intoscana.it\/it\/#website"},"primaryImageOfPage":{"@id":"https:\/\/www.intoscana.it\/it\/dustin-hoffman-girera-a-lucca-un-film-con-il-regista-cult-peter-greenaway\/#primaryimage"},"image":{"@id":"https:\/\/www.intoscana.it\/it\/dustin-hoffman-girera-a-lucca-un-film-con-il-regista-cult-peter-greenaway\/#primaryimage"},"thumbnailUrl":"https:\/\/www.intoscana.it\/wp-content\/uploads\/dustin-hoffmann-85-anni-cover.jpeg","datePublished":"2023-12-01T10:46:45+00:00","dateModified":"2023-12-01T14:54:05+00:00","author":{"@id":"https:\/\/www.intoscana.it\/it\/#\/schema\/person\/d469f35f09739bdf00bf5dd3f0647a82"},"description":"Il regista si \u00e8 innamorato della citt\u00e0 toscana quando dieci anni fa fu ospite del Lucca Film Festival e da tempo sognava di girare qui","breadcrumb":{"@id":"https:\/\/www.intoscana.it\/it\/dustin-hoffman-girera-a-lucca-un-film-con-il-regista-cult-peter-greenaway\/#breadcrumb"},"inLanguage":"it-IT","potentialAction":[{"@type":"ReadAction","target":["https:\/\/www.intoscana.it\/it\/dustin-hoffman-girera-a-lucca-un-film-con-il-regista-cult-peter-greenaway\/"]}]},{"@type":"ImageObject","inLanguage":"it-IT","@id":"https:\/\/www.intoscana.it\/it\/dustin-hoffman-girera-a-lucca-un-film-con-il-regista-cult-peter-greenaway\/#primaryimage","url":"https:\/\/www.intoscana.it\/wp-content\/uploads\/dustin-hoffmann-85-anni-cover.jpeg","contentUrl":"https:\/\/www.intoscana.it\/wp-content\/uploads\/dustin-hoffmann-85-anni-cover.jpeg","width":1100,"height":785},{"@type":"BreadcrumbList","@id":"https:\/\/www.intoscana.it\/it\/dustin-hoffman-girera-a-lucca-un-film-con-il-regista-cult-peter-greenaway\/#breadcrumb","itemListElement":[{"@type":"ListItem","position":1,"name":"Home","item":"https:\/\/www.intoscana.it\/it\/"},{"@type":"ListItem","position":2,"name":"Al via le riprese di &#8220;Lucca Mortis&#8221;, film di Peter Greenaway con Dustin Hoffman"}]},{"@type":"WebSite","@id":"https:\/\/www.intoscana.it\/it\/#website","url":"https:\/\/www.intoscana.it\/it\/","name":"intoscana","description":"","potentialAction":[{"@type":"SearchAction","target":{"@type":"EntryPoint","urlTemplate":"https:\/\/www.intoscana.it\/it\/?s={search_term_string}"},"query-input":{"@type":"PropertyValueSpecification","valueRequired":true,"valueName":"search_term_string"}}],"inLanguage":"it-IT"},{"@type":"Person","@id":"https:\/\/www.intoscana.it\/it\/#\/schema\/person\/d469f35f09739bdf00bf5dd3f0647a82","name":"Costanza Baldini","url":"https:\/\/www.intoscana.it\/it\/author\/costanza-baldini\/"}]}},"_links":{"self":[{"href":"https:\/\/www.intoscana.it\/it\/wp-json\/wp\/v2\/posts\/310427","targetHints":{"allow":["GET"]}}],"collection":[{"href":"https:\/\/www.intoscana.it\/it\/wp-json\/wp\/v2\/posts"}],"about":[{"href":"https:\/\/www.intoscana.it\/it\/wp-json\/wp\/v2\/types\/post"}],"author":[{"embeddable":true,"href":"https:\/\/www.intoscana.it\/it\/wp-json\/wp\/v2\/users\/518"}],"replies":[{"embeddable":true,"href":"https:\/\/www.intoscana.it\/it\/wp-json\/wp\/v2\/comments?post=310427"}],"version-history":[{"count":0,"href":"https:\/\/www.intoscana.it\/it\/wp-json\/wp\/v2\/posts\/310427\/revisions"}],"wp:featuredmedia":[{"embeddable":true,"href":"https:\/\/www.intoscana.it\/it\/wp-json\/wp\/v2\/media\/310429"}],"wp:attachment":[{"href":"https:\/\/www.intoscana.it\/it\/wp-json\/wp\/v2\/media?parent=310427"}],"wp:term":[{"taxonomy":"category","embeddable":true,"href":"https:\/\/www.intoscana.it\/it\/wp-json\/wp\/v2\/categories?post=310427"},{"taxonomy":"post_tag","embeddable":true,"href":"https:\/\/www.intoscana.it\/it\/wp-json\/wp\/v2\/tags?post=310427"}],"curies":[{"name":"wp","href":"https:\/\/api.w.org\/{rel}","templated":true}]}}