{"id":310753,"date":"2023-10-21T20:03:40","date_gmt":"2023-10-21T18:03:40","guid":{"rendered":"https:\/\/www.intoscana.it\/it\/?p=310753"},"modified":"2023-10-21T20:03:40","modified_gmt":"2023-10-21T18:03:40","slug":"donne-del-next-generation-fest","status":"publish","type":"post","link":"https:\/\/www.intoscana.it\/it\/donne-del-next-generation-fest\/","title":{"rendered":"Il teatro del Maggio si tinge di rosa, sul palco le donne del Next Generation Fest"},"content":{"rendered":"<p>Nella sessione del pomeriggio-sera il palco del Next Generation Fest si \u00e8 tinto di rosa. Donne protagoniste nella seconda sessione pomeridiana. Donne del cinema, della musica, della tv, della politica.<\/p>\n<p>La capogabinetto del presidente della Regione Toscana, <strong>Cristina Manetti<\/strong>, ha usato proprio il palco del Next per presentare la seconda edizione de <strong>La Toscana delle donne<\/strong>, al via il 19 novembre partir\u00e0 con la seconda edizione. Un&#8217;occasione di confronto dedicato alle donne vicine e lontane. Come le donne iraniane, al centro degli appuntamenti dell&#8217;anno scorso. Come <strong>Narges Mohammad\u00ec<\/strong>, attivista e giornalista, in carcere per le sue battaglie e Nobel per la pace.<\/p>\n<figure id=\"post-310759 media-310759\" class=\"align-center\"><img decoding=\"async\" src=\"https:\/\/www.intoscana.it\/wp-content\/uploads\/Cristina-Manetti-NGF.jpg\" alt=\"\" \/><\/figure>\n<h3>Un bando per le produzioni cinematografiche<\/h3>\n<p>Manetti ha poi annunciato che la Regione Toscana sta per la prima volta per attivare un bando da tre milioni di euro (fondi europei Fesr) per sostenere produzione cinematografiche che vogliano venire in Toscana e raccontarla. E dopo di lei, non a caso,\u00a0sul main stage \u00e8 salita anche<strong> Ludovica Nasti,<\/strong> Lila ne &#8220;L&#8217;amica geniale&#8221;. Il suo consiglio? &#8220;Mai smettere di mollare&#8221;.<\/p>\n<h3>Aurora Ramazzotti: &#8220;Siamo troppo preoccupati di piacere&#8221;<\/h3>\n<p>Aurora Ramazzotti era una dei grandi ospiti attesi di questa seconda edizione del Next. Figlia d&#8217;arte, da poco diventata mamma, \u00e8 ormai una creator digitale seguitissima. Ai giovani, suoi coetanei, ha voluto parlare del tema della salute mentale.<\/p>\n<p>\u201cPassiamo gran parte dell\u2019esistenza a cercare di piacere agli altri \u2013 ha detto- quando in realt\u00e0 lo sforzo pi\u00f9 grande che dobbiamo fare \u00e8 su di noi, lavorare su di noi per piacere a noi stessi. Con questo presupposto anche gli attacchi degli haters diventano relativi, perch\u00e9 non fanno parte della vita vera. La vita vera \u00e8 altro\u201d.<\/p>\n<p>\u201cAnsia e depressione oggi \u2013 ha aggiunto- non sono un tab\u00f9 tra i giovani e mi auguro che il tema della salute mentale si possa portare sempre pi\u00f9 nelle scuole\u201d. \u201cTik tok &#8211; conclude &#8211; \u00e8 una fonte di informazione seria: nel senso che puoi attingere alle esperienze reali degli altri. E non c\u2019\u00e8 niente di pi\u00f9 empatico che avere una informazione da una persona che sta vivendo la tua stessa esperienza\u201d.<\/p>\n<h3>Donne in volo che salvano vite<\/h3>\n<p>Tra le esperienze arrivate anche quella di <strong>Anna Parlagreco<\/strong>, che guida dal 2021 il Pegaso toscano dell\u2019elisoccorso di Massa e Grosseto, pi\u00f9 di trecento voli l\u2019anno giorno e notte. \u201cLe difficolt\u00e0 \u2013 confessa \u2013 non sono mancate\u201d in un mondo che parla per maggior parte al maschile. Stereotipi pure ne ha dovuti fronteggiare. \u201cMa era il mio sogno \u2013 dice \u2013 e volare mi rilassa\u201d.<\/p>\n","protected":false},"excerpt":{"rendered":"<p>Donne protagoniste nella seconda sessione pomeridiana. Donne del cinema, della musica, della tv, della politica. E la capogabinetto del presidente Giani, Cristina Manetti annuncia un bando per il cinema da 3 milioni di euro<\/p>\n","protected":false},"author":503,"featured_media":310760,"comment_status":"open","ping_status":"open","sticky":false,"template":"","format":"standard","meta":{"_acf_changed":false,"footnotes":""},"categories":[493],"tags":[4533,411,6557,6547],"class_list":["post-310753","post","type-post","status-publish","format-standard","has-post-thumbnail","hentry","category-cultura","tag-diritti","tag-donne","tag-la-toscana-delle-donne","tag-next-generation-fest"],"acf":[],"yoast_head":"<!-- This site is optimized with the Yoast SEO Premium plugin v24.2 (Yoast SEO v25.6) - https:\/\/yoast.com\/wordpress\/plugins\/seo\/ -->\n<title>Il teatro del Maggio si tinge di rosa, sul palco le donne del Next Generation Fest - intoscana<\/title>\n<meta name=\"description\" content=\"Donne protagoniste nella seconda sessione pomeridiana. E Cristina Manetti annuncia un bando per il cinema da 3 milioni di euro\" \/>\n<meta name=\"robots\" content=\"index, follow, max-snippet:-1, max-image-preview:large, max-video-preview:-1\" \/>\n<link rel=\"canonical\" href=\"https:\/\/www.intoscana.it\/it\/donne-del-next-generation-fest\/\" \/>\n<meta property=\"og:locale\" content=\"it_IT\" \/>\n<meta property=\"og:type\" content=\"article\" \/>\n<meta property=\"og:title\" content=\"Il teatro del Maggio si tinge di rosa, sul palco le donne del Next Generation Fest\" \/>\n<meta property=\"og:description\" content=\"Donne protagoniste nella seconda sessione pomeridiana. E Cristina Manetti annuncia un bando per il cinema da 3 milioni di euro\" \/>\n<meta property=\"og:url\" content=\"https:\/\/www.intoscana.it\/it\/donne-del-next-generation-fest\/\" \/>\n<meta property=\"og:site_name\" content=\"intoscana\" \/>\n<meta property=\"article:publisher\" content=\"https:\/\/www.facebook.com\/intoscana.it\" \/>\n<meta property=\"article:published_time\" content=\"2023-10-21T18:03:40+00:00\" \/>\n<meta property=\"og:image\" content=\"https:\/\/www.intoscana.it\/wp-content\/uploads\/Aurora-Ramazzotti-al-NGF.jpg\" \/>\n\t<meta property=\"og:image:width\" content=\"1200\" \/>\n\t<meta property=\"og:image:height\" content=\"800\" \/>\n\t<meta property=\"og:image:type\" content=\"image\/jpeg\" \/>\n<meta name=\"author\" content=\"Giulia Rafanelli\" \/>\n<meta name=\"twitter:card\" content=\"summary_large_image\" \/>\n<meta name=\"twitter:creator\" content=\"@intoscana\" \/>\n<meta name=\"twitter:site\" content=\"@intoscana\" \/>\n<meta name=\"twitter:label1\" content=\"Written by\" \/>\n\t<meta name=\"twitter:data1\" content=\"Giulia Rafanelli\" \/>\n\t<meta name=\"twitter:label2\" content=\"Est. reading time\" \/>\n\t<meta name=\"twitter:data2\" content=\"2 minuti\" \/>\n<script type=\"application\/ld+json\" class=\"yoast-schema-graph\">{\"@context\":\"https:\/\/schema.org\",\"@graph\":[{\"@type\":\"WebPage\",\"@id\":\"https:\/\/www.intoscana.it\/it\/donne-del-next-generation-fest\/\",\"url\":\"https:\/\/www.intoscana.it\/it\/donne-del-next-generation-fest\/\",\"name\":\"Il teatro del Maggio si tinge di rosa, sul palco le donne del Next Generation Fest - intoscana\",\"isPartOf\":{\"@id\":\"https:\/\/www.intoscana.it\/it\/#website\"},\"primaryImageOfPage\":{\"@id\":\"https:\/\/www.intoscana.it\/it\/donne-del-next-generation-fest\/#primaryimage\"},\"image\":{\"@id\":\"https:\/\/www.intoscana.it\/it\/donne-del-next-generation-fest\/#primaryimage\"},\"thumbnailUrl\":\"https:\/\/www.intoscana.it\/wp-content\/uploads\/Aurora-Ramazzotti-al-NGF.jpg\",\"datePublished\":\"2023-10-21T18:03:40+00:00\",\"author\":{\"@id\":\"https:\/\/www.intoscana.it\/it\/#\/schema\/person\/333569b367b301e30262defcea56c939\"},\"description\":\"Donne protagoniste nella seconda sessione pomeridiana. E Cristina Manetti annuncia un bando per il cinema da 3 milioni di euro\",\"breadcrumb\":{\"@id\":\"https:\/\/www.intoscana.it\/it\/donne-del-next-generation-fest\/#breadcrumb\"},\"inLanguage\":\"it-IT\",\"potentialAction\":[{\"@type\":\"ReadAction\",\"target\":[\"https:\/\/www.intoscana.it\/it\/donne-del-next-generation-fest\/\"]}]},{\"@type\":\"ImageObject\",\"inLanguage\":\"it-IT\",\"@id\":\"https:\/\/www.intoscana.it\/it\/donne-del-next-generation-fest\/#primaryimage\",\"url\":\"https:\/\/www.intoscana.it\/wp-content\/uploads\/Aurora-Ramazzotti-al-NGF.jpg\",\"contentUrl\":\"https:\/\/www.intoscana.it\/wp-content\/uploads\/Aurora-Ramazzotti-al-NGF.jpg\",\"width\":1200,\"height\":800},{\"@type\":\"BreadcrumbList\",\"@id\":\"https:\/\/www.intoscana.it\/it\/donne-del-next-generation-fest\/#breadcrumb\",\"itemListElement\":[{\"@type\":\"ListItem\",\"position\":1,\"name\":\"Home\",\"item\":\"https:\/\/www.intoscana.it\/it\/\"},{\"@type\":\"ListItem\",\"position\":2,\"name\":\"Il teatro del Maggio si tinge di rosa, sul palco le donne del Next Generation Fest\"}]},{\"@type\":\"WebSite\",\"@id\":\"https:\/\/www.intoscana.it\/it\/#website\",\"url\":\"https:\/\/www.intoscana.it\/it\/\",\"name\":\"intoscana\",\"description\":\"\",\"potentialAction\":[{\"@type\":\"SearchAction\",\"target\":{\"@type\":\"EntryPoint\",\"urlTemplate\":\"https:\/\/www.intoscana.it\/it\/?s={search_term_string}\"},\"query-input\":{\"@type\":\"PropertyValueSpecification\",\"valueRequired\":true,\"valueName\":\"search_term_string\"}}],\"inLanguage\":\"it-IT\"},{\"@type\":\"Person\",\"@id\":\"https:\/\/www.intoscana.it\/it\/#\/schema\/person\/333569b367b301e30262defcea56c939\",\"name\":\"Giulia Rafanelli\",\"url\":\"https:\/\/www.intoscana.it\/it\/author\/giulia-rafanelli\/\"}]}<\/script>\n<!-- \/ Yoast SEO Premium plugin. -->","yoast_head_json":{"title":"Il teatro del Maggio si tinge di rosa, sul palco le donne del Next Generation Fest - intoscana","description":"Donne protagoniste nella seconda sessione pomeridiana. E Cristina Manetti annuncia un bando per il cinema da 3 milioni di euro","robots":{"index":"index","follow":"follow","max-snippet":"max-snippet:-1","max-image-preview":"max-image-preview:large","max-video-preview":"max-video-preview:-1"},"canonical":"https:\/\/www.intoscana.it\/it\/donne-del-next-generation-fest\/","og_locale":"it_IT","og_type":"article","og_title":"Il teatro del Maggio si tinge di rosa, sul palco le donne del Next Generation Fest","og_description":"Donne protagoniste nella seconda sessione pomeridiana. E Cristina Manetti annuncia un bando per il cinema da 3 milioni di euro","og_url":"https:\/\/www.intoscana.it\/it\/donne-del-next-generation-fest\/","og_site_name":"intoscana","article_publisher":"https:\/\/www.facebook.com\/intoscana.it","article_published_time":"2023-10-21T18:03:40+00:00","og_image":[{"width":1200,"height":800,"url":"https:\/\/www.intoscana.it\/wp-content\/uploads\/Aurora-Ramazzotti-al-NGF.jpg","type":"image\/jpeg"}],"author":"Giulia Rafanelli","twitter_card":"summary_large_image","twitter_creator":"@intoscana","twitter_site":"@intoscana","twitter_misc":{"Written by":"Giulia Rafanelli","Est. reading time":"2 minuti"},"schema":{"@context":"https:\/\/schema.org","@graph":[{"@type":"WebPage","@id":"https:\/\/www.intoscana.it\/it\/donne-del-next-generation-fest\/","url":"https:\/\/www.intoscana.it\/it\/donne-del-next-generation-fest\/","name":"Il teatro del Maggio si tinge di rosa, sul palco le donne del Next Generation Fest - intoscana","isPartOf":{"@id":"https:\/\/www.intoscana.it\/it\/#website"},"primaryImageOfPage":{"@id":"https:\/\/www.intoscana.it\/it\/donne-del-next-generation-fest\/#primaryimage"},"image":{"@id":"https:\/\/www.intoscana.it\/it\/donne-del-next-generation-fest\/#primaryimage"},"thumbnailUrl":"https:\/\/www.intoscana.it\/wp-content\/uploads\/Aurora-Ramazzotti-al-NGF.jpg","datePublished":"2023-10-21T18:03:40+00:00","author":{"@id":"https:\/\/www.intoscana.it\/it\/#\/schema\/person\/333569b367b301e30262defcea56c939"},"description":"Donne protagoniste nella seconda sessione pomeridiana. E Cristina Manetti annuncia un bando per il cinema da 3 milioni di euro","breadcrumb":{"@id":"https:\/\/www.intoscana.it\/it\/donne-del-next-generation-fest\/#breadcrumb"},"inLanguage":"it-IT","potentialAction":[{"@type":"ReadAction","target":["https:\/\/www.intoscana.it\/it\/donne-del-next-generation-fest\/"]}]},{"@type":"ImageObject","inLanguage":"it-IT","@id":"https:\/\/www.intoscana.it\/it\/donne-del-next-generation-fest\/#primaryimage","url":"https:\/\/www.intoscana.it\/wp-content\/uploads\/Aurora-Ramazzotti-al-NGF.jpg","contentUrl":"https:\/\/www.intoscana.it\/wp-content\/uploads\/Aurora-Ramazzotti-al-NGF.jpg","width":1200,"height":800},{"@type":"BreadcrumbList","@id":"https:\/\/www.intoscana.it\/it\/donne-del-next-generation-fest\/#breadcrumb","itemListElement":[{"@type":"ListItem","position":1,"name":"Home","item":"https:\/\/www.intoscana.it\/it\/"},{"@type":"ListItem","position":2,"name":"Il teatro del Maggio si tinge di rosa, sul palco le donne del Next Generation Fest"}]},{"@type":"WebSite","@id":"https:\/\/www.intoscana.it\/it\/#website","url":"https:\/\/www.intoscana.it\/it\/","name":"intoscana","description":"","potentialAction":[{"@type":"SearchAction","target":{"@type":"EntryPoint","urlTemplate":"https:\/\/www.intoscana.it\/it\/?s={search_term_string}"},"query-input":{"@type":"PropertyValueSpecification","valueRequired":true,"valueName":"search_term_string"}}],"inLanguage":"it-IT"},{"@type":"Person","@id":"https:\/\/www.intoscana.it\/it\/#\/schema\/person\/333569b367b301e30262defcea56c939","name":"Giulia Rafanelli","url":"https:\/\/www.intoscana.it\/it\/author\/giulia-rafanelli\/"}]}},"_links":{"self":[{"href":"https:\/\/www.intoscana.it\/it\/wp-json\/wp\/v2\/posts\/310753","targetHints":{"allow":["GET"]}}],"collection":[{"href":"https:\/\/www.intoscana.it\/it\/wp-json\/wp\/v2\/posts"}],"about":[{"href":"https:\/\/www.intoscana.it\/it\/wp-json\/wp\/v2\/types\/post"}],"author":[{"embeddable":true,"href":"https:\/\/www.intoscana.it\/it\/wp-json\/wp\/v2\/users\/503"}],"replies":[{"embeddable":true,"href":"https:\/\/www.intoscana.it\/it\/wp-json\/wp\/v2\/comments?post=310753"}],"version-history":[{"count":0,"href":"https:\/\/www.intoscana.it\/it\/wp-json\/wp\/v2\/posts\/310753\/revisions"}],"wp:featuredmedia":[{"embeddable":true,"href":"https:\/\/www.intoscana.it\/it\/wp-json\/wp\/v2\/media\/310760"}],"wp:attachment":[{"href":"https:\/\/www.intoscana.it\/it\/wp-json\/wp\/v2\/media?parent=310753"}],"wp:term":[{"taxonomy":"category","embeddable":true,"href":"https:\/\/www.intoscana.it\/it\/wp-json\/wp\/v2\/categories?post=310753"},{"taxonomy":"post_tag","embeddable":true,"href":"https:\/\/www.intoscana.it\/it\/wp-json\/wp\/v2\/tags?post=310753"}],"curies":[{"name":"wp","href":"https:\/\/api.w.org\/{rel}","templated":true}]}}