{"id":310839,"date":"2023-10-23T12:39:44","date_gmt":"2023-10-23T10:39:44","guid":{"rendered":"https:\/\/www.intoscana.it\/it\/?p=310839"},"modified":"2023-10-29T17:44:58","modified_gmt":"2023-10-29T16:44:58","slug":"prismalab-prato-startup","status":"publish","type":"post","link":"https:\/\/www.intoscana.it\/it\/prismalab-prato-startup\/","title":{"rendered":"PrismaLab: a Prato nasce il nuovo polo culturale e coworking per le startup"},"content":{"rendered":"<p>Uno spazio recuperato che ritorna cos\u00ec alla citt\u00e0, con tanti servizi per i giovani e per gli startupper. \u00c8 <strong>PrismaLab,<\/strong> il nuovo <strong>polo culturale di Prato<\/strong> che viene inaugurato oggi nel cuore del <strong>Macrolotto Zero:<\/strong> oltre 3mila mq ristrutturati tra via Filzi e via Pistoiese, dove sorgeva il capannone industriale abbandonato dell&#8217;ex filatura Pieri, che adesso ospitano <mark>una sala lettura con 45 posti studio e prestito di libri, uno spazio coworking per sei startup, il Punto Giovani Europa e un&#8217;area per il tempo libero con il wifi libero.<\/mark><\/p>\n<h3>Un piano di rigenerazione urbana da 8 milioni di euro<\/h3>\n<p>La rigenerazione con nuove funzioni pubbliche di questo grande spazio abbandonato \u00e8 stata possibile grazie al <strong>Piano di Innovazione Urbana (PIU),<\/strong> <mark>cofinanziato dal Comune di Prato e dalla Regione Toscana con un investimento complessivo di 8 milioni e 200mila euro (6 milioni della Regione e 2,2 del Comune).<\/mark><\/p>\n<p>Dopo la realizzazione del playground di via Colombo, sorto al posto di un deposito industriale abbandonato, e del <strong>Mercato coperto<\/strong> di via Giordano, dove prima c\u2019era l&#8217;ex follatura Forti, PrismaLab \u00e8 infatti il terzo e ultimo tassello del PIU, bando regionale del 2016 a cui il Comune di Prato ha partecipato con l\u2019obiettivo di rigenerare il <strong>Macrolotto Zero,<\/strong> un tempo uno dei motori produttivi del distretto industriale tessile. I tre progetti realizzati sono insomma la chiave di volta per creare una nuova centralit\u00e0 urbana all&#8217;interno del quartiere, connessa al centro storico e agli altri poli d&#8217;interesse della citt\u00e0, rafforzando lo spazio pubblico e i servizi collettivi.<\/p>\n<p>Con la sua sede dal profilo avveniristico, che richiama le fabbriche tessili e la biblioteca Lazzerini, <mark>PrismaLab si affaccia sia su via Pistoiese che su via Filzi, creando la prima piazza pubblica del Macrolotto Zero.<\/mark><\/p>\n<h3>PrismaLab: la casa delle startup<\/h3>\n<p>A PrismaLab quindi hanno sede l&#8217;area startup e i laboratori di ricerca della<strong> CTE (Casa delle tecnologie emergenti):<\/strong> mille mq di nuovissimi spazi che comprendono area bar e open space aperti a tutti e dedicati a studio, relax, ed eventi sociali, ma anche <strong>un&#8217;area coworking<\/strong> destinata a sei startup da 500 mq con wi-fi e connessione in fibra, stampanti condivise, postazioni di lavoro, sala riunioni, aula per seminari da cento posti e 250 mq destinati ai laboratori innovativi (Blockchain, Internet of Things, Intelligenza artificiale). <mark>Le prime startup che per i prossimi sei mesi utilizzeranno gli spazi di PrismaLab sono QTI, Pentago, Mea Menu, <a href=\"https:\/\/www.intoscana.it\/it\/articolo\/prato-startup-rifo\/\" target=\"_blank\" rel=\"noopener\">Rif\u00f2<\/a>, Moebus e Taak.<\/mark><br \/>\nPrismaLab inoltre ospiter\u00e0 una sala lettura con il servizio di prestito dei libri, aperta dal luned\u00ec al venerd\u00ec dalle 15 alle 19.<\/p>\n<p><em>&#8220;L&#8217;apertura di\u00a0 PrismaLab, lo sviluppo di start up innovative in collaborazione con Nana Bianca e Start up Italia, la creazione di spazi coworking e di lettura, il servizio di prestito bibliotecario in questa zona della citt\u00e0 sono il segno tangibile di una realt\u00e0 come Prato dove ogni difficolt\u00e0 viene affrontata come opportunit\u00e0<\/em> &#8211; commenta il sindaco di Prato, <strong>Matteo Biffoni<\/strong> &#8211; <em><mark>ci abbiamo creduto fortemente, abbiamo acquisito spazi privati completamente in disuso, ottenuto finanziamenti della Regione Toscana che ha condiviso questa visione e da oggi il Macrolotto Zero ospita una realt\u00e0 unica. <\/mark>Un tassello importante che si aggiunge al playground, al mercato coperto dove presto partiranno nuove attivit\u00e0.&#8221;<\/em><\/p>\n<p>Oggi in occasione dell&#8217;inaugurazione di PrismaLab sar\u00e0 presentato il progetto EYE di educazione all\u2019imprenditorialit\u00e0 nelle scuole superiori della citt\u00e0, poi nel pomeriggio saranno presentate le prime startup selezionate e alle 19 si terr\u00e0 il taglio del nastro con il sindaco e il presidente della Toscana, <strong>Eugenio Giani.<\/strong> La festa continuer\u00e0 poi con il cocktail inaugurale e un evento nell&#8217;evento, organizzato da A-Live: il dj set di <strong>Max Casacci dei Subsonica.<\/strong><\/p>\n","protected":false},"excerpt":{"rendered":"<p>Si apre il nuovo spazio: oltre 3mila mq recuperati dove sorgeva l\u2019ex filatura Pieri, con tanti servizi per studenti e giovani imprenditori<\/p>\n","protected":false},"author":502,"featured_media":310843,"comment_status":"open","ping_status":"open","sticky":false,"template":"","format":"standard","meta":{"_acf_changed":false,"footnotes":""},"categories":[475],"tags":[221,259,195],"class_list":["post-310839","post","type-post","status-publish","format-standard","has-post-thumbnail","hentry","category-innovazione","tag-giovani","tag-prato","tag-startup"],"acf":[],"yoast_head":"<!-- This site is optimized with the Yoast SEO Premium plugin v24.2 (Yoast SEO v25.6) - https:\/\/yoast.com\/wordpress\/plugins\/seo\/ -->\n<title>PrismaLab: a Prato nasce il nuovo polo culturale e coworking per le startup - intoscana<\/title>\n<meta name=\"description\" content=\"Si apre oggi PrismaLab, il nuovo spazio rigenerato nel Macrolotto Zero di Prato dedicato ai giovani e alle startup.\" \/>\n<meta name=\"robots\" content=\"index, follow, max-snippet:-1, max-image-preview:large, max-video-preview:-1\" \/>\n<link rel=\"canonical\" href=\"https:\/\/www.intoscana.it\/it\/prismalab-prato-startup\/\" \/>\n<meta property=\"og:locale\" content=\"it_IT\" \/>\n<meta property=\"og:type\" content=\"article\" \/>\n<meta property=\"og:title\" content=\"PrismaLab: a Prato nasce il nuovo polo culturale e coworking per le startup\" \/>\n<meta property=\"og:description\" content=\"Si apre oggi PrismaLab, il nuovo spazio rigenerato nel Macrolotto Zero di Prato dedicato ai giovani e alle startup.\" \/>\n<meta property=\"og:url\" content=\"https:\/\/www.intoscana.it\/it\/prismalab-prato-startup\/\" \/>\n<meta property=\"og:site_name\" content=\"intoscana\" \/>\n<meta property=\"article:publisher\" content=\"https:\/\/www.facebook.com\/intoscana.it\" \/>\n<meta property=\"article:published_time\" content=\"2023-10-23T10:39:44+00:00\" \/>\n<meta property=\"article:modified_time\" content=\"2023-10-29T16:44:58+00:00\" \/>\n<meta property=\"og:image\" content=\"https:\/\/www.intoscana.it\/wp-content\/uploads\/Prisma-LAB-foto-ufficiale-2023-scaled.jpg\" \/>\n\t<meta property=\"og:image:width\" content=\"2048\" \/>\n\t<meta property=\"og:image:height\" content=\"1152\" \/>\n\t<meta property=\"og:image:type\" content=\"image\/jpeg\" \/>\n<meta name=\"author\" content=\"Ilaria Giannini\" \/>\n<meta name=\"twitter:card\" content=\"summary_large_image\" \/>\n<meta name=\"twitter:creator\" content=\"@i.giannini@fst.it\" \/>\n<meta name=\"twitter:site\" content=\"@intoscana\" \/>\n<meta name=\"twitter:label1\" content=\"Written by\" \/>\n\t<meta name=\"twitter:data1\" content=\"Ilaria Giannini\" \/>\n\t<meta name=\"twitter:label2\" content=\"Est. reading time\" \/>\n\t<meta name=\"twitter:data2\" content=\"3 minuti\" \/>\n<script type=\"application\/ld+json\" class=\"yoast-schema-graph\">{\"@context\":\"https:\/\/schema.org\",\"@graph\":[{\"@type\":\"WebPage\",\"@id\":\"https:\/\/www.intoscana.it\/it\/prismalab-prato-startup\/\",\"url\":\"https:\/\/www.intoscana.it\/it\/prismalab-prato-startup\/\",\"name\":\"PrismaLab: a Prato nasce il nuovo polo culturale e coworking per le startup - intoscana\",\"isPartOf\":{\"@id\":\"https:\/\/www.intoscana.it\/it\/#website\"},\"primaryImageOfPage\":{\"@id\":\"https:\/\/www.intoscana.it\/it\/prismalab-prato-startup\/#primaryimage\"},\"image\":{\"@id\":\"https:\/\/www.intoscana.it\/it\/prismalab-prato-startup\/#primaryimage\"},\"thumbnailUrl\":\"https:\/\/www.intoscana.it\/wp-content\/uploads\/Prisma-LAB-foto-ufficiale-2023-scaled.jpg\",\"datePublished\":\"2023-10-23T10:39:44+00:00\",\"dateModified\":\"2023-10-29T16:44:58+00:00\",\"author\":{\"@id\":\"https:\/\/www.intoscana.it\/it\/#\/schema\/person\/de95e1ed2c1c8c30a6922bbba3a90185\"},\"description\":\"Si apre oggi PrismaLab, il nuovo spazio rigenerato nel Macrolotto Zero di Prato dedicato ai giovani e alle startup.\",\"breadcrumb\":{\"@id\":\"https:\/\/www.intoscana.it\/it\/prismalab-prato-startup\/#breadcrumb\"},\"inLanguage\":\"it-IT\",\"potentialAction\":[{\"@type\":\"ReadAction\",\"target\":[\"https:\/\/www.intoscana.it\/it\/prismalab-prato-startup\/\"]}]},{\"@type\":\"ImageObject\",\"inLanguage\":\"it-IT\",\"@id\":\"https:\/\/www.intoscana.it\/it\/prismalab-prato-startup\/#primaryimage\",\"url\":\"https:\/\/www.intoscana.it\/wp-content\/uploads\/Prisma-LAB-foto-ufficiale-2023-scaled.jpg\",\"contentUrl\":\"https:\/\/www.intoscana.it\/wp-content\/uploads\/Prisma-LAB-foto-ufficiale-2023-scaled.jpg\",\"width\":2048,\"height\":1152,\"caption\":\"PrismaLab\"},{\"@type\":\"BreadcrumbList\",\"@id\":\"https:\/\/www.intoscana.it\/it\/prismalab-prato-startup\/#breadcrumb\",\"itemListElement\":[{\"@type\":\"ListItem\",\"position\":1,\"name\":\"Home\",\"item\":\"https:\/\/www.intoscana.it\/it\/\"},{\"@type\":\"ListItem\",\"position\":2,\"name\":\"PrismaLab: a Prato nasce il nuovo polo culturale e coworking per le startup\"}]},{\"@type\":\"WebSite\",\"@id\":\"https:\/\/www.intoscana.it\/it\/#website\",\"url\":\"https:\/\/www.intoscana.it\/it\/\",\"name\":\"intoscana\",\"description\":\"\",\"potentialAction\":[{\"@type\":\"SearchAction\",\"target\":{\"@type\":\"EntryPoint\",\"urlTemplate\":\"https:\/\/www.intoscana.it\/it\/?s={search_term_string}\"},\"query-input\":{\"@type\":\"PropertyValueSpecification\",\"valueRequired\":true,\"valueName\":\"search_term_string\"}}],\"inLanguage\":\"it-IT\"},{\"@type\":\"Person\",\"@id\":\"https:\/\/www.intoscana.it\/it\/#\/schema\/person\/de95e1ed2c1c8c30a6922bbba3a90185\",\"name\":\"Ilaria Giannini\",\"sameAs\":[\"https:\/\/x.com\/i.giannini@fst.it\"],\"url\":\"https:\/\/www.intoscana.it\/it\/author\/ilaria-giannini\/\"}]}<\/script>\n<!-- \/ Yoast SEO Premium plugin. -->","yoast_head_json":{"title":"PrismaLab: a Prato nasce il nuovo polo culturale e coworking per le startup - intoscana","description":"Si apre oggi PrismaLab, il nuovo spazio rigenerato nel Macrolotto Zero di Prato dedicato ai giovani e alle startup.","robots":{"index":"index","follow":"follow","max-snippet":"max-snippet:-1","max-image-preview":"max-image-preview:large","max-video-preview":"max-video-preview:-1"},"canonical":"https:\/\/www.intoscana.it\/it\/prismalab-prato-startup\/","og_locale":"it_IT","og_type":"article","og_title":"PrismaLab: a Prato nasce il nuovo polo culturale e coworking per le startup","og_description":"Si apre oggi PrismaLab, il nuovo spazio rigenerato nel Macrolotto Zero di Prato dedicato ai giovani e alle startup.","og_url":"https:\/\/www.intoscana.it\/it\/prismalab-prato-startup\/","og_site_name":"intoscana","article_publisher":"https:\/\/www.facebook.com\/intoscana.it","article_published_time":"2023-10-23T10:39:44+00:00","article_modified_time":"2023-10-29T16:44:58+00:00","og_image":[{"width":2048,"height":1152,"url":"https:\/\/www.intoscana.it\/wp-content\/uploads\/Prisma-LAB-foto-ufficiale-2023-scaled.jpg","type":"image\/jpeg"}],"author":"Ilaria Giannini","twitter_card":"summary_large_image","twitter_creator":"@i.giannini@fst.it","twitter_site":"@intoscana","twitter_misc":{"Written by":"Ilaria Giannini","Est. reading time":"3 minuti"},"schema":{"@context":"https:\/\/schema.org","@graph":[{"@type":"WebPage","@id":"https:\/\/www.intoscana.it\/it\/prismalab-prato-startup\/","url":"https:\/\/www.intoscana.it\/it\/prismalab-prato-startup\/","name":"PrismaLab: a Prato nasce il nuovo polo culturale e coworking per le startup - intoscana","isPartOf":{"@id":"https:\/\/www.intoscana.it\/it\/#website"},"primaryImageOfPage":{"@id":"https:\/\/www.intoscana.it\/it\/prismalab-prato-startup\/#primaryimage"},"image":{"@id":"https:\/\/www.intoscana.it\/it\/prismalab-prato-startup\/#primaryimage"},"thumbnailUrl":"https:\/\/www.intoscana.it\/wp-content\/uploads\/Prisma-LAB-foto-ufficiale-2023-scaled.jpg","datePublished":"2023-10-23T10:39:44+00:00","dateModified":"2023-10-29T16:44:58+00:00","author":{"@id":"https:\/\/www.intoscana.it\/it\/#\/schema\/person\/de95e1ed2c1c8c30a6922bbba3a90185"},"description":"Si apre oggi PrismaLab, il nuovo spazio rigenerato nel Macrolotto Zero di Prato dedicato ai giovani e alle startup.","breadcrumb":{"@id":"https:\/\/www.intoscana.it\/it\/prismalab-prato-startup\/#breadcrumb"},"inLanguage":"it-IT","potentialAction":[{"@type":"ReadAction","target":["https:\/\/www.intoscana.it\/it\/prismalab-prato-startup\/"]}]},{"@type":"ImageObject","inLanguage":"it-IT","@id":"https:\/\/www.intoscana.it\/it\/prismalab-prato-startup\/#primaryimage","url":"https:\/\/www.intoscana.it\/wp-content\/uploads\/Prisma-LAB-foto-ufficiale-2023-scaled.jpg","contentUrl":"https:\/\/www.intoscana.it\/wp-content\/uploads\/Prisma-LAB-foto-ufficiale-2023-scaled.jpg","width":2048,"height":1152,"caption":"PrismaLab"},{"@type":"BreadcrumbList","@id":"https:\/\/www.intoscana.it\/it\/prismalab-prato-startup\/#breadcrumb","itemListElement":[{"@type":"ListItem","position":1,"name":"Home","item":"https:\/\/www.intoscana.it\/it\/"},{"@type":"ListItem","position":2,"name":"PrismaLab: a Prato nasce il nuovo polo culturale e coworking per le startup"}]},{"@type":"WebSite","@id":"https:\/\/www.intoscana.it\/it\/#website","url":"https:\/\/www.intoscana.it\/it\/","name":"intoscana","description":"","potentialAction":[{"@type":"SearchAction","target":{"@type":"EntryPoint","urlTemplate":"https:\/\/www.intoscana.it\/it\/?s={search_term_string}"},"query-input":{"@type":"PropertyValueSpecification","valueRequired":true,"valueName":"search_term_string"}}],"inLanguage":"it-IT"},{"@type":"Person","@id":"https:\/\/www.intoscana.it\/it\/#\/schema\/person\/de95e1ed2c1c8c30a6922bbba3a90185","name":"Ilaria Giannini","sameAs":["https:\/\/x.com\/i.giannini@fst.it"],"url":"https:\/\/www.intoscana.it\/it\/author\/ilaria-giannini\/"}]}},"_links":{"self":[{"href":"https:\/\/www.intoscana.it\/it\/wp-json\/wp\/v2\/posts\/310839","targetHints":{"allow":["GET"]}}],"collection":[{"href":"https:\/\/www.intoscana.it\/it\/wp-json\/wp\/v2\/posts"}],"about":[{"href":"https:\/\/www.intoscana.it\/it\/wp-json\/wp\/v2\/types\/post"}],"author":[{"embeddable":true,"href":"https:\/\/www.intoscana.it\/it\/wp-json\/wp\/v2\/users\/502"}],"replies":[{"embeddable":true,"href":"https:\/\/www.intoscana.it\/it\/wp-json\/wp\/v2\/comments?post=310839"}],"version-history":[{"count":0,"href":"https:\/\/www.intoscana.it\/it\/wp-json\/wp\/v2\/posts\/310839\/revisions"}],"wp:featuredmedia":[{"embeddable":true,"href":"https:\/\/www.intoscana.it\/it\/wp-json\/wp\/v2\/media\/310843"}],"wp:attachment":[{"href":"https:\/\/www.intoscana.it\/it\/wp-json\/wp\/v2\/media?parent=310839"}],"wp:term":[{"taxonomy":"category","embeddable":true,"href":"https:\/\/www.intoscana.it\/it\/wp-json\/wp\/v2\/categories?post=310839"},{"taxonomy":"post_tag","embeddable":true,"href":"https:\/\/www.intoscana.it\/it\/wp-json\/wp\/v2\/tags?post=310839"}],"curies":[{"name":"wp","href":"https:\/\/api.w.org\/{rel}","templated":true}]}}