{"id":310970,"date":"2023-10-23T16:01:49","date_gmt":"2023-10-23T14:01:49","guid":{"rendered":"https:\/\/www.intoscana.it\/it\/?p=310970"},"modified":"2023-10-23T16:01:49","modified_gmt":"2023-10-23T14:01:49","slug":"una-grande-mostra-a-palazzo-pitti-racconta-la-storia-del-ghetto-ebraico-di-firenze","status":"publish","type":"post","link":"https:\/\/www.intoscana.it\/it\/una-grande-mostra-a-palazzo-pitti-racconta-la-storia-del-ghetto-ebraico-di-firenze\/","title":{"rendered":"Una grande mostra a Palazzo Pitti racconta la storia del Ghetto ebraico di Firenze"},"content":{"rendered":"<p>La storia del <strong>Ghetto ebraico di Firenze,<\/strong> esistito in citt\u00e0 tra il Sedicesimo e il Diciannovesimo secolo diventa una mostra.<\/p>\n<p><em><strong>\u201cGli ebrei, i Medici e il Ghetto di Firenze\u201d<\/strong> <\/em>\u00e8 questo il titolo dell\u2019esposizione, organizzata dalle Gallerie degli Uffizi ed allestita a <strong>Palazzo Pitti<\/strong> e curata da <strong>Piergabriele Mancuso, Alice S. Leg\u00e9 e Sefy Hendler<\/strong> di The Medici Archive Project, <strong>visitabile fino al 28 gennaio 2024.<\/strong><\/p>\n<p><strong>Il Ghetto fiorentino fu fondato nel 1570 da Cosimo I e da Carlo Pitti,<\/strong> come parte del progetto di riordino urbano, e fu<strong> demolito tra il 1892 e il 1895. <\/strong><\/p>\n<p>Per quasi tre secoli il ghetto \u00e8 stato <strong>il baricentro dell\u2019ebraismo fiorentino<\/strong>. In quanto <strong>propriet\u00e0 privata della dinastia,<\/strong> esso costituisce <strong>un unicum assoluto in termini politici e amministrativi,<\/strong> come nel complesso intreccio della<strong> storia ebraica italiana.<\/strong><\/p>\n<p><strong>Il Ministro della Cultura Gennaro Sangiuliano ha dichiarato:<\/strong> \u201c<em>La mostra \u2018Gli ebrei, i Medici e il ghetto di Firenze\u2019, che si apre in un momento drammatico per il mondo ebraico a causa della violenza stragista di Hamas che ha colpito con orribile crudelt\u00e0 Israele e nuove forme di antisemitismo.<\/em> <em>L\u2019esposizione a Palazzo Pitti, per\u00f2, ci dimostra che anche in passato un altro mondo \u00e8 stato possibile, fatto di pacifica convivenza, rispetto reciproco e prosperit\u00e0. Era il 1555, quando Papa Paolo IV con la bolla pontificia \u201cCum nimis absurdum\u201d condann\u00f2 gli ebrei a vivere relegati in un quartiere e a non poter svolgere alcuna attivit\u00e0 se non quella di straccivendoli o robivecchi, Firenze non si adegu\u00f2, poich\u00e9 i Medici, che nel secolo precedente favorirono l\u2019insediamento in citt\u00e0 di una comunit\u00e0 ebraica, erano loro amici.<\/em> <em>Ci\u00f2 avvenne solo nel 1570, quando Cosimo I, desiderando diventare Granduca di Toscana, dovette sottostare al dettame papale per avere il titolo e la corona.<\/em> <em>La mostra ripercorre questa storia, evidenziando come, fin quando \u00e8 prevalsa la tolleranza, l\u2019ebraismo, che anche in seguito \u00e8 pur sempre rimasto parte integrante della comunit\u00e0 contribuendo con propri usi e tradizioni all\u2019identit\u00e0 fiorentina, \u00e8 stato una delle radici di quella florida e possente pianta che \u00e8 stata Firenze nell\u2019era dell\u2019Umanesimo e del Rinascimento.<\/em> <em>\u00c8 questo il passato al quale dobbiamo rifarci per immaginare il nostro presente e il nostro futuro. La cultura ebraica \u00e8 una parte importante, decisiva per i grandi contributi che ha dato, dell\u2019intera cultura italiana.<\/em><em>\u201d<\/em><\/p>\n<figure id=\"post-310980 media-310980\" class=\"align-none\"><img decoding=\"async\" src=\"https:\/\/www.intoscana.it\/wp-content\/uploads\/12-13-scaled.jpg\" alt=\"\" \/><\/figure>\n<div class=\"titleimg\">Il Ghetto di Firenze<\/div>\n<h3>La mostra<\/h3>\n<p>La mostra, articolata in <strong>cinque sezioni,<\/strong> attinge allo <strong>straordinario patrimonio culturale fiorentino<\/strong> e ad <strong>importanti prestiti internazionali<\/strong> e svela una pagina significativa e dimenticata della strategia politica dei Medici, in un contesto plurisecolare di conflitti, diplomazia e scambi culturali.<\/p>\n<p>Con attenzione verso la molteplicit\u00e0 dei pubblici e verso la necessit\u00e0 di abbattere pregiudizi e stereotipi, la mostra indaga il modo in cui <strong>la storia del Granducato si intreccia a quella della minoranza ebraica,<\/strong> facendo finalmente luce sulle vicende di un importante e finora poco conosciuto tassello della Firenze rinascimentale.<\/p>\n<p>Il percorso si apre nella <strong>Firenze di Cosimo il Vecchio e Lorenzo il Magnifico,<\/strong> con manoscritti miniati di commissione ebraica e medicea, frutto dell\u2019interazione tra scribi ebrei e artisti cristiani del primo Rinascimento toscano, con prestiti dal <strong>Jewish Theological Seminary di New York<\/strong> e da svariate biblioteche italiane.<\/p>\n<p>In mostra raffigurazioni di paradigmatiche figure bibliche,<strong><em> \u201ceroi ebrei\u201d,<\/em> <\/strong>come il <strong>David in bronzo di Donatello<\/strong> (in prestito dai Musei di Berlino), o il <strong>Giuseppe<\/strong> della serie di arazzi tessuta nelle fiandre per Cosimo I, di cui \u00e8 presentato in mostra l\u2019imponente Sogno dei manipoli.<\/p>\n<p>Il percorso affianca figure mitiche a <strong>personaggi storici<\/strong>, rivelando tasselli poco noti della storia dell\u2019ebraismo fiorentino, come l\u2019attivit\u00e0 dell\u2019<strong>esploratore Mois\u00e8 Vita Cafsuto<\/strong> o quella del <strong>pittore ebreo Jona Ostiglio<\/strong>, di cui verranno esposti per la prima volta in tempi moderni una selezione dei sette dipinti a lui recentemente attribuiti, tutte opere commissionate dalla corte medicea, insieme all&#8217;<strong>autoritratto di Isaia o David Tedesco<\/strong>, autore poco noto ma del quale si ipotizza sia stato un allievo dell&#8217;Ostiglio, in quella che fu una delle prima botteghe d&#8217;arte all&#8217;interno di un ghetto italiano.<\/p>\n<p>Luogo di segregazione, ma anche fulcro di <strong>un importante microcosmo umano, culturale e spirituale,<\/strong> il Ghetto di Firenze \u00e8 ricostruito anche attraverso un <strong>modello tridimensionale,<\/strong> frutto di un decennio di ricerche condotte dallo<strong> Eugene Grant Jewish History Program del The Medici Archive Project.<\/strong><\/p>\n<figure id=\"post-310979 media-310979\" class=\"align-none\"><img decoding=\"async\" src=\"https:\/\/www.intoscana.it\/wp-content\/uploads\/11-14-scaled.jpg\" alt=\"\" \/><\/figure>\n<div class=\"titleimg\"><em>Modellino del Ghetto ebraico a Firenze<\/em><\/div>\n<p><strong>Il direttore delle Gallerie degli Uffizi Eike Schmidt ha detto:<\/strong> \u201c<em>La mostra \u00e8 frutto di oltre un decennio di ricerche che hanno visto, tra l\u2019altro, la riscoperta del pittore ebreo Jona Ostiglio, attivo nel Seicento alla corte dei Medici. Le sue opere sono esposte in questa occasione, che continua idealmente le grandi mostre degli Uffizi \u2018Firenze e l\u2019Islam\u2019 del 2018, e \u2018Tutti i colori dell\u2019Italia ebraica\u2019, che nel 2019 ha attirato circa un milione di visitatori. In un momento storico che vede nuove ondate di antisemitismo cinico e odio razziale contro gli ebrei, \u00e8 particolarmente importante rendere il grande pubblico partecipe delle sofferenze degli ebrei nella nostra citt\u00e0 durante i tre secoli di esistenza del ghetto. Ma \u00e8 ancor pi\u00f9 fondamentale rendere noto il contributo ebraico alla cultura fiorentina e italiana, nonostante tutte le difficolt\u00e0\u201d.<\/em><\/p>\n<p><strong>La presidente delle Comunit\u00e0 Ebraiche Italiane Noemi Di Segni<\/strong>: <em>&#8220;Questa mostra \u00e8 un affaccio importante sulla condizione di segregazione che ha caratterizzato tre secoli dell\u2019Italia ebraica, ed evidenzia quanto la cultura sia osmotica e attraversi anche le separazioni; al contempo lascia il punto interrogativo su quanto avremmo tutti potuto sviluppare nella massima libert\u00e0 e riconoscimento della presenza ebraica a Firenze, cos\u00ec come altrove. Domanda alla quale oggi abbiamo le risposte della presente intensa collaborazione e fruttuosa condivisione di saperi, arti e valori che continueremo assieme a difendere\u201d.<\/em><\/p>\n<figure id=\"post-310983 media-310983\" class=\"align-none\"><img decoding=\"async\" src=\"https:\/\/www.intoscana.it\/wp-content\/uploads\/Allievo-Ostiglio-scaled.jpg\" alt=\"\" \/><\/figure>\n<div class=\"titleimg\">Allievo Ostiglio<\/div>\n","protected":false},"excerpt":{"rendered":"<p>Il Ghetto fondato da Cosimo I e Carlo Pitti nel Cinquecento, fu il baricentro dell\u2019ebraismo fiorentino fino alla sua demolizione nel Diciannovesimo secolo. In mostra a Firenze opere del patrimonio fiorentino e importanti prestiti internazionali<\/p>\n","protected":false},"author":525,"featured_media":310976,"comment_status":"open","ping_status":"open","sticky":false,"template":"","format":"standard","meta":{"_acf_changed":false,"footnotes":""},"categories":[493],"tags":[4474,202,222,207],"class_list":["post-310970","post","type-post","status-publish","format-standard","has-post-thumbnail","hentry","category-cultura","tag-eventi","tag-firenze","tag-mostre","tag-uffizi"],"acf":[],"yoast_head":"<!-- This site is optimized with the Yoast SEO Premium plugin v24.2 (Yoast SEO v25.6) - https:\/\/yoast.com\/wordpress\/plugins\/seo\/ -->\n<title>Una grande mostra a Palazzo Pitti racconta la storia del Ghetto ebraico di Firenze - intoscana<\/title>\n<meta name=\"description\" content=\"Il Ghetto fondato da Cosimo I e Carlo Pitti nel Cinquecento, fu il baricentro dell\u2019ebraismo fiorentino fino alla sua demolizione\" \/>\n<meta name=\"robots\" content=\"index, follow, max-snippet:-1, max-image-preview:large, max-video-preview:-1\" \/>\n<link rel=\"canonical\" href=\"https:\/\/www.intoscana.it\/it\/una-grande-mostra-a-palazzo-pitti-racconta-la-storia-del-ghetto-ebraico-di-firenze\/\" \/>\n<meta property=\"og:locale\" content=\"it_IT\" \/>\n<meta property=\"og:type\" content=\"article\" \/>\n<meta property=\"og:title\" content=\"Una grande mostra a Palazzo Pitti racconta la storia del Ghetto ebraico di Firenze\" \/>\n<meta property=\"og:description\" content=\"Il Ghetto fondato da Cosimo I e Carlo Pitti nel Cinquecento, fu il baricentro dell\u2019ebraismo fiorentino fino alla sua demolizione\" \/>\n<meta property=\"og:url\" content=\"https:\/\/www.intoscana.it\/it\/una-grande-mostra-a-palazzo-pitti-racconta-la-storia-del-ghetto-ebraico-di-firenze\/\" \/>\n<meta property=\"og:site_name\" content=\"intoscana\" \/>\n<meta property=\"article:publisher\" content=\"https:\/\/www.facebook.com\/intoscana.it\" \/>\n<meta property=\"article:published_time\" content=\"2023-10-23T14:01:49+00:00\" \/>\n<meta property=\"og:image\" content=\"https:\/\/www.intoscana.it\/wp-content\/uploads\/6-29-scaled.jpg\" \/>\n\t<meta property=\"og:image:width\" content=\"2048\" \/>\n\t<meta property=\"og:image:height\" content=\"1374\" \/>\n\t<meta property=\"og:image:type\" content=\"image\/jpeg\" \/>\n<meta name=\"author\" content=\"Redazione\" \/>\n<meta name=\"twitter:card\" content=\"summary_large_image\" \/>\n<meta name=\"twitter:creator\" content=\"@intoscana\" \/>\n<meta name=\"twitter:site\" content=\"@intoscana\" \/>\n<meta name=\"twitter:label1\" content=\"Written by\" \/>\n\t<meta name=\"twitter:data1\" content=\"Redazione\" \/>\n\t<meta name=\"twitter:label2\" content=\"Est. reading time\" \/>\n\t<meta name=\"twitter:data2\" content=\"5 minuti\" \/>\n<script type=\"application\/ld+json\" class=\"yoast-schema-graph\">{\"@context\":\"https:\/\/schema.org\",\"@graph\":[{\"@type\":\"WebPage\",\"@id\":\"https:\/\/www.intoscana.it\/it\/una-grande-mostra-a-palazzo-pitti-racconta-la-storia-del-ghetto-ebraico-di-firenze\/\",\"url\":\"https:\/\/www.intoscana.it\/it\/una-grande-mostra-a-palazzo-pitti-racconta-la-storia-del-ghetto-ebraico-di-firenze\/\",\"name\":\"Una grande mostra a Palazzo Pitti racconta la storia del Ghetto ebraico di Firenze - intoscana\",\"isPartOf\":{\"@id\":\"https:\/\/www.intoscana.it\/it\/#website\"},\"primaryImageOfPage\":{\"@id\":\"https:\/\/www.intoscana.it\/it\/una-grande-mostra-a-palazzo-pitti-racconta-la-storia-del-ghetto-ebraico-di-firenze\/#primaryimage\"},\"image\":{\"@id\":\"https:\/\/www.intoscana.it\/it\/una-grande-mostra-a-palazzo-pitti-racconta-la-storia-del-ghetto-ebraico-di-firenze\/#primaryimage\"},\"thumbnailUrl\":\"https:\/\/www.intoscana.it\/wp-content\/uploads\/6-29-scaled.jpg\",\"datePublished\":\"2023-10-23T14:01:49+00:00\",\"author\":{\"@id\":\"https:\/\/www.intoscana.it\/it\/#\/schema\/person\/9223810753230f20bd670fdd322661f8\"},\"description\":\"Il Ghetto fondato da Cosimo I e Carlo Pitti nel Cinquecento, fu il baricentro dell\u2019ebraismo fiorentino fino alla sua demolizione\",\"breadcrumb\":{\"@id\":\"https:\/\/www.intoscana.it\/it\/una-grande-mostra-a-palazzo-pitti-racconta-la-storia-del-ghetto-ebraico-di-firenze\/#breadcrumb\"},\"inLanguage\":\"it-IT\",\"potentialAction\":[{\"@type\":\"ReadAction\",\"target\":[\"https:\/\/www.intoscana.it\/it\/una-grande-mostra-a-palazzo-pitti-racconta-la-storia-del-ghetto-ebraico-di-firenze\/\"]}]},{\"@type\":\"ImageObject\",\"inLanguage\":\"it-IT\",\"@id\":\"https:\/\/www.intoscana.it\/it\/una-grande-mostra-a-palazzo-pitti-racconta-la-storia-del-ghetto-ebraico-di-firenze\/#primaryimage\",\"url\":\"https:\/\/www.intoscana.it\/wp-content\/uploads\/6-29-scaled.jpg\",\"contentUrl\":\"https:\/\/www.intoscana.it\/wp-content\/uploads\/6-29-scaled.jpg\",\"width\":2048,\"height\":1374},{\"@type\":\"BreadcrumbList\",\"@id\":\"https:\/\/www.intoscana.it\/it\/una-grande-mostra-a-palazzo-pitti-racconta-la-storia-del-ghetto-ebraico-di-firenze\/#breadcrumb\",\"itemListElement\":[{\"@type\":\"ListItem\",\"position\":1,\"name\":\"Home\",\"item\":\"https:\/\/www.intoscana.it\/it\/\"},{\"@type\":\"ListItem\",\"position\":2,\"name\":\"Una grande mostra a Palazzo Pitti racconta la storia del Ghetto ebraico di Firenze\"}]},{\"@type\":\"WebSite\",\"@id\":\"https:\/\/www.intoscana.it\/it\/#website\",\"url\":\"https:\/\/www.intoscana.it\/it\/\",\"name\":\"intoscana\",\"description\":\"\",\"potentialAction\":[{\"@type\":\"SearchAction\",\"target\":{\"@type\":\"EntryPoint\",\"urlTemplate\":\"https:\/\/www.intoscana.it\/it\/?s={search_term_string}\"},\"query-input\":{\"@type\":\"PropertyValueSpecification\",\"valueRequired\":true,\"valueName\":\"search_term_string\"}}],\"inLanguage\":\"it-IT\"},{\"@type\":\"Person\",\"@id\":\"https:\/\/www.intoscana.it\/it\/#\/schema\/person\/9223810753230f20bd670fdd322661f8\",\"name\":\"Redazione\",\"url\":\"https:\/\/www.intoscana.it\/it\/author\/redazione\/\"}]}<\/script>\n<!-- \/ Yoast SEO Premium plugin. -->","yoast_head_json":{"title":"Una grande mostra a Palazzo Pitti racconta la storia del Ghetto ebraico di Firenze - intoscana","description":"Il Ghetto fondato da Cosimo I e Carlo Pitti nel Cinquecento, fu il baricentro dell\u2019ebraismo fiorentino fino alla sua demolizione","robots":{"index":"index","follow":"follow","max-snippet":"max-snippet:-1","max-image-preview":"max-image-preview:large","max-video-preview":"max-video-preview:-1"},"canonical":"https:\/\/www.intoscana.it\/it\/una-grande-mostra-a-palazzo-pitti-racconta-la-storia-del-ghetto-ebraico-di-firenze\/","og_locale":"it_IT","og_type":"article","og_title":"Una grande mostra a Palazzo Pitti racconta la storia del Ghetto ebraico di Firenze","og_description":"Il Ghetto fondato da Cosimo I e Carlo Pitti nel Cinquecento, fu il baricentro dell\u2019ebraismo fiorentino fino alla sua demolizione","og_url":"https:\/\/www.intoscana.it\/it\/una-grande-mostra-a-palazzo-pitti-racconta-la-storia-del-ghetto-ebraico-di-firenze\/","og_site_name":"intoscana","article_publisher":"https:\/\/www.facebook.com\/intoscana.it","article_published_time":"2023-10-23T14:01:49+00:00","og_image":[{"width":2048,"height":1374,"url":"https:\/\/www.intoscana.it\/wp-content\/uploads\/6-29-scaled.jpg","type":"image\/jpeg"}],"author":"Redazione","twitter_card":"summary_large_image","twitter_creator":"@intoscana","twitter_site":"@intoscana","twitter_misc":{"Written by":"Redazione","Est. reading time":"5 minuti"},"schema":{"@context":"https:\/\/schema.org","@graph":[{"@type":"WebPage","@id":"https:\/\/www.intoscana.it\/it\/una-grande-mostra-a-palazzo-pitti-racconta-la-storia-del-ghetto-ebraico-di-firenze\/","url":"https:\/\/www.intoscana.it\/it\/una-grande-mostra-a-palazzo-pitti-racconta-la-storia-del-ghetto-ebraico-di-firenze\/","name":"Una grande mostra a Palazzo Pitti racconta la storia del Ghetto ebraico di Firenze - intoscana","isPartOf":{"@id":"https:\/\/www.intoscana.it\/it\/#website"},"primaryImageOfPage":{"@id":"https:\/\/www.intoscana.it\/it\/una-grande-mostra-a-palazzo-pitti-racconta-la-storia-del-ghetto-ebraico-di-firenze\/#primaryimage"},"image":{"@id":"https:\/\/www.intoscana.it\/it\/una-grande-mostra-a-palazzo-pitti-racconta-la-storia-del-ghetto-ebraico-di-firenze\/#primaryimage"},"thumbnailUrl":"https:\/\/www.intoscana.it\/wp-content\/uploads\/6-29-scaled.jpg","datePublished":"2023-10-23T14:01:49+00:00","author":{"@id":"https:\/\/www.intoscana.it\/it\/#\/schema\/person\/9223810753230f20bd670fdd322661f8"},"description":"Il Ghetto fondato da Cosimo I e Carlo Pitti nel Cinquecento, fu il baricentro dell\u2019ebraismo fiorentino fino alla sua demolizione","breadcrumb":{"@id":"https:\/\/www.intoscana.it\/it\/una-grande-mostra-a-palazzo-pitti-racconta-la-storia-del-ghetto-ebraico-di-firenze\/#breadcrumb"},"inLanguage":"it-IT","potentialAction":[{"@type":"ReadAction","target":["https:\/\/www.intoscana.it\/it\/una-grande-mostra-a-palazzo-pitti-racconta-la-storia-del-ghetto-ebraico-di-firenze\/"]}]},{"@type":"ImageObject","inLanguage":"it-IT","@id":"https:\/\/www.intoscana.it\/it\/una-grande-mostra-a-palazzo-pitti-racconta-la-storia-del-ghetto-ebraico-di-firenze\/#primaryimage","url":"https:\/\/www.intoscana.it\/wp-content\/uploads\/6-29-scaled.jpg","contentUrl":"https:\/\/www.intoscana.it\/wp-content\/uploads\/6-29-scaled.jpg","width":2048,"height":1374},{"@type":"BreadcrumbList","@id":"https:\/\/www.intoscana.it\/it\/una-grande-mostra-a-palazzo-pitti-racconta-la-storia-del-ghetto-ebraico-di-firenze\/#breadcrumb","itemListElement":[{"@type":"ListItem","position":1,"name":"Home","item":"https:\/\/www.intoscana.it\/it\/"},{"@type":"ListItem","position":2,"name":"Una grande mostra a Palazzo Pitti racconta la storia del Ghetto ebraico di Firenze"}]},{"@type":"WebSite","@id":"https:\/\/www.intoscana.it\/it\/#website","url":"https:\/\/www.intoscana.it\/it\/","name":"intoscana","description":"","potentialAction":[{"@type":"SearchAction","target":{"@type":"EntryPoint","urlTemplate":"https:\/\/www.intoscana.it\/it\/?s={search_term_string}"},"query-input":{"@type":"PropertyValueSpecification","valueRequired":true,"valueName":"search_term_string"}}],"inLanguage":"it-IT"},{"@type":"Person","@id":"https:\/\/www.intoscana.it\/it\/#\/schema\/person\/9223810753230f20bd670fdd322661f8","name":"Redazione","url":"https:\/\/www.intoscana.it\/it\/author\/redazione\/"}]}},"_links":{"self":[{"href":"https:\/\/www.intoscana.it\/it\/wp-json\/wp\/v2\/posts\/310970","targetHints":{"allow":["GET"]}}],"collection":[{"href":"https:\/\/www.intoscana.it\/it\/wp-json\/wp\/v2\/posts"}],"about":[{"href":"https:\/\/www.intoscana.it\/it\/wp-json\/wp\/v2\/types\/post"}],"author":[{"embeddable":true,"href":"https:\/\/www.intoscana.it\/it\/wp-json\/wp\/v2\/users\/525"}],"replies":[{"embeddable":true,"href":"https:\/\/www.intoscana.it\/it\/wp-json\/wp\/v2\/comments?post=310970"}],"version-history":[{"count":0,"href":"https:\/\/www.intoscana.it\/it\/wp-json\/wp\/v2\/posts\/310970\/revisions"}],"wp:featuredmedia":[{"embeddable":true,"href":"https:\/\/www.intoscana.it\/it\/wp-json\/wp\/v2\/media\/310976"}],"wp:attachment":[{"href":"https:\/\/www.intoscana.it\/it\/wp-json\/wp\/v2\/media?parent=310970"}],"wp:term":[{"taxonomy":"category","embeddable":true,"href":"https:\/\/www.intoscana.it\/it\/wp-json\/wp\/v2\/categories?post=310970"},{"taxonomy":"post_tag","embeddable":true,"href":"https:\/\/www.intoscana.it\/it\/wp-json\/wp\/v2\/tags?post=310970"}],"curies":[{"name":"wp","href":"https:\/\/api.w.org\/{rel}","templated":true}]}}