{"id":311337,"date":"2023-10-25T15:02:29","date_gmt":"2023-10-25T13:02:29","guid":{"rendered":"https:\/\/www.intoscana.it\/it\/?p=311337"},"modified":"2023-10-26T14:56:36","modified_gmt":"2023-10-26T12:56:36","slug":"reperta-relicta-mostra-matteo-bartolozzi-2023","status":"publish","type":"post","link":"https:\/\/www.intoscana.it\/it\/reperta-relicta-mostra-matteo-bartolozzi-2023\/","title":{"rendered":"&#8220;Reperta Relicta&#8221; in mostra a Firenze le opere strappate all&#8217;oblio di Matteo Bartolozzi"},"content":{"rendered":"<p><strong>Fino al 4 dicembre<\/strong> lo <strong>spazio espositivo Carlo Azeglio Ciampi<\/strong> in via de&#8217; Pucci a Firenze ospira la mostra <strong><em>&#8220;Reperta Relicta&#8221;<\/em> <\/strong>di <strong>Matteo Bartolozzi.<\/strong><\/p>\n<p>Sar\u00e0 esposta una selezione di opere realizzate tra il 2021 e il 2023 con l&#8217;<strong>utilizzo di materiali non convenzionali<\/strong>,<strong>\u00a0&#8220;reperti e relitti&#8221;<\/strong>, appunto, a cui Bartolozzi dona <strong>una nuova vita artistica.<\/strong><\/p>\n<p><strong>Matteo Bartolozzi, classe 1975,<\/strong> ha studiato Lettere e Filosofia e divide la sua vena creativa da autodidatta tra arte e musica.<\/p>\n<p>La sua produzione artistica \u00e8 piuttosto variegata, e rielabora in chiave personale molti dei temi e degli stilemi nati con la <strong>rivoluzione informale dell\u2019arte italiana<\/strong> e internazionale del dopoguerra.<\/p>\n<figure id=\"post-311338 media-311338\" class=\"align-none\"><img decoding=\"async\" src=\"https:\/\/www.intoscana.it\/wp-content\/uploads\/231025_bartolozzi_INST-scaled.jpeg\" alt=\"\" \/><\/figure>\n<div class=\"titleimg\">Reperta Relicta di Matteo Bartolozzi<\/div>\n<h3>Le opere in mostra<\/h3>\n<p>Le opere di <strong>Matteo Bartolozzi<\/strong> si basano sul<strong> riutilizzo di oggetti quotidiani<\/strong> , sono costruite prevalentemente tramite <strong>collage e assemblaggi <\/strong>di <strong>oggetti ritrovati o recuperati<\/strong>.<\/p>\n<p>Sono stati utilizzati<strong> materiali di scarto, terre, catrame, vera e propria spazzatura,<\/strong> ma anche<strong> documenti antichi, quotidiani, lettere in tempo di guerra, frammenti di oggetti<\/strong> nati per essere consumati o per essere conservati.<\/p>\n<p>Gli oggetti recuperati grazie all&#8217;intervento di Bartolozzi <strong>si trasformano in opere d\u2019arte<\/strong> e resisteranno un altro po\u2019 al tempo, <strong>acquisteranno un valore che non \u00e8 pi\u00f9 materiale n\u00e9 commerciale<\/strong>, mostreranno allo spettatore attento <strong>una nuova re-esistenza.<\/strong><\/p>\n<p><em>\u201cE nel guardare questi paradossali reperti e relitti \u2013<\/em><strong> ha scritto l\u2019artista citando De Andr\u00e8 \u2013<\/strong><em> ricorderemo ancora che non dai diamanti, ma dal letame nascono i fiori\u201d.<\/em><\/p>\n<figure id=\"post-311338 media-311338\" class=\"align-none\"><\/figure>\n<div class=\"titleimg\">Reperta Relicta di Matteo Bartolozzi<\/div>\n<p>&nbsp;<\/p>\n","protected":false},"excerpt":{"rendered":"<p>Le opere costruite tramite collage e assemblaggi di oggetti ritrovati saranno esposte fino al 4 dicembre nello Spazio espositivo C.A. Ciampi a Palazzo del Pegaso a Firenze<\/p>\n","protected":false},"author":518,"featured_media":311341,"comment_status":"open","ping_status":"open","sticky":false,"template":"","format":"standard","meta":{"_acf_changed":false,"footnotes":""},"categories":[493],"tags":[227,4753,202,222],"class_list":["post-311337","post","type-post","status-publish","format-standard","has-post-thumbnail","hentry","category-cultura","tag-arte-contemporanea","tag-consiglio-regionale-della-toscana","tag-firenze","tag-mostre"],"acf":[],"yoast_head":"<!-- This site is optimized with the Yoast SEO Premium plugin v24.2 (Yoast SEO v25.6) - https:\/\/yoast.com\/wordpress\/plugins\/seo\/ -->\n<title>&quot;Reperta Relicta&quot; in mostra a Firenze le opere strappate all&#039;oblio di Matteo Bartolozzi - intoscana<\/title>\n<meta name=\"robots\" content=\"index, follow, max-snippet:-1, max-image-preview:large, max-video-preview:-1\" \/>\n<link rel=\"canonical\" href=\"https:\/\/www.intoscana.it\/it\/reperta-relicta-mostra-matteo-bartolozzi-2023\/\" \/>\n<meta property=\"og:locale\" content=\"it_IT\" \/>\n<meta property=\"og:type\" content=\"article\" \/>\n<meta property=\"og:title\" content=\"&quot;Reperta Relicta&quot; in mostra a Firenze le opere strappate all&#039;oblio di Matteo Bartolozzi\" \/>\n<meta property=\"og:description\" content=\"Le opere costruite tramite collage e assemblaggi di oggetti ritrovati saranno esposte fino al 4 dicembre nello Spazio espositivo C.A. Ciampi a Palazzo del Pegaso a Firenze\" \/>\n<meta property=\"og:url\" content=\"https:\/\/www.intoscana.it\/it\/reperta-relicta-mostra-matteo-bartolozzi-2023\/\" \/>\n<meta property=\"og:site_name\" content=\"intoscana\" \/>\n<meta property=\"article:publisher\" content=\"https:\/\/www.facebook.com\/intoscana.it\" \/>\n<meta property=\"article:published_time\" content=\"2023-10-25T13:02:29+00:00\" \/>\n<meta property=\"article:modified_time\" content=\"2023-10-26T12:56:36+00:00\" \/>\n<meta property=\"og:image\" content=\"https:\/\/www.intoscana.it\/wp-content\/uploads\/19296_IMG_20220903_145340.jpeg\" \/>\n\t<meta property=\"og:image:width\" content=\"1920\" \/>\n\t<meta property=\"og:image:height\" content=\"1460\" \/>\n\t<meta property=\"og:image:type\" content=\"image\/jpeg\" \/>\n<meta name=\"author\" content=\"Costanza Baldini\" \/>\n<meta name=\"twitter:card\" content=\"summary_large_image\" \/>\n<meta name=\"twitter:creator\" content=\"@intoscana\" \/>\n<meta name=\"twitter:site\" content=\"@intoscana\" \/>\n<meta name=\"twitter:label1\" content=\"Written by\" \/>\n\t<meta name=\"twitter:data1\" content=\"Costanza Baldini\" \/>\n\t<meta name=\"twitter:label2\" content=\"Est. reading time\" \/>\n\t<meta name=\"twitter:data2\" content=\"1 minuto\" \/>\n<script type=\"application\/ld+json\" class=\"yoast-schema-graph\">{\"@context\":\"https:\/\/schema.org\",\"@graph\":[{\"@type\":\"WebPage\",\"@id\":\"https:\/\/www.intoscana.it\/it\/reperta-relicta-mostra-matteo-bartolozzi-2023\/\",\"url\":\"https:\/\/www.intoscana.it\/it\/reperta-relicta-mostra-matteo-bartolozzi-2023\/\",\"name\":\"\\\"Reperta Relicta\\\" in mostra a Firenze le opere strappate all'oblio di Matteo Bartolozzi - intoscana\",\"isPartOf\":{\"@id\":\"https:\/\/www.intoscana.it\/it\/#website\"},\"primaryImageOfPage\":{\"@id\":\"https:\/\/www.intoscana.it\/it\/reperta-relicta-mostra-matteo-bartolozzi-2023\/#primaryimage\"},\"image\":{\"@id\":\"https:\/\/www.intoscana.it\/it\/reperta-relicta-mostra-matteo-bartolozzi-2023\/#primaryimage\"},\"thumbnailUrl\":\"https:\/\/www.intoscana.it\/wp-content\/uploads\/19296_IMG_20220903_145340.jpeg\",\"datePublished\":\"2023-10-25T13:02:29+00:00\",\"dateModified\":\"2023-10-26T12:56:36+00:00\",\"author\":{\"@id\":\"https:\/\/www.intoscana.it\/it\/#\/schema\/person\/d469f35f09739bdf00bf5dd3f0647a82\"},\"breadcrumb\":{\"@id\":\"https:\/\/www.intoscana.it\/it\/reperta-relicta-mostra-matteo-bartolozzi-2023\/#breadcrumb\"},\"inLanguage\":\"it-IT\",\"potentialAction\":[{\"@type\":\"ReadAction\",\"target\":[\"https:\/\/www.intoscana.it\/it\/reperta-relicta-mostra-matteo-bartolozzi-2023\/\"]}]},{\"@type\":\"ImageObject\",\"inLanguage\":\"it-IT\",\"@id\":\"https:\/\/www.intoscana.it\/it\/reperta-relicta-mostra-matteo-bartolozzi-2023\/#primaryimage\",\"url\":\"https:\/\/www.intoscana.it\/wp-content\/uploads\/19296_IMG_20220903_145340.jpeg\",\"contentUrl\":\"https:\/\/www.intoscana.it\/wp-content\/uploads\/19296_IMG_20220903_145340.jpeg\",\"width\":1920,\"height\":1460},{\"@type\":\"BreadcrumbList\",\"@id\":\"https:\/\/www.intoscana.it\/it\/reperta-relicta-mostra-matteo-bartolozzi-2023\/#breadcrumb\",\"itemListElement\":[{\"@type\":\"ListItem\",\"position\":1,\"name\":\"Home\",\"item\":\"https:\/\/www.intoscana.it\/it\/\"},{\"@type\":\"ListItem\",\"position\":2,\"name\":\"&#8220;Reperta Relicta&#8221; in mostra a Firenze le opere strappate all&#8217;oblio di Matteo Bartolozzi\"}]},{\"@type\":\"WebSite\",\"@id\":\"https:\/\/www.intoscana.it\/it\/#website\",\"url\":\"https:\/\/www.intoscana.it\/it\/\",\"name\":\"intoscana\",\"description\":\"\",\"potentialAction\":[{\"@type\":\"SearchAction\",\"target\":{\"@type\":\"EntryPoint\",\"urlTemplate\":\"https:\/\/www.intoscana.it\/it\/?s={search_term_string}\"},\"query-input\":{\"@type\":\"PropertyValueSpecification\",\"valueRequired\":true,\"valueName\":\"search_term_string\"}}],\"inLanguage\":\"it-IT\"},{\"@type\":\"Person\",\"@id\":\"https:\/\/www.intoscana.it\/it\/#\/schema\/person\/d469f35f09739bdf00bf5dd3f0647a82\",\"name\":\"Costanza Baldini\",\"url\":\"https:\/\/www.intoscana.it\/it\/author\/costanza-baldini\/\"}]}<\/script>\n<!-- \/ Yoast SEO Premium plugin. -->","yoast_head_json":{"title":"\"Reperta Relicta\" in mostra a Firenze le opere strappate all'oblio di Matteo Bartolozzi - intoscana","robots":{"index":"index","follow":"follow","max-snippet":"max-snippet:-1","max-image-preview":"max-image-preview:large","max-video-preview":"max-video-preview:-1"},"canonical":"https:\/\/www.intoscana.it\/it\/reperta-relicta-mostra-matteo-bartolozzi-2023\/","og_locale":"it_IT","og_type":"article","og_title":"\"Reperta Relicta\" in mostra a Firenze le opere strappate all'oblio di Matteo Bartolozzi","og_description":"Le opere costruite tramite collage e assemblaggi di oggetti ritrovati saranno esposte fino al 4 dicembre nello Spazio espositivo C.A. Ciampi a Palazzo del Pegaso a Firenze","og_url":"https:\/\/www.intoscana.it\/it\/reperta-relicta-mostra-matteo-bartolozzi-2023\/","og_site_name":"intoscana","article_publisher":"https:\/\/www.facebook.com\/intoscana.it","article_published_time":"2023-10-25T13:02:29+00:00","article_modified_time":"2023-10-26T12:56:36+00:00","og_image":[{"width":1920,"height":1460,"url":"https:\/\/www.intoscana.it\/wp-content\/uploads\/19296_IMG_20220903_145340.jpeg","type":"image\/jpeg"}],"author":"Costanza Baldini","twitter_card":"summary_large_image","twitter_creator":"@intoscana","twitter_site":"@intoscana","twitter_misc":{"Written by":"Costanza Baldini","Est. reading time":"1 minuto"},"schema":{"@context":"https:\/\/schema.org","@graph":[{"@type":"WebPage","@id":"https:\/\/www.intoscana.it\/it\/reperta-relicta-mostra-matteo-bartolozzi-2023\/","url":"https:\/\/www.intoscana.it\/it\/reperta-relicta-mostra-matteo-bartolozzi-2023\/","name":"\"Reperta Relicta\" in mostra a Firenze le opere strappate all'oblio di Matteo Bartolozzi - intoscana","isPartOf":{"@id":"https:\/\/www.intoscana.it\/it\/#website"},"primaryImageOfPage":{"@id":"https:\/\/www.intoscana.it\/it\/reperta-relicta-mostra-matteo-bartolozzi-2023\/#primaryimage"},"image":{"@id":"https:\/\/www.intoscana.it\/it\/reperta-relicta-mostra-matteo-bartolozzi-2023\/#primaryimage"},"thumbnailUrl":"https:\/\/www.intoscana.it\/wp-content\/uploads\/19296_IMG_20220903_145340.jpeg","datePublished":"2023-10-25T13:02:29+00:00","dateModified":"2023-10-26T12:56:36+00:00","author":{"@id":"https:\/\/www.intoscana.it\/it\/#\/schema\/person\/d469f35f09739bdf00bf5dd3f0647a82"},"breadcrumb":{"@id":"https:\/\/www.intoscana.it\/it\/reperta-relicta-mostra-matteo-bartolozzi-2023\/#breadcrumb"},"inLanguage":"it-IT","potentialAction":[{"@type":"ReadAction","target":["https:\/\/www.intoscana.it\/it\/reperta-relicta-mostra-matteo-bartolozzi-2023\/"]}]},{"@type":"ImageObject","inLanguage":"it-IT","@id":"https:\/\/www.intoscana.it\/it\/reperta-relicta-mostra-matteo-bartolozzi-2023\/#primaryimage","url":"https:\/\/www.intoscana.it\/wp-content\/uploads\/19296_IMG_20220903_145340.jpeg","contentUrl":"https:\/\/www.intoscana.it\/wp-content\/uploads\/19296_IMG_20220903_145340.jpeg","width":1920,"height":1460},{"@type":"BreadcrumbList","@id":"https:\/\/www.intoscana.it\/it\/reperta-relicta-mostra-matteo-bartolozzi-2023\/#breadcrumb","itemListElement":[{"@type":"ListItem","position":1,"name":"Home","item":"https:\/\/www.intoscana.it\/it\/"},{"@type":"ListItem","position":2,"name":"&#8220;Reperta Relicta&#8221; in mostra a Firenze le opere strappate all&#8217;oblio di Matteo Bartolozzi"}]},{"@type":"WebSite","@id":"https:\/\/www.intoscana.it\/it\/#website","url":"https:\/\/www.intoscana.it\/it\/","name":"intoscana","description":"","potentialAction":[{"@type":"SearchAction","target":{"@type":"EntryPoint","urlTemplate":"https:\/\/www.intoscana.it\/it\/?s={search_term_string}"},"query-input":{"@type":"PropertyValueSpecification","valueRequired":true,"valueName":"search_term_string"}}],"inLanguage":"it-IT"},{"@type":"Person","@id":"https:\/\/www.intoscana.it\/it\/#\/schema\/person\/d469f35f09739bdf00bf5dd3f0647a82","name":"Costanza Baldini","url":"https:\/\/www.intoscana.it\/it\/author\/costanza-baldini\/"}]}},"_links":{"self":[{"href":"https:\/\/www.intoscana.it\/it\/wp-json\/wp\/v2\/posts\/311337","targetHints":{"allow":["GET"]}}],"collection":[{"href":"https:\/\/www.intoscana.it\/it\/wp-json\/wp\/v2\/posts"}],"about":[{"href":"https:\/\/www.intoscana.it\/it\/wp-json\/wp\/v2\/types\/post"}],"author":[{"embeddable":true,"href":"https:\/\/www.intoscana.it\/it\/wp-json\/wp\/v2\/users\/518"}],"replies":[{"embeddable":true,"href":"https:\/\/www.intoscana.it\/it\/wp-json\/wp\/v2\/comments?post=311337"}],"version-history":[{"count":0,"href":"https:\/\/www.intoscana.it\/it\/wp-json\/wp\/v2\/posts\/311337\/revisions"}],"wp:featuredmedia":[{"embeddable":true,"href":"https:\/\/www.intoscana.it\/it\/wp-json\/wp\/v2\/media\/311341"}],"wp:attachment":[{"href":"https:\/\/www.intoscana.it\/it\/wp-json\/wp\/v2\/media?parent=311337"}],"wp:term":[{"taxonomy":"category","embeddable":true,"href":"https:\/\/www.intoscana.it\/it\/wp-json\/wp\/v2\/categories?post=311337"},{"taxonomy":"post_tag","embeddable":true,"href":"https:\/\/www.intoscana.it\/it\/wp-json\/wp\/v2\/tags?post=311337"}],"curies":[{"name":"wp","href":"https:\/\/api.w.org\/{rel}","templated":true}]}}