{"id":311396,"date":"2023-10-25T16:22:40","date_gmt":"2023-10-25T14:22:40","guid":{"rendered":"https:\/\/www.intoscana.it\/it\/?p=311396"},"modified":"2023-10-25T16:29:08","modified_gmt":"2023-10-25T14:29:08","slug":"innovazione-digitale-prato-major-cities","status":"publish","type":"post","link":"https:\/\/www.intoscana.it\/it\/innovazione-digitale-prato-major-cities\/","title":{"rendered":"Innovazione digitale e politiche green: al via a Prato la conferenza delle Major Cities of Europe"},"content":{"rendered":"<p>Cogliere le sfide e <mark>le opportunit\u00e0 dell&#8217;innovazione tecnologica per la transizione digitale e green nella pubblica amministrazione. <\/mark>\u00c8 questo l&#8217;obiettivo della la conferenza annuale di\u00a0 <strong>Major Cities of Europe<\/strong>, l&#8217;associazione indipendente che riunisce responsabili di information tecnologies e innovazione nelle PA di tutta l&#8217;UE che si \u00e8 aperta oggi al Centro Pecci di Prato.<\/p>\n<h3>&#8220;Un telaio con vista&#8221; al Pecci<\/h3>\n<p>Un incontro internazionale, in corso fino al 27 ottobre, tra amministratori pubblici, dirigenti ed esperti dell&#8217;innovazione nella pubblica amministrazione, dal titolo evocativo:\u00a0<strong>&#8220;Un telaio con vista &#8211; Tessere il futuro digitale di comunit\u00e0, citt\u00e0 e regioni&#8221;.<br \/>\n<\/strong>Al centro della tre giorni c&#8217;\u00e8 infatti <mark>l&#8217;impatto della digitalizzazione, della transizione climatica e delle tecnologie emergenti <\/mark>nel governo locale dei territori, nei servizi forniti ai cittadini e anche nella sicurezza informatica.<\/p>\n<p>Ad aprire l&#8217;incontro il messaggio di benvenuto in streaming del sindaco di Prato Matteo Biffoni, a Genova per l&#8217;assemblea nazionale di Anci. <em>&#8220;\u00c8 un grande orgoglio per noi oggi ospitare a Prato la conferenza internazionale delle Major Cities of Europe &#8211; <\/em>ha detto l&#8217;assessore all&#8217;innovazione del Comune di Prato, <em><strong>Benedetta Squittieri<\/strong> &#8211; \u00e8 un&#8217;ottima occasione per confrontarsi con le altre citt\u00e0 italiane ed europee, per condividere soluzioni e buone pratiche attuate nelle pubbliche amministrazioni e dialogare&#8221;.<\/em><\/p>\n<figure id=\"post-311408 media-311408\" class=\"align-none\">\n<p><figure style=\"width: 2048px\" class=\"wp-caption alignnone\"><img loading=\"lazy\" decoding=\"async\" src=\"https:\/\/www.intoscana.it\/wp-content\/uploads\/Major-cities.jpg\" alt=\"\" width=\"2048\" height=\"1536\" \/><figcaption class=\"wp-caption-text\">L&#8217;apertura del convegno &#8220;Un telaio con vista&#8221; al Pecci<\/figcaption><\/figure><\/figure>\n<div class=\"titleimg\">\n<h3>Infrastrutture e competenze: la strategia digitale della Toscana<\/h3>\n<\/div>\n<p>Alla conferenza internazionale anche i rappresentanti della <strong>Regione Toscana,<\/strong> che hanno presentato la strategia regionale per la transizione digitale, incentrata su infrastrutture e competenze.<\/p>\n<p><em>&#8220;Sul percorso dell&#8217;innovazione il nostro Paese \u00e8 in grave ritardo, la Toscana lo \u00e8 meno rispetto ad altri territori, ma di pi\u00f9 in confronto con altre realt\u00e0 europee<\/em> &#8211; ha detto l&#8217;assessore regionale all&#8217;innovazione, <strong>Stefano Ciuffo,<\/strong> nel suo intervento &#8211; <em>dobbiamo recuperare un grande gap sulla costruzione di reti e sulle banche dati e soprattutto <mark>c&#8217;\u00e8 bisogno di colmare la lacuna delle competenze digitali di imprese, pubbliche amministrazioni e cittadini: <\/mark>questa \u00e8 la sfida e da qui passa la nostra capacit\u00e0 di erogare servizi ed essere vicini ai cittadini anche nei territori marginali. Altrimenti l&#8217;innovazione anzich\u00e9 essere uno strumento di democrazia diventa uno strumento discriminatorio tra chi ha le competenze digitali e chi no&#8221;.<\/em><\/p>\n<h3>Le citt\u00e0 europee e i cambiamenti climatici<\/h3>\n<p>La prima sessione del convegno, moderata dal presidente di Major Cities of Europe Giorgio Prister,\u00a0 \u00e8 stata dedicata ai cambiamenti climatici mettendo a confronto progetti e metodologie adottate a Roma, Milano, Torino, Bologna, Firenze e <a href=\"https:\/\/www.intoscana.it\/it\/articolo\/prato-carbon-neutral-neutralita-climatica\/\" target=\"_blank\" rel=\"noopener\"><strong>Prato,<\/strong> che \u00e8 una delle <strong>citt\u00e0 Carbon Neutral europee.<\/strong><\/a><\/p>\n<p><em>&#8220;Negli ultimi anni Prato \u00e8 impegnata in vari progetti di forestazione della citt\u00e0, con l&#8217;obiettivo di migliorare la qualit\u00e0 della vita e dell&#8217;aria che respiriamo, ma questo non \u00e8 sufficiente da solo, \u00e8 necessario diminuire le emissioni di inquinanti nell&#8217;atmosfera<\/em> &#8211; ha spiegato l&#8217;assessore all&#8217;ambiente del Comune di Prato, <strong>Valerio Barberis<\/strong> &#8211; <em>come distretto industriale dobbiamo intraprendere delle azioni di efficientamento energetico e dei sistemi produttivi in sinergia con le aziende. E questo sarebbe davvero strategico, perch\u00e9 le aziende pratesi lavorano per il sistema moda &#8220;alto&#8221;, che sempre di pi\u00f9 hanno la prospettiva della carbon neutrality&#8221;.<\/em><\/p>\n","protected":false},"excerpt":{"rendered":"<p>Si \u00e8 aperto al Centro Pecci l&#8217;incontro tra le amministrazioni pubbliche di tutta Europa su come cogliere le sfide della transizione digitale ed energetica<\/p>\n","protected":false},"author":502,"featured_media":235219,"comment_status":"open","ping_status":"open","sticky":false,"template":"","format":"standard","meta":{"_acf_changed":false,"footnotes":""},"categories":[475],"tags":[6649,5446,259],"class_list":["post-311396","post","type-post","status-publish","format-standard","has-post-thumbnail","hentry","category-innovazione","tag-agenda-digitale","tag-europa","tag-prato"],"acf":[],"yoast_head":"<!-- This site is optimized with the Yoast SEO Premium plugin v24.2 (Yoast SEO v25.6) - https:\/\/yoast.com\/wordpress\/plugins\/seo\/ -->\n<title>Innovazione digitale e politiche green: al via a Prato la conferenza delle Major Cities of Europe - intoscana<\/title>\n<meta name=\"description\" content=\"Al via al Pecci di Prato la conferenze delle Major Cities of Europe sulla sfida dell&#039;innovazione digitale per il futuro delle citt\u00e0.\" \/>\n<meta name=\"robots\" content=\"index, follow, max-snippet:-1, max-image-preview:large, max-video-preview:-1\" \/>\n<link rel=\"canonical\" href=\"https:\/\/www.intoscana.it\/it\/innovazione-digitale-prato-major-cities\/\" \/>\n<meta property=\"og:locale\" content=\"it_IT\" \/>\n<meta property=\"og:type\" content=\"article\" \/>\n<meta property=\"og:title\" content=\"Innovazione digitale e politiche green: al via a Prato la conferenza delle Major Cities of Europe\" \/>\n<meta property=\"og:description\" content=\"Al via al Pecci di Prato la conferenze delle Major Cities of Europe sulla sfida dell&#039;innovazione digitale per il futuro delle citt\u00e0.\" \/>\n<meta property=\"og:url\" content=\"https:\/\/www.intoscana.it\/it\/innovazione-digitale-prato-major-cities\/\" \/>\n<meta property=\"og:site_name\" content=\"intoscana\" \/>\n<meta property=\"article:publisher\" content=\"https:\/\/www.facebook.com\/intoscana.it\" \/>\n<meta property=\"article:published_time\" content=\"2023-10-25T14:22:40+00:00\" \/>\n<meta property=\"article:modified_time\" content=\"2023-10-25T14:29:08+00:00\" \/>\n<meta property=\"og:image\" content=\"https:\/\/www.intoscana.it\/wp-content\/uploads\/shutterstock_1932042689-scaled.jpg\" \/>\n\t<meta property=\"og:image:width\" content=\"2048\" \/>\n\t<meta property=\"og:image:height\" content=\"1099\" \/>\n\t<meta property=\"og:image:type\" content=\"image\/jpeg\" \/>\n<meta name=\"author\" content=\"Ilaria Giannini\" \/>\n<meta name=\"twitter:card\" content=\"summary_large_image\" \/>\n<meta name=\"twitter:creator\" content=\"@i.giannini@fst.it\" \/>\n<meta name=\"twitter:site\" content=\"@intoscana\" \/>\n<meta name=\"twitter:label1\" content=\"Written by\" \/>\n\t<meta name=\"twitter:data1\" content=\"Ilaria Giannini\" \/>\n\t<meta name=\"twitter:label2\" content=\"Est. reading time\" \/>\n\t<meta name=\"twitter:data2\" content=\"3 minuti\" \/>\n<script type=\"application\/ld+json\" class=\"yoast-schema-graph\">{\"@context\":\"https:\/\/schema.org\",\"@graph\":[{\"@type\":\"WebPage\",\"@id\":\"https:\/\/www.intoscana.it\/it\/innovazione-digitale-prato-major-cities\/\",\"url\":\"https:\/\/www.intoscana.it\/it\/innovazione-digitale-prato-major-cities\/\",\"name\":\"Innovazione digitale e politiche green: al via a Prato la conferenza delle Major Cities of Europe - intoscana\",\"isPartOf\":{\"@id\":\"https:\/\/www.intoscana.it\/it\/#website\"},\"primaryImageOfPage\":{\"@id\":\"https:\/\/www.intoscana.it\/it\/innovazione-digitale-prato-major-cities\/#primaryimage\"},\"image\":{\"@id\":\"https:\/\/www.intoscana.it\/it\/innovazione-digitale-prato-major-cities\/#primaryimage\"},\"thumbnailUrl\":\"https:\/\/www.intoscana.it\/wp-content\/uploads\/shutterstock_1932042689-scaled.jpg\",\"datePublished\":\"2023-10-25T14:22:40+00:00\",\"dateModified\":\"2023-10-25T14:29:08+00:00\",\"author\":{\"@id\":\"https:\/\/www.intoscana.it\/it\/#\/schema\/person\/de95e1ed2c1c8c30a6922bbba3a90185\"},\"description\":\"Al via al Pecci di Prato la conferenze delle Major Cities of Europe sulla sfida dell'innovazione digitale per il futuro delle citt\u00e0.\",\"breadcrumb\":{\"@id\":\"https:\/\/www.intoscana.it\/it\/innovazione-digitale-prato-major-cities\/#breadcrumb\"},\"inLanguage\":\"it-IT\",\"potentialAction\":[{\"@type\":\"ReadAction\",\"target\":[\"https:\/\/www.intoscana.it\/it\/innovazione-digitale-prato-major-cities\/\"]}]},{\"@type\":\"ImageObject\",\"inLanguage\":\"it-IT\",\"@id\":\"https:\/\/www.intoscana.it\/it\/innovazione-digitale-prato-major-cities\/#primaryimage\",\"url\":\"https:\/\/www.intoscana.it\/wp-content\/uploads\/shutterstock_1932042689-scaled.jpg\",\"contentUrl\":\"https:\/\/www.intoscana.it\/wp-content\/uploads\/shutterstock_1932042689-scaled.jpg\",\"width\":2048,\"height\":1099,\"caption\":\"Startup innovazione tecnologia\"},{\"@type\":\"BreadcrumbList\",\"@id\":\"https:\/\/www.intoscana.it\/it\/innovazione-digitale-prato-major-cities\/#breadcrumb\",\"itemListElement\":[{\"@type\":\"ListItem\",\"position\":1,\"name\":\"Home\",\"item\":\"https:\/\/www.intoscana.it\/it\/\"},{\"@type\":\"ListItem\",\"position\":2,\"name\":\"Innovazione digitale e politiche green: al via a Prato la conferenza delle Major Cities of Europe\"}]},{\"@type\":\"WebSite\",\"@id\":\"https:\/\/www.intoscana.it\/it\/#website\",\"url\":\"https:\/\/www.intoscana.it\/it\/\",\"name\":\"intoscana\",\"description\":\"\",\"potentialAction\":[{\"@type\":\"SearchAction\",\"target\":{\"@type\":\"EntryPoint\",\"urlTemplate\":\"https:\/\/www.intoscana.it\/it\/?s={search_term_string}\"},\"query-input\":{\"@type\":\"PropertyValueSpecification\",\"valueRequired\":true,\"valueName\":\"search_term_string\"}}],\"inLanguage\":\"it-IT\"},{\"@type\":\"Person\",\"@id\":\"https:\/\/www.intoscana.it\/it\/#\/schema\/person\/de95e1ed2c1c8c30a6922bbba3a90185\",\"name\":\"Ilaria Giannini\",\"sameAs\":[\"https:\/\/x.com\/i.giannini@fst.it\"],\"url\":\"https:\/\/www.intoscana.it\/it\/author\/ilaria-giannini\/\"}]}<\/script>\n<!-- \/ Yoast SEO Premium plugin. -->","yoast_head_json":{"title":"Innovazione digitale e politiche green: al via a Prato la conferenza delle Major Cities of Europe - intoscana","description":"Al via al Pecci di Prato la conferenze delle Major Cities of Europe sulla sfida dell'innovazione digitale per il futuro delle citt\u00e0.","robots":{"index":"index","follow":"follow","max-snippet":"max-snippet:-1","max-image-preview":"max-image-preview:large","max-video-preview":"max-video-preview:-1"},"canonical":"https:\/\/www.intoscana.it\/it\/innovazione-digitale-prato-major-cities\/","og_locale":"it_IT","og_type":"article","og_title":"Innovazione digitale e politiche green: al via a Prato la conferenza delle Major Cities of Europe","og_description":"Al via al Pecci di Prato la conferenze delle Major Cities of Europe sulla sfida dell'innovazione digitale per il futuro delle citt\u00e0.","og_url":"https:\/\/www.intoscana.it\/it\/innovazione-digitale-prato-major-cities\/","og_site_name":"intoscana","article_publisher":"https:\/\/www.facebook.com\/intoscana.it","article_published_time":"2023-10-25T14:22:40+00:00","article_modified_time":"2023-10-25T14:29:08+00:00","og_image":[{"width":2048,"height":1099,"url":"https:\/\/www.intoscana.it\/wp-content\/uploads\/shutterstock_1932042689-scaled.jpg","type":"image\/jpeg"}],"author":"Ilaria Giannini","twitter_card":"summary_large_image","twitter_creator":"@i.giannini@fst.it","twitter_site":"@intoscana","twitter_misc":{"Written by":"Ilaria Giannini","Est. reading time":"3 minuti"},"schema":{"@context":"https:\/\/schema.org","@graph":[{"@type":"WebPage","@id":"https:\/\/www.intoscana.it\/it\/innovazione-digitale-prato-major-cities\/","url":"https:\/\/www.intoscana.it\/it\/innovazione-digitale-prato-major-cities\/","name":"Innovazione digitale e politiche green: al via a Prato la conferenza delle Major Cities of Europe - intoscana","isPartOf":{"@id":"https:\/\/www.intoscana.it\/it\/#website"},"primaryImageOfPage":{"@id":"https:\/\/www.intoscana.it\/it\/innovazione-digitale-prato-major-cities\/#primaryimage"},"image":{"@id":"https:\/\/www.intoscana.it\/it\/innovazione-digitale-prato-major-cities\/#primaryimage"},"thumbnailUrl":"https:\/\/www.intoscana.it\/wp-content\/uploads\/shutterstock_1932042689-scaled.jpg","datePublished":"2023-10-25T14:22:40+00:00","dateModified":"2023-10-25T14:29:08+00:00","author":{"@id":"https:\/\/www.intoscana.it\/it\/#\/schema\/person\/de95e1ed2c1c8c30a6922bbba3a90185"},"description":"Al via al Pecci di Prato la conferenze delle Major Cities of Europe sulla sfida dell'innovazione digitale per il futuro delle citt\u00e0.","breadcrumb":{"@id":"https:\/\/www.intoscana.it\/it\/innovazione-digitale-prato-major-cities\/#breadcrumb"},"inLanguage":"it-IT","potentialAction":[{"@type":"ReadAction","target":["https:\/\/www.intoscana.it\/it\/innovazione-digitale-prato-major-cities\/"]}]},{"@type":"ImageObject","inLanguage":"it-IT","@id":"https:\/\/www.intoscana.it\/it\/innovazione-digitale-prato-major-cities\/#primaryimage","url":"https:\/\/www.intoscana.it\/wp-content\/uploads\/shutterstock_1932042689-scaled.jpg","contentUrl":"https:\/\/www.intoscana.it\/wp-content\/uploads\/shutterstock_1932042689-scaled.jpg","width":2048,"height":1099,"caption":"Startup innovazione tecnologia"},{"@type":"BreadcrumbList","@id":"https:\/\/www.intoscana.it\/it\/innovazione-digitale-prato-major-cities\/#breadcrumb","itemListElement":[{"@type":"ListItem","position":1,"name":"Home","item":"https:\/\/www.intoscana.it\/it\/"},{"@type":"ListItem","position":2,"name":"Innovazione digitale e politiche green: al via a Prato la conferenza delle Major Cities of Europe"}]},{"@type":"WebSite","@id":"https:\/\/www.intoscana.it\/it\/#website","url":"https:\/\/www.intoscana.it\/it\/","name":"intoscana","description":"","potentialAction":[{"@type":"SearchAction","target":{"@type":"EntryPoint","urlTemplate":"https:\/\/www.intoscana.it\/it\/?s={search_term_string}"},"query-input":{"@type":"PropertyValueSpecification","valueRequired":true,"valueName":"search_term_string"}}],"inLanguage":"it-IT"},{"@type":"Person","@id":"https:\/\/www.intoscana.it\/it\/#\/schema\/person\/de95e1ed2c1c8c30a6922bbba3a90185","name":"Ilaria Giannini","sameAs":["https:\/\/x.com\/i.giannini@fst.it"],"url":"https:\/\/www.intoscana.it\/it\/author\/ilaria-giannini\/"}]}},"_links":{"self":[{"href":"https:\/\/www.intoscana.it\/it\/wp-json\/wp\/v2\/posts\/311396","targetHints":{"allow":["GET"]}}],"collection":[{"href":"https:\/\/www.intoscana.it\/it\/wp-json\/wp\/v2\/posts"}],"about":[{"href":"https:\/\/www.intoscana.it\/it\/wp-json\/wp\/v2\/types\/post"}],"author":[{"embeddable":true,"href":"https:\/\/www.intoscana.it\/it\/wp-json\/wp\/v2\/users\/502"}],"replies":[{"embeddable":true,"href":"https:\/\/www.intoscana.it\/it\/wp-json\/wp\/v2\/comments?post=311396"}],"version-history":[{"count":0,"href":"https:\/\/www.intoscana.it\/it\/wp-json\/wp\/v2\/posts\/311396\/revisions"}],"wp:featuredmedia":[{"embeddable":true,"href":"https:\/\/www.intoscana.it\/it\/wp-json\/wp\/v2\/media\/235219"}],"wp:attachment":[{"href":"https:\/\/www.intoscana.it\/it\/wp-json\/wp\/v2\/media?parent=311396"}],"wp:term":[{"taxonomy":"category","embeddable":true,"href":"https:\/\/www.intoscana.it\/it\/wp-json\/wp\/v2\/categories?post=311396"},{"taxonomy":"post_tag","embeddable":true,"href":"https:\/\/www.intoscana.it\/it\/wp-json\/wp\/v2\/tags?post=311396"}],"curies":[{"name":"wp","href":"https:\/\/api.w.org\/{rel}","templated":true}]}}