{"id":311913,"date":"2023-10-30T09:01:40","date_gmt":"2023-10-30T08:01:40","guid":{"rendered":"https:\/\/www.intoscana.it\/it\/?p=311913"},"modified":"2023-10-30T09:01:40","modified_gmt":"2023-10-30T08:01:40","slug":"viaggio-di-luce-di-claudio-parmiggiani-e-alber-herrero-a-palazzo-medici-riccardi","status":"publish","type":"post","link":"https:\/\/www.intoscana.it\/it\/viaggio-di-luce-di-claudio-parmiggiani-e-alber-herrero-a-palazzo-medici-riccardi\/","title":{"rendered":"&#8220;Viaggio di Luce&#8221; di Claudio Parmiggiani e Alber Herrero a Palazzo Medici Riccardi"},"content":{"rendered":"<p><strong>Per la prima volta a Firenze<\/strong> sono esposte insieme le opere di <strong>Claudio Parmiggiani e Abel Herrero<\/strong> nella mostra <em><strong>&#8220;Viaggio di luce&#8221;<\/strong><\/em> nella <strong>Galleria delle Carrozze di Palazzo Medici Riccardi<\/strong> fino al<strong> 21 gennaio 2024. <\/strong><\/p>\n<p>La mostra curata da <strong>Sergio Risaliti<\/strong> e organizzato da <strong>MUS.E e Associazione Kontainer<\/strong> riunisce le opere di due artisti di origini distanti ma accomunati dalla reciproca <strong>poetica e sensibilit\u00e0 verso il linguaggio pittorico.<\/strong><\/p>\n<p>A <strong>Palazzo Medici Riccardi<\/strong> approda <strong>un viaggio iniziato nel 2006<\/strong>, quando <strong>Abel Herrero<\/strong> decise di \u2018ospitare\u2019 e curare al <strong>Museo Nacional de Bellas Artes de La Habana<\/strong> l\u2019installazione <strong><em>Silencio a voz alta<\/em> <\/strong>di <strong>Claudio Parmiggiani<\/strong>, la pi\u00f9 grande Delocazione ambientale mai realizzata dall\u2019artista, celebre per le sue opere di cenere e fumo realizzate a partire dal 1970.<\/p>\n<p>Quella collaborazione artistica, coronata a Cuba, si ripropone adesso, a Firenze, in forma pi\u00f9 compiuta e in un inedito allestimento dove confluiscono <strong>in un unico spazio condiviso le opere dei due artisti. <\/strong><\/p>\n<p>Nella Galleria delle Carrozze <strong>quattro grandi barche scivolano verso una meta distante, irraggiungibile<\/strong>; o forse si allontanano dal punto di partenza, sperando di approdare a una terra sconosciuta, vergine, per dare inizio a <strong>una nuova civilt\u00e0 dell\u2019arte.<\/strong><\/p>\n<p><strong>Le barche di Parmiggiani<\/strong> trasportano un carico speciale, fatto di<strong> polveri di colori diversi, materiali miracolosi, preziosi,<\/strong> quintessenza di una storia gloriosa: <strong>pigmenti puri: rosso, giallo, blu e verde. <\/strong><\/p>\n<p><strong>Colori in viaggio verso la luce,<\/strong> fondamento e origine dello sguardo, dello stupore davanti al miracolo del reale che resiste al nullificante nulla.<\/p>\n<p><em>\u201cNon ho una concezione nichilista della vita perch\u00e9 non so nemmeno cosa sia la vita. Sento che \u00e8 un grande dono; il dono di poter osservare il mondo, di poter osservare gli occhi di un mio simile, il miracolo di poter camminare su questa terra\u201d, ha spiegato Claudio Parmiggiani. Alle pareti le grandi tele monocrome di altrettanta purezza cromatica firmate da Abel Herrero. Mari di un verde luminoso e acido, di un giallo accecante e nervoso, di un blu gravido di profondit\u00e0 notturna, di un rosso come il sangue e il nettare dionisiaco, di un nero che mentre nasconde svela l\u2019origine della luce. Grandi superfici agitate, un mare di colore, onde immobili che cavalcano una dopo l\u2019altra, una sull\u2019altra e che ci affrontano come muri saturi di colore. Herrero opera una riappropriazione in chiave contemporanea del classico soggetto della veduta marina, che qui diventa una rappresentazione della condizione umana, \u201cun paesaggio della societ\u00e0 massificata e dell\u2019ideologia del produce-consuma-produce&#8230; Paesaggio dell\u2019assimilazione passiva, della sopportazione della dottrina dell\u2019alienazione e dell\u2019impossibilit\u00e0 di accedere alla contemplazione in quanto categoria psicologia sempre pi\u00f9 negata\u201d,<\/em> <strong>spiega Herrero.<\/strong><\/p>\n<figure id=\"post-311905 media-311905\" class=\"align-none\"><img decoding=\"async\" src=\"https:\/\/www.intoscana.it\/wp-content\/uploads\/Viaggio-di-luce_Claudio-Parmiggiani_Abel-Herrero_Galleria-delle-Carrozze-di-Palazzo-Medici-Riccardi_3_Foto-Antonello-Serino-scaled.jpg\" alt=\"\" \/><\/figure>\n<div class=\"titleimg\">Viaggio di luce, Claudio Parmiggiani, Abel Herrero, Galleria delle Carrozze di Palazzo Medici Riccardi, foto Antonello Serino<\/div>\n<p><em>\u201cOgnuna delle opere esposte in questa sede \u00e8 come un\u2019immersione nella pittura, in un conflitto dell\u2019immaginazione, fino a naufragare nel mare di luce e colore, fino ad annullare lo scorrere del tempo senza per\u00f2 rinnegare l\u2019esperienza della vita, che \u00e8 movimento, che \u00e8 esserci nel tempo \u2013 <\/em><strong>spiega il curatore della mostra e direttore del Museo Novecento Sergio Risaliti<\/strong> \u2013.<em> Sono quadri, immagini realizzate per sottrazione, a levare, nello stesso modo con cui si realizzano le Delocazioni di Parmiggiani. Dipinti che nascono da azioni praticate direttamente sulla superficie e a contatto con i colori stesi e poi agiti con le mani e i polpastrelli. Togliendo di mezzo il principio di rappresentazione, l\u2019ostinata ricerca delle mimesi, fino al punto di non ritorno, quando, nell\u2019attimo della dissoluzione della realt\u00e0, \u00e8 la cosa a riapparire, monda di ogni vacuit\u00e0 e superfluit\u00e0, nella sua sacrale, pregnante e risonante presenza; una presenza come di icona, di un\u2019immanenza assoluta e pertanto inesauribile che non fa differenza tra mondo fisico e mondo metafisico. \u00c8 la presenza dell\u2019assenza a far luce sul senso della pittura &#8211; pigmento per Parmiggiani, monocromi per Herrero &#8211; quindi del nostro stesso sguardo, del nostro percepire con gli occhi aperti, immersi nell\u2019epifania di luce e colore. E dietro questa \u00e8 l\u2019esperienza della morte, l\u2019originale esperienza del nulla che mai abbandona l\u2019artista, il pi\u00f9 arrischiato tra gli esseri umani. Ecco perch\u00e9 le barche di Parmiggiani celino nel proprio grembo cumuli di cenere, l\u2019ombra del colore che rinasce ora dalla consunzione della luce, poi l\u2019esperienza del nero, colore del tragico della vita, estrema estenuazione della luce e dello sguardo. L\u2019incommensurabile desiderio di infinitezza ed eternit\u00e0, sembra voler tenere uniti i pensieri dei due artisti che, pur ancorati all\u2019immanenza, guardano alla trascendenza quale valore e meta suprema dell\u2019arte. Per Herrero e Parmiggiani non c\u2019\u00e8 altra via, altro esercizio, che l\u2019esperienza della contemplazione, senza la quale non c\u2019\u00e8 possibilit\u00e0 di fare luce, di approdare alla verit\u00e0 del reale; un ultimo tentativo per arrivare all\u2019invisibile e all\u2019illimitato prima che tutto scompaia. Procedere verso il nulla, verso l\u2019oscurit\u00e0 e il vuoto, solo per fare luce al linguaggio, per accedere alla verit\u00e0 poetica della cosa, per aprire un varco verso la Lichtung. Parmiggiani e Herrero considerano all\u2019unisono l\u2019immersione contemplativa nella pittura come esperienza diametralmente opposta a ogni forma di comunicazione, come forma di resistenza alla dissipazione del linguaggio nel chiacchiericcio di cui parla Heidegger.\u201d<\/em><\/p>\n<p>Con le sue installazioni, <strong>Parmiggiani si spinge fino alla scomparsa dell\u2019oggetto,<\/strong> penetrando nel mondo immateriale dell\u2019idea, ai confini dell\u2019assoluto e dell\u2019irraggiungibile, affidando per\u00f2 alle cose <strong>l\u2019incarnazione del divino nel reale. <\/strong><\/p>\n<p><strong>Un paio di scarpe logore, una campana, un cumulo di libri,<\/strong> il caldo di una statua,<strong> una vecchia lampada ad olio, barche e pigmenti.<\/strong><\/p>\n<p>In modo affine, <strong>Herrero accetta la sfida dell\u2019astrazione<\/strong> senza rinunciare alla pittura, alla struttura riconoscibile della visione naturalistica, unica via possibile al pittore per immaginare l\u2019infinito e l\u2019illimitato, quando tutto si \u00e8 ridotto a portata di mano e ogni forma di vita si \u00e8 digitalmente consumata.<\/p>\n<p>Come in Parmiggiani <strong>anche in Herrero resiste la meraviglia per il miracolo dello sguardo,<\/strong> che \u00e8 poi quella del riconoscimento contemplativo del reale. Quel <strong>vertiginoso spalancarsi del divino e dell\u2019infinito<\/strong> tanto nella cosa che nell\u2019opera d\u2019arte.<\/p>\n<figure id=\"post-311912 media-311912\" class=\"align-none\"><img decoding=\"async\" src=\"https:\/\/www.intoscana.it\/wp-content\/uploads\/Viaggio-di-luce_Claudio-Parmiggiani_Abel-Herrero_Galleria-delle-Carrozze-di-Palazzo-Medici-Riccardi_Foto-Antonello-Serino-scaled.jpg\" alt=\"\" \/><\/figure>\n<div class=\"titleimg\"><em>Viaggio di luce, Claudio Parmiggiani, Abel Herrero, Galleria delle Carrozze di Palazzo Medici Riccardi, foto Antonello Serino<\/em><\/div>\n","protected":false},"excerpt":{"rendered":"<p>Fino al 21 gennaio 2024 le opere dei due artisti dialogano nella Galleria delle Carrozze: colori in viaggio verso la luce del divino<\/p>\n","protected":false},"author":525,"featured_media":311908,"comment_status":"open","ping_status":"open","sticky":false,"template":"","format":"standard","meta":{"_acf_changed":false,"footnotes":""},"categories":[493],"tags":[227,202,222],"class_list":["post-311913","post","type-post","status-publish","format-standard","has-post-thumbnail","hentry","category-cultura","tag-arte-contemporanea","tag-firenze","tag-mostre"],"acf":[],"yoast_head":"<!-- This site is optimized with the Yoast SEO Premium plugin v24.2 (Yoast SEO v25.6) - https:\/\/yoast.com\/wordpress\/plugins\/seo\/ -->\n<title>&quot;Viaggio di Luce&quot; di Claudio Parmiggiani e Alber Herrero a Palazzo Medici Riccardi - intoscana<\/title>\n<meta name=\"description\" content=\"Fino al 21 gennaio 2024 le opere dei due artisti dialogano nella Galleria delle Carrozze: colori in viaggio verso la luce del divino\" \/>\n<meta name=\"robots\" content=\"index, follow, max-snippet:-1, max-image-preview:large, max-video-preview:-1\" \/>\n<link rel=\"canonical\" href=\"https:\/\/www.intoscana.it\/it\/viaggio-di-luce-di-claudio-parmiggiani-e-alber-herrero-a-palazzo-medici-riccardi\/\" \/>\n<meta property=\"og:locale\" content=\"it_IT\" \/>\n<meta property=\"og:type\" content=\"article\" \/>\n<meta property=\"og:title\" content=\"&quot;Viaggio di Luce&quot; di Claudio Parmiggiani e Alber Herrero a Palazzo Medici Riccardi\" \/>\n<meta property=\"og:description\" content=\"Fino al 21 gennaio 2024 le opere dei due artisti dialogano nella Galleria delle Carrozze: colori in viaggio verso la luce del divino\" \/>\n<meta property=\"og:url\" content=\"https:\/\/www.intoscana.it\/it\/viaggio-di-luce-di-claudio-parmiggiani-e-alber-herrero-a-palazzo-medici-riccardi\/\" \/>\n<meta property=\"og:site_name\" content=\"intoscana\" \/>\n<meta property=\"article:publisher\" content=\"https:\/\/www.facebook.com\/intoscana.it\" \/>\n<meta property=\"article:published_time\" content=\"2023-10-30T08:01:40+00:00\" \/>\n<meta property=\"og:image\" content=\"https:\/\/www.intoscana.it\/wp-content\/uploads\/Viaggio-di-luce_Claudio-Parmiggiani_Abel-Herrero_Galleria-delle-Carrozze-di-Palazzo-Medici-Riccardi_6_Foto-Antonello-Serino-scaled.jpg\" \/>\n\t<meta property=\"og:image:width\" content=\"2048\" \/>\n\t<meta property=\"og:image:height\" content=\"1366\" \/>\n\t<meta property=\"og:image:type\" content=\"image\/jpeg\" \/>\n<meta name=\"author\" content=\"Redazione\" \/>\n<meta name=\"twitter:card\" content=\"summary_large_image\" \/>\n<meta name=\"twitter:creator\" content=\"@intoscana\" \/>\n<meta name=\"twitter:site\" content=\"@intoscana\" \/>\n<meta name=\"twitter:label1\" content=\"Written by\" \/>\n\t<meta name=\"twitter:data1\" content=\"Redazione\" \/>\n\t<meta name=\"twitter:label2\" content=\"Est. reading time\" \/>\n\t<meta name=\"twitter:data2\" content=\"5 minuti\" \/>\n<script type=\"application\/ld+json\" class=\"yoast-schema-graph\">{\"@context\":\"https:\/\/schema.org\",\"@graph\":[{\"@type\":\"WebPage\",\"@id\":\"https:\/\/www.intoscana.it\/it\/viaggio-di-luce-di-claudio-parmiggiani-e-alber-herrero-a-palazzo-medici-riccardi\/\",\"url\":\"https:\/\/www.intoscana.it\/it\/viaggio-di-luce-di-claudio-parmiggiani-e-alber-herrero-a-palazzo-medici-riccardi\/\",\"name\":\"\\\"Viaggio di Luce\\\" di Claudio Parmiggiani e Alber Herrero a Palazzo Medici Riccardi - intoscana\",\"isPartOf\":{\"@id\":\"https:\/\/www.intoscana.it\/it\/#website\"},\"primaryImageOfPage\":{\"@id\":\"https:\/\/www.intoscana.it\/it\/viaggio-di-luce-di-claudio-parmiggiani-e-alber-herrero-a-palazzo-medici-riccardi\/#primaryimage\"},\"image\":{\"@id\":\"https:\/\/www.intoscana.it\/it\/viaggio-di-luce-di-claudio-parmiggiani-e-alber-herrero-a-palazzo-medici-riccardi\/#primaryimage\"},\"thumbnailUrl\":\"https:\/\/www.intoscana.it\/wp-content\/uploads\/Viaggio-di-luce_Claudio-Parmiggiani_Abel-Herrero_Galleria-delle-Carrozze-di-Palazzo-Medici-Riccardi_6_Foto-Antonello-Serino-scaled.jpg\",\"datePublished\":\"2023-10-30T08:01:40+00:00\",\"author\":{\"@id\":\"https:\/\/www.intoscana.it\/it\/#\/schema\/person\/9223810753230f20bd670fdd322661f8\"},\"description\":\"Fino al 21 gennaio 2024 le opere dei due artisti dialogano nella Galleria delle Carrozze: colori in viaggio verso la luce del divino\",\"breadcrumb\":{\"@id\":\"https:\/\/www.intoscana.it\/it\/viaggio-di-luce-di-claudio-parmiggiani-e-alber-herrero-a-palazzo-medici-riccardi\/#breadcrumb\"},\"inLanguage\":\"it-IT\",\"potentialAction\":[{\"@type\":\"ReadAction\",\"target\":[\"https:\/\/www.intoscana.it\/it\/viaggio-di-luce-di-claudio-parmiggiani-e-alber-herrero-a-palazzo-medici-riccardi\/\"]}]},{\"@type\":\"ImageObject\",\"inLanguage\":\"it-IT\",\"@id\":\"https:\/\/www.intoscana.it\/it\/viaggio-di-luce-di-claudio-parmiggiani-e-alber-herrero-a-palazzo-medici-riccardi\/#primaryimage\",\"url\":\"https:\/\/www.intoscana.it\/wp-content\/uploads\/Viaggio-di-luce_Claudio-Parmiggiani_Abel-Herrero_Galleria-delle-Carrozze-di-Palazzo-Medici-Riccardi_6_Foto-Antonello-Serino-scaled.jpg\",\"contentUrl\":\"https:\/\/www.intoscana.it\/wp-content\/uploads\/Viaggio-di-luce_Claudio-Parmiggiani_Abel-Herrero_Galleria-delle-Carrozze-di-Palazzo-Medici-Riccardi_6_Foto-Antonello-Serino-scaled.jpg\",\"width\":2048,\"height\":1366},{\"@type\":\"BreadcrumbList\",\"@id\":\"https:\/\/www.intoscana.it\/it\/viaggio-di-luce-di-claudio-parmiggiani-e-alber-herrero-a-palazzo-medici-riccardi\/#breadcrumb\",\"itemListElement\":[{\"@type\":\"ListItem\",\"position\":1,\"name\":\"Home\",\"item\":\"https:\/\/www.intoscana.it\/it\/\"},{\"@type\":\"ListItem\",\"position\":2,\"name\":\"&#8220;Viaggio di Luce&#8221; di Claudio Parmiggiani e Alber Herrero a Palazzo Medici Riccardi\"}]},{\"@type\":\"WebSite\",\"@id\":\"https:\/\/www.intoscana.it\/it\/#website\",\"url\":\"https:\/\/www.intoscana.it\/it\/\",\"name\":\"intoscana\",\"description\":\"\",\"potentialAction\":[{\"@type\":\"SearchAction\",\"target\":{\"@type\":\"EntryPoint\",\"urlTemplate\":\"https:\/\/www.intoscana.it\/it\/?s={search_term_string}\"},\"query-input\":{\"@type\":\"PropertyValueSpecification\",\"valueRequired\":true,\"valueName\":\"search_term_string\"}}],\"inLanguage\":\"it-IT\"},{\"@type\":\"Person\",\"@id\":\"https:\/\/www.intoscana.it\/it\/#\/schema\/person\/9223810753230f20bd670fdd322661f8\",\"name\":\"Redazione\",\"url\":\"https:\/\/www.intoscana.it\/it\/author\/redazione\/\"}]}<\/script>\n<!-- \/ Yoast SEO Premium plugin. -->","yoast_head_json":{"title":"\"Viaggio di Luce\" di Claudio Parmiggiani e Alber Herrero a Palazzo Medici Riccardi - intoscana","description":"Fino al 21 gennaio 2024 le opere dei due artisti dialogano nella Galleria delle Carrozze: colori in viaggio verso la luce del divino","robots":{"index":"index","follow":"follow","max-snippet":"max-snippet:-1","max-image-preview":"max-image-preview:large","max-video-preview":"max-video-preview:-1"},"canonical":"https:\/\/www.intoscana.it\/it\/viaggio-di-luce-di-claudio-parmiggiani-e-alber-herrero-a-palazzo-medici-riccardi\/","og_locale":"it_IT","og_type":"article","og_title":"\"Viaggio di Luce\" di Claudio Parmiggiani e Alber Herrero a Palazzo Medici Riccardi","og_description":"Fino al 21 gennaio 2024 le opere dei due artisti dialogano nella Galleria delle Carrozze: colori in viaggio verso la luce del divino","og_url":"https:\/\/www.intoscana.it\/it\/viaggio-di-luce-di-claudio-parmiggiani-e-alber-herrero-a-palazzo-medici-riccardi\/","og_site_name":"intoscana","article_publisher":"https:\/\/www.facebook.com\/intoscana.it","article_published_time":"2023-10-30T08:01:40+00:00","og_image":[{"width":2048,"height":1366,"url":"https:\/\/www.intoscana.it\/wp-content\/uploads\/Viaggio-di-luce_Claudio-Parmiggiani_Abel-Herrero_Galleria-delle-Carrozze-di-Palazzo-Medici-Riccardi_6_Foto-Antonello-Serino-scaled.jpg","type":"image\/jpeg"}],"author":"Redazione","twitter_card":"summary_large_image","twitter_creator":"@intoscana","twitter_site":"@intoscana","twitter_misc":{"Written by":"Redazione","Est. reading time":"5 minuti"},"schema":{"@context":"https:\/\/schema.org","@graph":[{"@type":"WebPage","@id":"https:\/\/www.intoscana.it\/it\/viaggio-di-luce-di-claudio-parmiggiani-e-alber-herrero-a-palazzo-medici-riccardi\/","url":"https:\/\/www.intoscana.it\/it\/viaggio-di-luce-di-claudio-parmiggiani-e-alber-herrero-a-palazzo-medici-riccardi\/","name":"\"Viaggio di Luce\" di Claudio Parmiggiani e Alber Herrero a Palazzo Medici Riccardi - intoscana","isPartOf":{"@id":"https:\/\/www.intoscana.it\/it\/#website"},"primaryImageOfPage":{"@id":"https:\/\/www.intoscana.it\/it\/viaggio-di-luce-di-claudio-parmiggiani-e-alber-herrero-a-palazzo-medici-riccardi\/#primaryimage"},"image":{"@id":"https:\/\/www.intoscana.it\/it\/viaggio-di-luce-di-claudio-parmiggiani-e-alber-herrero-a-palazzo-medici-riccardi\/#primaryimage"},"thumbnailUrl":"https:\/\/www.intoscana.it\/wp-content\/uploads\/Viaggio-di-luce_Claudio-Parmiggiani_Abel-Herrero_Galleria-delle-Carrozze-di-Palazzo-Medici-Riccardi_6_Foto-Antonello-Serino-scaled.jpg","datePublished":"2023-10-30T08:01:40+00:00","author":{"@id":"https:\/\/www.intoscana.it\/it\/#\/schema\/person\/9223810753230f20bd670fdd322661f8"},"description":"Fino al 21 gennaio 2024 le opere dei due artisti dialogano nella Galleria delle Carrozze: colori in viaggio verso la luce del divino","breadcrumb":{"@id":"https:\/\/www.intoscana.it\/it\/viaggio-di-luce-di-claudio-parmiggiani-e-alber-herrero-a-palazzo-medici-riccardi\/#breadcrumb"},"inLanguage":"it-IT","potentialAction":[{"@type":"ReadAction","target":["https:\/\/www.intoscana.it\/it\/viaggio-di-luce-di-claudio-parmiggiani-e-alber-herrero-a-palazzo-medici-riccardi\/"]}]},{"@type":"ImageObject","inLanguage":"it-IT","@id":"https:\/\/www.intoscana.it\/it\/viaggio-di-luce-di-claudio-parmiggiani-e-alber-herrero-a-palazzo-medici-riccardi\/#primaryimage","url":"https:\/\/www.intoscana.it\/wp-content\/uploads\/Viaggio-di-luce_Claudio-Parmiggiani_Abel-Herrero_Galleria-delle-Carrozze-di-Palazzo-Medici-Riccardi_6_Foto-Antonello-Serino-scaled.jpg","contentUrl":"https:\/\/www.intoscana.it\/wp-content\/uploads\/Viaggio-di-luce_Claudio-Parmiggiani_Abel-Herrero_Galleria-delle-Carrozze-di-Palazzo-Medici-Riccardi_6_Foto-Antonello-Serino-scaled.jpg","width":2048,"height":1366},{"@type":"BreadcrumbList","@id":"https:\/\/www.intoscana.it\/it\/viaggio-di-luce-di-claudio-parmiggiani-e-alber-herrero-a-palazzo-medici-riccardi\/#breadcrumb","itemListElement":[{"@type":"ListItem","position":1,"name":"Home","item":"https:\/\/www.intoscana.it\/it\/"},{"@type":"ListItem","position":2,"name":"&#8220;Viaggio di Luce&#8221; di Claudio Parmiggiani e Alber Herrero a Palazzo Medici Riccardi"}]},{"@type":"WebSite","@id":"https:\/\/www.intoscana.it\/it\/#website","url":"https:\/\/www.intoscana.it\/it\/","name":"intoscana","description":"","potentialAction":[{"@type":"SearchAction","target":{"@type":"EntryPoint","urlTemplate":"https:\/\/www.intoscana.it\/it\/?s={search_term_string}"},"query-input":{"@type":"PropertyValueSpecification","valueRequired":true,"valueName":"search_term_string"}}],"inLanguage":"it-IT"},{"@type":"Person","@id":"https:\/\/www.intoscana.it\/it\/#\/schema\/person\/9223810753230f20bd670fdd322661f8","name":"Redazione","url":"https:\/\/www.intoscana.it\/it\/author\/redazione\/"}]}},"_links":{"self":[{"href":"https:\/\/www.intoscana.it\/it\/wp-json\/wp\/v2\/posts\/311913","targetHints":{"allow":["GET"]}}],"collection":[{"href":"https:\/\/www.intoscana.it\/it\/wp-json\/wp\/v2\/posts"}],"about":[{"href":"https:\/\/www.intoscana.it\/it\/wp-json\/wp\/v2\/types\/post"}],"author":[{"embeddable":true,"href":"https:\/\/www.intoscana.it\/it\/wp-json\/wp\/v2\/users\/525"}],"replies":[{"embeddable":true,"href":"https:\/\/www.intoscana.it\/it\/wp-json\/wp\/v2\/comments?post=311913"}],"version-history":[{"count":0,"href":"https:\/\/www.intoscana.it\/it\/wp-json\/wp\/v2\/posts\/311913\/revisions"}],"wp:featuredmedia":[{"embeddable":true,"href":"https:\/\/www.intoscana.it\/it\/wp-json\/wp\/v2\/media\/311908"}],"wp:attachment":[{"href":"https:\/\/www.intoscana.it\/it\/wp-json\/wp\/v2\/media?parent=311913"}],"wp:term":[{"taxonomy":"category","embeddable":true,"href":"https:\/\/www.intoscana.it\/it\/wp-json\/wp\/v2\/categories?post=311913"},{"taxonomy":"post_tag","embeddable":true,"href":"https:\/\/www.intoscana.it\/it\/wp-json\/wp\/v2\/tags?post=311913"}],"curies":[{"name":"wp","href":"https:\/\/api.w.org\/{rel}","templated":true}]}}