{"id":312442,"date":"2023-10-31T14:26:23","date_gmt":"2023-10-31T13:26:23","guid":{"rendered":"https:\/\/www.intoscana.it\/it\/?p=312442"},"modified":"2023-10-31T14:31:21","modified_gmt":"2023-10-31T13:31:21","slug":"giovani-salute-mentale-studio-psicologi","status":"publish","type":"post","link":"https:\/\/www.intoscana.it\/it\/giovani-salute-mentale-studio-psicologi\/","title":{"rendered":"Giovani e salute mentale, lo studio degli Psicologi Toscani: hanno paura del futuro"},"content":{"rendered":"<p>Hanno paura soprattutto del futuro e chiedono sempre pi\u00f9 spesso aiuto, anche per l&#8217;abuso digitale e i disturbi del sonno. \u00c8 la fotografia della <strong>salute mentale dei giovani toscani<\/strong> scattata dallo studio\u00a0che <strong>l\u2019Ordine degli Psicologi della Toscana<\/strong> ha condotto tra i suoi iscritti, in collaborazione con il Laboratorio di Psicometria dell&#8217;Universit\u00e0 di Firenze, che \u00e8 stato presentato oggi in <strong>Consiglio regionale.<\/strong><\/p>\n<h3>Dopo la pandemia e la guerra aumentano le richieste d&#8217;aiuto<\/h3>\n<p>Il periodo preso in esame dall\u2019indagine va da marzo 2022 a marzo 2023, caratterizzato da una serie di fattori esterni che hanno pesato sulle sintomatologie gi\u00e0 esistenti, oppure hanno contribuito a innescarne di nuove. Fattori come <mark>la lenta fuoriuscita dalla pandemia, lo spettro della crisi energetica e la guerra in Ucraina, i cataclismi climatici hanno alimentato disturbi come l\u2019ansia e la depressione, <\/mark>le fobie sociali e scolari, i disturbi del comportamento alimentare.<\/p>\n<p>Dopo la paura del futuro, nella fascia di pazienti compresa tra i<strong> 20 e i 30 anni<\/strong>\u00a0dominano poi il <b>timore dell\u2019abbandono e della solitudine<\/b>\u00a0(48%) e quello per le\u00a0<b>malattie o la morte<\/b>\u00a0(45%). La fascia d\u2019et\u00e0 dove viene rilevata una maggiore\u00a0<b>paura della guerra <\/b>\u00e8 invece quella dei bambini.<\/p>\n<p>In generale, tra le psicologhe e gli psicologi che hanno compilato il questionario dell\u2019Ordine,<mark> il 73% ha registrato un incremento delle richieste di prestazione psicologica. Tra le problematiche pi\u00f9 frequenti emergono la sintomalogia ansiosa (50%),<\/mark> seguita da problemi relazionali (20%) e la sintomatologia depressiva (11%)<\/p>\n<p><em>\u201cUn quadro &#8211;<\/em> commenta la\u00a0<b>presidente dell\u2019Ordine, Maria Antonietta Gulino<\/b><em>&#8211; che manifesta come una serie di fattori esterni, vecchi e nuovi, abbia impattato pesantemente sullo stato di salute psicologica dei toscani. <mark>L\u2019uscita dalla pandemia ha lasciato strascichi importanti.<\/mark> L\u2019affacciarsi della crisi energetica e l\u2019impennata dei costi delle materie prime, la difficolt\u00e0 a trovare alloggi fuori dalla famiglia, hanno minato la sicurezza economica acquisita o da acquisire. La guerra a due passi da casa e i disastri ambientali hanno plasmato paure inedite. Tutto questo ha trasversalmente amplificato una serie di problematiche che richiedono di essere gestite adeguatamente.<\/em><\/p>\n<h3>I giovani adulti pi\u00f9 in difficolt\u00e0, ma anche i bambini<\/h3>\n<p>La fascia di et\u00e0 in cui \u00e8 stato rilevato un maggiore incremento di richieste \u00e8 quella dei giovani adulti, cio\u00e8 i ragazzi e le ragazze che hanno tra i venti e i trent\u2019anni (44%), seguita da preadolescenti e adolescenti (31%). \u00c8 tra i giovani, in particolare, che viene segnalata una maggiore richiesta di aiuto per la presenza di <strong>abuso digitale e dei social<\/strong> (75%), di dipendenze patologiche (53%), di <strong>disturbi del sonno<\/strong> (56%) e disturbi ossessivo &#8211; compulsivi (53%)<\/p>\n<p>Il 44% dei partecipanti all\u2019indagine sono professionisti che seguono <strong>bambini<\/strong> ed evidenziano (60%) un aumento delle richieste da parte di pazienti in questa fascia di et\u00e0, in particolare per sintomatologia ansiosa (49%) e problemi relazionali( 23%).<br \/>\nAnche i professionisti che hanno come pazienti adolescenti (81% dei partecipanti alla rilevazione) segnalano un incremento delle richieste (76%). La sintomatologia prevalente che emerge risulta essere quella ansiosa (33%), seguita da problemi relazionali (17%) e isolamento sociale (13%).<\/p>\n<p><em>&#8220;I dati presentati dall&#8217;Ordine degli Psicologi ci dicono due cose<\/em> &#8211; sottolinea il presidente del Consiglio regionale, <strong>Antonio Mazzeo<\/strong> &#8211; <em>la salute mentale \u00e8 fondamentale quanto quella fisica e che<a href=\"https:\/\/www.intoscana.it\/it\/articolo\/lo-psicologo-di-base-in-toscana-e-realta-passa-la-legge-in-consiglio-regionale\/\" target=\"_blank\" rel=\"noopener\"> la scelta del Consiglio Regionale di approvare la figura dello psicologo di base \u00e8 stata d&#8217;avanguardia<\/a>. Perch\u00e9 la <strong>salute mentale<\/strong> deve essere un diritto accessibile a tutti. In tante altre Regioni ci hanno chiesto informazioni per istituire una legge simile, siamo stati apripista. Continuare a finanziare ancora di pi\u00f9 lo psicologo di base non solo \u00e8 una questione di civilt\u00e0 ma un investimento sulla fiducia del futuro dei giovani toscani.&#8221;<\/em><\/p>\n","protected":false},"excerpt":{"rendered":"<p>Dall&#8217;indagine emerge un peggioramento delle patologie dopo la pandemia: in aumento anche l&#8217;abuso digitale e i disturbi del sonno<\/p>\n","protected":false},"author":525,"featured_media":311770,"comment_status":"open","ping_status":"open","sticky":false,"template":"","format":"standard","meta":{"_acf_changed":false,"footnotes":""},"categories":[18],"tags":[4753,221,5691],"class_list":["post-312442","post","type-post","status-publish","format-standard","has-post-thumbnail","hentry","category-salute","tag-consiglio-regionale-della-toscana","tag-giovani","tag-psicologia"],"acf":[],"yoast_head":"<!-- This site is optimized with the Yoast SEO Premium plugin v24.2 (Yoast SEO v25.6) - https:\/\/yoast.com\/wordpress\/plugins\/seo\/ -->\n<title>Giovani e salute mentale, lo studio degli Psicologi Toscani: hanno paura del futuro - intoscana<\/title>\n<meta name=\"description\" content=\"Lo studio sulla salute mentale dei giovani dell&#039;Ordine degli Psicologi della Toscana: sono in aumento i disturbi e le richieste d&#039;aiuto.\" \/>\n<meta name=\"robots\" content=\"index, follow, max-snippet:-1, max-image-preview:large, max-video-preview:-1\" \/>\n<link rel=\"canonical\" href=\"https:\/\/www.intoscana.it\/it\/giovani-salute-mentale-studio-psicologi\/\" \/>\n<meta property=\"og:locale\" content=\"it_IT\" \/>\n<meta property=\"og:type\" content=\"article\" \/>\n<meta property=\"og:title\" content=\"Giovani e salute mentale, lo studio degli Psicologi Toscani: hanno paura del futuro\" \/>\n<meta property=\"og:description\" content=\"Lo studio sulla salute mentale dei giovani dell&#039;Ordine degli Psicologi della Toscana: sono in aumento i disturbi e le richieste d&#039;aiuto.\" \/>\n<meta property=\"og:url\" content=\"https:\/\/www.intoscana.it\/it\/giovani-salute-mentale-studio-psicologi\/\" \/>\n<meta property=\"og:site_name\" content=\"intoscana\" \/>\n<meta property=\"article:publisher\" content=\"https:\/\/www.facebook.com\/intoscana.it\" \/>\n<meta property=\"article:published_time\" content=\"2023-10-31T13:26:23+00:00\" \/>\n<meta property=\"article:modified_time\" content=\"2023-10-31T13:31:21+00:00\" \/>\n<meta property=\"og:image\" content=\"https:\/\/www.intoscana.it\/wp-content\/uploads\/pexels-shvets-production-7176026-scaled.jpg\" \/>\n\t<meta property=\"og:image:width\" content=\"2048\" \/>\n\t<meta property=\"og:image:height\" content=\"1365\" \/>\n\t<meta property=\"og:image:type\" content=\"image\/jpeg\" \/>\n<meta name=\"author\" content=\"Redazione\" \/>\n<meta name=\"twitter:card\" content=\"summary_large_image\" \/>\n<meta name=\"twitter:creator\" content=\"@intoscana\" \/>\n<meta name=\"twitter:site\" content=\"@intoscana\" \/>\n<meta name=\"twitter:label1\" content=\"Written by\" \/>\n\t<meta name=\"twitter:data1\" content=\"Redazione\" \/>\n\t<meta name=\"twitter:label2\" content=\"Est. reading time\" \/>\n\t<meta name=\"twitter:data2\" content=\"3 minuti\" \/>\n<script type=\"application\/ld+json\" class=\"yoast-schema-graph\">{\"@context\":\"https:\/\/schema.org\",\"@graph\":[{\"@type\":\"WebPage\",\"@id\":\"https:\/\/www.intoscana.it\/it\/giovani-salute-mentale-studio-psicologi\/\",\"url\":\"https:\/\/www.intoscana.it\/it\/giovani-salute-mentale-studio-psicologi\/\",\"name\":\"Giovani e salute mentale, lo studio degli Psicologi Toscani: hanno paura del futuro - intoscana\",\"isPartOf\":{\"@id\":\"https:\/\/www.intoscana.it\/it\/#website\"},\"primaryImageOfPage\":{\"@id\":\"https:\/\/www.intoscana.it\/it\/giovani-salute-mentale-studio-psicologi\/#primaryimage\"},\"image\":{\"@id\":\"https:\/\/www.intoscana.it\/it\/giovani-salute-mentale-studio-psicologi\/#primaryimage\"},\"thumbnailUrl\":\"https:\/\/www.intoscana.it\/wp-content\/uploads\/pexels-shvets-production-7176026-scaled.jpg\",\"datePublished\":\"2023-10-31T13:26:23+00:00\",\"dateModified\":\"2023-10-31T13:31:21+00:00\",\"author\":{\"@id\":\"https:\/\/www.intoscana.it\/it\/#\/schema\/person\/9223810753230f20bd670fdd322661f8\"},\"description\":\"Lo studio sulla salute mentale dei giovani dell'Ordine degli Psicologi della Toscana: sono in aumento i disturbi e le richieste d'aiuto.\",\"breadcrumb\":{\"@id\":\"https:\/\/www.intoscana.it\/it\/giovani-salute-mentale-studio-psicologi\/#breadcrumb\"},\"inLanguage\":\"it-IT\",\"potentialAction\":[{\"@type\":\"ReadAction\",\"target\":[\"https:\/\/www.intoscana.it\/it\/giovani-salute-mentale-studio-psicologi\/\"]}]},{\"@type\":\"ImageObject\",\"inLanguage\":\"it-IT\",\"@id\":\"https:\/\/www.intoscana.it\/it\/giovani-salute-mentale-studio-psicologi\/#primaryimage\",\"url\":\"https:\/\/www.intoscana.it\/wp-content\/uploads\/pexels-shvets-production-7176026-scaled.jpg\",\"contentUrl\":\"https:\/\/www.intoscana.it\/wp-content\/uploads\/pexels-shvets-production-7176026-scaled.jpg\",\"width\":2048,\"height\":1365,\"caption\":\"Colloquio dallo psicologo\"},{\"@type\":\"BreadcrumbList\",\"@id\":\"https:\/\/www.intoscana.it\/it\/giovani-salute-mentale-studio-psicologi\/#breadcrumb\",\"itemListElement\":[{\"@type\":\"ListItem\",\"position\":1,\"name\":\"Home\",\"item\":\"https:\/\/www.intoscana.it\/it\/\"},{\"@type\":\"ListItem\",\"position\":2,\"name\":\"Giovani e salute mentale, lo studio degli Psicologi Toscani: hanno paura del futuro\"}]},{\"@type\":\"WebSite\",\"@id\":\"https:\/\/www.intoscana.it\/it\/#website\",\"url\":\"https:\/\/www.intoscana.it\/it\/\",\"name\":\"intoscana\",\"description\":\"\",\"potentialAction\":[{\"@type\":\"SearchAction\",\"target\":{\"@type\":\"EntryPoint\",\"urlTemplate\":\"https:\/\/www.intoscana.it\/it\/?s={search_term_string}\"},\"query-input\":{\"@type\":\"PropertyValueSpecification\",\"valueRequired\":true,\"valueName\":\"search_term_string\"}}],\"inLanguage\":\"it-IT\"},{\"@type\":\"Person\",\"@id\":\"https:\/\/www.intoscana.it\/it\/#\/schema\/person\/9223810753230f20bd670fdd322661f8\",\"name\":\"Redazione\",\"url\":\"https:\/\/www.intoscana.it\/it\/author\/redazione\/\"}]}<\/script>\n<!-- \/ Yoast SEO Premium plugin. -->","yoast_head_json":{"title":"Giovani e salute mentale, lo studio degli Psicologi Toscani: hanno paura del futuro - intoscana","description":"Lo studio sulla salute mentale dei giovani dell'Ordine degli Psicologi della Toscana: sono in aumento i disturbi e le richieste d'aiuto.","robots":{"index":"index","follow":"follow","max-snippet":"max-snippet:-1","max-image-preview":"max-image-preview:large","max-video-preview":"max-video-preview:-1"},"canonical":"https:\/\/www.intoscana.it\/it\/giovani-salute-mentale-studio-psicologi\/","og_locale":"it_IT","og_type":"article","og_title":"Giovani e salute mentale, lo studio degli Psicologi Toscani: hanno paura del futuro","og_description":"Lo studio sulla salute mentale dei giovani dell'Ordine degli Psicologi della Toscana: sono in aumento i disturbi e le richieste d'aiuto.","og_url":"https:\/\/www.intoscana.it\/it\/giovani-salute-mentale-studio-psicologi\/","og_site_name":"intoscana","article_publisher":"https:\/\/www.facebook.com\/intoscana.it","article_published_time":"2023-10-31T13:26:23+00:00","article_modified_time":"2023-10-31T13:31:21+00:00","og_image":[{"width":2048,"height":1365,"url":"https:\/\/www.intoscana.it\/wp-content\/uploads\/pexels-shvets-production-7176026-scaled.jpg","type":"image\/jpeg"}],"author":"Redazione","twitter_card":"summary_large_image","twitter_creator":"@intoscana","twitter_site":"@intoscana","twitter_misc":{"Written by":"Redazione","Est. reading time":"3 minuti"},"schema":{"@context":"https:\/\/schema.org","@graph":[{"@type":"WebPage","@id":"https:\/\/www.intoscana.it\/it\/giovani-salute-mentale-studio-psicologi\/","url":"https:\/\/www.intoscana.it\/it\/giovani-salute-mentale-studio-psicologi\/","name":"Giovani e salute mentale, lo studio degli Psicologi Toscani: hanno paura del futuro - intoscana","isPartOf":{"@id":"https:\/\/www.intoscana.it\/it\/#website"},"primaryImageOfPage":{"@id":"https:\/\/www.intoscana.it\/it\/giovani-salute-mentale-studio-psicologi\/#primaryimage"},"image":{"@id":"https:\/\/www.intoscana.it\/it\/giovani-salute-mentale-studio-psicologi\/#primaryimage"},"thumbnailUrl":"https:\/\/www.intoscana.it\/wp-content\/uploads\/pexels-shvets-production-7176026-scaled.jpg","datePublished":"2023-10-31T13:26:23+00:00","dateModified":"2023-10-31T13:31:21+00:00","author":{"@id":"https:\/\/www.intoscana.it\/it\/#\/schema\/person\/9223810753230f20bd670fdd322661f8"},"description":"Lo studio sulla salute mentale dei giovani dell'Ordine degli Psicologi della Toscana: sono in aumento i disturbi e le richieste d'aiuto.","breadcrumb":{"@id":"https:\/\/www.intoscana.it\/it\/giovani-salute-mentale-studio-psicologi\/#breadcrumb"},"inLanguage":"it-IT","potentialAction":[{"@type":"ReadAction","target":["https:\/\/www.intoscana.it\/it\/giovani-salute-mentale-studio-psicologi\/"]}]},{"@type":"ImageObject","inLanguage":"it-IT","@id":"https:\/\/www.intoscana.it\/it\/giovani-salute-mentale-studio-psicologi\/#primaryimage","url":"https:\/\/www.intoscana.it\/wp-content\/uploads\/pexels-shvets-production-7176026-scaled.jpg","contentUrl":"https:\/\/www.intoscana.it\/wp-content\/uploads\/pexels-shvets-production-7176026-scaled.jpg","width":2048,"height":1365,"caption":"Colloquio dallo psicologo"},{"@type":"BreadcrumbList","@id":"https:\/\/www.intoscana.it\/it\/giovani-salute-mentale-studio-psicologi\/#breadcrumb","itemListElement":[{"@type":"ListItem","position":1,"name":"Home","item":"https:\/\/www.intoscana.it\/it\/"},{"@type":"ListItem","position":2,"name":"Giovani e salute mentale, lo studio degli Psicologi Toscani: hanno paura del futuro"}]},{"@type":"WebSite","@id":"https:\/\/www.intoscana.it\/it\/#website","url":"https:\/\/www.intoscana.it\/it\/","name":"intoscana","description":"","potentialAction":[{"@type":"SearchAction","target":{"@type":"EntryPoint","urlTemplate":"https:\/\/www.intoscana.it\/it\/?s={search_term_string}"},"query-input":{"@type":"PropertyValueSpecification","valueRequired":true,"valueName":"search_term_string"}}],"inLanguage":"it-IT"},{"@type":"Person","@id":"https:\/\/www.intoscana.it\/it\/#\/schema\/person\/9223810753230f20bd670fdd322661f8","name":"Redazione","url":"https:\/\/www.intoscana.it\/it\/author\/redazione\/"}]}},"_links":{"self":[{"href":"https:\/\/www.intoscana.it\/it\/wp-json\/wp\/v2\/posts\/312442","targetHints":{"allow":["GET"]}}],"collection":[{"href":"https:\/\/www.intoscana.it\/it\/wp-json\/wp\/v2\/posts"}],"about":[{"href":"https:\/\/www.intoscana.it\/it\/wp-json\/wp\/v2\/types\/post"}],"author":[{"embeddable":true,"href":"https:\/\/www.intoscana.it\/it\/wp-json\/wp\/v2\/users\/525"}],"replies":[{"embeddable":true,"href":"https:\/\/www.intoscana.it\/it\/wp-json\/wp\/v2\/comments?post=312442"}],"version-history":[{"count":0,"href":"https:\/\/www.intoscana.it\/it\/wp-json\/wp\/v2\/posts\/312442\/revisions"}],"wp:featuredmedia":[{"embeddable":true,"href":"https:\/\/www.intoscana.it\/it\/wp-json\/wp\/v2\/media\/311770"}],"wp:attachment":[{"href":"https:\/\/www.intoscana.it\/it\/wp-json\/wp\/v2\/media?parent=312442"}],"wp:term":[{"taxonomy":"category","embeddable":true,"href":"https:\/\/www.intoscana.it\/it\/wp-json\/wp\/v2\/categories?post=312442"},{"taxonomy":"post_tag","embeddable":true,"href":"https:\/\/www.intoscana.it\/it\/wp-json\/wp\/v2\/tags?post=312442"}],"curies":[{"name":"wp","href":"https:\/\/api.w.org\/{rel}","templated":true}]}}