{"id":313341,"date":"2023-11-06T15:41:05","date_gmt":"2023-11-06T14:41:05","guid":{"rendered":"https:\/\/www.intoscana.it\/it\/?p=313341"},"modified":"2023-11-06T15:42:24","modified_gmt":"2023-11-06T14:42:24","slug":"giornata-dei-toscani-nel-mondo-fare-rete-per-rinsaldare-legami-con-vecchia-e-nuova-emigrazione","status":"publish","type":"post","link":"https:\/\/www.intoscana.it\/it\/giornata-dei-toscani-nel-mondo-fare-rete-per-rinsaldare-legami-con-vecchia-e-nuova-emigrazione\/","title":{"rendered":"Giornata dei Toscani nel mondo, \u201cFare rete per rinsaldare legami con vecchia e nuova emigrazione\u201d"},"content":{"rendered":"<p><strong>Comunicazione, capacit\u00e0 di fare rete, promozione della cultura e della lingua italiana,<\/strong> per rinsaldare i legami con le seconde e terze generazioni di emigrati toscani e<strong> non disperdere il capitale umano della nuova emigrazione<\/strong> avvenuta negli anni pi\u00f9 recenti.<\/p>\n<p>Si \u00e8 articolata attorno a questi temi la <strong>Giornata annuale dei Toscani nel mondo,<\/strong> prevista dalla legge regionale 26\/2009, che si \u00e8 tenuta<strong> luned\u00ec 6 novembre<\/strong> all\u2019<strong>Universit\u00e0 degli stranieri di Siena. <\/strong><\/p>\n<p>Sono intervenuti i membri del nuovo <strong>Consiglio dei Toscani del Mondo<\/strong> (l&#8217;organismo regionale di rappresentanza), esponenti delle associazioni, e rappresentanti della cosiddetta \u201cnuova emigrazione\u201d. Insieme hanno definito la ripresa del lavoro in questo ambito da parte della Regione, dopo alcuni anni di stasi, <strong>\u201cun\u2019azione politica molto importante\u201d.<\/strong><\/p>\n<p>L\u2019evento, dal titolo<strong><em> \u201cUn&#8217;idea di Toscana. Un ponte tra memoria e futuro\u201d<\/em><\/strong>, si svolge in tono minore a causa dell\u2019emergenza causata dal maltempo che ha colpito la Toscana.<\/p>\n<p><strong>Il presidente della Regione Eugenio Giani,<\/strong> che \u00e8 anche presidente del <strong>Consiglio dei Toscani nel mondo,<\/strong> \u00e8 assente per gli impegni in qualit\u00e0 di commissario delegato all&#8217;emergenza maltempo, per\u00f2 non ha fatto mancare il suo saluto. <em>\u201cLa giornata di oggi \u00e8 importante per analizzare e rispondere all\u2019esigenza di considerare i toscani nel mondo in una nuova prospettiva, per gestire al meglio il Consiglio affinch\u00e9 il suo lavoro sia efficace\u201d.<\/em><\/p>\n<p>In apertura l\u2019intervento del<strong> rettore di Unistrasi Tomaso Montanari<\/strong> con una riflessione sul concetto di identit\u00e0. <em>\u201cTenendo insieme memoria e futuro \u2013<\/em> <strong>ha detto Montanari<\/strong> <em>&#8211; la Toscana ha tutte le carte in regole per vivere la propria identit\u00e0 in un periodo di crisi non come un muro ma come un ponte, che ci aiuta a cambiare. Rimanere se stessi diventando altri, un gioco difficile che \u00e8 anche l\u2019esperienza di molti dei toscani all\u2019estero, i quali restano toscani, italiani e anche cittadini del paese che li ha accolti. Un legame che non finisce e che non diventa un ostacolo a essere cittadini del mondo, membri della comunit\u00e0 umana che \u00e8 forse l\u2019identit\u00e0 fondamentale per costruire la pace in questo momento\u201d.<\/em><\/p>\n<p>I lavori sono proseguiti nel pomeriggio tra<strong> musica, arte e letteratura.<\/strong> Oltre alla presentazione di un video realizzato dalle associazioni dei Toscani nel Mondo, in programma anche il ricordo del <strong>maestro Jos\u00e9 Antonio Abreu,<\/strong> fondatore del cosiddetto <strong><em>\u201cEl Sistema\u201d,<\/em> <\/strong>metodo didattico molto apprezzato e utilizzato anche in Italia, che ha consentito la diffusione della musica classica tra i ragazzi delle periferie del Sudamerica.<\/p>\n","protected":false},"excerpt":{"rendered":"<p>Luned\u00ec 6 novembre all&#8217;Universit\u00e0 degli Stranieri di Siena si \u00e8 tenuta la Giornata annuale prevista dalla legge regionale 26\/2009 per rafforzare i legami tra Regione Toscana e le comunit\u00e0 dei toscani all&#8217;estero<\/p>\n","protected":false},"author":525,"featured_media":313343,"comment_status":"open","ping_status":"open","sticky":false,"template":"","format":"standard","meta":{"_acf_changed":false,"footnotes":""},"categories":[494],"tags":[151,1619],"class_list":["post-313341","post","type-post","status-publish","format-standard","has-post-thumbnail","hentry","category-attualita","tag-regione-toscana","tag-toscani-nel-mondo"],"acf":[],"yoast_head":"<!-- This site is optimized with the Yoast SEO Premium plugin v24.2 (Yoast SEO v25.6) - https:\/\/yoast.com\/wordpress\/plugins\/seo\/ -->\n<title>Giornata dei Toscani nel mondo, \u201cFare rete per rinsaldare legami con vecchia e nuova emigrazione\u201d - intoscana<\/title>\n<meta name=\"description\" content=\"Luned\u00ec 6 novembre all&#039;Universit\u00e0 degli Stranieri di Siena si \u00e8 tenuta la Giornata annuale prevista dalla legge regionale 26\/2009\" \/>\n<meta name=\"robots\" content=\"index, follow, max-snippet:-1, max-image-preview:large, max-video-preview:-1\" \/>\n<link rel=\"canonical\" href=\"https:\/\/www.intoscana.it\/it\/giornata-dei-toscani-nel-mondo-fare-rete-per-rinsaldare-legami-con-vecchia-e-nuova-emigrazione\/\" \/>\n<meta property=\"og:locale\" content=\"it_IT\" \/>\n<meta property=\"og:type\" content=\"article\" \/>\n<meta property=\"og:title\" content=\"Giornata dei Toscani nel mondo, \u201cFare rete per rinsaldare legami con vecchia e nuova emigrazione\u201d\" \/>\n<meta property=\"og:description\" content=\"Luned\u00ec 6 novembre all&#039;Universit\u00e0 degli Stranieri di Siena si \u00e8 tenuta la Giornata annuale prevista dalla legge regionale 26\/2009\" \/>\n<meta property=\"og:url\" content=\"https:\/\/www.intoscana.it\/it\/giornata-dei-toscani-nel-mondo-fare-rete-per-rinsaldare-legami-con-vecchia-e-nuova-emigrazione\/\" \/>\n<meta property=\"og:site_name\" content=\"intoscana\" \/>\n<meta property=\"article:publisher\" content=\"https:\/\/www.facebook.com\/intoscana.it\" \/>\n<meta property=\"article:published_time\" content=\"2023-11-06T14:41:05+00:00\" \/>\n<meta property=\"article:modified_time\" content=\"2023-11-06T14:42:24+00:00\" \/>\n<meta property=\"og:image\" content=\"https:\/\/www.intoscana.it\/wp-content\/uploads\/toscani-nel-mondo-novembre-2023.jpeg\" \/>\n\t<meta property=\"og:image:width\" content=\"1600\" \/>\n\t<meta property=\"og:image:height\" content=\"1200\" \/>\n\t<meta property=\"og:image:type\" content=\"image\/jpeg\" \/>\n<meta name=\"author\" content=\"Redazione\" \/>\n<meta name=\"twitter:card\" content=\"summary_large_image\" \/>\n<meta name=\"twitter:creator\" content=\"@intoscana\" \/>\n<meta name=\"twitter:site\" content=\"@intoscana\" \/>\n<meta name=\"twitter:label1\" content=\"Written by\" \/>\n\t<meta name=\"twitter:data1\" content=\"Redazione\" \/>\n\t<meta name=\"twitter:label2\" content=\"Est. reading time\" \/>\n\t<meta name=\"twitter:data2\" content=\"2 minuti\" \/>\n<script type=\"application\/ld+json\" class=\"yoast-schema-graph\">{\"@context\":\"https:\/\/schema.org\",\"@graph\":[{\"@type\":\"WebPage\",\"@id\":\"https:\/\/www.intoscana.it\/it\/giornata-dei-toscani-nel-mondo-fare-rete-per-rinsaldare-legami-con-vecchia-e-nuova-emigrazione\/\",\"url\":\"https:\/\/www.intoscana.it\/it\/giornata-dei-toscani-nel-mondo-fare-rete-per-rinsaldare-legami-con-vecchia-e-nuova-emigrazione\/\",\"name\":\"Giornata dei Toscani nel mondo, \u201cFare rete per rinsaldare legami con vecchia e nuova emigrazione\u201d - intoscana\",\"isPartOf\":{\"@id\":\"https:\/\/www.intoscana.it\/it\/#website\"},\"primaryImageOfPage\":{\"@id\":\"https:\/\/www.intoscana.it\/it\/giornata-dei-toscani-nel-mondo-fare-rete-per-rinsaldare-legami-con-vecchia-e-nuova-emigrazione\/#primaryimage\"},\"image\":{\"@id\":\"https:\/\/www.intoscana.it\/it\/giornata-dei-toscani-nel-mondo-fare-rete-per-rinsaldare-legami-con-vecchia-e-nuova-emigrazione\/#primaryimage\"},\"thumbnailUrl\":\"https:\/\/www.intoscana.it\/wp-content\/uploads\/toscani-nel-mondo-novembre-2023.jpeg\",\"datePublished\":\"2023-11-06T14:41:05+00:00\",\"dateModified\":\"2023-11-06T14:42:24+00:00\",\"author\":{\"@id\":\"https:\/\/www.intoscana.it\/it\/#\/schema\/person\/9223810753230f20bd670fdd322661f8\"},\"description\":\"Luned\u00ec 6 novembre all'Universit\u00e0 degli Stranieri di Siena si \u00e8 tenuta la Giornata annuale prevista dalla legge regionale 26\/2009\",\"breadcrumb\":{\"@id\":\"https:\/\/www.intoscana.it\/it\/giornata-dei-toscani-nel-mondo-fare-rete-per-rinsaldare-legami-con-vecchia-e-nuova-emigrazione\/#breadcrumb\"},\"inLanguage\":\"it-IT\",\"potentialAction\":[{\"@type\":\"ReadAction\",\"target\":[\"https:\/\/www.intoscana.it\/it\/giornata-dei-toscani-nel-mondo-fare-rete-per-rinsaldare-legami-con-vecchia-e-nuova-emigrazione\/\"]}]},{\"@type\":\"ImageObject\",\"inLanguage\":\"it-IT\",\"@id\":\"https:\/\/www.intoscana.it\/it\/giornata-dei-toscani-nel-mondo-fare-rete-per-rinsaldare-legami-con-vecchia-e-nuova-emigrazione\/#primaryimage\",\"url\":\"https:\/\/www.intoscana.it\/wp-content\/uploads\/toscani-nel-mondo-novembre-2023.jpeg\",\"contentUrl\":\"https:\/\/www.intoscana.it\/wp-content\/uploads\/toscani-nel-mondo-novembre-2023.jpeg\",\"width\":1600,\"height\":1200},{\"@type\":\"BreadcrumbList\",\"@id\":\"https:\/\/www.intoscana.it\/it\/giornata-dei-toscani-nel-mondo-fare-rete-per-rinsaldare-legami-con-vecchia-e-nuova-emigrazione\/#breadcrumb\",\"itemListElement\":[{\"@type\":\"ListItem\",\"position\":1,\"name\":\"Home\",\"item\":\"https:\/\/www.intoscana.it\/it\/\"},{\"@type\":\"ListItem\",\"position\":2,\"name\":\"Giornata dei Toscani nel mondo, \u201cFare rete per rinsaldare legami con vecchia e nuova emigrazione\u201d\"}]},{\"@type\":\"WebSite\",\"@id\":\"https:\/\/www.intoscana.it\/it\/#website\",\"url\":\"https:\/\/www.intoscana.it\/it\/\",\"name\":\"intoscana\",\"description\":\"\",\"potentialAction\":[{\"@type\":\"SearchAction\",\"target\":{\"@type\":\"EntryPoint\",\"urlTemplate\":\"https:\/\/www.intoscana.it\/it\/?s={search_term_string}\"},\"query-input\":{\"@type\":\"PropertyValueSpecification\",\"valueRequired\":true,\"valueName\":\"search_term_string\"}}],\"inLanguage\":\"it-IT\"},{\"@type\":\"Person\",\"@id\":\"https:\/\/www.intoscana.it\/it\/#\/schema\/person\/9223810753230f20bd670fdd322661f8\",\"name\":\"Redazione\",\"url\":\"https:\/\/www.intoscana.it\/it\/author\/redazione\/\"}]}<\/script>\n<!-- \/ Yoast SEO Premium plugin. -->","yoast_head_json":{"title":"Giornata dei Toscani nel mondo, \u201cFare rete per rinsaldare legami con vecchia e nuova emigrazione\u201d - intoscana","description":"Luned\u00ec 6 novembre all'Universit\u00e0 degli Stranieri di Siena si \u00e8 tenuta la Giornata annuale prevista dalla legge regionale 26\/2009","robots":{"index":"index","follow":"follow","max-snippet":"max-snippet:-1","max-image-preview":"max-image-preview:large","max-video-preview":"max-video-preview:-1"},"canonical":"https:\/\/www.intoscana.it\/it\/giornata-dei-toscani-nel-mondo-fare-rete-per-rinsaldare-legami-con-vecchia-e-nuova-emigrazione\/","og_locale":"it_IT","og_type":"article","og_title":"Giornata dei Toscani nel mondo, \u201cFare rete per rinsaldare legami con vecchia e nuova emigrazione\u201d","og_description":"Luned\u00ec 6 novembre all'Universit\u00e0 degli Stranieri di Siena si \u00e8 tenuta la Giornata annuale prevista dalla legge regionale 26\/2009","og_url":"https:\/\/www.intoscana.it\/it\/giornata-dei-toscani-nel-mondo-fare-rete-per-rinsaldare-legami-con-vecchia-e-nuova-emigrazione\/","og_site_name":"intoscana","article_publisher":"https:\/\/www.facebook.com\/intoscana.it","article_published_time":"2023-11-06T14:41:05+00:00","article_modified_time":"2023-11-06T14:42:24+00:00","og_image":[{"width":1600,"height":1200,"url":"https:\/\/www.intoscana.it\/wp-content\/uploads\/toscani-nel-mondo-novembre-2023.jpeg","type":"image\/jpeg"}],"author":"Redazione","twitter_card":"summary_large_image","twitter_creator":"@intoscana","twitter_site":"@intoscana","twitter_misc":{"Written by":"Redazione","Est. reading time":"2 minuti"},"schema":{"@context":"https:\/\/schema.org","@graph":[{"@type":"WebPage","@id":"https:\/\/www.intoscana.it\/it\/giornata-dei-toscani-nel-mondo-fare-rete-per-rinsaldare-legami-con-vecchia-e-nuova-emigrazione\/","url":"https:\/\/www.intoscana.it\/it\/giornata-dei-toscani-nel-mondo-fare-rete-per-rinsaldare-legami-con-vecchia-e-nuova-emigrazione\/","name":"Giornata dei Toscani nel mondo, \u201cFare rete per rinsaldare legami con vecchia e nuova emigrazione\u201d - intoscana","isPartOf":{"@id":"https:\/\/www.intoscana.it\/it\/#website"},"primaryImageOfPage":{"@id":"https:\/\/www.intoscana.it\/it\/giornata-dei-toscani-nel-mondo-fare-rete-per-rinsaldare-legami-con-vecchia-e-nuova-emigrazione\/#primaryimage"},"image":{"@id":"https:\/\/www.intoscana.it\/it\/giornata-dei-toscani-nel-mondo-fare-rete-per-rinsaldare-legami-con-vecchia-e-nuova-emigrazione\/#primaryimage"},"thumbnailUrl":"https:\/\/www.intoscana.it\/wp-content\/uploads\/toscani-nel-mondo-novembre-2023.jpeg","datePublished":"2023-11-06T14:41:05+00:00","dateModified":"2023-11-06T14:42:24+00:00","author":{"@id":"https:\/\/www.intoscana.it\/it\/#\/schema\/person\/9223810753230f20bd670fdd322661f8"},"description":"Luned\u00ec 6 novembre all'Universit\u00e0 degli Stranieri di Siena si \u00e8 tenuta la Giornata annuale prevista dalla legge regionale 26\/2009","breadcrumb":{"@id":"https:\/\/www.intoscana.it\/it\/giornata-dei-toscani-nel-mondo-fare-rete-per-rinsaldare-legami-con-vecchia-e-nuova-emigrazione\/#breadcrumb"},"inLanguage":"it-IT","potentialAction":[{"@type":"ReadAction","target":["https:\/\/www.intoscana.it\/it\/giornata-dei-toscani-nel-mondo-fare-rete-per-rinsaldare-legami-con-vecchia-e-nuova-emigrazione\/"]}]},{"@type":"ImageObject","inLanguage":"it-IT","@id":"https:\/\/www.intoscana.it\/it\/giornata-dei-toscani-nel-mondo-fare-rete-per-rinsaldare-legami-con-vecchia-e-nuova-emigrazione\/#primaryimage","url":"https:\/\/www.intoscana.it\/wp-content\/uploads\/toscani-nel-mondo-novembre-2023.jpeg","contentUrl":"https:\/\/www.intoscana.it\/wp-content\/uploads\/toscani-nel-mondo-novembre-2023.jpeg","width":1600,"height":1200},{"@type":"BreadcrumbList","@id":"https:\/\/www.intoscana.it\/it\/giornata-dei-toscani-nel-mondo-fare-rete-per-rinsaldare-legami-con-vecchia-e-nuova-emigrazione\/#breadcrumb","itemListElement":[{"@type":"ListItem","position":1,"name":"Home","item":"https:\/\/www.intoscana.it\/it\/"},{"@type":"ListItem","position":2,"name":"Giornata dei Toscani nel mondo, \u201cFare rete per rinsaldare legami con vecchia e nuova emigrazione\u201d"}]},{"@type":"WebSite","@id":"https:\/\/www.intoscana.it\/it\/#website","url":"https:\/\/www.intoscana.it\/it\/","name":"intoscana","description":"","potentialAction":[{"@type":"SearchAction","target":{"@type":"EntryPoint","urlTemplate":"https:\/\/www.intoscana.it\/it\/?s={search_term_string}"},"query-input":{"@type":"PropertyValueSpecification","valueRequired":true,"valueName":"search_term_string"}}],"inLanguage":"it-IT"},{"@type":"Person","@id":"https:\/\/www.intoscana.it\/it\/#\/schema\/person\/9223810753230f20bd670fdd322661f8","name":"Redazione","url":"https:\/\/www.intoscana.it\/it\/author\/redazione\/"}]}},"_links":{"self":[{"href":"https:\/\/www.intoscana.it\/it\/wp-json\/wp\/v2\/posts\/313341","targetHints":{"allow":["GET"]}}],"collection":[{"href":"https:\/\/www.intoscana.it\/it\/wp-json\/wp\/v2\/posts"}],"about":[{"href":"https:\/\/www.intoscana.it\/it\/wp-json\/wp\/v2\/types\/post"}],"author":[{"embeddable":true,"href":"https:\/\/www.intoscana.it\/it\/wp-json\/wp\/v2\/users\/525"}],"replies":[{"embeddable":true,"href":"https:\/\/www.intoscana.it\/it\/wp-json\/wp\/v2\/comments?post=313341"}],"version-history":[{"count":0,"href":"https:\/\/www.intoscana.it\/it\/wp-json\/wp\/v2\/posts\/313341\/revisions"}],"wp:featuredmedia":[{"embeddable":true,"href":"https:\/\/www.intoscana.it\/it\/wp-json\/wp\/v2\/media\/313343"}],"wp:attachment":[{"href":"https:\/\/www.intoscana.it\/it\/wp-json\/wp\/v2\/media?parent=313341"}],"wp:term":[{"taxonomy":"category","embeddable":true,"href":"https:\/\/www.intoscana.it\/it\/wp-json\/wp\/v2\/categories?post=313341"},{"taxonomy":"post_tag","embeddable":true,"href":"https:\/\/www.intoscana.it\/it\/wp-json\/wp\/v2\/tags?post=313341"}],"curies":[{"name":"wp","href":"https:\/\/api.w.org\/{rel}","templated":true}]}}