{"id":313384,"date":"2023-11-06T17:00:59","date_gmt":"2023-11-06T16:00:59","guid":{"rendered":"https:\/\/www.intoscana.it\/it\/?p=313384"},"modified":"2025-07-25T12:59:30","modified_gmt":"2025-07-25T10:59:30","slug":"studio-fattibilita-provinciale-107","status":"publish","type":"post","link":"https:\/\/www.intoscana.it\/it\/studio-fattibilita-provinciale-107\/","title":{"rendered":"Viabilit\u00e0, un&#8217;alternativa per collegare Vaglia a Calenzano: primo passo per la provinciale 107"},"content":{"rendered":"<p>Riqualificare, mettere in sicurezza e ridare vita alla provinciale 107. Questo l&#8217;obiettivo dell&#8217;accordo firmato da Regione e Citt\u00e0 metropolitana per redigere uno studio di fattibilit\u00e0 che servir\u00e0 a dare un\u2019alternativa per collegare il <strong>Mugello<\/strong> all\u2019<strong>area pratese<\/strong>: senza passare da Firenze, ma senza neppure congestionare di traffico il territorio di Calenzano.<\/p>\n<p>Questa alternativa dar\u00e0 nuova vita alla provinciale 107, la strada che dalla strada della Futa, poco dopo Vaglia nella valle del Carza, si collega alla provinciale 8 ma senza necessariamente passare da Legri e la valle del torrente Marina ma intercettando magari con un nuovo tratto la provinciale all\u2019altezza de Le Croci.<\/p>\n<p>La strada \u00e8 di propriet\u00e0 della Citt\u00e0 metropolitana di Firenze ed oggi risulta dismessa, soprattutto nel versante calenzanese che non \u00e8 pi\u00f9 pienamente percorribile. Una decina di chilometri in tutto. Nel 2022 ed ancora quest\u2019anno ci sono stati pi\u00f9 incontri con i Comuni del Mugello e con il Comune di Calenzano.<\/p>\n<p>\u201cCon \u00a0la firma di questo protocollo &#8211; ha dichiarato l\u2019assessore alle infrastrutture e mobilit\u00e0 della Toscana, <strong>Stefano Baccelli<\/strong> &#8211; \u00a0suggelliamo il nostro impegno a individuare una soluzione che risponda alle esigenze di entrambe le comunit\u00e0: quella del Mugello, che necessita di un collegamento pi\u00f9 efficiente, e quella di Calenzano che, per scongiurare un incremento del traffico, propone di seguire un tracciato alternativo all\u2019originale\u201d. Una soluzione per cui si \u00e8 particolarmente speso il presidente.<\/p>\n<p>La Regione, con l\u2019articolo 11 della legge 25 approvata quest\u2019anno (nel 2023), ha stanziato infatti <strong>200 mila euro,<\/strong> a favore della Citt\u00e0 metropolitana, con cui sar\u00e0 finanziata la redazione dello studio.<\/p>\n<p>\u201cSi tratta di una questione annosa che si trascina da parecchio tempo e finalmente \u00e8 sfociata in <strong>una risposta concreta<\/strong> al territorio \u2013 commenta \u00a0il consigliere delegato della Citt\u00e0 metropolitana e sindaco di Marradi, <strong>Tommaso Triberti<\/strong> &#8211; Grazie all\u2019impegno della Regione oggi possiamo ripartire con un percorso di progettazione che speriamo velocemente possa arrivare alla realizzazione concreta di questa viabilit\u00e0 importante per la viabilit\u00e0 del Mugello\u201d.<\/p>\n","protected":false},"excerpt":{"rendered":"<p>Regione e citt\u00e0 Metropolitano hanno siglato un accordo per uno studio di fattibilit\u00e0 per mettere in sicurezza e riqualificare la strada che dalla strada della Futa si collega alla provinciale 8, oggi dissestata<\/p>\n","protected":false},"author":525,"featured_media":313386,"comment_status":"open","ping_status":"open","sticky":false,"template":"","format":"standard","meta":{"_acf_changed":false,"footnotes":""},"categories":[494],"tags":[4418,375,1577,4818,248],"class_list":["post-313384","post","type-post","status-publish","format-standard","has-post-thumbnail","hentry","category-attualita","tag-infrastrutture","tag-mugello","tag-muoversi-in-toscana","tag-stefano-baccelli","tag-viabilita"],"acf":[],"yoast_head":"<!-- This site is optimized with the Yoast SEO Premium plugin v24.2 (Yoast SEO v25.6) - https:\/\/yoast.com\/wordpress\/plugins\/seo\/ -->\n<title>Viabilit\u00e0, un&#039;alternativa per collegare Vaglia a Calenzano: primo passo per la provinciale 107 - intoscana<\/title>\n<meta name=\"description\" content=\"Studio di fattibilit\u00e0 per mettere in sicurezza la strada che dalla strada della Futa si collega alla provinciale 8, oggi dissestata\" \/>\n<meta name=\"robots\" content=\"index, follow, max-snippet:-1, max-image-preview:large, max-video-preview:-1\" \/>\n<link rel=\"canonical\" href=\"https:\/\/www.intoscana.it\/it\/studio-fattibilita-provinciale-107\/\" \/>\n<meta property=\"og:locale\" content=\"it_IT\" \/>\n<meta property=\"og:type\" content=\"article\" \/>\n<meta property=\"og:title\" content=\"Viabilit\u00e0, un&#039;alternativa per collegare Vaglia a Calenzano: primo passo per la provinciale 107\" \/>\n<meta property=\"og:description\" content=\"Studio di fattibilit\u00e0 per mettere in sicurezza la strada che dalla strada della Futa si collega alla provinciale 8, oggi dissestata\" \/>\n<meta property=\"og:url\" content=\"https:\/\/www.intoscana.it\/it\/studio-fattibilita-provinciale-107\/\" \/>\n<meta property=\"og:site_name\" content=\"intoscana\" \/>\n<meta property=\"article:publisher\" content=\"https:\/\/www.facebook.com\/intoscana.it\" \/>\n<meta property=\"article:published_time\" content=\"2023-11-06T16:00:59+00:00\" \/>\n<meta property=\"article:modified_time\" content=\"2025-07-25T10:59:30+00:00\" \/>\n<meta property=\"og:image\" content=\"https:\/\/www.intoscana.it\/wp-content\/uploads\/CARTOGRAFIA-SP107-carta-tracciato-ed-area-di-interesse_page-0001.jpeg\" \/>\n\t<meta property=\"og:image:width\" content=\"1755\" \/>\n\t<meta property=\"og:image:height\" content=\"1240\" \/>\n\t<meta property=\"og:image:type\" content=\"image\/jpeg\" \/>\n<meta name=\"author\" content=\"Redazione\" \/>\n<meta name=\"twitter:card\" content=\"summary_large_image\" \/>\n<meta name=\"twitter:creator\" content=\"@intoscana\" \/>\n<meta name=\"twitter:site\" content=\"@intoscana\" \/>\n<meta name=\"twitter:label1\" content=\"Written by\" \/>\n\t<meta name=\"twitter:data1\" content=\"Redazione\" \/>\n\t<meta name=\"twitter:label2\" content=\"Est. reading time\" \/>\n\t<meta name=\"twitter:data2\" content=\"2 minuti\" \/>\n<script type=\"application\/ld+json\" class=\"yoast-schema-graph\">{\"@context\":\"https:\/\/schema.org\",\"@graph\":[{\"@type\":\"WebPage\",\"@id\":\"https:\/\/www.intoscana.it\/it\/studio-fattibilita-provinciale-107\/\",\"url\":\"https:\/\/www.intoscana.it\/it\/studio-fattibilita-provinciale-107\/\",\"name\":\"Viabilit\u00e0, un'alternativa per collegare Vaglia a Calenzano: primo passo per la provinciale 107 - intoscana\",\"isPartOf\":{\"@id\":\"https:\/\/www.intoscana.it\/it\/#website\"},\"primaryImageOfPage\":{\"@id\":\"https:\/\/www.intoscana.it\/it\/studio-fattibilita-provinciale-107\/#primaryimage\"},\"image\":{\"@id\":\"https:\/\/www.intoscana.it\/it\/studio-fattibilita-provinciale-107\/#primaryimage\"},\"thumbnailUrl\":\"https:\/\/www.intoscana.it\/wp-content\/uploads\/CARTOGRAFIA-SP107-carta-tracciato-ed-area-di-interesse_page-0001.jpeg\",\"datePublished\":\"2023-11-06T16:00:59+00:00\",\"dateModified\":\"2025-07-25T10:59:30+00:00\",\"author\":{\"@id\":\"https:\/\/www.intoscana.it\/it\/#\/schema\/person\/9223810753230f20bd670fdd322661f8\"},\"description\":\"Studio di fattibilit\u00e0 per mettere in sicurezza la strada che dalla strada della Futa si collega alla provinciale 8, oggi dissestata\",\"breadcrumb\":{\"@id\":\"https:\/\/www.intoscana.it\/it\/studio-fattibilita-provinciale-107\/#breadcrumb\"},\"inLanguage\":\"it-IT\",\"potentialAction\":[{\"@type\":\"ReadAction\",\"target\":[\"https:\/\/www.intoscana.it\/it\/studio-fattibilita-provinciale-107\/\"]}]},{\"@type\":\"ImageObject\",\"inLanguage\":\"it-IT\",\"@id\":\"https:\/\/www.intoscana.it\/it\/studio-fattibilita-provinciale-107\/#primaryimage\",\"url\":\"https:\/\/www.intoscana.it\/wp-content\/uploads\/CARTOGRAFIA-SP107-carta-tracciato-ed-area-di-interesse_page-0001.jpeg\",\"contentUrl\":\"https:\/\/www.intoscana.it\/wp-content\/uploads\/CARTOGRAFIA-SP107-carta-tracciato-ed-area-di-interesse_page-0001.jpeg\",\"width\":1755,\"height\":1240,\"caption\":\"Nuova strada da Vaglia a Calenzano\"},{\"@type\":\"BreadcrumbList\",\"@id\":\"https:\/\/www.intoscana.it\/it\/studio-fattibilita-provinciale-107\/#breadcrumb\",\"itemListElement\":[{\"@type\":\"ListItem\",\"position\":1,\"name\":\"Home\",\"item\":\"https:\/\/www.intoscana.it\/it\/\"},{\"@type\":\"ListItem\",\"position\":2,\"name\":\"Viabilit\u00e0, un&#8217;alternativa per collegare Vaglia a Calenzano: primo passo per la provinciale 107\"}]},{\"@type\":\"WebSite\",\"@id\":\"https:\/\/www.intoscana.it\/it\/#website\",\"url\":\"https:\/\/www.intoscana.it\/it\/\",\"name\":\"intoscana\",\"description\":\"\",\"potentialAction\":[{\"@type\":\"SearchAction\",\"target\":{\"@type\":\"EntryPoint\",\"urlTemplate\":\"https:\/\/www.intoscana.it\/it\/?s={search_term_string}\"},\"query-input\":{\"@type\":\"PropertyValueSpecification\",\"valueRequired\":true,\"valueName\":\"search_term_string\"}}],\"inLanguage\":\"it-IT\"},{\"@type\":\"Person\",\"@id\":\"https:\/\/www.intoscana.it\/it\/#\/schema\/person\/9223810753230f20bd670fdd322661f8\",\"name\":\"Redazione\",\"url\":\"https:\/\/www.intoscana.it\/it\/author\/redazione\/\"}]}<\/script>\n<!-- \/ Yoast SEO Premium plugin. -->","yoast_head_json":{"title":"Viabilit\u00e0, un'alternativa per collegare Vaglia a Calenzano: primo passo per la provinciale 107 - intoscana","description":"Studio di fattibilit\u00e0 per mettere in sicurezza la strada che dalla strada della Futa si collega alla provinciale 8, oggi dissestata","robots":{"index":"index","follow":"follow","max-snippet":"max-snippet:-1","max-image-preview":"max-image-preview:large","max-video-preview":"max-video-preview:-1"},"canonical":"https:\/\/www.intoscana.it\/it\/studio-fattibilita-provinciale-107\/","og_locale":"it_IT","og_type":"article","og_title":"Viabilit\u00e0, un'alternativa per collegare Vaglia a Calenzano: primo passo per la provinciale 107","og_description":"Studio di fattibilit\u00e0 per mettere in sicurezza la strada che dalla strada della Futa si collega alla provinciale 8, oggi dissestata","og_url":"https:\/\/www.intoscana.it\/it\/studio-fattibilita-provinciale-107\/","og_site_name":"intoscana","article_publisher":"https:\/\/www.facebook.com\/intoscana.it","article_published_time":"2023-11-06T16:00:59+00:00","article_modified_time":"2025-07-25T10:59:30+00:00","og_image":[{"width":1755,"height":1240,"url":"https:\/\/www.intoscana.it\/wp-content\/uploads\/CARTOGRAFIA-SP107-carta-tracciato-ed-area-di-interesse_page-0001.jpeg","type":"image\/jpeg"}],"author":"Redazione","twitter_card":"summary_large_image","twitter_creator":"@intoscana","twitter_site":"@intoscana","twitter_misc":{"Written by":"Redazione","Est. reading time":"2 minuti"},"schema":{"@context":"https:\/\/schema.org","@graph":[{"@type":"WebPage","@id":"https:\/\/www.intoscana.it\/it\/studio-fattibilita-provinciale-107\/","url":"https:\/\/www.intoscana.it\/it\/studio-fattibilita-provinciale-107\/","name":"Viabilit\u00e0, un'alternativa per collegare Vaglia a Calenzano: primo passo per la provinciale 107 - intoscana","isPartOf":{"@id":"https:\/\/www.intoscana.it\/it\/#website"},"primaryImageOfPage":{"@id":"https:\/\/www.intoscana.it\/it\/studio-fattibilita-provinciale-107\/#primaryimage"},"image":{"@id":"https:\/\/www.intoscana.it\/it\/studio-fattibilita-provinciale-107\/#primaryimage"},"thumbnailUrl":"https:\/\/www.intoscana.it\/wp-content\/uploads\/CARTOGRAFIA-SP107-carta-tracciato-ed-area-di-interesse_page-0001.jpeg","datePublished":"2023-11-06T16:00:59+00:00","dateModified":"2025-07-25T10:59:30+00:00","author":{"@id":"https:\/\/www.intoscana.it\/it\/#\/schema\/person\/9223810753230f20bd670fdd322661f8"},"description":"Studio di fattibilit\u00e0 per mettere in sicurezza la strada che dalla strada della Futa si collega alla provinciale 8, oggi dissestata","breadcrumb":{"@id":"https:\/\/www.intoscana.it\/it\/studio-fattibilita-provinciale-107\/#breadcrumb"},"inLanguage":"it-IT","potentialAction":[{"@type":"ReadAction","target":["https:\/\/www.intoscana.it\/it\/studio-fattibilita-provinciale-107\/"]}]},{"@type":"ImageObject","inLanguage":"it-IT","@id":"https:\/\/www.intoscana.it\/it\/studio-fattibilita-provinciale-107\/#primaryimage","url":"https:\/\/www.intoscana.it\/wp-content\/uploads\/CARTOGRAFIA-SP107-carta-tracciato-ed-area-di-interesse_page-0001.jpeg","contentUrl":"https:\/\/www.intoscana.it\/wp-content\/uploads\/CARTOGRAFIA-SP107-carta-tracciato-ed-area-di-interesse_page-0001.jpeg","width":1755,"height":1240,"caption":"Nuova strada da Vaglia a Calenzano"},{"@type":"BreadcrumbList","@id":"https:\/\/www.intoscana.it\/it\/studio-fattibilita-provinciale-107\/#breadcrumb","itemListElement":[{"@type":"ListItem","position":1,"name":"Home","item":"https:\/\/www.intoscana.it\/it\/"},{"@type":"ListItem","position":2,"name":"Viabilit\u00e0, un&#8217;alternativa per collegare Vaglia a Calenzano: primo passo per la provinciale 107"}]},{"@type":"WebSite","@id":"https:\/\/www.intoscana.it\/it\/#website","url":"https:\/\/www.intoscana.it\/it\/","name":"intoscana","description":"","potentialAction":[{"@type":"SearchAction","target":{"@type":"EntryPoint","urlTemplate":"https:\/\/www.intoscana.it\/it\/?s={search_term_string}"},"query-input":{"@type":"PropertyValueSpecification","valueRequired":true,"valueName":"search_term_string"}}],"inLanguage":"it-IT"},{"@type":"Person","@id":"https:\/\/www.intoscana.it\/it\/#\/schema\/person\/9223810753230f20bd670fdd322661f8","name":"Redazione","url":"https:\/\/www.intoscana.it\/it\/author\/redazione\/"}]}},"_links":{"self":[{"href":"https:\/\/www.intoscana.it\/it\/wp-json\/wp\/v2\/posts\/313384","targetHints":{"allow":["GET"]}}],"collection":[{"href":"https:\/\/www.intoscana.it\/it\/wp-json\/wp\/v2\/posts"}],"about":[{"href":"https:\/\/www.intoscana.it\/it\/wp-json\/wp\/v2\/types\/post"}],"author":[{"embeddable":true,"href":"https:\/\/www.intoscana.it\/it\/wp-json\/wp\/v2\/users\/525"}],"replies":[{"embeddable":true,"href":"https:\/\/www.intoscana.it\/it\/wp-json\/wp\/v2\/comments?post=313384"}],"version-history":[{"count":1,"href":"https:\/\/www.intoscana.it\/it\/wp-json\/wp\/v2\/posts\/313384\/revisions"}],"predecessor-version":[{"id":394105,"href":"https:\/\/www.intoscana.it\/it\/wp-json\/wp\/v2\/posts\/313384\/revisions\/394105"}],"wp:featuredmedia":[{"embeddable":true,"href":"https:\/\/www.intoscana.it\/it\/wp-json\/wp\/v2\/media\/313386"}],"wp:attachment":[{"href":"https:\/\/www.intoscana.it\/it\/wp-json\/wp\/v2\/media?parent=313384"}],"wp:term":[{"taxonomy":"category","embeddable":true,"href":"https:\/\/www.intoscana.it\/it\/wp-json\/wp\/v2\/categories?post=313384"},{"taxonomy":"post_tag","embeddable":true,"href":"https:\/\/www.intoscana.it\/it\/wp-json\/wp\/v2\/tags?post=313384"}],"curies":[{"name":"wp","href":"https:\/\/api.w.org\/{rel}","templated":true}]}}