{"id":313461,"date":"2023-11-13T09:50:10","date_gmt":"2023-11-13T08:50:10","guid":{"rendered":"https:\/\/www.intoscana.it\/it\/?p=313461"},"modified":"2023-11-13T10:21:24","modified_gmt":"2023-11-13T09:21:24","slug":"coperte-santa-croce-violenza-sulle-donne","status":"publish","type":"post","link":"https:\/\/www.intoscana.it\/it\/coperte-santa-croce-violenza-sulle-donne\/","title":{"rendered":"Un mosaico di tremila coperte colorate in piazza Santa Croce contro la violenza sulle donne"},"content":{"rendered":"<p><strong>Piazza Santa Croce<\/strong> a<strong> Firenze<\/strong> si \u00e8 trasformata in un mosaico di colori per lanciare un messaggio (e raccogliere fondi) per contrastare la violenza sulle donne. Sabato 11 e domenica 12 novembre la piazza \u00e8 stata rivestita dalle <mark>oltre tremila coperte in maglia e uncinetto realizzate dalle tante volontarie impegnate nel progetto &#8220;Viva Vittoria&#8221;,<\/mark> che si batte appunto contro la violenza di genere.<\/p>\n<h3>Il lavoro dei volontari per aiutare le vittime di violenza<\/h3>\n<p>L&#8217;iniziativa, che ha avuto un grande successo, \u00e8 nata dalla volont\u00e0 di Ailo (The American-International League of Florence Odv) con l&#8217;associazione di volontariato &#8220;Viva Vittoria Odv&#8221; di Brescia, ideatrice e promotrice del progetto nato nel 2015 e approdato su una <strong>trentina di piazze in Italia e all\u2019estero<\/strong>. Per Firenze l&#8217;evento aveva anche il patrocinio di Comune e Citt\u00e0 metropolitana, oltre che della Regione Toscana.<\/p>\n<p><span class=\"x193iq5w xeuugli x13faqbe x1vvkbs xlh3980 xvmahel x1n0sxbx x1lliihq x1s928wv xhkezso x1gmr53x x1cpjm7i x1fgarty x1943h6x xudqn12 x3x7a5m x6prxxf xvq8zen xo1l8bm xzsf02u x1yc453h\" dir=\"auto\"><mark>Tante persone hanno acquistato una delle coperte multicolori che adornavano Piazza Santa Croce: il ricavato sar\u00e0 devoluto a sostegno delle associazioni <strong>Artemisia Centro Antiviolenza, ACISJF FIRENZE e Nosotras Onlus.<\/mark><\/strong> <\/span><\/p>\n<p><em>&#8220;\u00c8 una installazione che arriva dritta al cuore e mette in evidenza la forza e la resilienza delle donne<\/em> &#8211; ha sottolineato l&#8217;assessora alla cultura della memoria e della legalit\u00e0 del Comune di Firenze, Maria Federica Giuiani &#8211; <em>un\u2019iniziativa partita un anno fa, promossa con entusiasmo, tenacia e determinazione che hanno saputo creare una rete solidale a cui hanno aderito scuole, associazioni, istituzioni, donne e uomini uniti per dire basta alla violenza sulle donne. L\u2019idea, grazie a <strong>Viva Vittoria e a Bergljot Leifsdottir Mensuali<\/strong>, di realizzare queste coperte in maniera corale e condivisa tra le persone pi\u00f9 diverse rappresenta il modo con cui la nostra comunit\u00e0 intende dire no alla violenza contro le donne&#8221;.<\/em><\/p>\n<figure id=\"post-314412 media-314412\" class=\"align-none\">\n<p><figure style=\"width: 2048px\" class=\"wp-caption alignnone\"><img loading=\"lazy\" decoding=\"async\" src=\"https:\/\/www.intoscana.it\/wp-content\/uploads\/coperte-santa-croce.jpg\" alt=\"\" width=\"2048\" height=\"1365\" \/><figcaption class=\"wp-caption-text\">Le coperte colorate in piazza Santa Croce \u00a9 Nosotras Onlus<\/figcaption><\/figure><\/figure>\n<div class=\"titleimg\"><\/div>\n<p>Le<strong> coperte<\/strong> erano cucite con<strong> piccoli quadrati<\/strong>, arrivati da ogni parte d&#8217;Italia e anche dall&#8217;estero. Centinaia di persone, donne ma anche uomini, e di ogni et\u00e0 avevano contribuito a cucirle insieme, coinvolgendo anche le scuole, i centri anziani, le associazioni sportive e le misericordie. Le coperte, come spiegano dall&#8217;associazione &#8220;Viva Vittoria&#8221;, <mark>sono state fatte con il cuore per aiutare le donne vittime di violenza: per realizzarle c&#8217;\u00e8 chi ha preso per la prima volta in mano i ferri o gli uncinetti, spinto dal forte desiderio di partecipare,<\/mark> qualcuno ha creato solo un quadrato e qualcuno invece ne ha fatti centinaia.<\/p>\n<h3>Una coperta in cambio di una donazione<\/h3>\n<p>Piazza Santa Croce \u00e8 diventata cos\u00ec il palcoscenico suggestivo per questa<strong> installazione colorata:<\/strong> prima sono stati stesi i teli di plastica e poi la mattina di sabato 11 novembre sono state posizionate le coperte. I tanti visitatori hanno potuto cos\u00ec ammirarle, sceglierne una e acquistarla <strong>in cambio una donazione<\/strong> di minimo 20 euro.<\/p>\n<p><em>&#8220;Un&#8217;iniziativa che ha un pregio enorme: fa rete e mette insieme tante realt\u00e0 del nostro territorio<\/em> &#8211; ha commentato l&#8217;assessora al welfare di Firenze, <strong>Sara Funaro<\/strong> &#8211;<em> ringrazio anzitutto le nostre amiche di Ailo, che su questo si sono impegnate in prima linea per dare voce, supporto e visibilit\u00e0 alle nostre realt\u00e0. \u00c8 stato un lungo lavoro di tessitura e cucitura che lancia due messaggi importanti: i mille colori delle coperte sono le mille differenze dei nostri cittadini, che devono essere valorizzate al massimo. Il cucire insieme, invece, <strong>\u00e8 la metafora dello stare insieme,<\/strong> all&#8217;interno di una comunit\u00e0. Tutti insieme si possono ottenere risultati molto pi\u00f9 importanti&#8221;.<\/em><\/p>\n","protected":false},"excerpt":{"rendered":"<p>Sabato 11 e domenica 12 novembre le volontarie della rete solidale &#8220;Viva Vittoria&#8221; hanno ricoperto la piazza fiorentina con le loro creazioni in maglia e uncinetto, che potevano essere acquistate in cambio di una donazione a sostegno di Artemisia Centro Antiviolenza, ACISJF FIRENZE e Nosotras Onlus<\/p>\n","protected":false},"author":502,"featured_media":314401,"comment_status":"open","ping_status":"open","sticky":false,"template":"","format":"standard","meta":{"_acf_changed":false,"footnotes":""},"categories":[4],"tags":[202,4611],"class_list":["post-313461","post","type-post","status-publish","format-standard","has-post-thumbnail","hentry","category-storie","tag-firenze","tag-violenza-sulle-donne"],"acf":[],"yoast_head":"<!-- This site is optimized with the Yoast SEO Premium plugin v24.2 (Yoast SEO v25.6) - https:\/\/yoast.com\/wordpress\/plugins\/seo\/ -->\n<title>Un mosaico di tremila coperte colorate in piazza Santa Croce contro la violenza sulle donne - intoscana<\/title>\n<meta name=\"description\" content=\"Contro la violenza sulle donne l&#039;associazione Viva Vittoria porta a Firenze in piazza Santa Croce l&#039;installazione fatta di coperte colorate.\" \/>\n<meta name=\"robots\" content=\"index, follow, max-snippet:-1, max-image-preview:large, max-video-preview:-1\" \/>\n<link rel=\"canonical\" href=\"https:\/\/www.intoscana.it\/it\/coperte-santa-croce-violenza-sulle-donne\/\" \/>\n<meta property=\"og:locale\" content=\"it_IT\" \/>\n<meta property=\"og:type\" content=\"article\" \/>\n<meta property=\"og:title\" content=\"Un mosaico di tremila coperte colorate in piazza Santa Croce contro la violenza sulle donne\" \/>\n<meta property=\"og:description\" content=\"Contro la violenza sulle donne l&#039;associazione Viva Vittoria porta a Firenze in piazza Santa Croce l&#039;installazione fatta di coperte colorate.\" \/>\n<meta property=\"og:url\" content=\"https:\/\/www.intoscana.it\/it\/coperte-santa-croce-violenza-sulle-donne\/\" \/>\n<meta property=\"og:site_name\" content=\"intoscana\" \/>\n<meta property=\"article:publisher\" content=\"https:\/\/www.facebook.com\/intoscana.it\" \/>\n<meta property=\"article:published_time\" content=\"2023-11-13T08:50:10+00:00\" \/>\n<meta property=\"article:modified_time\" content=\"2023-11-13T09:21:24+00:00\" \/>\n<meta property=\"og:image\" content=\"https:\/\/www.intoscana.it\/wp-content\/uploads\/coperta-santa-croce.jpg\" \/>\n\t<meta property=\"og:image:width\" content=\"2048\" \/>\n\t<meta property=\"og:image:height\" content=\"1536\" \/>\n\t<meta property=\"og:image:type\" content=\"image\/jpeg\" \/>\n<meta name=\"author\" content=\"Ilaria Giannini\" \/>\n<meta name=\"twitter:card\" content=\"summary_large_image\" \/>\n<meta name=\"twitter:creator\" content=\"@i.giannini@fst.it\" \/>\n<meta name=\"twitter:site\" content=\"@intoscana\" \/>\n<meta name=\"twitter:label1\" content=\"Written by\" \/>\n\t<meta name=\"twitter:data1\" content=\"Ilaria Giannini\" \/>\n\t<meta name=\"twitter:label2\" content=\"Est. reading time\" \/>\n\t<meta name=\"twitter:data2\" content=\"3 minuti\" \/>\n<script type=\"application\/ld+json\" class=\"yoast-schema-graph\">{\"@context\":\"https:\/\/schema.org\",\"@graph\":[{\"@type\":\"WebPage\",\"@id\":\"https:\/\/www.intoscana.it\/it\/coperte-santa-croce-violenza-sulle-donne\/\",\"url\":\"https:\/\/www.intoscana.it\/it\/coperte-santa-croce-violenza-sulle-donne\/\",\"name\":\"Un mosaico di tremila coperte colorate in piazza Santa Croce contro la violenza sulle donne - intoscana\",\"isPartOf\":{\"@id\":\"https:\/\/www.intoscana.it\/it\/#website\"},\"primaryImageOfPage\":{\"@id\":\"https:\/\/www.intoscana.it\/it\/coperte-santa-croce-violenza-sulle-donne\/#primaryimage\"},\"image\":{\"@id\":\"https:\/\/www.intoscana.it\/it\/coperte-santa-croce-violenza-sulle-donne\/#primaryimage\"},\"thumbnailUrl\":\"https:\/\/www.intoscana.it\/wp-content\/uploads\/coperta-santa-croce.jpg\",\"datePublished\":\"2023-11-13T08:50:10+00:00\",\"dateModified\":\"2023-11-13T09:21:24+00:00\",\"author\":{\"@id\":\"https:\/\/www.intoscana.it\/it\/#\/schema\/person\/de95e1ed2c1c8c30a6922bbba3a90185\"},\"description\":\"Contro la violenza sulle donne l'associazione Viva Vittoria porta a Firenze in piazza Santa Croce l'installazione fatta di coperte colorate.\",\"breadcrumb\":{\"@id\":\"https:\/\/www.intoscana.it\/it\/coperte-santa-croce-violenza-sulle-donne\/#breadcrumb\"},\"inLanguage\":\"it-IT\",\"potentialAction\":[{\"@type\":\"ReadAction\",\"target\":[\"https:\/\/www.intoscana.it\/it\/coperte-santa-croce-violenza-sulle-donne\/\"]}]},{\"@type\":\"ImageObject\",\"inLanguage\":\"it-IT\",\"@id\":\"https:\/\/www.intoscana.it\/it\/coperte-santa-croce-violenza-sulle-donne\/#primaryimage\",\"url\":\"https:\/\/www.intoscana.it\/wp-content\/uploads\/coperta-santa-croce.jpg\",\"contentUrl\":\"https:\/\/www.intoscana.it\/wp-content\/uploads\/coperta-santa-croce.jpg\",\"width\":2048,\"height\":1536,\"caption\":\"Una coperta contro la violenza sulle donne in piazza Santa Croce\"},{\"@type\":\"BreadcrumbList\",\"@id\":\"https:\/\/www.intoscana.it\/it\/coperte-santa-croce-violenza-sulle-donne\/#breadcrumb\",\"itemListElement\":[{\"@type\":\"ListItem\",\"position\":1,\"name\":\"Home\",\"item\":\"https:\/\/www.intoscana.it\/it\/\"},{\"@type\":\"ListItem\",\"position\":2,\"name\":\"Un mosaico di tremila coperte colorate in piazza Santa Croce contro la violenza sulle donne\"}]},{\"@type\":\"WebSite\",\"@id\":\"https:\/\/www.intoscana.it\/it\/#website\",\"url\":\"https:\/\/www.intoscana.it\/it\/\",\"name\":\"intoscana\",\"description\":\"\",\"potentialAction\":[{\"@type\":\"SearchAction\",\"target\":{\"@type\":\"EntryPoint\",\"urlTemplate\":\"https:\/\/www.intoscana.it\/it\/?s={search_term_string}\"},\"query-input\":{\"@type\":\"PropertyValueSpecification\",\"valueRequired\":true,\"valueName\":\"search_term_string\"}}],\"inLanguage\":\"it-IT\"},{\"@type\":\"Person\",\"@id\":\"https:\/\/www.intoscana.it\/it\/#\/schema\/person\/de95e1ed2c1c8c30a6922bbba3a90185\",\"name\":\"Ilaria Giannini\",\"sameAs\":[\"https:\/\/x.com\/i.giannini@fst.it\"],\"url\":\"https:\/\/www.intoscana.it\/it\/author\/ilaria-giannini\/\"}]}<\/script>\n<!-- \/ Yoast SEO Premium plugin. -->","yoast_head_json":{"title":"Un mosaico di tremila coperte colorate in piazza Santa Croce contro la violenza sulle donne - intoscana","description":"Contro la violenza sulle donne l'associazione Viva Vittoria porta a Firenze in piazza Santa Croce l'installazione fatta di coperte colorate.","robots":{"index":"index","follow":"follow","max-snippet":"max-snippet:-1","max-image-preview":"max-image-preview:large","max-video-preview":"max-video-preview:-1"},"canonical":"https:\/\/www.intoscana.it\/it\/coperte-santa-croce-violenza-sulle-donne\/","og_locale":"it_IT","og_type":"article","og_title":"Un mosaico di tremila coperte colorate in piazza Santa Croce contro la violenza sulle donne","og_description":"Contro la violenza sulle donne l'associazione Viva Vittoria porta a Firenze in piazza Santa Croce l'installazione fatta di coperte colorate.","og_url":"https:\/\/www.intoscana.it\/it\/coperte-santa-croce-violenza-sulle-donne\/","og_site_name":"intoscana","article_publisher":"https:\/\/www.facebook.com\/intoscana.it","article_published_time":"2023-11-13T08:50:10+00:00","article_modified_time":"2023-11-13T09:21:24+00:00","og_image":[{"width":2048,"height":1536,"url":"https:\/\/www.intoscana.it\/wp-content\/uploads\/coperta-santa-croce.jpg","type":"image\/jpeg"}],"author":"Ilaria Giannini","twitter_card":"summary_large_image","twitter_creator":"@i.giannini@fst.it","twitter_site":"@intoscana","twitter_misc":{"Written by":"Ilaria Giannini","Est. reading time":"3 minuti"},"schema":{"@context":"https:\/\/schema.org","@graph":[{"@type":"WebPage","@id":"https:\/\/www.intoscana.it\/it\/coperte-santa-croce-violenza-sulle-donne\/","url":"https:\/\/www.intoscana.it\/it\/coperte-santa-croce-violenza-sulle-donne\/","name":"Un mosaico di tremila coperte colorate in piazza Santa Croce contro la violenza sulle donne - intoscana","isPartOf":{"@id":"https:\/\/www.intoscana.it\/it\/#website"},"primaryImageOfPage":{"@id":"https:\/\/www.intoscana.it\/it\/coperte-santa-croce-violenza-sulle-donne\/#primaryimage"},"image":{"@id":"https:\/\/www.intoscana.it\/it\/coperte-santa-croce-violenza-sulle-donne\/#primaryimage"},"thumbnailUrl":"https:\/\/www.intoscana.it\/wp-content\/uploads\/coperta-santa-croce.jpg","datePublished":"2023-11-13T08:50:10+00:00","dateModified":"2023-11-13T09:21:24+00:00","author":{"@id":"https:\/\/www.intoscana.it\/it\/#\/schema\/person\/de95e1ed2c1c8c30a6922bbba3a90185"},"description":"Contro la violenza sulle donne l'associazione Viva Vittoria porta a Firenze in piazza Santa Croce l'installazione fatta di coperte colorate.","breadcrumb":{"@id":"https:\/\/www.intoscana.it\/it\/coperte-santa-croce-violenza-sulle-donne\/#breadcrumb"},"inLanguage":"it-IT","potentialAction":[{"@type":"ReadAction","target":["https:\/\/www.intoscana.it\/it\/coperte-santa-croce-violenza-sulle-donne\/"]}]},{"@type":"ImageObject","inLanguage":"it-IT","@id":"https:\/\/www.intoscana.it\/it\/coperte-santa-croce-violenza-sulle-donne\/#primaryimage","url":"https:\/\/www.intoscana.it\/wp-content\/uploads\/coperta-santa-croce.jpg","contentUrl":"https:\/\/www.intoscana.it\/wp-content\/uploads\/coperta-santa-croce.jpg","width":2048,"height":1536,"caption":"Una coperta contro la violenza sulle donne in piazza Santa Croce"},{"@type":"BreadcrumbList","@id":"https:\/\/www.intoscana.it\/it\/coperte-santa-croce-violenza-sulle-donne\/#breadcrumb","itemListElement":[{"@type":"ListItem","position":1,"name":"Home","item":"https:\/\/www.intoscana.it\/it\/"},{"@type":"ListItem","position":2,"name":"Un mosaico di tremila coperte colorate in piazza Santa Croce contro la violenza sulle donne"}]},{"@type":"WebSite","@id":"https:\/\/www.intoscana.it\/it\/#website","url":"https:\/\/www.intoscana.it\/it\/","name":"intoscana","description":"","potentialAction":[{"@type":"SearchAction","target":{"@type":"EntryPoint","urlTemplate":"https:\/\/www.intoscana.it\/it\/?s={search_term_string}"},"query-input":{"@type":"PropertyValueSpecification","valueRequired":true,"valueName":"search_term_string"}}],"inLanguage":"it-IT"},{"@type":"Person","@id":"https:\/\/www.intoscana.it\/it\/#\/schema\/person\/de95e1ed2c1c8c30a6922bbba3a90185","name":"Ilaria Giannini","sameAs":["https:\/\/x.com\/i.giannini@fst.it"],"url":"https:\/\/www.intoscana.it\/it\/author\/ilaria-giannini\/"}]}},"_links":{"self":[{"href":"https:\/\/www.intoscana.it\/it\/wp-json\/wp\/v2\/posts\/313461","targetHints":{"allow":["GET"]}}],"collection":[{"href":"https:\/\/www.intoscana.it\/it\/wp-json\/wp\/v2\/posts"}],"about":[{"href":"https:\/\/www.intoscana.it\/it\/wp-json\/wp\/v2\/types\/post"}],"author":[{"embeddable":true,"href":"https:\/\/www.intoscana.it\/it\/wp-json\/wp\/v2\/users\/502"}],"replies":[{"embeddable":true,"href":"https:\/\/www.intoscana.it\/it\/wp-json\/wp\/v2\/comments?post=313461"}],"version-history":[{"count":0,"href":"https:\/\/www.intoscana.it\/it\/wp-json\/wp\/v2\/posts\/313461\/revisions"}],"wp:featuredmedia":[{"embeddable":true,"href":"https:\/\/www.intoscana.it\/it\/wp-json\/wp\/v2\/media\/314401"}],"wp:attachment":[{"href":"https:\/\/www.intoscana.it\/it\/wp-json\/wp\/v2\/media?parent=313461"}],"wp:term":[{"taxonomy":"category","embeddable":true,"href":"https:\/\/www.intoscana.it\/it\/wp-json\/wp\/v2\/categories?post=313461"},{"taxonomy":"post_tag","embeddable":true,"href":"https:\/\/www.intoscana.it\/it\/wp-json\/wp\/v2\/tags?post=313461"}],"curies":[{"name":"wp","href":"https:\/\/api.w.org\/{rel}","templated":true}]}}