{"id":313613,"date":"2023-11-07T17:25:49","date_gmt":"2023-11-07T16:25:49","guid":{"rendered":"https:\/\/www.intoscana.it\/it\/?p=313613"},"modified":"2023-11-07T17:26:29","modified_gmt":"2023-11-07T16:26:29","slug":"firenze-riqualificazione-dello-stadio-franchi-al-via-la-gara-lavori-da-gennaio-2024","status":"publish","type":"post","link":"https:\/\/www.intoscana.it\/it\/firenze-riqualificazione-dello-stadio-franchi-al-via-la-gara-lavori-da-gennaio-2024\/","title":{"rendered":"Firenze, riqualificazione dello Stadio Franchi: al via la gara, lavori da gennaio 2024"},"content":{"rendered":"<p>Il progetto esecutivo dello stadio <strong>Artemio Franch<\/strong>i di Firenze \u00e8 stato approvato: <mark>al via dunque le procedure di gara per la riqualificazione dell\u2019impianto progettato da Pier Luigi Nervi.<\/mark> Il bando \u00e8 stato inviato alla Gazzetta Ufficiale dell\u2019Unione Europea e nelle prossime ore alla Gazzetta Ufficiale della Repubblica italiana. Si prevede quindi che da venerd\u00ec 10 novembre i documenti di gara possano essere pubblici e accessibili a chi vorr\u00e0 partecipare. <mark>La scadenza per la presentazione delle offerte \u00e8 luned\u00ec 11 dicembre.<\/mark><\/p>\n<figure id=\"post-313619 media-313619\" class=\"align-none\"><img decoding=\"async\" src=\"https:\/\/www.intoscana.it\/wp-content\/uploads\/rendering-stadio-Franchi-3.jpeg\" alt=\"\" \/><\/figure>\n<div class=\"titleimg\">rendering stadio Franchi<\/div>\n<p>Sar\u00e0 nominata una commissione giudicatrice che dovr\u00e0 assegnare i punteggi sull\u2019offerta tecnica e completare la propria attivit\u00e0 in maniera tale da consentire le verifiche amministrative e <mark>aggiudicare entro il 31 dicembre.<\/mark><\/p>\n<p>I lavori devono iniziare entro marzo 2024, ma l\u2019amministrazione comunale intende partire in anticipo rispetto alla scadenza. Gi\u00e0 nel mese di <strong>gennaio 2024<\/strong> sono previsti i lavori propedeutici all\u2019appalto principale, a partire dalla Curva Ferrovia, con la demolizione delle strutture realizzate in occasione della coppa del mondo Italia \u201890.<\/p>\n<h3><em>Il progetto<\/em><\/h3>\n<p>Il quadro economico ad oggi approvato \u00e8 di 151.308.000 euro necessari per realizzare: tutti gli interventi di <strong>restauro<\/strong>, riparazione e rinforzo strutturale delle strutture esistenti sottoposte a vincolo, compresi la pensilina storica, la palazzina d\u2019onore, la torre Maratona e le scale elicoidali; tutte le opere di realizzazione delle nuove gradinate per <strong>Curva Fiesole e Curva Ferrovia<\/strong>, comprese le fondazioni delle cosiddette quattro mega colonne a supporto della copertura; tutte le opere volte a realizzare i nuovi spazi destinati ad atleti e giornalisti radio-televisivi (interventi di ampliamento degli interrati dell\u2019attuale Tribuna coperta); tutti i nuovi servizi igienici in linea coi requisiti normativi; la riqualificazione di tutte le sedute di qualsiasi ordine e tipo, con eccezione di quelle sulla tribuna Maratona; la copertura dello stadio a partire dal lato curva Fiesole.<\/p>\n<figure id=\"post-313620 media-313620\" class=\"align-none\"><img decoding=\"async\" src=\"https:\/\/www.intoscana.it\/wp-content\/uploads\/rendering-stadio-Franchi-4.jpeg\" alt=\"\" \/><\/figure>\n<div class=\"titleimg\">rendering stadio Franchi<\/div>\n<p>Qualora vengano ripristinati i finanziamenti complessivi previsti per lo stadio, la ditta che si aggiudicher\u00e0 il presente appalto potr\u00e0 proseguire nella realizzazione dell\u2019opera senza necessit\u00e0 di bandire ulteriori gare (modello \u00e8 analogo a quello gi\u00e0 adottato a Firenze per la costruzione del Teatro del Maggio Musicale Fiorentino e delle nuove linee tramviarie).<\/p>\n<h3><em>I cantieri<\/em><\/h3>\n<p>I cantieri per la realizzazione del restyling dello stadio saranno ubicati nell\u2019area attualmente occupata dal campo sportivo <strong>\u201cCerreti 1\u201d<\/strong>, in parte della struttura del centro sportivo \u201cDavide Astori\u201d e in una porzione del parcheggio prospicente al campo \u201cCerreti 1\u201d<br \/>\nI cantieri <mark>non interesseranno in alcun modo l\u2019area del mercato lato Curva Fiesole, n\u00e9 lo skatepark, n\u00e9 i giardini \u201cNiccol\u00f2 Galli\u201d, n\u00e9 i campini del centro sportivo \u201cDavide Astori\u201d.<\/mark><\/p>\n<figure id=\"post-313621 media-313621\" class=\"align-none\"><img decoding=\"async\" src=\"https:\/\/www.intoscana.it\/wp-content\/uploads\/rendering-stadio-Franchi-5.jpeg\" alt=\"\" \/><\/figure>\n<div class=\"titleimg\">rendering stadio Franchi<\/div>\n<p>Il progetto esecutivo \u00e8 stato realizzato dal gruppo di progettazione vincitore del concorso internazionale di progettazione e costituito da:<br \/>\nOve Arup &amp; Partners International Ltd, Arup Italia srl, Mario Cucinella Architects surl, Cupelloni Architettura srl, InPRO srl.<\/p>\n","protected":false},"excerpt":{"rendered":"<p>A inizio anno i cantieri propedeutici all\u2019appalto principale, a partire dalla Curva Ferrovia, con la demolizione delle strutture realizzate in occasione di Italia \u201890<\/p>\n","protected":false},"author":525,"featured_media":313618,"comment_status":"open","ping_status":"open","sticky":false,"template":"","format":"standard","meta":{"_acf_changed":false,"footnotes":""},"categories":[494],"tags":[202,5403],"class_list":["post-313613","post","type-post","status-publish","format-standard","has-post-thumbnail","hentry","category-attualita","tag-firenze","tag-stadio-artemio-franchi"],"acf":[],"yoast_head":"<!-- This site is optimized with the Yoast SEO Premium plugin v24.2 (Yoast SEO v25.6) - https:\/\/yoast.com\/wordpress\/plugins\/seo\/ -->\n<title>Firenze, riqualificazione dello Stadio Franchi: al via la gara, lavori da gennaio 2024 - intoscana<\/title>\n<meta name=\"description\" content=\"A inizio anno i lavori propedeutici all\u2019appalto principale, a partire dalla Curva Ferrovia, con la demolizione delle strutture realizzate in occasione di Italia \u201890\" \/>\n<meta name=\"robots\" content=\"index, follow, max-snippet:-1, max-image-preview:large, max-video-preview:-1\" \/>\n<link rel=\"canonical\" href=\"https:\/\/www.intoscana.it\/it\/firenze-riqualificazione-dello-stadio-franchi-al-via-la-gara-lavori-da-gennaio-2024\/\" \/>\n<meta property=\"og:locale\" content=\"it_IT\" \/>\n<meta property=\"og:type\" content=\"article\" \/>\n<meta property=\"og:title\" content=\"Firenze, riqualificazione dello Stadio Franchi: al via la gara, lavori da gennaio 2024\" \/>\n<meta property=\"og:description\" content=\"A inizio anno i lavori propedeutici all\u2019appalto principale, a partire dalla Curva Ferrovia, con la demolizione delle strutture realizzate in occasione di Italia \u201890\" \/>\n<meta property=\"og:url\" content=\"https:\/\/www.intoscana.it\/it\/firenze-riqualificazione-dello-stadio-franchi-al-via-la-gara-lavori-da-gennaio-2024\/\" \/>\n<meta property=\"og:site_name\" content=\"intoscana\" \/>\n<meta property=\"article:publisher\" content=\"https:\/\/www.facebook.com\/intoscana.it\" \/>\n<meta property=\"article:published_time\" content=\"2023-11-07T16:25:49+00:00\" \/>\n<meta property=\"article:modified_time\" content=\"2023-11-07T16:26:29+00:00\" \/>\n<meta property=\"og:image\" content=\"https:\/\/www.intoscana.it\/wp-content\/uploads\/rendering-stadio-Franchi-1.jpeg\" \/>\n\t<meta property=\"og:image:width\" content=\"1600\" \/>\n\t<meta property=\"og:image:height\" content=\"888\" \/>\n\t<meta property=\"og:image:type\" content=\"image\/jpeg\" \/>\n<meta name=\"author\" content=\"Redazione\" \/>\n<meta name=\"twitter:card\" content=\"summary_large_image\" \/>\n<meta name=\"twitter:creator\" content=\"@intoscana\" \/>\n<meta name=\"twitter:site\" content=\"@intoscana\" \/>\n<meta name=\"twitter:label1\" content=\"Written by\" \/>\n\t<meta name=\"twitter:data1\" content=\"Redazione\" \/>\n\t<meta name=\"twitter:label2\" content=\"Est. reading time\" \/>\n\t<meta name=\"twitter:data2\" content=\"2 minuti\" \/>\n<script type=\"application\/ld+json\" class=\"yoast-schema-graph\">{\"@context\":\"https:\/\/schema.org\",\"@graph\":[{\"@type\":\"WebPage\",\"@id\":\"https:\/\/www.intoscana.it\/it\/firenze-riqualificazione-dello-stadio-franchi-al-via-la-gara-lavori-da-gennaio-2024\/\",\"url\":\"https:\/\/www.intoscana.it\/it\/firenze-riqualificazione-dello-stadio-franchi-al-via-la-gara-lavori-da-gennaio-2024\/\",\"name\":\"Firenze, riqualificazione dello Stadio Franchi: al via la gara, lavori da gennaio 2024 - intoscana\",\"isPartOf\":{\"@id\":\"https:\/\/www.intoscana.it\/it\/#website\"},\"primaryImageOfPage\":{\"@id\":\"https:\/\/www.intoscana.it\/it\/firenze-riqualificazione-dello-stadio-franchi-al-via-la-gara-lavori-da-gennaio-2024\/#primaryimage\"},\"image\":{\"@id\":\"https:\/\/www.intoscana.it\/it\/firenze-riqualificazione-dello-stadio-franchi-al-via-la-gara-lavori-da-gennaio-2024\/#primaryimage\"},\"thumbnailUrl\":\"https:\/\/www.intoscana.it\/wp-content\/uploads\/rendering-stadio-Franchi-1.jpeg\",\"datePublished\":\"2023-11-07T16:25:49+00:00\",\"dateModified\":\"2023-11-07T16:26:29+00:00\",\"author\":{\"@id\":\"https:\/\/www.intoscana.it\/it\/#\/schema\/person\/9223810753230f20bd670fdd322661f8\"},\"description\":\"A inizio anno i lavori propedeutici all\u2019appalto principale, a partire dalla Curva Ferrovia, con la demolizione delle strutture realizzate in occasione di Italia \u201890\",\"breadcrumb\":{\"@id\":\"https:\/\/www.intoscana.it\/it\/firenze-riqualificazione-dello-stadio-franchi-al-via-la-gara-lavori-da-gennaio-2024\/#breadcrumb\"},\"inLanguage\":\"it-IT\",\"potentialAction\":[{\"@type\":\"ReadAction\",\"target\":[\"https:\/\/www.intoscana.it\/it\/firenze-riqualificazione-dello-stadio-franchi-al-via-la-gara-lavori-da-gennaio-2024\/\"]}]},{\"@type\":\"ImageObject\",\"inLanguage\":\"it-IT\",\"@id\":\"https:\/\/www.intoscana.it\/it\/firenze-riqualificazione-dello-stadio-franchi-al-via-la-gara-lavori-da-gennaio-2024\/#primaryimage\",\"url\":\"https:\/\/www.intoscana.it\/wp-content\/uploads\/rendering-stadio-Franchi-1.jpeg\",\"contentUrl\":\"https:\/\/www.intoscana.it\/wp-content\/uploads\/rendering-stadio-Franchi-1.jpeg\",\"width\":1600,\"height\":888},{\"@type\":\"BreadcrumbList\",\"@id\":\"https:\/\/www.intoscana.it\/it\/firenze-riqualificazione-dello-stadio-franchi-al-via-la-gara-lavori-da-gennaio-2024\/#breadcrumb\",\"itemListElement\":[{\"@type\":\"ListItem\",\"position\":1,\"name\":\"Home\",\"item\":\"https:\/\/www.intoscana.it\/it\/\"},{\"@type\":\"ListItem\",\"position\":2,\"name\":\"Firenze, riqualificazione dello Stadio Franchi: al via la gara, lavori da gennaio 2024\"}]},{\"@type\":\"WebSite\",\"@id\":\"https:\/\/www.intoscana.it\/it\/#website\",\"url\":\"https:\/\/www.intoscana.it\/it\/\",\"name\":\"intoscana\",\"description\":\"\",\"potentialAction\":[{\"@type\":\"SearchAction\",\"target\":{\"@type\":\"EntryPoint\",\"urlTemplate\":\"https:\/\/www.intoscana.it\/it\/?s={search_term_string}\"},\"query-input\":{\"@type\":\"PropertyValueSpecification\",\"valueRequired\":true,\"valueName\":\"search_term_string\"}}],\"inLanguage\":\"it-IT\"},{\"@type\":\"Person\",\"@id\":\"https:\/\/www.intoscana.it\/it\/#\/schema\/person\/9223810753230f20bd670fdd322661f8\",\"name\":\"Redazione\",\"url\":\"https:\/\/www.intoscana.it\/it\/author\/redazione\/\"}]}<\/script>\n<!-- \/ Yoast SEO Premium plugin. -->","yoast_head_json":{"title":"Firenze, riqualificazione dello Stadio Franchi: al via la gara, lavori da gennaio 2024 - intoscana","description":"A inizio anno i lavori propedeutici all\u2019appalto principale, a partire dalla Curva Ferrovia, con la demolizione delle strutture realizzate in occasione di Italia \u201890","robots":{"index":"index","follow":"follow","max-snippet":"max-snippet:-1","max-image-preview":"max-image-preview:large","max-video-preview":"max-video-preview:-1"},"canonical":"https:\/\/www.intoscana.it\/it\/firenze-riqualificazione-dello-stadio-franchi-al-via-la-gara-lavori-da-gennaio-2024\/","og_locale":"it_IT","og_type":"article","og_title":"Firenze, riqualificazione dello Stadio Franchi: al via la gara, lavori da gennaio 2024","og_description":"A inizio anno i lavori propedeutici all\u2019appalto principale, a partire dalla Curva Ferrovia, con la demolizione delle strutture realizzate in occasione di Italia \u201890","og_url":"https:\/\/www.intoscana.it\/it\/firenze-riqualificazione-dello-stadio-franchi-al-via-la-gara-lavori-da-gennaio-2024\/","og_site_name":"intoscana","article_publisher":"https:\/\/www.facebook.com\/intoscana.it","article_published_time":"2023-11-07T16:25:49+00:00","article_modified_time":"2023-11-07T16:26:29+00:00","og_image":[{"width":1600,"height":888,"url":"https:\/\/www.intoscana.it\/wp-content\/uploads\/rendering-stadio-Franchi-1.jpeg","type":"image\/jpeg"}],"author":"Redazione","twitter_card":"summary_large_image","twitter_creator":"@intoscana","twitter_site":"@intoscana","twitter_misc":{"Written by":"Redazione","Est. reading time":"2 minuti"},"schema":{"@context":"https:\/\/schema.org","@graph":[{"@type":"WebPage","@id":"https:\/\/www.intoscana.it\/it\/firenze-riqualificazione-dello-stadio-franchi-al-via-la-gara-lavori-da-gennaio-2024\/","url":"https:\/\/www.intoscana.it\/it\/firenze-riqualificazione-dello-stadio-franchi-al-via-la-gara-lavori-da-gennaio-2024\/","name":"Firenze, riqualificazione dello Stadio Franchi: al via la gara, lavori da gennaio 2024 - intoscana","isPartOf":{"@id":"https:\/\/www.intoscana.it\/it\/#website"},"primaryImageOfPage":{"@id":"https:\/\/www.intoscana.it\/it\/firenze-riqualificazione-dello-stadio-franchi-al-via-la-gara-lavori-da-gennaio-2024\/#primaryimage"},"image":{"@id":"https:\/\/www.intoscana.it\/it\/firenze-riqualificazione-dello-stadio-franchi-al-via-la-gara-lavori-da-gennaio-2024\/#primaryimage"},"thumbnailUrl":"https:\/\/www.intoscana.it\/wp-content\/uploads\/rendering-stadio-Franchi-1.jpeg","datePublished":"2023-11-07T16:25:49+00:00","dateModified":"2023-11-07T16:26:29+00:00","author":{"@id":"https:\/\/www.intoscana.it\/it\/#\/schema\/person\/9223810753230f20bd670fdd322661f8"},"description":"A inizio anno i lavori propedeutici all\u2019appalto principale, a partire dalla Curva Ferrovia, con la demolizione delle strutture realizzate in occasione di Italia \u201890","breadcrumb":{"@id":"https:\/\/www.intoscana.it\/it\/firenze-riqualificazione-dello-stadio-franchi-al-via-la-gara-lavori-da-gennaio-2024\/#breadcrumb"},"inLanguage":"it-IT","potentialAction":[{"@type":"ReadAction","target":["https:\/\/www.intoscana.it\/it\/firenze-riqualificazione-dello-stadio-franchi-al-via-la-gara-lavori-da-gennaio-2024\/"]}]},{"@type":"ImageObject","inLanguage":"it-IT","@id":"https:\/\/www.intoscana.it\/it\/firenze-riqualificazione-dello-stadio-franchi-al-via-la-gara-lavori-da-gennaio-2024\/#primaryimage","url":"https:\/\/www.intoscana.it\/wp-content\/uploads\/rendering-stadio-Franchi-1.jpeg","contentUrl":"https:\/\/www.intoscana.it\/wp-content\/uploads\/rendering-stadio-Franchi-1.jpeg","width":1600,"height":888},{"@type":"BreadcrumbList","@id":"https:\/\/www.intoscana.it\/it\/firenze-riqualificazione-dello-stadio-franchi-al-via-la-gara-lavori-da-gennaio-2024\/#breadcrumb","itemListElement":[{"@type":"ListItem","position":1,"name":"Home","item":"https:\/\/www.intoscana.it\/it\/"},{"@type":"ListItem","position":2,"name":"Firenze, riqualificazione dello Stadio Franchi: al via la gara, lavori da gennaio 2024"}]},{"@type":"WebSite","@id":"https:\/\/www.intoscana.it\/it\/#website","url":"https:\/\/www.intoscana.it\/it\/","name":"intoscana","description":"","potentialAction":[{"@type":"SearchAction","target":{"@type":"EntryPoint","urlTemplate":"https:\/\/www.intoscana.it\/it\/?s={search_term_string}"},"query-input":{"@type":"PropertyValueSpecification","valueRequired":true,"valueName":"search_term_string"}}],"inLanguage":"it-IT"},{"@type":"Person","@id":"https:\/\/www.intoscana.it\/it\/#\/schema\/person\/9223810753230f20bd670fdd322661f8","name":"Redazione","url":"https:\/\/www.intoscana.it\/it\/author\/redazione\/"}]}},"_links":{"self":[{"href":"https:\/\/www.intoscana.it\/it\/wp-json\/wp\/v2\/posts\/313613","targetHints":{"allow":["GET"]}}],"collection":[{"href":"https:\/\/www.intoscana.it\/it\/wp-json\/wp\/v2\/posts"}],"about":[{"href":"https:\/\/www.intoscana.it\/it\/wp-json\/wp\/v2\/types\/post"}],"author":[{"embeddable":true,"href":"https:\/\/www.intoscana.it\/it\/wp-json\/wp\/v2\/users\/525"}],"replies":[{"embeddable":true,"href":"https:\/\/www.intoscana.it\/it\/wp-json\/wp\/v2\/comments?post=313613"}],"version-history":[{"count":0,"href":"https:\/\/www.intoscana.it\/it\/wp-json\/wp\/v2\/posts\/313613\/revisions"}],"wp:featuredmedia":[{"embeddable":true,"href":"https:\/\/www.intoscana.it\/it\/wp-json\/wp\/v2\/media\/313618"}],"wp:attachment":[{"href":"https:\/\/www.intoscana.it\/it\/wp-json\/wp\/v2\/media?parent=313613"}],"wp:term":[{"taxonomy":"category","embeddable":true,"href":"https:\/\/www.intoscana.it\/it\/wp-json\/wp\/v2\/categories?post=313613"},{"taxonomy":"post_tag","embeddable":true,"href":"https:\/\/www.intoscana.it\/it\/wp-json\/wp\/v2\/tags?post=313613"}],"curies":[{"name":"wp","href":"https:\/\/api.w.org\/{rel}","templated":true}]}}