{"id":313675,"date":"2023-11-08T14:23:53","date_gmt":"2023-11-08T13:23:53","guid":{"rendered":"https:\/\/www.intoscana.it\/it\/?p=313675"},"modified":"2023-11-08T14:23:53","modified_gmt":"2023-11-08T13:23:53","slug":"torna-a-firenze-green-factory-il-festival-dedicato-alla-cultura-della-sostenibilita","status":"publish","type":"post","link":"https:\/\/www.intoscana.it\/it\/torna-a-firenze-green-factory-il-festival-dedicato-alla-cultura-della-sostenibilita\/","title":{"rendered":"Torna a Firenze &#8220;Green Factory&#8221; il festival dedicato alla cultura della sostenibilit\u00e0"},"content":{"rendered":"<p><strong>Dal 16 al 19 novembre<\/strong> torna a Firenze per la terza edizione <strong>Green Factory<\/strong>: il festival dedicato alla cultura della sostenibilit\u00e0 ambientale realizzato dall&#8217;<strong>Associazione Heyart<\/strong> con il sostegno del Comune di Firenze, dell&#8217;Assessorato all&#8217;Ambiente, Alia, Firenze Citt\u00e0 Circolare e Publiacqua.<\/p>\n<p>Per quatro giorni al<strong> Tepidarium del Roster<\/strong> nel <strong>giardino dell&#8217;Orticoltura<\/strong> tanti eventi che vedranno la partecipazione di <strong>artisti, designer, esperti e operatori del settore, divulgatori, attivisti.<\/strong><\/p>\n<p>In programma<strong> presentazioni, talk, workshop, mostre, performance, fashion show di moda, e iniziative per i pi\u00f9 piccoli.<\/strong><\/p>\n<p>Tema principale di questa edizione di <strong><em>Green Factory<\/em> <\/strong>sar\u00e0 la <strong>Rigenerazione, <\/strong>con un percorso che spazia tra tre grandi aree tematiche: ambiente e natura, cibo e dintorni e stili di vita, per trovare <strong>suggestioni e nuovi modi di avvicinarci alla natura.<\/strong><\/p>\n<figure id=\"post-313659 media-313659\" class=\"align-none\"><img decoding=\"async\" src=\"https:\/\/www.intoscana.it\/wp-content\/uploads\/GREEN-FACTORY-ed.-2022-27.jpg\" alt=\"\" \/><\/figure>\n<h3>Green Factory: gli eventi principali<\/h3>\n<p><strong>Nelle mattine di gioved\u00ec 16 e venerd\u00ec 17 novembre,<\/strong> grazie alla collaborazione con <strong>Le Chiavi della Citt\u00e0<\/strong> saranno attivi i <strong>laboratori per le scuole<\/strong> primarie di educazione ambientale, mentre grazie alla collaborazione con Accademia Italiana e il Laboratorio di Design per la Sostenibilit\u00e0 Dipartimento Architettura UniFi, saranno proposti <strong>percorsi di formazione nel campo del design, illustrazione e della comunicazione.<\/strong><\/p>\n<p>Un&#8217;altra novit\u00e0 di questa edizione \u00e8 <strong><em>\u201cGreen Sfashionet\u201d,<\/em> <\/strong>a cura del partner creativo <strong><a href=\"https:\/\/www.intoscana.it\/it\/articolo\/parte-dalla-toscana-la-rivoluzione-della-moda-sostenibile-nasce-sfashion-net-it\/\" target=\"_blank\" rel=\"noopener\">Sfashion-net<\/a>,<\/strong> un podcast live trasmesso in streaming sui canali social di Green Factory per parlare di slow fashion, slow life e di come si sta affrontando, in concreto, la <strong>transizione verso un modo pi\u00f9 responsabile e sostenibile.<\/strong><\/p>\n<p>Una nuova partnership con la <a href=\"https:\/\/www.intoscana.it\/it\/articolo\/libreria-malaparte-firenze\/\" target=\"_blank\" rel=\"noopener\"><strong>Libreria Malaparte<\/strong><\/a> inaugura il ciclo di appuntamenti dal titolo <strong><em>\u201cCielo &#8211; Terra\u201d<\/em> <\/strong>(tutti i giorni dalle 18:30 alle 19:30): incontri con gli autori per grandi e piccini che mettono al centro la natura e l\u2019ambiente.<\/p>\n<p>Fra i talk in programma, da segnalare<strong><em> \u201cMolto pi\u00f9 di un albero\u201d,<\/em><\/strong> previsto per sabato 18 novembre dalle ore 10:00 alle 11:30. Tra gli ospiti <strong>Elisa Lanza<\/strong> (Forestry Manager di <a href=\"https:\/\/www.intoscana.it\/it\/risultati-ricerca\/?q=treedom&amp;categoria=*&amp;tipologia=*&amp;autore=*\" target=\"_blank\" rel=\"noopener\"><strong>Treedom<\/strong><\/a>),<strong> Andrea Giorgio<\/strong> (Assessore all\u2019Ambiente Comune di Firenze), moderano<strong> Sara Mancabelli<\/strong> co-founder e <strong>Federica Lavella<\/strong> referente della Rete zero waste di Firenze.<\/p>\n<p>Nello stesso giorno, ma dalle 16:00 alle 17:00, l&#8217;incontro <strong><em>\u201cPerch\u00e9 consumare meno e meglio pu\u00f2 salvare noi e il pianeta<\/em><\/strong>\u201d, con <strong>Elisa Nicoli<\/strong> (divulgatrice sui temi della sostenibilit\u00e0 e dell\u2019ambiente), <strong>Paolo Fornari<\/strong> (responsabile comunicazione e relazioni Internazionali del Team Junker), moderano <strong>Sara Mancabelli<\/strong> (co-founder Rete zero waste) e <strong>Federica Lavella<\/strong> (referente gruppo fiorentino della Rete zero waste).<\/p>\n<p>Come sempre al <strong>Green Factory<\/strong> ampio<strong> spazio dedicato al design e all\u2019arte<\/strong>, gli studenti del <strong>Triennio di Graphic Design dell\u2019Accademia Italiana<\/strong> &#8211; in collaborazione con Publiacqua &#8211; saranno chiamati a realizzare grafiche ed illustrazioni per impreziosire le borracce distribuite dall\u2019azienda per la promozione del consumo di acqua del rubinetto e la riduzione dell\u2019inquinamento causato dalle bottiglie di plastica.<\/p>\n<p>Accademia Italiana \u00e8 anche promotrice del <strong>Fashion Show che chiuder\u00e0 il festival domenica 19, ore 19.30,<\/strong> una sfilata di accessori e capi di abbigliamento realizzata dagli studenti mixando materiali innovativi, sostenibili e di scarto mentre la giornata di <strong>gioved\u00ec 16<\/strong> si chiuder\u00e0 con la performance di danza contemporanea<strong><em> Walk, Run Dance di Kinesis Contemporary Dance Company<\/em> <\/strong>del coreografo Angelo Egarese.<\/p>\n<p><strong>Sabato 18<\/strong> dalle ore 21:00 <strong>Makers Party,<\/strong> una nuova idea di party nata per stimolare la creativit\u00e0, creare relazioni e occasioni di scambio, unendo moda, musica e manualit\u00e0 in maniera coinvolgente e divertente. <strong>Un happening dove accanto alla consolle del dj ci sar\u00e0 la consolle del cucito<\/strong>, allestita per l\u2019occasione da <strong>Del Vecchia<\/strong>, partner tecnico impegnato in una rivoluzione del cucito a tinte forti.<\/p>\n<p>Tutti i partecipanti sono invitati a portare con s\u00e9 <strong>un capo da trasformare<\/strong> o scegliere tra quelli messi a disposizione da realt\u00e0 locali del second hand, mettendosi in gioco e modificando il proprio outfit grazie all\u2019aiuto dei designer presenti alla manifestazione e agli studenti di Accademia Italiana.<\/p>\n<p>All\u2019interno di una riflessione pi\u00f9 ampia sulle dinamiche di mercato del vintage,<strong> la mostra Second Skin, l\u2019artista Hannes Egger<\/strong> costruisce un dispositivo performativo che indirizza lo sguardo sull\u2019indumento, come traccia e vettore di esistenze, a cura di Lottozero.<\/p>\n<p>Riconfermata anche quest&#8217;anno la partnership con <strong>Slowfood: con talk, laboratori e degustazioni<\/strong> per raccontare una filiera corta con i piccoli produttori del territorio che punta a stabilire una relazione diretta fra chi consuma e chi produce.<\/p>\n<p>Per tutto il fine settimana sar\u00e0 presente al Green Factory<strong> una community di designer e piccoli brand<\/strong> che sviluppano prodotti smart, realizzati con materiali sostenibili, di scarto, utilizzando spesso l\u2019up-cycling per sfoltire preziose rimanenze di magazzino, il recupero di vecchi oggetti. Tra questi Lo Fo Io, Boombag Store, Resilia, Pol.In Couture, Giglio Tigrato, Nvk Daydoll, Ab Di Alessia Barbarossa, Appennino Cycling, La Methode, Vagame\u2019, Sol Gabriel, Candy Saenz, Ida Tess, Pigh Oh, Fabio Corsini Gioielli, Pasly Art Design, Frii Shirt, Ub London, Sekkei.<br \/>\nTutte le attivit\u00e0 del Green Factory ad ingresso libero con prenotazione.<\/p>\n<h3>L&#8217;app greenApes<\/h3>\n<p>Quest\u2019anno al <strong>Green Factory<\/strong> sar\u00e0 possibile amplificare il proprio impatto positivo sul pianeta grazie alla collaborazione con<a href=\"https:\/\/www.greenapes.com\" target=\"_blank\" rel=\"noopener\"><strong> greenApes,<\/strong><\/a> l\u2019app che trasforma in donazioni le azioni sostenibili dei propri utenti e che poi li premia.<\/p>\n<p>Una volta effettuato il download della app, inserendo il codice di invito <strong>GFFESTIVAL2023,<\/strong> sar\u00e0 possibile sostenere il progetto \u201cUn arredo per il Q5 di Firenze\u201d, partecipando agli eventi del Festival.<\/p>\n<p>Il progetto \u00e8 realizzato in collaborazione con il <strong>Triennio di Interior e Product Design di Accademia Italiana<\/strong>, i cui studenti si sfideranno tramite un contest online per la realizzazione di un prototipo di un elemento d\u2019arredo urbano. Il team vincitore realizzer\u00e0 il progetto da installare nell\u2019area urbana del Q5 di Firenze grazie al sostegno del Comune di Firenze.<\/p>\n<figure id=\"post-313660 media-313660\" class=\"align-none\"><img decoding=\"async\" src=\"https:\/\/www.intoscana.it\/wp-content\/uploads\/GREEN-FACTORY-SECONDA-EDIZIONE.jpg\" alt=\"\" \/><\/figure>\n<div class=\"titleimg\">Green Factory 2023<\/div>\n","protected":false},"excerpt":{"rendered":"<p>Dal 16 al 19 novembre al Tepidarium del Roster quattro giorni di eventi con artisti, designer, esperti e operatori del settore, divulgatori, attivisti. In programma presentazioni, talk, workshop, mostre, performance, fashion show di moda, e iniziative per bambini. Tutto a ingresso gratuito su prenotazione<\/p>\n","protected":false},"author":525,"featured_media":313657,"comment_status":"open","ping_status":"open","sticky":false,"template":"","format":"standard","meta":{"_acf_changed":false,"footnotes":""},"categories":[493],"tags":[177,4474,228,202,4601,371],"class_list":["post-313675","post","type-post","status-publish","format-standard","has-post-thumbnail","hentry","category-cultura","tag-ambiente","tag-eventi","tag-festival","tag-firenze","tag-green","tag-sostenibilita"],"acf":[],"yoast_head":"<!-- This site is optimized with the Yoast SEO Premium plugin v24.2 (Yoast SEO v25.6) - https:\/\/yoast.com\/wordpress\/plugins\/seo\/ -->\n<title>Torna a Firenze &quot;Green Factory&quot; il festival dedicato alla cultura della sostenibilit\u00e0 - intoscana<\/title>\n<meta name=\"description\" content=\"Dal 16 al 19 novembre al Tepidarium del Roster quattro giorni di eventi con artisti, designer, esperti del settore, divulgatori, attivisti\" \/>\n<meta name=\"robots\" content=\"index, follow, max-snippet:-1, max-image-preview:large, max-video-preview:-1\" \/>\n<link rel=\"canonical\" href=\"https:\/\/www.intoscana.it\/it\/torna-a-firenze-green-factory-il-festival-dedicato-alla-cultura-della-sostenibilita\/\" \/>\n<meta property=\"og:locale\" content=\"it_IT\" \/>\n<meta property=\"og:type\" content=\"article\" \/>\n<meta property=\"og:title\" content=\"Torna a Firenze &quot;Green Factory&quot; il festival dedicato alla cultura della sostenibilit\u00e0\" \/>\n<meta property=\"og:description\" content=\"Dal 16 al 19 novembre al Tepidarium del Roster quattro giorni di eventi con artisti, designer, esperti del settore, divulgatori, attivisti\" \/>\n<meta property=\"og:url\" content=\"https:\/\/www.intoscana.it\/it\/torna-a-firenze-green-factory-il-festival-dedicato-alla-cultura-della-sostenibilita\/\" \/>\n<meta property=\"og:site_name\" content=\"intoscana\" \/>\n<meta property=\"article:publisher\" content=\"https:\/\/www.facebook.com\/intoscana.it\" \/>\n<meta property=\"article:published_time\" content=\"2023-11-08T13:23:53+00:00\" \/>\n<meta property=\"og:image\" content=\"https:\/\/www.intoscana.it\/wp-content\/uploads\/GREEN-FACTORY-ed.-2022-TEPITARIUM-DEL-ROSTER.jpg\" \/>\n\t<meta property=\"og:image:width\" content=\"2000\" \/>\n\t<meta property=\"og:image:height\" content=\"1333\" \/>\n\t<meta property=\"og:image:type\" content=\"image\/jpeg\" \/>\n<meta name=\"author\" content=\"Redazione\" \/>\n<meta name=\"twitter:card\" content=\"summary_large_image\" \/>\n<meta name=\"twitter:creator\" content=\"@intoscana\" \/>\n<meta name=\"twitter:site\" content=\"@intoscana\" \/>\n<meta name=\"twitter:label1\" content=\"Written by\" \/>\n\t<meta name=\"twitter:data1\" content=\"Redazione\" \/>\n\t<meta name=\"twitter:label2\" content=\"Est. reading time\" \/>\n\t<meta name=\"twitter:data2\" content=\"5 minuti\" \/>\n<script type=\"application\/ld+json\" class=\"yoast-schema-graph\">{\"@context\":\"https:\/\/schema.org\",\"@graph\":[{\"@type\":\"WebPage\",\"@id\":\"https:\/\/www.intoscana.it\/it\/torna-a-firenze-green-factory-il-festival-dedicato-alla-cultura-della-sostenibilita\/\",\"url\":\"https:\/\/www.intoscana.it\/it\/torna-a-firenze-green-factory-il-festival-dedicato-alla-cultura-della-sostenibilita\/\",\"name\":\"Torna a Firenze \\\"Green Factory\\\" il festival dedicato alla cultura della sostenibilit\u00e0 - intoscana\",\"isPartOf\":{\"@id\":\"https:\/\/www.intoscana.it\/it\/#website\"},\"primaryImageOfPage\":{\"@id\":\"https:\/\/www.intoscana.it\/it\/torna-a-firenze-green-factory-il-festival-dedicato-alla-cultura-della-sostenibilita\/#primaryimage\"},\"image\":{\"@id\":\"https:\/\/www.intoscana.it\/it\/torna-a-firenze-green-factory-il-festival-dedicato-alla-cultura-della-sostenibilita\/#primaryimage\"},\"thumbnailUrl\":\"https:\/\/www.intoscana.it\/wp-content\/uploads\/GREEN-FACTORY-ed.-2022-TEPITARIUM-DEL-ROSTER.jpg\",\"datePublished\":\"2023-11-08T13:23:53+00:00\",\"author\":{\"@id\":\"https:\/\/www.intoscana.it\/it\/#\/schema\/person\/9223810753230f20bd670fdd322661f8\"},\"description\":\"Dal 16 al 19 novembre al Tepidarium del Roster quattro giorni di eventi con artisti, designer, esperti del settore, divulgatori, attivisti\",\"breadcrumb\":{\"@id\":\"https:\/\/www.intoscana.it\/it\/torna-a-firenze-green-factory-il-festival-dedicato-alla-cultura-della-sostenibilita\/#breadcrumb\"},\"inLanguage\":\"it-IT\",\"potentialAction\":[{\"@type\":\"ReadAction\",\"target\":[\"https:\/\/www.intoscana.it\/it\/torna-a-firenze-green-factory-il-festival-dedicato-alla-cultura-della-sostenibilita\/\"]}]},{\"@type\":\"ImageObject\",\"inLanguage\":\"it-IT\",\"@id\":\"https:\/\/www.intoscana.it\/it\/torna-a-firenze-green-factory-il-festival-dedicato-alla-cultura-della-sostenibilita\/#primaryimage\",\"url\":\"https:\/\/www.intoscana.it\/wp-content\/uploads\/GREEN-FACTORY-ed.-2022-TEPITARIUM-DEL-ROSTER.jpg\",\"contentUrl\":\"https:\/\/www.intoscana.it\/wp-content\/uploads\/GREEN-FACTORY-ed.-2022-TEPITARIUM-DEL-ROSTER.jpg\",\"width\":2000,\"height\":1333},{\"@type\":\"BreadcrumbList\",\"@id\":\"https:\/\/www.intoscana.it\/it\/torna-a-firenze-green-factory-il-festival-dedicato-alla-cultura-della-sostenibilita\/#breadcrumb\",\"itemListElement\":[{\"@type\":\"ListItem\",\"position\":1,\"name\":\"Home\",\"item\":\"https:\/\/www.intoscana.it\/it\/\"},{\"@type\":\"ListItem\",\"position\":2,\"name\":\"Torna a Firenze &#8220;Green Factory&#8221; il festival dedicato alla cultura della sostenibilit\u00e0\"}]},{\"@type\":\"WebSite\",\"@id\":\"https:\/\/www.intoscana.it\/it\/#website\",\"url\":\"https:\/\/www.intoscana.it\/it\/\",\"name\":\"intoscana\",\"description\":\"\",\"potentialAction\":[{\"@type\":\"SearchAction\",\"target\":{\"@type\":\"EntryPoint\",\"urlTemplate\":\"https:\/\/www.intoscana.it\/it\/?s={search_term_string}\"},\"query-input\":{\"@type\":\"PropertyValueSpecification\",\"valueRequired\":true,\"valueName\":\"search_term_string\"}}],\"inLanguage\":\"it-IT\"},{\"@type\":\"Person\",\"@id\":\"https:\/\/www.intoscana.it\/it\/#\/schema\/person\/9223810753230f20bd670fdd322661f8\",\"name\":\"Redazione\",\"url\":\"https:\/\/www.intoscana.it\/it\/author\/redazione\/\"}]}<\/script>\n<!-- \/ Yoast SEO Premium plugin. -->","yoast_head_json":{"title":"Torna a Firenze \"Green Factory\" il festival dedicato alla cultura della sostenibilit\u00e0 - intoscana","description":"Dal 16 al 19 novembre al Tepidarium del Roster quattro giorni di eventi con artisti, designer, esperti del settore, divulgatori, attivisti","robots":{"index":"index","follow":"follow","max-snippet":"max-snippet:-1","max-image-preview":"max-image-preview:large","max-video-preview":"max-video-preview:-1"},"canonical":"https:\/\/www.intoscana.it\/it\/torna-a-firenze-green-factory-il-festival-dedicato-alla-cultura-della-sostenibilita\/","og_locale":"it_IT","og_type":"article","og_title":"Torna a Firenze \"Green Factory\" il festival dedicato alla cultura della sostenibilit\u00e0","og_description":"Dal 16 al 19 novembre al Tepidarium del Roster quattro giorni di eventi con artisti, designer, esperti del settore, divulgatori, attivisti","og_url":"https:\/\/www.intoscana.it\/it\/torna-a-firenze-green-factory-il-festival-dedicato-alla-cultura-della-sostenibilita\/","og_site_name":"intoscana","article_publisher":"https:\/\/www.facebook.com\/intoscana.it","article_published_time":"2023-11-08T13:23:53+00:00","og_image":[{"width":2000,"height":1333,"url":"https:\/\/www.intoscana.it\/wp-content\/uploads\/GREEN-FACTORY-ed.-2022-TEPITARIUM-DEL-ROSTER.jpg","type":"image\/jpeg"}],"author":"Redazione","twitter_card":"summary_large_image","twitter_creator":"@intoscana","twitter_site":"@intoscana","twitter_misc":{"Written by":"Redazione","Est. reading time":"5 minuti"},"schema":{"@context":"https:\/\/schema.org","@graph":[{"@type":"WebPage","@id":"https:\/\/www.intoscana.it\/it\/torna-a-firenze-green-factory-il-festival-dedicato-alla-cultura-della-sostenibilita\/","url":"https:\/\/www.intoscana.it\/it\/torna-a-firenze-green-factory-il-festival-dedicato-alla-cultura-della-sostenibilita\/","name":"Torna a Firenze \"Green Factory\" il festival dedicato alla cultura della sostenibilit\u00e0 - intoscana","isPartOf":{"@id":"https:\/\/www.intoscana.it\/it\/#website"},"primaryImageOfPage":{"@id":"https:\/\/www.intoscana.it\/it\/torna-a-firenze-green-factory-il-festival-dedicato-alla-cultura-della-sostenibilita\/#primaryimage"},"image":{"@id":"https:\/\/www.intoscana.it\/it\/torna-a-firenze-green-factory-il-festival-dedicato-alla-cultura-della-sostenibilita\/#primaryimage"},"thumbnailUrl":"https:\/\/www.intoscana.it\/wp-content\/uploads\/GREEN-FACTORY-ed.-2022-TEPITARIUM-DEL-ROSTER.jpg","datePublished":"2023-11-08T13:23:53+00:00","author":{"@id":"https:\/\/www.intoscana.it\/it\/#\/schema\/person\/9223810753230f20bd670fdd322661f8"},"description":"Dal 16 al 19 novembre al Tepidarium del Roster quattro giorni di eventi con artisti, designer, esperti del settore, divulgatori, attivisti","breadcrumb":{"@id":"https:\/\/www.intoscana.it\/it\/torna-a-firenze-green-factory-il-festival-dedicato-alla-cultura-della-sostenibilita\/#breadcrumb"},"inLanguage":"it-IT","potentialAction":[{"@type":"ReadAction","target":["https:\/\/www.intoscana.it\/it\/torna-a-firenze-green-factory-il-festival-dedicato-alla-cultura-della-sostenibilita\/"]}]},{"@type":"ImageObject","inLanguage":"it-IT","@id":"https:\/\/www.intoscana.it\/it\/torna-a-firenze-green-factory-il-festival-dedicato-alla-cultura-della-sostenibilita\/#primaryimage","url":"https:\/\/www.intoscana.it\/wp-content\/uploads\/GREEN-FACTORY-ed.-2022-TEPITARIUM-DEL-ROSTER.jpg","contentUrl":"https:\/\/www.intoscana.it\/wp-content\/uploads\/GREEN-FACTORY-ed.-2022-TEPITARIUM-DEL-ROSTER.jpg","width":2000,"height":1333},{"@type":"BreadcrumbList","@id":"https:\/\/www.intoscana.it\/it\/torna-a-firenze-green-factory-il-festival-dedicato-alla-cultura-della-sostenibilita\/#breadcrumb","itemListElement":[{"@type":"ListItem","position":1,"name":"Home","item":"https:\/\/www.intoscana.it\/it\/"},{"@type":"ListItem","position":2,"name":"Torna a Firenze &#8220;Green Factory&#8221; il festival dedicato alla cultura della sostenibilit\u00e0"}]},{"@type":"WebSite","@id":"https:\/\/www.intoscana.it\/it\/#website","url":"https:\/\/www.intoscana.it\/it\/","name":"intoscana","description":"","potentialAction":[{"@type":"SearchAction","target":{"@type":"EntryPoint","urlTemplate":"https:\/\/www.intoscana.it\/it\/?s={search_term_string}"},"query-input":{"@type":"PropertyValueSpecification","valueRequired":true,"valueName":"search_term_string"}}],"inLanguage":"it-IT"},{"@type":"Person","@id":"https:\/\/www.intoscana.it\/it\/#\/schema\/person\/9223810753230f20bd670fdd322661f8","name":"Redazione","url":"https:\/\/www.intoscana.it\/it\/author\/redazione\/"}]}},"_links":{"self":[{"href":"https:\/\/www.intoscana.it\/it\/wp-json\/wp\/v2\/posts\/313675","targetHints":{"allow":["GET"]}}],"collection":[{"href":"https:\/\/www.intoscana.it\/it\/wp-json\/wp\/v2\/posts"}],"about":[{"href":"https:\/\/www.intoscana.it\/it\/wp-json\/wp\/v2\/types\/post"}],"author":[{"embeddable":true,"href":"https:\/\/www.intoscana.it\/it\/wp-json\/wp\/v2\/users\/525"}],"replies":[{"embeddable":true,"href":"https:\/\/www.intoscana.it\/it\/wp-json\/wp\/v2\/comments?post=313675"}],"version-history":[{"count":0,"href":"https:\/\/www.intoscana.it\/it\/wp-json\/wp\/v2\/posts\/313675\/revisions"}],"wp:featuredmedia":[{"embeddable":true,"href":"https:\/\/www.intoscana.it\/it\/wp-json\/wp\/v2\/media\/313657"}],"wp:attachment":[{"href":"https:\/\/www.intoscana.it\/it\/wp-json\/wp\/v2\/media?parent=313675"}],"wp:term":[{"taxonomy":"category","embeddable":true,"href":"https:\/\/www.intoscana.it\/it\/wp-json\/wp\/v2\/categories?post=313675"},{"taxonomy":"post_tag","embeddable":true,"href":"https:\/\/www.intoscana.it\/it\/wp-json\/wp\/v2\/tags?post=313675"}],"curies":[{"name":"wp","href":"https:\/\/api.w.org\/{rel}","templated":true}]}}