{"id":313746,"date":"2023-11-08T12:30:18","date_gmt":"2023-11-08T11:30:18","guid":{"rendered":"https:\/\/www.intoscana.it\/it\/?p=313746"},"modified":"2023-11-08T14:01:47","modified_gmt":"2023-11-08T13:01:47","slug":"i-tumori-neuroendocrini-fanno-meno-paura-careggi-e-lospedale-di-pisa-al-top-nelle-cure-in-italia","status":"publish","type":"post","link":"https:\/\/www.intoscana.it\/it\/i-tumori-neuroendocrini-fanno-meno-paura-careggi-e-lospedale-di-pisa-al-top-nelle-cure-in-italia\/","title":{"rendered":"I tumori neuroendocrini fanno meno paura: Careggi e l&#8217;Ospedale di Pisa al top nelle cure in Italia"},"content":{"rendered":"<p><strong>L\u2019 Azienda Ospedaliero Universitaria di Careggi di Firenze e l\u2019Azienda Ospedaliero Universitaria di Pisa,<\/strong> sono tra i<strong> 34 centri nazionali<\/strong> in grado di offrire una<strong> terapia oncologica innovativa<\/strong> che sta rivoluzionando la cura del cancro a partire da una<strong> neoplasia rara,<\/strong> ossia dai <strong>pazienti con tumori neuroendocrini (NET),<\/strong> ma che in futuro potr\u00e0 arricchire il ventaglio terapeutico di numerose tipologie di tumori.<\/p>\n<p><em><strong>\u201cI NET sono un gruppo eterogeneo di neoplasie con sintomi variabili,<\/strong> a volte silenti che li rendono non facilmente identificabili &#8211;<\/em> dichiara il <strong>Professor Lorenzo Antonuzzo, Direttore Oncologia Clinica dell\u2019Ospedale Careggi e Direttore della Scuola di Specializzazione Oncologia Medica dell\u2019Universit\u00e0 di Firenze<\/strong> &#8211; <em>Si tratta di neoplasie a bassa incidenza, con 5-6 casi ogni 100mila abitanti che corrispondono a circa 2.700 nuove diagnosi stimate in Italia. Il 60-70% dei tumori neuroendocrini riguardano il tratto digerente (GEP-NET): di questa forma nella nostra regione si registrano circa 500 casi ogni anno. I tumori neuroendocrini che interessano il tratto gastrointestinale, non danno chiari sintomi, nel 40\/50% dei casi vengono diagnosticati con molto ritardo, spesso in fase metastatica quando la malattia non \u00e8 pi\u00f9 curabile con la sola chirurgia &#8211; precisa l\u2019esperto &#8211; Ma questi pazienti possono oggi beneficiare di un\u2019opzione terapeutica in pi\u00f9 gi\u00e0 disponibile in Italia seppur indicata soltanto per coloro che esprimono recettori della somatostatina, \u2018bersaglio\u2019 che pu\u00f2 essere colpito dalla nuova terapia oncologica\u201d.<\/em><\/p>\n<h3>Come funziona l&#8217;innovativa terapia con radioligandi<\/h3>\n<p><strong>La terapia con radioligandi \u00e8 la nuova frontiera della medicina di precisione<\/strong> in ambito medico-nucleare, in grado di \u2018taggare\u2019 e colpire insieme le cellule tumorali, distinguendole selettivamente da quelle sane, senza danneggiarle.<\/p>\n<p><strong>I radioligandi sono killer di precisione<\/strong> capaci di individuare le cellule tumorali pi\u00f9 nascoste ovunque si trovino e di annientarle una per una. Un radioligando \u00e8 composto da due elementi: <strong>una molecola \u201cligando\u201d,<\/strong> cio\u00e8 un vettore in grado di riconoscere e legarsi alle cellule tumorali che, nella fase terapeutica, viene \u2018agganciata\u2019 a<strong> un isotopo radioattivo trasportato direttamente sulle cellule malate. <\/strong><\/p>\n<p><strong>Raggiunto il bersaglio finale l\u2019isotopo irradia selettivamente le cellule tumorali,<\/strong> provocandone la morte. Si tratta dunque di una terapia target di ultra-precisione, che unisce un\u2019elevata efficacia, sicurezza e tollerabilit\u00e0 a una minima tossicit\u00e0, perch\u00e9 non va metabolizzata e agisce per periodi limitati che dipendono dal tempo di decadimento della radioattivit\u00e0.<\/p>\n<p><em>\u201cIl beneficio pi\u00f9 rilevante della RLT \u00e8 l\u2019efficacia a lungo termine che \u00e8 in grado di offrire al paziente<\/em> &#8211; <strong>sottolinea il professor Antonuzzo<\/strong> -. <em>Come tutti i trattamenti mirati oltre ad una elevata efficacia in termini di allungamento della sopravvivenza, ha un profilo di tossicit\u00e0 minima ed \u00e8 ben tollerata garantendo al paziente un\u2019ottima qualit\u00e0 di vita\u201d.<\/em><\/p>\n<p>Con il nuovo approccio<strong> la stabilizzazione della malattia \u00e8 ben pi\u00f9 lunga<\/strong>, pi\u00f9 di tre anni come sopravvivenza libera da progressione, come riportato dalla letteratura scientifica pi\u00f9 recente.<\/p>\n<p><strong>Inoltre \u00e8 ben tollerata rispetto alle altre terapie<\/strong> che sono gravate da una tossicit\u00e0 quotidiana, che invece nel caso della RLT \u00e8 moderata e contestuale al periodo immediatamente successivo alla somministrazione.<\/p>\n<p><em>\u201cIn Toscana il livello di assistenza e di cura per i pazienti con NET \u00e8 nettamente migliorato negli ultimi anni ed \u00e8 attualmente ai massimi standard internazionali. Fino a 4 anni fa i pazienti toscani erano costretti a migrare in altre regioni perch\u00e9 la terapia con radioligandi non era disponibile. Da circa 3 anni \u00e8 possibile fare questo trattamento sia nell\u2019Azienda Ospedaliero Universitaria di Careggi, a cui arrivano pazienti da tutta Italia, che a quella di Pisa. Il Careggi ha una forte expertise sui NET e quindi implementare la RLT \u00e8 stato un\u2019evoluzione naturale, \u00e8 bastato formalizzare il team di lavoro attingendo a professionalit\u00e0 gi\u00e0 a disposizione nel centro. Pi\u00f9 impegnativo \u00e8 stato invece organizzare il percorso del paziente, all\u2019interno dell\u2019ospedale a partire dalla presa in carico in ambulatorio, perch\u00e9 ha richiesto modifiche organizzative che hanno coinvolto pi\u00f9 reparti<\/em>. \u2013 <strong>osserva ancora Antonuzzo<\/strong> -.<em> I pazienti candidabili alla terapia RLT devono essere prima valutati da un team multidisciplinare, composto da diverse figure che vanno dal medico nucleare all\u2019oncologo medico, dal radioterapista oncologo al chirurgo, al radiologo, all\u2019anatomopatologo. La stretta collaborazione tra clinici di discipline diverse \u00e8 indispensabile per garantire al paziente il miglior percorso diagnostico e terapeutico\u201d.<\/em><\/p>\n","protected":false},"excerpt":{"rendered":"<p>In occasione della Giornata Mondiale dedicata ai tumori rari neuroendocrini, che ricorre il 10 novembre, gli esperti hanno fatto il punto sulle nuove frontiere della terapia contro il cancro che ha colpito anche Fedez e Steve Jobs<\/p>\n","protected":false},"author":525,"featured_media":82141,"comment_status":"open","ping_status":"open","sticky":false,"template":"","format":"standard","meta":{"_acf_changed":false,"footnotes":""},"categories":[18],"tags":[134,349,5169],"class_list":["post-313746","post","type-post","status-publish","format-standard","has-post-thumbnail","hentry","category-salute","tag-salute","tag-sanita","tag-tumori"],"acf":[],"yoast_head":"<!-- This site is optimized with the Yoast SEO Premium plugin v24.2 (Yoast SEO v25.6) - https:\/\/yoast.com\/wordpress\/plugins\/seo\/ -->\n<title>I tumori neuroendocrini fanno meno paura: Careggi e l&#039;Ospedale di Pisa al top nelle cure in Italia - intoscana<\/title>\n<meta name=\"description\" content=\"In occasione della Giornata Mondiale dedicata ai tumori rari neuroendocrini, che ricorre il 10 novembre, gli esperti hanno fatto il punto\" \/>\n<meta name=\"robots\" content=\"index, follow, max-snippet:-1, max-image-preview:large, max-video-preview:-1\" \/>\n<link rel=\"canonical\" href=\"https:\/\/www.intoscana.it\/it\/i-tumori-neuroendocrini-fanno-meno-paura-careggi-e-lospedale-di-pisa-al-top-nelle-cure-in-italia\/\" \/>\n<meta property=\"og:locale\" content=\"it_IT\" \/>\n<meta property=\"og:type\" content=\"article\" \/>\n<meta property=\"og:title\" content=\"I tumori neuroendocrini fanno meno paura: Careggi e l&#039;Ospedale di Pisa al top nelle cure in Italia\" \/>\n<meta property=\"og:description\" content=\"In occasione della Giornata Mondiale dedicata ai tumori rari neuroendocrini, che ricorre il 10 novembre, gli esperti hanno fatto il punto\" \/>\n<meta property=\"og:url\" content=\"https:\/\/www.intoscana.it\/it\/i-tumori-neuroendocrini-fanno-meno-paura-careggi-e-lospedale-di-pisa-al-top-nelle-cure-in-italia\/\" \/>\n<meta property=\"og:site_name\" content=\"intoscana\" \/>\n<meta property=\"article:publisher\" content=\"https:\/\/www.facebook.com\/intoscana.it\" \/>\n<meta property=\"article:published_time\" content=\"2023-11-08T11:30:18+00:00\" \/>\n<meta property=\"article:modified_time\" content=\"2023-11-08T13:01:47+00:00\" \/>\n<meta property=\"og:image\" content=\"https:\/\/www.intoscana.it\/wp-content\/uploads\/shutterstock_390249514.jpg\" \/>\n\t<meta property=\"og:image:width\" content=\"2000\" \/>\n\t<meta property=\"og:image:height\" content=\"1321\" \/>\n\t<meta property=\"og:image:type\" content=\"image\/jpeg\" \/>\n<meta name=\"author\" content=\"Redazione\" \/>\n<meta name=\"twitter:card\" content=\"summary_large_image\" \/>\n<meta name=\"twitter:creator\" content=\"@intoscana\" \/>\n<meta name=\"twitter:site\" content=\"@intoscana\" \/>\n<meta name=\"twitter:label1\" content=\"Written by\" \/>\n\t<meta name=\"twitter:data1\" content=\"Redazione\" \/>\n\t<meta name=\"twitter:label2\" content=\"Est. reading time\" \/>\n\t<meta name=\"twitter:data2\" content=\"3 minuti\" \/>\n<script type=\"application\/ld+json\" class=\"yoast-schema-graph\">{\"@context\":\"https:\/\/schema.org\",\"@graph\":[{\"@type\":\"WebPage\",\"@id\":\"https:\/\/www.intoscana.it\/it\/i-tumori-neuroendocrini-fanno-meno-paura-careggi-e-lospedale-di-pisa-al-top-nelle-cure-in-italia\/\",\"url\":\"https:\/\/www.intoscana.it\/it\/i-tumori-neuroendocrini-fanno-meno-paura-careggi-e-lospedale-di-pisa-al-top-nelle-cure-in-italia\/\",\"name\":\"I tumori neuroendocrini fanno meno paura: Careggi e l'Ospedale di Pisa al top nelle cure in Italia - intoscana\",\"isPartOf\":{\"@id\":\"https:\/\/www.intoscana.it\/it\/#website\"},\"primaryImageOfPage\":{\"@id\":\"https:\/\/www.intoscana.it\/it\/i-tumori-neuroendocrini-fanno-meno-paura-careggi-e-lospedale-di-pisa-al-top-nelle-cure-in-italia\/#primaryimage\"},\"image\":{\"@id\":\"https:\/\/www.intoscana.it\/it\/i-tumori-neuroendocrini-fanno-meno-paura-careggi-e-lospedale-di-pisa-al-top-nelle-cure-in-italia\/#primaryimage\"},\"thumbnailUrl\":\"https:\/\/www.intoscana.it\/wp-content\/uploads\/shutterstock_390249514.jpg\",\"datePublished\":\"2023-11-08T11:30:18+00:00\",\"dateModified\":\"2023-11-08T13:01:47+00:00\",\"author\":{\"@id\":\"https:\/\/www.intoscana.it\/it\/#\/schema\/person\/9223810753230f20bd670fdd322661f8\"},\"description\":\"In occasione della Giornata Mondiale dedicata ai tumori rari neuroendocrini, che ricorre il 10 novembre, gli esperti hanno fatto il punto\",\"breadcrumb\":{\"@id\":\"https:\/\/www.intoscana.it\/it\/i-tumori-neuroendocrini-fanno-meno-paura-careggi-e-lospedale-di-pisa-al-top-nelle-cure-in-italia\/#breadcrumb\"},\"inLanguage\":\"it-IT\",\"potentialAction\":[{\"@type\":\"ReadAction\",\"target\":[\"https:\/\/www.intoscana.it\/it\/i-tumori-neuroendocrini-fanno-meno-paura-careggi-e-lospedale-di-pisa-al-top-nelle-cure-in-italia\/\"]}]},{\"@type\":\"ImageObject\",\"inLanguage\":\"it-IT\",\"@id\":\"https:\/\/www.intoscana.it\/it\/i-tumori-neuroendocrini-fanno-meno-paura-careggi-e-lospedale-di-pisa-al-top-nelle-cure-in-italia\/#primaryimage\",\"url\":\"https:\/\/www.intoscana.it\/wp-content\/uploads\/shutterstock_390249514.jpg\",\"contentUrl\":\"https:\/\/www.intoscana.it\/wp-content\/uploads\/shutterstock_390249514.jpg\",\"width\":2000,\"height\":1321,\"caption\":\"Tumori\"},{\"@type\":\"BreadcrumbList\",\"@id\":\"https:\/\/www.intoscana.it\/it\/i-tumori-neuroendocrini-fanno-meno-paura-careggi-e-lospedale-di-pisa-al-top-nelle-cure-in-italia\/#breadcrumb\",\"itemListElement\":[{\"@type\":\"ListItem\",\"position\":1,\"name\":\"Home\",\"item\":\"https:\/\/www.intoscana.it\/it\/\"},{\"@type\":\"ListItem\",\"position\":2,\"name\":\"I tumori neuroendocrini fanno meno paura: Careggi e l&#8217;Ospedale di Pisa al top nelle cure in Italia\"}]},{\"@type\":\"WebSite\",\"@id\":\"https:\/\/www.intoscana.it\/it\/#website\",\"url\":\"https:\/\/www.intoscana.it\/it\/\",\"name\":\"intoscana\",\"description\":\"\",\"potentialAction\":[{\"@type\":\"SearchAction\",\"target\":{\"@type\":\"EntryPoint\",\"urlTemplate\":\"https:\/\/www.intoscana.it\/it\/?s={search_term_string}\"},\"query-input\":{\"@type\":\"PropertyValueSpecification\",\"valueRequired\":true,\"valueName\":\"search_term_string\"}}],\"inLanguage\":\"it-IT\"},{\"@type\":\"Person\",\"@id\":\"https:\/\/www.intoscana.it\/it\/#\/schema\/person\/9223810753230f20bd670fdd322661f8\",\"name\":\"Redazione\",\"url\":\"https:\/\/www.intoscana.it\/it\/author\/redazione\/\"}]}<\/script>\n<!-- \/ Yoast SEO Premium plugin. -->","yoast_head_json":{"title":"I tumori neuroendocrini fanno meno paura: Careggi e l'Ospedale di Pisa al top nelle cure in Italia - intoscana","description":"In occasione della Giornata Mondiale dedicata ai tumori rari neuroendocrini, che ricorre il 10 novembre, gli esperti hanno fatto il punto","robots":{"index":"index","follow":"follow","max-snippet":"max-snippet:-1","max-image-preview":"max-image-preview:large","max-video-preview":"max-video-preview:-1"},"canonical":"https:\/\/www.intoscana.it\/it\/i-tumori-neuroendocrini-fanno-meno-paura-careggi-e-lospedale-di-pisa-al-top-nelle-cure-in-italia\/","og_locale":"it_IT","og_type":"article","og_title":"I tumori neuroendocrini fanno meno paura: Careggi e l'Ospedale di Pisa al top nelle cure in Italia","og_description":"In occasione della Giornata Mondiale dedicata ai tumori rari neuroendocrini, che ricorre il 10 novembre, gli esperti hanno fatto il punto","og_url":"https:\/\/www.intoscana.it\/it\/i-tumori-neuroendocrini-fanno-meno-paura-careggi-e-lospedale-di-pisa-al-top-nelle-cure-in-italia\/","og_site_name":"intoscana","article_publisher":"https:\/\/www.facebook.com\/intoscana.it","article_published_time":"2023-11-08T11:30:18+00:00","article_modified_time":"2023-11-08T13:01:47+00:00","og_image":[{"width":2000,"height":1321,"url":"https:\/\/www.intoscana.it\/wp-content\/uploads\/shutterstock_390249514.jpg","type":"image\/jpeg"}],"author":"Redazione","twitter_card":"summary_large_image","twitter_creator":"@intoscana","twitter_site":"@intoscana","twitter_misc":{"Written by":"Redazione","Est. reading time":"3 minuti"},"schema":{"@context":"https:\/\/schema.org","@graph":[{"@type":"WebPage","@id":"https:\/\/www.intoscana.it\/it\/i-tumori-neuroendocrini-fanno-meno-paura-careggi-e-lospedale-di-pisa-al-top-nelle-cure-in-italia\/","url":"https:\/\/www.intoscana.it\/it\/i-tumori-neuroendocrini-fanno-meno-paura-careggi-e-lospedale-di-pisa-al-top-nelle-cure-in-italia\/","name":"I tumori neuroendocrini fanno meno paura: Careggi e l'Ospedale di Pisa al top nelle cure in Italia - intoscana","isPartOf":{"@id":"https:\/\/www.intoscana.it\/it\/#website"},"primaryImageOfPage":{"@id":"https:\/\/www.intoscana.it\/it\/i-tumori-neuroendocrini-fanno-meno-paura-careggi-e-lospedale-di-pisa-al-top-nelle-cure-in-italia\/#primaryimage"},"image":{"@id":"https:\/\/www.intoscana.it\/it\/i-tumori-neuroendocrini-fanno-meno-paura-careggi-e-lospedale-di-pisa-al-top-nelle-cure-in-italia\/#primaryimage"},"thumbnailUrl":"https:\/\/www.intoscana.it\/wp-content\/uploads\/shutterstock_390249514.jpg","datePublished":"2023-11-08T11:30:18+00:00","dateModified":"2023-11-08T13:01:47+00:00","author":{"@id":"https:\/\/www.intoscana.it\/it\/#\/schema\/person\/9223810753230f20bd670fdd322661f8"},"description":"In occasione della Giornata Mondiale dedicata ai tumori rari neuroendocrini, che ricorre il 10 novembre, gli esperti hanno fatto il punto","breadcrumb":{"@id":"https:\/\/www.intoscana.it\/it\/i-tumori-neuroendocrini-fanno-meno-paura-careggi-e-lospedale-di-pisa-al-top-nelle-cure-in-italia\/#breadcrumb"},"inLanguage":"it-IT","potentialAction":[{"@type":"ReadAction","target":["https:\/\/www.intoscana.it\/it\/i-tumori-neuroendocrini-fanno-meno-paura-careggi-e-lospedale-di-pisa-al-top-nelle-cure-in-italia\/"]}]},{"@type":"ImageObject","inLanguage":"it-IT","@id":"https:\/\/www.intoscana.it\/it\/i-tumori-neuroendocrini-fanno-meno-paura-careggi-e-lospedale-di-pisa-al-top-nelle-cure-in-italia\/#primaryimage","url":"https:\/\/www.intoscana.it\/wp-content\/uploads\/shutterstock_390249514.jpg","contentUrl":"https:\/\/www.intoscana.it\/wp-content\/uploads\/shutterstock_390249514.jpg","width":2000,"height":1321,"caption":"Tumori"},{"@type":"BreadcrumbList","@id":"https:\/\/www.intoscana.it\/it\/i-tumori-neuroendocrini-fanno-meno-paura-careggi-e-lospedale-di-pisa-al-top-nelle-cure-in-italia\/#breadcrumb","itemListElement":[{"@type":"ListItem","position":1,"name":"Home","item":"https:\/\/www.intoscana.it\/it\/"},{"@type":"ListItem","position":2,"name":"I tumori neuroendocrini fanno meno paura: Careggi e l&#8217;Ospedale di Pisa al top nelle cure in Italia"}]},{"@type":"WebSite","@id":"https:\/\/www.intoscana.it\/it\/#website","url":"https:\/\/www.intoscana.it\/it\/","name":"intoscana","description":"","potentialAction":[{"@type":"SearchAction","target":{"@type":"EntryPoint","urlTemplate":"https:\/\/www.intoscana.it\/it\/?s={search_term_string}"},"query-input":{"@type":"PropertyValueSpecification","valueRequired":true,"valueName":"search_term_string"}}],"inLanguage":"it-IT"},{"@type":"Person","@id":"https:\/\/www.intoscana.it\/it\/#\/schema\/person\/9223810753230f20bd670fdd322661f8","name":"Redazione","url":"https:\/\/www.intoscana.it\/it\/author\/redazione\/"}]}},"_links":{"self":[{"href":"https:\/\/www.intoscana.it\/it\/wp-json\/wp\/v2\/posts\/313746","targetHints":{"allow":["GET"]}}],"collection":[{"href":"https:\/\/www.intoscana.it\/it\/wp-json\/wp\/v2\/posts"}],"about":[{"href":"https:\/\/www.intoscana.it\/it\/wp-json\/wp\/v2\/types\/post"}],"author":[{"embeddable":true,"href":"https:\/\/www.intoscana.it\/it\/wp-json\/wp\/v2\/users\/525"}],"replies":[{"embeddable":true,"href":"https:\/\/www.intoscana.it\/it\/wp-json\/wp\/v2\/comments?post=313746"}],"version-history":[{"count":0,"href":"https:\/\/www.intoscana.it\/it\/wp-json\/wp\/v2\/posts\/313746\/revisions"}],"wp:featuredmedia":[{"embeddable":true,"href":"https:\/\/www.intoscana.it\/it\/wp-json\/wp\/v2\/media\/82141"}],"wp:attachment":[{"href":"https:\/\/www.intoscana.it\/it\/wp-json\/wp\/v2\/media?parent=313746"}],"wp:term":[{"taxonomy":"category","embeddable":true,"href":"https:\/\/www.intoscana.it\/it\/wp-json\/wp\/v2\/categories?post=313746"},{"taxonomy":"post_tag","embeddable":true,"href":"https:\/\/www.intoscana.it\/it\/wp-json\/wp\/v2\/tags?post=313746"}],"curies":[{"name":"wp","href":"https:\/\/api.w.org\/{rel}","templated":true}]}}