{"id":314158,"date":"2023-11-10T14:00:47","date_gmt":"2023-11-10T13:00:47","guid":{"rendered":"https:\/\/www.intoscana.it\/it\/?p=314158"},"modified":"2023-11-10T14:15:53","modified_gmt":"2023-11-10T13:15:53","slug":"la-regione-toscana-aderisce-alla-campagna-della-rai-per-lempowerment-femminile","status":"publish","type":"post","link":"https:\/\/www.intoscana.it\/it\/la-regione-toscana-aderisce-alla-campagna-della-rai-per-lempowerment-femminile\/","title":{"rendered":"La Regione Toscana  aderisce alla campagna della Rai per l&#8217;empowerment femminile"},"content":{"rendered":"<p><strong><em>&#8220;No Women No Panel &#8211; Senza donne non se ne parla&#8221;<\/em> <\/strong>\u00e8 il titolo della campagna nata per volere della <strong>Commissione europea<\/strong> introdotta in Italia dalla<strong> Rai<\/strong> per promuovere una partecipazione bilanciata e plurale di donne e uomini negli eventi di comunicazione.<\/p>\n<p>Venerd\u00ec 10 novembre a Palazzo Strozzi Sacrati <strong>il presidente della Regione Toscana Eugenio Giani<\/strong> e <strong>la presidente della Rai Marinella Soldi<\/strong> hanno sottoscritto il protocollo d&#8217;intesa con cui <strong>la Regione Toscana diventa partner dell&#8217;iniziativa.<\/strong><\/p>\n<p>L&#8217;obiettivo di <em><strong>&#8220;No Women No Panel&#8221;<\/strong> <\/em>\u00e8 \u00a0favorire l&#8217;equilibrio di genere garantendo l&#8217;adeguata rappresentanza delle donne in <strong>convegni, appuntamenti istituzionali e talk show, <\/strong>per promuovere<strong> la presenza delle donne nel dibattito pubblico,<\/strong> valorizzando competenze, esperienze e talenti femminili per una pi\u00f9 compiuta attuazione dei principi di democrazia paritaria e pluralismo.<\/p>\n<p><em>&#8220;Siamo felici di essere tornati in Toscana per l&#8217;adesione della Regione a &#8216;No Women no Panel -Senza donne non se ne parla&#8217; &#8211;<\/em><strong> ha detto la presidente della Rai Marinella Soldi <\/strong><em>-. L&#8217;evento di oggi ci dice che il rapporto con il territorio, a un anno dalla firma del protocollo con il Comune e l&#8217;Universit\u00e0 di Firenze, si conferma solido ed efficace. Sostenibilit\u00e0 oggi significa occuparsi di cambiamento climatico, come dimostrano le recenti notizie sull&#8217;alluvione che ha colpito anche la vostra regione, ma anche di tematiche sociali come la lotta per ottenere l&#8217;uguaglianza di genere. Su questo non si pu\u00f2 tornare indietro e il successo di questa iniziativa dimostra che il suo approccio semplice e concreto \u00e8 proprio il suo punto di forza&#8221;.<\/em><\/p>\n<p><strong>La Regione Toscana<\/strong> gi\u00e0 da tempo si \u00e8 fatta portavoce della parit\u00e0 di genere un valore decisivo per costruire una societ\u00e0 pi\u00f9 giusta e inclusiva e lo far\u00e0 anche ne<a href=\"https:\/\/www.intoscana.it\/it\/articolo\/la-toscana-delle-donne-umanita\/\" target=\"_blank\" rel=\"noopener\"><strong> La Toscana delle donne<\/strong> <\/a>la settimana di eventi che<strong> dal 19 al 27 novembre<\/strong> metteranno al centro del dibattito pubblico il mondo femminile, con <strong>un programma ricco di ospiti e iniziative<\/strong> che parleranno di diritti, salute e lavoro.<\/p>\n<p><em>&#8220;La Regione Toscana &#8211;<\/em><strong> ha commentato il presidente Eugenio Giani &#8211;<\/strong><em> sostiene pienamente il principio e il valore della parit\u00e0 di genere: aderiamo quindi convintamente alla campagna &#8216;No Women no Panel&#8221; promossa dalla Rai affinch\u00e9 si allarghi la rete delle istituzioni e delle realt\u00e0 capaci di garantire parit\u00e0 di accesso e intervento negli spazi di comunicazione e pieno rispetto della dignit\u00e0 personale culturale e professionale della donna. La parit\u00e0 di genere \u00e8 un valore decisivo per costruire una societ\u00e0 pi\u00f9 giusta e inclusiva in cui il talento, le competenze e le prospettive delle donne siano riconosciuti pienamente: proprio per perseguire compiutamente questo obiettivo da due anni abbiamo lanciato il progetto &#8216;Toscana delle donne&#8217; dedicato a costruire politiche di parit\u00e0 di genere&#8221;.<\/em><\/p>\n<p>&nbsp;<\/p>\n","protected":false},"excerpt":{"rendered":"<p>&#8220;No Women No Panel &#8211; Senza donne non se ne parla&#8221; \u00e8 la campagna europea introdotta in Italia dalla Rai per promuovere una partecipazione bilanciata e plurale di donne e uomini negli eventi di comunicazione<\/p>\n","protected":false},"author":518,"featured_media":314175,"comment_status":"open","ping_status":"open","sticky":false,"template":"","format":"standard","meta":{"_acf_changed":false,"footnotes":""},"categories":[494],"tags":[411,5829,151],"class_list":["post-314158","post","type-post","status-publish","format-standard","has-post-thumbnail","hentry","category-attualita","tag-donne","tag-rai","tag-regione-toscana"],"acf":[],"yoast_head":"<!-- This site is optimized with the Yoast SEO Premium plugin v24.2 (Yoast SEO v25.6) - https:\/\/yoast.com\/wordpress\/plugins\/seo\/ -->\n<title>La Regione Toscana aderisce alla campagna della Rai per l&#039;empowerment femminile - intoscana<\/title>\n<meta name=\"description\" content=\"&quot;No Women No Panel - Senza donne non se ne parla&quot; \u00e8 la campagna europea introdotta in Italia dalla Rai per la parit\u00e0 di genere\" \/>\n<meta name=\"robots\" content=\"index, follow, max-snippet:-1, max-image-preview:large, max-video-preview:-1\" \/>\n<link rel=\"canonical\" href=\"https:\/\/www.intoscana.it\/it\/la-regione-toscana-aderisce-alla-campagna-della-rai-per-lempowerment-femminile\/\" \/>\n<meta property=\"og:locale\" content=\"it_IT\" \/>\n<meta property=\"og:type\" content=\"article\" \/>\n<meta property=\"og:title\" content=\"La Regione Toscana aderisce alla campagna della Rai per l&#039;empowerment femminile\" \/>\n<meta property=\"og:description\" content=\"&quot;No Women No Panel - Senza donne non se ne parla&quot; \u00e8 la campagna europea introdotta in Italia dalla Rai per la parit\u00e0 di genere\" \/>\n<meta property=\"og:url\" content=\"https:\/\/www.intoscana.it\/it\/la-regione-toscana-aderisce-alla-campagna-della-rai-per-lempowerment-femminile\/\" \/>\n<meta property=\"og:site_name\" content=\"intoscana\" \/>\n<meta property=\"article:publisher\" content=\"https:\/\/www.facebook.com\/intoscana.it\" \/>\n<meta property=\"article:published_time\" content=\"2023-11-10T13:00:47+00:00\" \/>\n<meta property=\"article:modified_time\" content=\"2023-11-10T13:15:53+00:00\" \/>\n<meta property=\"og:image\" content=\"https:\/\/www.intoscana.it\/wp-content\/uploads\/PRT_1256-scaled-e1699621518992.jpg\" \/>\n\t<meta property=\"og:image:width\" content=\"2048\" \/>\n\t<meta property=\"og:image:height\" content=\"1105\" \/>\n\t<meta property=\"og:image:type\" content=\"image\/jpeg\" \/>\n<meta name=\"author\" content=\"Costanza Baldini\" \/>\n<meta name=\"twitter:card\" content=\"summary_large_image\" \/>\n<meta name=\"twitter:creator\" content=\"@intoscana\" \/>\n<meta name=\"twitter:site\" content=\"@intoscana\" \/>\n<meta name=\"twitter:label1\" content=\"Written by\" \/>\n\t<meta name=\"twitter:data1\" content=\"Costanza Baldini\" \/>\n\t<meta name=\"twitter:label2\" content=\"Est. reading time\" \/>\n\t<meta name=\"twitter:data2\" content=\"2 minuti\" \/>\n<script type=\"application\/ld+json\" class=\"yoast-schema-graph\">{\"@context\":\"https:\/\/schema.org\",\"@graph\":[{\"@type\":\"WebPage\",\"@id\":\"https:\/\/www.intoscana.it\/it\/la-regione-toscana-aderisce-alla-campagna-della-rai-per-lempowerment-femminile\/\",\"url\":\"https:\/\/www.intoscana.it\/it\/la-regione-toscana-aderisce-alla-campagna-della-rai-per-lempowerment-femminile\/\",\"name\":\"La Regione Toscana aderisce alla campagna della Rai per l'empowerment femminile - intoscana\",\"isPartOf\":{\"@id\":\"https:\/\/www.intoscana.it\/it\/#website\"},\"primaryImageOfPage\":{\"@id\":\"https:\/\/www.intoscana.it\/it\/la-regione-toscana-aderisce-alla-campagna-della-rai-per-lempowerment-femminile\/#primaryimage\"},\"image\":{\"@id\":\"https:\/\/www.intoscana.it\/it\/la-regione-toscana-aderisce-alla-campagna-della-rai-per-lempowerment-femminile\/#primaryimage\"},\"thumbnailUrl\":\"https:\/\/www.intoscana.it\/wp-content\/uploads\/PRT_1256-scaled-e1699621518992.jpg\",\"datePublished\":\"2023-11-10T13:00:47+00:00\",\"dateModified\":\"2023-11-10T13:15:53+00:00\",\"author\":{\"@id\":\"https:\/\/www.intoscana.it\/it\/#\/schema\/person\/d469f35f09739bdf00bf5dd3f0647a82\"},\"description\":\"\\\"No Women No Panel - Senza donne non se ne parla\\\" \u00e8 la campagna europea introdotta in Italia dalla Rai per la parit\u00e0 di genere\",\"breadcrumb\":{\"@id\":\"https:\/\/www.intoscana.it\/it\/la-regione-toscana-aderisce-alla-campagna-della-rai-per-lempowerment-femminile\/#breadcrumb\"},\"inLanguage\":\"it-IT\",\"potentialAction\":[{\"@type\":\"ReadAction\",\"target\":[\"https:\/\/www.intoscana.it\/it\/la-regione-toscana-aderisce-alla-campagna-della-rai-per-lempowerment-femminile\/\"]}]},{\"@type\":\"ImageObject\",\"inLanguage\":\"it-IT\",\"@id\":\"https:\/\/www.intoscana.it\/it\/la-regione-toscana-aderisce-alla-campagna-della-rai-per-lempowerment-femminile\/#primaryimage\",\"url\":\"https:\/\/www.intoscana.it\/wp-content\/uploads\/PRT_1256-scaled-e1699621518992.jpg\",\"contentUrl\":\"https:\/\/www.intoscana.it\/wp-content\/uploads\/PRT_1256-scaled-e1699621518992.jpg\",\"width\":2048,\"height\":1105,\"caption\":\"Marinella Soldi e Eugenio Giani\"},{\"@type\":\"BreadcrumbList\",\"@id\":\"https:\/\/www.intoscana.it\/it\/la-regione-toscana-aderisce-alla-campagna-della-rai-per-lempowerment-femminile\/#breadcrumb\",\"itemListElement\":[{\"@type\":\"ListItem\",\"position\":1,\"name\":\"Home\",\"item\":\"https:\/\/www.intoscana.it\/it\/\"},{\"@type\":\"ListItem\",\"position\":2,\"name\":\"La Regione Toscana aderisce alla campagna della Rai per l&#8217;empowerment femminile\"}]},{\"@type\":\"WebSite\",\"@id\":\"https:\/\/www.intoscana.it\/it\/#website\",\"url\":\"https:\/\/www.intoscana.it\/it\/\",\"name\":\"intoscana\",\"description\":\"\",\"potentialAction\":[{\"@type\":\"SearchAction\",\"target\":{\"@type\":\"EntryPoint\",\"urlTemplate\":\"https:\/\/www.intoscana.it\/it\/?s={search_term_string}\"},\"query-input\":{\"@type\":\"PropertyValueSpecification\",\"valueRequired\":true,\"valueName\":\"search_term_string\"}}],\"inLanguage\":\"it-IT\"},{\"@type\":\"Person\",\"@id\":\"https:\/\/www.intoscana.it\/it\/#\/schema\/person\/d469f35f09739bdf00bf5dd3f0647a82\",\"name\":\"Costanza Baldini\",\"url\":\"https:\/\/www.intoscana.it\/it\/author\/costanza-baldini\/\"}]}<\/script>\n<!-- \/ Yoast SEO Premium plugin. -->","yoast_head_json":{"title":"La Regione Toscana aderisce alla campagna della Rai per l'empowerment femminile - intoscana","description":"\"No Women No Panel - Senza donne non se ne parla\" \u00e8 la campagna europea introdotta in Italia dalla Rai per la parit\u00e0 di genere","robots":{"index":"index","follow":"follow","max-snippet":"max-snippet:-1","max-image-preview":"max-image-preview:large","max-video-preview":"max-video-preview:-1"},"canonical":"https:\/\/www.intoscana.it\/it\/la-regione-toscana-aderisce-alla-campagna-della-rai-per-lempowerment-femminile\/","og_locale":"it_IT","og_type":"article","og_title":"La Regione Toscana aderisce alla campagna della Rai per l'empowerment femminile","og_description":"\"No Women No Panel - Senza donne non se ne parla\" \u00e8 la campagna europea introdotta in Italia dalla Rai per la parit\u00e0 di genere","og_url":"https:\/\/www.intoscana.it\/it\/la-regione-toscana-aderisce-alla-campagna-della-rai-per-lempowerment-femminile\/","og_site_name":"intoscana","article_publisher":"https:\/\/www.facebook.com\/intoscana.it","article_published_time":"2023-11-10T13:00:47+00:00","article_modified_time":"2023-11-10T13:15:53+00:00","og_image":[{"width":2048,"height":1105,"url":"https:\/\/www.intoscana.it\/wp-content\/uploads\/PRT_1256-scaled-e1699621518992.jpg","type":"image\/jpeg"}],"author":"Costanza Baldini","twitter_card":"summary_large_image","twitter_creator":"@intoscana","twitter_site":"@intoscana","twitter_misc":{"Written by":"Costanza Baldini","Est. reading time":"2 minuti"},"schema":{"@context":"https:\/\/schema.org","@graph":[{"@type":"WebPage","@id":"https:\/\/www.intoscana.it\/it\/la-regione-toscana-aderisce-alla-campagna-della-rai-per-lempowerment-femminile\/","url":"https:\/\/www.intoscana.it\/it\/la-regione-toscana-aderisce-alla-campagna-della-rai-per-lempowerment-femminile\/","name":"La Regione Toscana aderisce alla campagna della Rai per l'empowerment femminile - intoscana","isPartOf":{"@id":"https:\/\/www.intoscana.it\/it\/#website"},"primaryImageOfPage":{"@id":"https:\/\/www.intoscana.it\/it\/la-regione-toscana-aderisce-alla-campagna-della-rai-per-lempowerment-femminile\/#primaryimage"},"image":{"@id":"https:\/\/www.intoscana.it\/it\/la-regione-toscana-aderisce-alla-campagna-della-rai-per-lempowerment-femminile\/#primaryimage"},"thumbnailUrl":"https:\/\/www.intoscana.it\/wp-content\/uploads\/PRT_1256-scaled-e1699621518992.jpg","datePublished":"2023-11-10T13:00:47+00:00","dateModified":"2023-11-10T13:15:53+00:00","author":{"@id":"https:\/\/www.intoscana.it\/it\/#\/schema\/person\/d469f35f09739bdf00bf5dd3f0647a82"},"description":"\"No Women No Panel - Senza donne non se ne parla\" \u00e8 la campagna europea introdotta in Italia dalla Rai per la parit\u00e0 di genere","breadcrumb":{"@id":"https:\/\/www.intoscana.it\/it\/la-regione-toscana-aderisce-alla-campagna-della-rai-per-lempowerment-femminile\/#breadcrumb"},"inLanguage":"it-IT","potentialAction":[{"@type":"ReadAction","target":["https:\/\/www.intoscana.it\/it\/la-regione-toscana-aderisce-alla-campagna-della-rai-per-lempowerment-femminile\/"]}]},{"@type":"ImageObject","inLanguage":"it-IT","@id":"https:\/\/www.intoscana.it\/it\/la-regione-toscana-aderisce-alla-campagna-della-rai-per-lempowerment-femminile\/#primaryimage","url":"https:\/\/www.intoscana.it\/wp-content\/uploads\/PRT_1256-scaled-e1699621518992.jpg","contentUrl":"https:\/\/www.intoscana.it\/wp-content\/uploads\/PRT_1256-scaled-e1699621518992.jpg","width":2048,"height":1105,"caption":"Marinella Soldi e Eugenio Giani"},{"@type":"BreadcrumbList","@id":"https:\/\/www.intoscana.it\/it\/la-regione-toscana-aderisce-alla-campagna-della-rai-per-lempowerment-femminile\/#breadcrumb","itemListElement":[{"@type":"ListItem","position":1,"name":"Home","item":"https:\/\/www.intoscana.it\/it\/"},{"@type":"ListItem","position":2,"name":"La Regione Toscana aderisce alla campagna della Rai per l&#8217;empowerment femminile"}]},{"@type":"WebSite","@id":"https:\/\/www.intoscana.it\/it\/#website","url":"https:\/\/www.intoscana.it\/it\/","name":"intoscana","description":"","potentialAction":[{"@type":"SearchAction","target":{"@type":"EntryPoint","urlTemplate":"https:\/\/www.intoscana.it\/it\/?s={search_term_string}"},"query-input":{"@type":"PropertyValueSpecification","valueRequired":true,"valueName":"search_term_string"}}],"inLanguage":"it-IT"},{"@type":"Person","@id":"https:\/\/www.intoscana.it\/it\/#\/schema\/person\/d469f35f09739bdf00bf5dd3f0647a82","name":"Costanza Baldini","url":"https:\/\/www.intoscana.it\/it\/author\/costanza-baldini\/"}]}},"_links":{"self":[{"href":"https:\/\/www.intoscana.it\/it\/wp-json\/wp\/v2\/posts\/314158","targetHints":{"allow":["GET"]}}],"collection":[{"href":"https:\/\/www.intoscana.it\/it\/wp-json\/wp\/v2\/posts"}],"about":[{"href":"https:\/\/www.intoscana.it\/it\/wp-json\/wp\/v2\/types\/post"}],"author":[{"embeddable":true,"href":"https:\/\/www.intoscana.it\/it\/wp-json\/wp\/v2\/users\/518"}],"replies":[{"embeddable":true,"href":"https:\/\/www.intoscana.it\/it\/wp-json\/wp\/v2\/comments?post=314158"}],"version-history":[{"count":0,"href":"https:\/\/www.intoscana.it\/it\/wp-json\/wp\/v2\/posts\/314158\/revisions"}],"wp:featuredmedia":[{"embeddable":true,"href":"https:\/\/www.intoscana.it\/it\/wp-json\/wp\/v2\/media\/314175"}],"wp:attachment":[{"href":"https:\/\/www.intoscana.it\/it\/wp-json\/wp\/v2\/media?parent=314158"}],"wp:term":[{"taxonomy":"category","embeddable":true,"href":"https:\/\/www.intoscana.it\/it\/wp-json\/wp\/v2\/categories?post=314158"},{"taxonomy":"post_tag","embeddable":true,"href":"https:\/\/www.intoscana.it\/it\/wp-json\/wp\/v2\/tags?post=314158"}],"curies":[{"name":"wp","href":"https:\/\/api.w.org\/{rel}","templated":true}]}}