{"id":314181,"date":"2023-11-10T15:11:09","date_gmt":"2023-11-10T14:11:09","guid":{"rendered":"https:\/\/www.intoscana.it\/it\/?p=314181"},"modified":"2023-11-10T15:28:17","modified_gmt":"2023-11-10T14:28:17","slug":"torna-il-concorso-per-i-giovanissimi-libernauta-in-palio-biglietti-a-concerti-cinema-teatro-mostre","status":"publish","type":"post","link":"https:\/\/www.intoscana.it\/it\/torna-il-concorso-per-i-giovanissimi-libernauta-in-palio-biglietti-a-concerti-cinema-teatro-mostre\/","title":{"rendered":"Torna il concorso per i giovanissimi &#8220;Libernauta&#8221;: in palio biglietti a concerti, cinema, teatro, mostre"},"content":{"rendered":"<p>Torna per la<strong> 23esima edizione<\/strong> il concorso dedicato ai <strong>ragazzi e alle ragazze dai 14 ai 19 anni<\/strong> per avvicinarli al<strong> mondo della lettura e dei libri.<\/strong><\/p>\n<p><em><strong>&#8220;Libernauta&#8221;<\/strong><\/em> \u00e8 un progetto nato con l&#8217;obiettivo di incuriosire, stimolare, approfondire, provocare, ma soprattutto<strong> \u201cstanare\u201d i giovani non-lettori.<\/strong><\/p>\n<p>E lo fa mettendo in palio <strong>biglietti a concerti, cinema, teatro, mostre e buoni acquisto di libri<\/strong>, oltre alla possibilit\u00e0 di partecipare al festival <strong><a href=\"https:\/\/maredilibri.it\" target=\"_blank\" rel=\"noopener\">Mare di Libri<\/a> che si svolger\u00e0 a Rimini<\/strong> nella seconda met\u00e0 di giugno.<\/p>\n<p>Si conferma anche per questa edizione, la collaborazione con il <strong>Progetto Redazione<\/strong> (giornalino, web radio e storytelling) dell\u2019<strong>Istituto Superiore A.M. Enriques Agnoletti di Sesto Fiorentino<\/strong>: insieme a loro verranno studiati contenuti ed editing dei social media di <strong>Libernauta<\/strong>.<\/p>\n<p>In aggiunta, alcuni libernauti avranno l&#8217;opportunit\u00e0 di scoprire <strong>tutto il lavoro che sta dietro ad un libro,<\/strong> grazie alla nuova partnership con<a href=\"https:\/\/testo.pittimmagine.com\" target=\"_blank\" rel=\"noopener\"><strong> Testo Firenze<\/strong>:<\/a> la rassegna dedicata al mondo dell\u2019editoria e ai suoi protagonisti, che si terr\u00e0<strong> dal 23 al 25 febbraio 2024 alla Stazione Leopolda.<\/strong><\/p>\n<p>Dal 2000 ad oggi hanno partecipato a Libernauta circa<strong> 18mila ragazzi tra i 14 e i 19 anni,<\/strong> ogni anno coinvolge pi\u00f9 di <strong>30 scuole secondarie di secondo grado e oltre 40 biblioteche della Citt\u00e0 Metropolitana e del Mugello<\/strong>.<\/p>\n<p><em>\u201cLa promozione della lettura, in particolare tra le giovani generazioni, rappresenta sicuramente \u00e8 obiettivo fondamentale. Per questo come Amministrazione aderiamo a questo progetto che fa scoprire a tanti ragazzi e ragazze il piacere di leggere un libro. E lo fa andando nelle scuole e nelle biblioteche ma anche nei centri diurni, coinvolgendo i ragazzi singoli ma anche i gruppi per i quali la lettura diventa uno strumento di socializzazione. Una formula che negli anni si \u00e8 arricchita, aprendosi anche al digitale e ai nuovi linguaggi narrativi come video, fumetti e podcast, facendo di Libernauta un progetto di educazione alla lettura di grande successo tra i pi\u00f9 giovani\u201d<\/em> &#8211; ha detto la <strong>Vicesindaca e Assessora alla Cultura del Comune di Firenze Alessia Bettini.<\/strong><\/p>\n<figure id=\"post-314195 media-314195\" class=\"align-none\"><img decoding=\"async\" src=\"https:\/\/www.intoscana.it\/wp-content\/uploads\/Libernauta-2023-Foto-di-Edoardo-Battistini-EDBT7550.jpg\" alt=\"\" \/><\/figure>\n<div class=\"titleimg\"><em>Libernauta 2023 Foto di Edoardo Battistini\u00a0<\/em><\/div>\n<h3>Come si partecipa a Libernauta<\/h3>\n<p><strong>Partecipare a Libernauta \u00e8 semplicissimo!<\/strong> Si pu\u00f2 scegliere se <strong>partecipare da soli oppure coinvolgere un gruppo di amici,<\/strong> non necessariamente della stessa classe ma che comunque abbiano un&#8217;et\u00e0 compresa tra i 14 e i 19 anni. I gruppi possono essere formati da <strong>un massimo di 5 persone.<\/strong><\/p>\n<p>Per partecipare al concorso individualmente \u00e8 necessario<strong> recarsi alla propria biblioteca e farsi rilasciare il codice personale e il kit di benvenuto<\/strong>, prendere in prestito <strong>uno dei &#8220;magnifici 15&#8221; libri di questa edizione<\/strong>, andare sul sito <a href=\"https:\/\/www.libernauta.it\" target=\"_blank\" rel=\"noopener\"><strong>www.libernauta.it<\/strong><\/a> e iscriversi al concorso.<\/p>\n<p>Per concorrere ai premi e avere diritto all&#8217;attestato di partecipazione sar\u00e0 necessario<strong> presentare almeno 3 recensioni.<\/strong><\/p>\n<p>Tra i premi che saranno assegnati in questa categoria <strong>buoni acquisto per librerie, biglietti per cinema, teatro, mostre, concerti. <\/strong>Il premio \u00e8 rappresentato anche dalla pubblicazione della recensione migliore sulla <a href=\"https:\/\/www.liberweb.it\" target=\"_blank\" rel=\"noopener\"><strong>rivista LIBER,<\/strong><\/a> specializzata in libri per bambini e ragazzi.<\/p>\n<p>Anche per partecipare al concorso in gruppo \u00e8 necessario che<strong> il capo squadra si rechi in una delle Biblioteche della Citt\u00e0 Metropolitana<\/strong> aderenti all&#8217;iniziativa, per farsi cos\u00ec rilasciare il codice squadra che servir\u00e0 per la registrazione sul sito libernauta.it . Da l\u00ec sar\u00e0 poi possibile scegliere<strong> un nickname per la squadra<\/strong> e rendere noti i nomi dei componenti (massimo 5).<\/p>\n<p><strong>La recensione di gruppo sar\u00e0 &#8220;transmediale&#8221; e<\/strong> cio\u00e8 sar\u00e0 necessario raccontare le impressioni della squadra su minimo un libro<strong>, connettendo pi\u00f9 linguaggi narrativi.<\/strong> I ragazzi infatti dovranno sperimentare oltre al formato testuale almeno <strong>un altro linguaggio narrativo tra video, fumetto, podcast.<\/strong><\/p>\n<h3>I 15 libri selezionati per l&#8217;edizione 2023-2024 di Libernauta<\/h3>\n<p>Bruna Martini <strong>Roots. Radici, <\/strong>Becco Giallo 2023, 144 p.<br \/>\nLinn Skaber, Lisa Aisato, <strong>#Beingyoung, <\/strong>Giunti editore 2022, 238 p.<br \/>\nAriela Rizzi, Fabrizio Silei, Elisabetta Stoinich, <strong>Hikikomori, <\/strong>Einaudi 2023, 352 p.<br \/>\nFabio Geda, <strong>La scomparsa delle farfalle, <\/strong>Einaudi 2023, 256 P.<br \/>\nLisa Balavoine, <strong>Un ragazzo \u00e8 quasi niente, <\/strong>Terre di Mezzo 2023, 248 P.<br \/>\nNina LaCour, <strong>Stiamo bene cos\u00ec, <\/strong>Il Castoro 2023, 224 p.<br \/>\nManlio Castagna, Marco Magnone, <strong>Barriera, <\/strong>Piemme 2023, 272 p.<br \/>\nOlivier Adam, <strong>Prendimi per mano, <\/strong>Camelozampa 2023, 152 p.<br \/>\nMolly Knox Ostertag, <strong>La ragazza del mare, <\/strong>Tunu\u00e9 2023, 256 p.<br \/>\nMarta Breen, Jenny Jordahl, <strong>La caduta del patriarcato. La storia del sessismo, la lotta e la resistenza delle donne, <\/strong>Einaudi Ragazzi 2022, 104 p.<br \/>\nSara Magnoli, <strong>Fuori dal branco, <\/strong>Pelledoca Editore 2022, 197 p.<br \/>\nChristelle Dabos, <strong>Qui, solo qui e\/o 2023<\/strong>, 234 p.<br \/>\nFabio Basile, <strong>L\u2019impossibile non esiste, <\/strong>Giunti Editore 2021, 240 p.<br \/>\nLuisa Mattia, Manuel Fazzini , <strong>Il cattivo fratello, <\/strong>Giunti Editore, 2023, 208 p.<br \/>\nFrancesco Bedini, <strong>Maledetto Shakespeare, <\/strong>Pelledoca 2023, 213 p.<\/p>\n<figure id=\"post-314182 media-314182\" class=\"align-none\"><img decoding=\"async\" src=\"https:\/\/www.intoscana.it\/wp-content\/uploads\/398678944_644659591166459_4490544740306981662_n.jpg\" alt=\"\" \/><\/figure>\n<div class=\"titleimg\">Libernauta<\/div>\n","protected":false},"excerpt":{"rendered":"<p>Iscrizioni aperte fino al 3 maggio 2024, vincono le recensioni migliori ai &#8220;magnifici 15&#8221; libri scelti quest&#039;anno dalla commissione<\/p>\n","protected":false},"author":518,"featured_media":314194,"comment_status":"open","ping_status":"open","sticky":false,"template":"","format":"standard","meta":{"_acf_changed":false,"footnotes":""},"categories":[493],"tags":[221,210],"class_list":["post-314181","post","type-post","status-publish","format-standard","has-post-thumbnail","hentry","category-cultura","tag-giovani","tag-libri"],"acf":[],"yoast_head":"<!-- This site is optimized with the Yoast SEO Premium plugin v24.2 (Yoast SEO v25.6) - https:\/\/yoast.com\/wordpress\/plugins\/seo\/ -->\n<title>Torna il concorso per i giovanissimi &quot;Libernauta&quot;: in palio biglietti a concerti, cinema, teatro, mostre - intoscana<\/title>\n<meta name=\"description\" content=\"In palio biglietti a concerti, cinema, teatro, mostre e buoni acquisto di libri, oltre alla possibilit\u00e0 di partecipare a Mare di Libri\" \/>\n<meta name=\"robots\" content=\"index, follow, max-snippet:-1, max-image-preview:large, max-video-preview:-1\" \/>\n<link rel=\"canonical\" href=\"https:\/\/www.intoscana.it\/it\/torna-il-concorso-per-i-giovanissimi-libernauta-in-palio-biglietti-a-concerti-cinema-teatro-mostre\/\" \/>\n<meta property=\"og:locale\" content=\"it_IT\" \/>\n<meta property=\"og:type\" content=\"article\" \/>\n<meta property=\"og:title\" content=\"Torna il concorso per i giovanissimi &quot;Libernauta&quot;: in palio biglietti a concerti, cinema, teatro, mostre\" \/>\n<meta property=\"og:description\" content=\"In palio biglietti a concerti, cinema, teatro, mostre e buoni acquisto di libri, oltre alla possibilit\u00e0 di partecipare a Mare di Libri\" \/>\n<meta property=\"og:url\" content=\"https:\/\/www.intoscana.it\/it\/torna-il-concorso-per-i-giovanissimi-libernauta-in-palio-biglietti-a-concerti-cinema-teatro-mostre\/\" \/>\n<meta property=\"og:site_name\" content=\"intoscana\" \/>\n<meta property=\"article:publisher\" content=\"https:\/\/www.facebook.com\/intoscana.it\" \/>\n<meta property=\"article:published_time\" content=\"2023-11-10T14:11:09+00:00\" \/>\n<meta property=\"article:modified_time\" content=\"2023-11-10T14:28:17+00:00\" \/>\n<meta property=\"og:image\" content=\"https:\/\/www.intoscana.it\/wp-content\/uploads\/Libernauta-2023-Foto-di-Edoardo-Battistini-EDBT7525.jpg\" \/>\n\t<meta property=\"og:image:width\" content=\"2000\" \/>\n\t<meta property=\"og:image:height\" content=\"1333\" \/>\n\t<meta property=\"og:image:type\" content=\"image\/jpeg\" \/>\n<meta name=\"author\" content=\"Costanza Baldini\" \/>\n<meta name=\"twitter:card\" content=\"summary_large_image\" \/>\n<meta name=\"twitter:creator\" content=\"@intoscana\" \/>\n<meta name=\"twitter:site\" content=\"@intoscana\" \/>\n<meta name=\"twitter:label1\" content=\"Written by\" \/>\n\t<meta name=\"twitter:data1\" content=\"Costanza Baldini\" \/>\n\t<meta name=\"twitter:label2\" content=\"Est. reading time\" \/>\n\t<meta name=\"twitter:data2\" content=\"4 minuti\" \/>\n<script type=\"application\/ld+json\" class=\"yoast-schema-graph\">{\"@context\":\"https:\/\/schema.org\",\"@graph\":[{\"@type\":\"WebPage\",\"@id\":\"https:\/\/www.intoscana.it\/it\/torna-il-concorso-per-i-giovanissimi-libernauta-in-palio-biglietti-a-concerti-cinema-teatro-mostre\/\",\"url\":\"https:\/\/www.intoscana.it\/it\/torna-il-concorso-per-i-giovanissimi-libernauta-in-palio-biglietti-a-concerti-cinema-teatro-mostre\/\",\"name\":\"Torna il concorso per i giovanissimi \\\"Libernauta\\\": in palio biglietti a concerti, cinema, teatro, mostre - intoscana\",\"isPartOf\":{\"@id\":\"https:\/\/www.intoscana.it\/it\/#website\"},\"primaryImageOfPage\":{\"@id\":\"https:\/\/www.intoscana.it\/it\/torna-il-concorso-per-i-giovanissimi-libernauta-in-palio-biglietti-a-concerti-cinema-teatro-mostre\/#primaryimage\"},\"image\":{\"@id\":\"https:\/\/www.intoscana.it\/it\/torna-il-concorso-per-i-giovanissimi-libernauta-in-palio-biglietti-a-concerti-cinema-teatro-mostre\/#primaryimage\"},\"thumbnailUrl\":\"https:\/\/www.intoscana.it\/wp-content\/uploads\/Libernauta-2023-Foto-di-Edoardo-Battistini-EDBT7525.jpg\",\"datePublished\":\"2023-11-10T14:11:09+00:00\",\"dateModified\":\"2023-11-10T14:28:17+00:00\",\"author\":{\"@id\":\"https:\/\/www.intoscana.it\/it\/#\/schema\/person\/d469f35f09739bdf00bf5dd3f0647a82\"},\"description\":\"In palio biglietti a concerti, cinema, teatro, mostre e buoni acquisto di libri, oltre alla possibilit\u00e0 di partecipare a Mare di Libri\",\"breadcrumb\":{\"@id\":\"https:\/\/www.intoscana.it\/it\/torna-il-concorso-per-i-giovanissimi-libernauta-in-palio-biglietti-a-concerti-cinema-teatro-mostre\/#breadcrumb\"},\"inLanguage\":\"it-IT\",\"potentialAction\":[{\"@type\":\"ReadAction\",\"target\":[\"https:\/\/www.intoscana.it\/it\/torna-il-concorso-per-i-giovanissimi-libernauta-in-palio-biglietti-a-concerti-cinema-teatro-mostre\/\"]}]},{\"@type\":\"ImageObject\",\"inLanguage\":\"it-IT\",\"@id\":\"https:\/\/www.intoscana.it\/it\/torna-il-concorso-per-i-giovanissimi-libernauta-in-palio-biglietti-a-concerti-cinema-teatro-mostre\/#primaryimage\",\"url\":\"https:\/\/www.intoscana.it\/wp-content\/uploads\/Libernauta-2023-Foto-di-Edoardo-Battistini-EDBT7525.jpg\",\"contentUrl\":\"https:\/\/www.intoscana.it\/wp-content\/uploads\/Libernauta-2023-Foto-di-Edoardo-Battistini-EDBT7525.jpg\",\"width\":2000,\"height\":1333},{\"@type\":\"BreadcrumbList\",\"@id\":\"https:\/\/www.intoscana.it\/it\/torna-il-concorso-per-i-giovanissimi-libernauta-in-palio-biglietti-a-concerti-cinema-teatro-mostre\/#breadcrumb\",\"itemListElement\":[{\"@type\":\"ListItem\",\"position\":1,\"name\":\"Home\",\"item\":\"https:\/\/www.intoscana.it\/it\/\"},{\"@type\":\"ListItem\",\"position\":2,\"name\":\"Torna il concorso per i giovanissimi &#8220;Libernauta&#8221;: in palio biglietti a concerti, cinema, teatro, mostre\"}]},{\"@type\":\"WebSite\",\"@id\":\"https:\/\/www.intoscana.it\/it\/#website\",\"url\":\"https:\/\/www.intoscana.it\/it\/\",\"name\":\"intoscana\",\"description\":\"\",\"potentialAction\":[{\"@type\":\"SearchAction\",\"target\":{\"@type\":\"EntryPoint\",\"urlTemplate\":\"https:\/\/www.intoscana.it\/it\/?s={search_term_string}\"},\"query-input\":{\"@type\":\"PropertyValueSpecification\",\"valueRequired\":true,\"valueName\":\"search_term_string\"}}],\"inLanguage\":\"it-IT\"},{\"@type\":\"Person\",\"@id\":\"https:\/\/www.intoscana.it\/it\/#\/schema\/person\/d469f35f09739bdf00bf5dd3f0647a82\",\"name\":\"Costanza Baldini\",\"url\":\"https:\/\/www.intoscana.it\/it\/author\/costanza-baldini\/\"}]}<\/script>\n<!-- \/ Yoast SEO Premium plugin. -->","yoast_head_json":{"title":"Torna il concorso per i giovanissimi \"Libernauta\": in palio biglietti a concerti, cinema, teatro, mostre - intoscana","description":"In palio biglietti a concerti, cinema, teatro, mostre e buoni acquisto di libri, oltre alla possibilit\u00e0 di partecipare a Mare di Libri","robots":{"index":"index","follow":"follow","max-snippet":"max-snippet:-1","max-image-preview":"max-image-preview:large","max-video-preview":"max-video-preview:-1"},"canonical":"https:\/\/www.intoscana.it\/it\/torna-il-concorso-per-i-giovanissimi-libernauta-in-palio-biglietti-a-concerti-cinema-teatro-mostre\/","og_locale":"it_IT","og_type":"article","og_title":"Torna il concorso per i giovanissimi \"Libernauta\": in palio biglietti a concerti, cinema, teatro, mostre","og_description":"In palio biglietti a concerti, cinema, teatro, mostre e buoni acquisto di libri, oltre alla possibilit\u00e0 di partecipare a Mare di Libri","og_url":"https:\/\/www.intoscana.it\/it\/torna-il-concorso-per-i-giovanissimi-libernauta-in-palio-biglietti-a-concerti-cinema-teatro-mostre\/","og_site_name":"intoscana","article_publisher":"https:\/\/www.facebook.com\/intoscana.it","article_published_time":"2023-11-10T14:11:09+00:00","article_modified_time":"2023-11-10T14:28:17+00:00","og_image":[{"width":2000,"height":1333,"url":"https:\/\/www.intoscana.it\/wp-content\/uploads\/Libernauta-2023-Foto-di-Edoardo-Battistini-EDBT7525.jpg","type":"image\/jpeg"}],"author":"Costanza Baldini","twitter_card":"summary_large_image","twitter_creator":"@intoscana","twitter_site":"@intoscana","twitter_misc":{"Written by":"Costanza Baldini","Est. reading time":"4 minuti"},"schema":{"@context":"https:\/\/schema.org","@graph":[{"@type":"WebPage","@id":"https:\/\/www.intoscana.it\/it\/torna-il-concorso-per-i-giovanissimi-libernauta-in-palio-biglietti-a-concerti-cinema-teatro-mostre\/","url":"https:\/\/www.intoscana.it\/it\/torna-il-concorso-per-i-giovanissimi-libernauta-in-palio-biglietti-a-concerti-cinema-teatro-mostre\/","name":"Torna il concorso per i giovanissimi \"Libernauta\": in palio biglietti a concerti, cinema, teatro, mostre - intoscana","isPartOf":{"@id":"https:\/\/www.intoscana.it\/it\/#website"},"primaryImageOfPage":{"@id":"https:\/\/www.intoscana.it\/it\/torna-il-concorso-per-i-giovanissimi-libernauta-in-palio-biglietti-a-concerti-cinema-teatro-mostre\/#primaryimage"},"image":{"@id":"https:\/\/www.intoscana.it\/it\/torna-il-concorso-per-i-giovanissimi-libernauta-in-palio-biglietti-a-concerti-cinema-teatro-mostre\/#primaryimage"},"thumbnailUrl":"https:\/\/www.intoscana.it\/wp-content\/uploads\/Libernauta-2023-Foto-di-Edoardo-Battistini-EDBT7525.jpg","datePublished":"2023-11-10T14:11:09+00:00","dateModified":"2023-11-10T14:28:17+00:00","author":{"@id":"https:\/\/www.intoscana.it\/it\/#\/schema\/person\/d469f35f09739bdf00bf5dd3f0647a82"},"description":"In palio biglietti a concerti, cinema, teatro, mostre e buoni acquisto di libri, oltre alla possibilit\u00e0 di partecipare a Mare di Libri","breadcrumb":{"@id":"https:\/\/www.intoscana.it\/it\/torna-il-concorso-per-i-giovanissimi-libernauta-in-palio-biglietti-a-concerti-cinema-teatro-mostre\/#breadcrumb"},"inLanguage":"it-IT","potentialAction":[{"@type":"ReadAction","target":["https:\/\/www.intoscana.it\/it\/torna-il-concorso-per-i-giovanissimi-libernauta-in-palio-biglietti-a-concerti-cinema-teatro-mostre\/"]}]},{"@type":"ImageObject","inLanguage":"it-IT","@id":"https:\/\/www.intoscana.it\/it\/torna-il-concorso-per-i-giovanissimi-libernauta-in-palio-biglietti-a-concerti-cinema-teatro-mostre\/#primaryimage","url":"https:\/\/www.intoscana.it\/wp-content\/uploads\/Libernauta-2023-Foto-di-Edoardo-Battistini-EDBT7525.jpg","contentUrl":"https:\/\/www.intoscana.it\/wp-content\/uploads\/Libernauta-2023-Foto-di-Edoardo-Battistini-EDBT7525.jpg","width":2000,"height":1333},{"@type":"BreadcrumbList","@id":"https:\/\/www.intoscana.it\/it\/torna-il-concorso-per-i-giovanissimi-libernauta-in-palio-biglietti-a-concerti-cinema-teatro-mostre\/#breadcrumb","itemListElement":[{"@type":"ListItem","position":1,"name":"Home","item":"https:\/\/www.intoscana.it\/it\/"},{"@type":"ListItem","position":2,"name":"Torna il concorso per i giovanissimi &#8220;Libernauta&#8221;: in palio biglietti a concerti, cinema, teatro, mostre"}]},{"@type":"WebSite","@id":"https:\/\/www.intoscana.it\/it\/#website","url":"https:\/\/www.intoscana.it\/it\/","name":"intoscana","description":"","potentialAction":[{"@type":"SearchAction","target":{"@type":"EntryPoint","urlTemplate":"https:\/\/www.intoscana.it\/it\/?s={search_term_string}"},"query-input":{"@type":"PropertyValueSpecification","valueRequired":true,"valueName":"search_term_string"}}],"inLanguage":"it-IT"},{"@type":"Person","@id":"https:\/\/www.intoscana.it\/it\/#\/schema\/person\/d469f35f09739bdf00bf5dd3f0647a82","name":"Costanza Baldini","url":"https:\/\/www.intoscana.it\/it\/author\/costanza-baldini\/"}]}},"_links":{"self":[{"href":"https:\/\/www.intoscana.it\/it\/wp-json\/wp\/v2\/posts\/314181","targetHints":{"allow":["GET"]}}],"collection":[{"href":"https:\/\/www.intoscana.it\/it\/wp-json\/wp\/v2\/posts"}],"about":[{"href":"https:\/\/www.intoscana.it\/it\/wp-json\/wp\/v2\/types\/post"}],"author":[{"embeddable":true,"href":"https:\/\/www.intoscana.it\/it\/wp-json\/wp\/v2\/users\/518"}],"replies":[{"embeddable":true,"href":"https:\/\/www.intoscana.it\/it\/wp-json\/wp\/v2\/comments?post=314181"}],"version-history":[{"count":0,"href":"https:\/\/www.intoscana.it\/it\/wp-json\/wp\/v2\/posts\/314181\/revisions"}],"wp:featuredmedia":[{"embeddable":true,"href":"https:\/\/www.intoscana.it\/it\/wp-json\/wp\/v2\/media\/314194"}],"wp:attachment":[{"href":"https:\/\/www.intoscana.it\/it\/wp-json\/wp\/v2\/media?parent=314181"}],"wp:term":[{"taxonomy":"category","embeddable":true,"href":"https:\/\/www.intoscana.it\/it\/wp-json\/wp\/v2\/categories?post=314181"},{"taxonomy":"post_tag","embeddable":true,"href":"https:\/\/www.intoscana.it\/it\/wp-json\/wp\/v2\/tags?post=314181"}],"curies":[{"name":"wp","href":"https:\/\/api.w.org\/{rel}","templated":true}]}}